{"id":164696,"date":"2021-03-30T11:48:49","date_gmt":"2021-03-30T09:48:49","guid":{"rendered":"https:\/\/www.prijedordanas.com\/?p=164696"},"modified":"2021-03-30T11:48:49","modified_gmt":"2021-03-30T09:48:49","slug":"situacija-dramaticna-prijedorska-bolnica-ostaje-bez-kiseonickih-mjesta-pacijente-vracaju","status":"publish","type":"post","link":"https:\/\/www.prijedordanas.com\/?p=164696","title":{"rendered":"Situacija dramati\u010dna: Prijedorska bolnica ostaje bez kiseoni\u010dkih mjesta, pacijente vra\u0107aju"},"content":{"rendered":"<p><a href=\"https:\/\/www.prijedordanas.com\/wp-content\/uploads\/2021\/03\/bolnica-prijedor-mart-2021.jpg\"><img loading=\"lazy\" decoding=\"async\" class=\"alignleft size-medium wp-image-164697\" src=\"https:\/\/www.prijedordanas.com\/wp-content\/uploads\/2021\/03\/bolnica-prijedor-mart-2021-300x225.jpg\" alt=\"\" width=\"300\" height=\"225\" srcset=\"https:\/\/www.prijedordanas.com\/wp-content\/uploads\/2021\/03\/bolnica-prijedor-mart-2021-300x225.jpg 300w, https:\/\/www.prijedordanas.com\/wp-content\/uploads\/2021\/03\/bolnica-prijedor-mart-2021-640x480.jpg 640w, https:\/\/www.prijedordanas.com\/wp-content\/uploads\/2021\/03\/bolnica-prijedor-mart-2021.jpg 667w\" sizes=\"(max-width: 300px) 100vw, 300px\" \/><\/a>Zbog pove\u0107anog broja zara\u017eenih virusom korona, situacija u prijedorskoj bolnici &#8220;Doktor Mladen Stojanovi\u0107&#8221; je dramati\u010dna i ljekari se bore za svako kiseoni\u010dko mjesto.<\/p>\n<p>Ovo je izjavio infektolog u prijedorskoj bolnici Boris \u0106urguz, nakon dana\u0161nje sjednice \u0160taba za vanredne situacije u Prijedoru.<\/p>\n<p>On je istakao da ljekari moraju da vra\u0107aju sa prijema duplo vi\u0161e pacijenata, u odnosu na broj koji mogu dnevno da hospitalizuju.<\/p>\n<p>\u2013 Situacija postaje dramati\u010dna, jer gubimo smje\u0161tajne kapacitete. Ostajemo bez kiseoni\u010dkih mjesta. Prinu\u0111eni smo da vra\u0107amo te\u0161ke pacijente. Ju\u010de smo imali samo 16 prijemnih, a najmanje je dva puta toliko vra\u0107eno pacijenata. Prenategnute su slu\u017ebe, infektolo\u0161ka, polivalentna, 16 prijema, pritisak raste i radi se danono\u0107no. Ljudi se pona\u0161aju kao da se ovo de\u0161ava nekome drugom, ne pridr\u017eavaju se mjera koje su propisane. Pozivam stanovni\u0161tvo da se uozbilji, da se po\u0161tuju mjere, ina\u010de ovo ne\u0107emo izdr\u017eati \u2013 istakao je \u0106urguz.<\/p>\n<p><a href=\"https:\/\/www.prijedordanas.com\/wp-content\/uploads\/2021\/03\/boris-curguz-nacelnik-infektologije-bolnica-prijedor.jpg\"><img loading=\"lazy\" decoding=\"async\" class=\"alignleft size-medium wp-image-164698\" src=\"https:\/\/www.prijedordanas.com\/wp-content\/uploads\/2021\/03\/boris-curguz-nacelnik-infektologije-bolnica-prijedor-300x290.jpg\" alt=\"\" width=\"300\" height=\"290\" srcset=\"https:\/\/www.prijedordanas.com\/wp-content\/uploads\/2021\/03\/boris-curguz-nacelnik-infektologije-bolnica-prijedor-300x290.jpg 300w, https:\/\/www.prijedordanas.com\/wp-content\/uploads\/2021\/03\/boris-curguz-nacelnik-infektologije-bolnica-prijedor.jpg 620w\" sizes=\"(max-width: 300px) 100vw, 300px\" \/><\/a>On je dodao da je u bolnici na lije\u010denju 61 pacijent zara\u017een virusom korona, od kojih je 35 iz Prijedora, 16 iz Novog Grada, osam iz Kozarske Dubice i po jedan iz Kostajnica i O\u0161tre Luke.<\/p>\n<p>\u2013 Na mehani\u010dkoj ventilaciji imamo devet pacijenata, 40 pacijenata zahtjeva bilo kakav vid kiseoni\u010dke potpore, ostalo su te\u0161ki pacijenti koji \u017eive sa kovidom -izjavio je on.<\/p>\n<p>\u0106urguz je podsjetio da se u zgradi Psihijatrije koja je ina\u010de na po\u010detku epidemije pretvorena u Kovid bolnicu, nalaze 42 kiseoni\u010dka mjesta. Me\u0111utim, zgrada Psihijatrije trenutno se renovira pa je se za smje\u0161taj pacijenata zara\u017eenih virusom korona koristi jedan sprat prijedorske bolnice.<\/p>\n<p>-U novembru, decembru imali smo 90 pacijenata, ali radili smo na dvije lokacije, tada smo imali zgradu Psihijatrije koja se sada renovira, a gdje imamo 42 mjesta, borimo se za svako kiseoni\u010dko mjesto. Nadamo se da \u0107emo dijelom rekonstruisati sprat da dobijemo novih makar 25 mjesta \u2013 rekao je on.<\/p>\n<p>Objasnio je da se kiseoni\u010dka mjesta iz zgrade Psihijatrije ne mogu izmjestiti u bolnicu, jer bi se prekinulo njihovo povezivanje sa centralnim kiseonikom.<\/p>\n<p>\u2013 Na\u0161a slu\u017eba anestezije i reanimacije ostala je na \u010detiri ljekara i to je problemati\u010dno i \u0161to se ti\u010de hirur\u0161kog programa, oni nam trebaju za rad i nadzor nad pacijentima na respiratorima. Imali smo problem zato \u0161to se neki od na\u0161ih zdravstvenih radnika nisu usu\u0111ivali to da koriste, i to jasno i nedvosmisleno re\u0107i, to je problem u na\u0161oj ku\u0107i koji treba da sami rije\u0161imo \u2013 rekao je on.<\/p>\n<p><a href=\"https:\/\/www.prijedordanas.com\/wp-content\/uploads\/2021\/01\/milica-otkovic.jpg\"><img loading=\"lazy\" decoding=\"async\" src=\"https:\/\/www.prijedordanas.com\/wp-content\/uploads\/2021\/01\/milica-otkovic-300x225.jpg\" alt=\"\" width=\"300\" height=\"225\" class=\"alignleft size-medium wp-image-161095\" srcset=\"https:\/\/www.prijedordanas.com\/wp-content\/uploads\/2021\/01\/milica-otkovic-300x225.jpg 300w, https:\/\/www.prijedordanas.com\/wp-content\/uploads\/2021\/01\/milica-otkovic-640x480.jpg 640w, https:\/\/www.prijedordanas.com\/wp-content\/uploads\/2021\/01\/milica-otkovic.jpg 667w\" sizes=\"(max-width: 300px) 100vw, 300px\" \/><\/a>Epidemiolog prijedorskog Doma zdravlja Milica Otkovi\u0107 ka\u017ee da je pod zdravstvenim nadzorom 169 osoba, dok su iz nadzora iza\u0161le 6.722 osobe.<\/p>\n<p>\u2013 Ukupan broj pozitivnih sa PCR testom je 116, oporavljenih 1.331, a ukupan broj preminulih 82. Dolazi do pove\u0107anja broja oboljelih. Epidemiolo\u0161ka situacija na podru\u010dju Prijedora nije dobra, sve ve\u0107i broj pacijenata se javlja u akutno-respiratornu ambulantu, ve\u0107ina ljudi koji upute na testiranje su pozitivni \u2013 ka\u017ee ona.<\/p>\n<p>Otkovi\u0107eva je dodala da je ranije od ukupno testiranih 50 odsto bilo pozitivno, dok je sada taj procenat pove\u0107an na 85 odsto zara\u017eenih od ukupnog broja testiranih.<\/p>\n<p>\u2013 Molim gra\u0111ane da shvate situaciju ozbiljno, da se pridr\u017eavaju mjera koje postoje, koje je propisao Institut i Republi\u010dki krizni \u0161tab \u2013 apelovala je ona.<\/p>\n<p>Dodala je da se vakcinacija obavlja u ambulanti na Urijama, te da je zadovoljna odzivom starijih od 65 godina koji se trenutno vakcini\u0161u. Od prijavljenih skoro 3.000, do sada je vakcinisano 1.200 Prijedor\u010dana.<\/p>\n<p>\u0160ef Odsjeka za inspekcijske poslove grada Prijedora Aleksanadar Bradi\u0107 je rekao da je inspekcija od petka imala 58 kontrola po\u0161tovanja mjera.<\/p>\n<p>\u2013 Po\u0161tovanje mjera je na zadovoljavaju\u0107em nivou. Imamo vi\u0161e ljudi koji se skupljaju po parkovima \u0161to predstavlja epidemiolo\u0161ki rizik. Za vikend je zbog poja\u010danog dolaska dijaspore vi\u0161e osoba pravilo privatne zabave, protiv svih su pokrenute prekr\u0161ajne prijave \u2013 rekao je Bradi\u0107.<\/p>\n<p>srpskainfo.com<\/p>\n","protected":false},"excerpt":{"rendered":"<p>Zbog pove\u0107anog broja zara\u017eenih virusom korona, situacija u prijedorskoj bolnici &#8220;Doktor Mladen Stojanovi\u0107&#8221; je dramati\u010dna i ljekari se bore za svako kiseoni\u010dko mjesto. Ovo je izjavio infektolog u prijedorskoj bolnici [&hellip;]<\/p>\n","protected":false},"author":1,"featured_media":0,"comment_status":"closed","ping_status":"open","sticky":false,"template":"","format":"standard","meta":{"_monsterinsights_skip_tracking":false,"_monsterinsights_sitenote_active":false,"_monsterinsights_sitenote_note":"","_monsterinsights_sitenote_category":0,"footnotes":""},"categories":[4],"tags":[],"yoast_head":"<!-- This site is optimized with the Yoast SEO plugin v21.6 - https:\/\/yoast.com\/wordpress\/plugins\/seo\/ -->\n<title>Situacija dramati\u010dna: Prijedorska bolnica ostaje bez kiseoni\u010dkih mjesta, pacijente vra\u0107aju - PrijedorDanas.com - Prijedorski gradski portal<\/title>\n<meta name=\"robots\" content=\"index, follow, max-snippet:-1, max-image-preview:large, max-video-preview:-1\" \/>\n<link rel=\"canonical\" href=\"https:\/\/www.prijedordanas.com\/?p=164696\" \/>\n<meta property=\"og:locale\" content=\"en_US\" \/>\n<meta property=\"og:type\" content=\"article\" \/>\n<meta property=\"og:title\" content=\"Situacija dramati\u010dna: Prijedorska bolnica ostaje bez kiseoni\u010dkih mjesta, pacijente vra\u0107aju - PrijedorDanas.com - Prijedorski gradski portal\" \/>\n<meta property=\"og:description\" content=\"Zbog pove\u0107anog broja zara\u017eenih virusom korona, situacija u prijedorskoj bolnici &#8220;Doktor Mladen Stojanovi\u0107&#8221; je dramati\u010dna i ljekari se bore za svako kiseoni\u010dko mjesto. Ovo je izjavio infektolog u prijedorskoj bolnici [&hellip;]\" \/>\n<meta property=\"og:url\" content=\"https:\/\/www.prijedordanas.com\/?p=164696\" \/>\n<meta property=\"og:site_name\" content=\"PrijedorDanas.com - Prijedorski gradski portal\" \/>\n<meta property=\"article:publisher\" content=\"https:\/\/www.facebook.com\/PrijedorDanasCom\/\" \/>\n<meta property=\"article:published_time\" content=\"2021-03-30T09:48:49+00:00\" \/>\n<meta property=\"og:image\" content=\"https:\/\/www.prijedordanas.com\/wp-content\/uploads\/2021\/03\/bolnica-prijedor-mart-2021-300x225.jpg\" \/>\n<meta name=\"author\" content=\"admin\" \/>\n<meta name=\"twitter:card\" content=\"summary_large_image\" \/>\n<meta name=\"twitter:label1\" content=\"Written by\" \/>\n\t<meta name=\"twitter:data1\" content=\"admin\" \/>\n\t<meta name=\"twitter:label2\" content=\"Est. reading time\" \/>\n\t<meta name=\"twitter:data2\" content=\"4 minutes\" \/>\n<script type=\"application\/ld+json\" class=\"yoast-schema-graph\">{\"@context\":\"https:\/\/schema.org\",\"@graph\":[{\"@type\":\"Article\",\"@id\":\"https:\/\/www.prijedordanas.com\/?p=164696#article\",\"isPartOf\":{\"@id\":\"https:\/\/www.prijedordanas.com\/?p=164696\"},\"author\":{\"name\":\"admin\",\"@id\":\"https:\/\/www.prijedordanas.com\/#\/schema\/person\/4e08ccf29b506ca916ff86d46bb700e6\"},\"headline\":\"Situacija dramati\u010dna: Prijedorska bolnica ostaje bez kiseoni\u010dkih mjesta, pacijente vra\u0107aju\",\"datePublished\":\"2021-03-30T09:48:49+00:00\",\"dateModified\":\"2021-03-30T09:48:49+00:00\",\"mainEntityOfPage\":{\"@id\":\"https:\/\/www.prijedordanas.com\/?p=164696\"},\"wordCount\":661,\"publisher\":{\"@id\":\"https:\/\/www.prijedordanas.com\/#organization\"},\"articleSection\":[\"Dru\u0161tvo\"],\"inLanguage\":\"en-US\"},{\"@type\":\"WebPage\",\"@id\":\"https:\/\/www.prijedordanas.com\/?p=164696\",\"url\":\"https:\/\/www.prijedordanas.com\/?p=164696\",\"name\":\"Situacija dramati\u010dna: Prijedorska bolnica ostaje bez kiseoni\u010dkih mjesta, pacijente vra\u0107aju - PrijedorDanas.com - Prijedorski gradski portal\",\"isPartOf\":{\"@id\":\"https:\/\/www.prijedordanas.com\/#website\"},\"datePublished\":\"2021-03-30T09:48:49+00:00\",\"dateModified\":\"2021-03-30T09:48:49+00:00\",\"breadcrumb\":{\"@id\":\"https:\/\/www.prijedordanas.com\/?p=164696#breadcrumb\"},\"inLanguage\":\"en-US\",\"potentialAction\":[{\"@type\":\"ReadAction\",\"target\":[\"https:\/\/www.prijedordanas.com\/?p=164696\"]}]},{\"@type\":\"BreadcrumbList\",\"@id\":\"https:\/\/www.prijedordanas.com\/?p=164696#breadcrumb\",\"itemListElement\":[{\"@type\":\"ListItem\",\"position\":1,\"name\":\"Home\",\"item\":\"https:\/\/www.prijedordanas.com\/\"},{\"@type\":\"ListItem\",\"position\":2,\"name\":\"Situacija dramati\u010dna: Prijedorska bolnica ostaje bez kiseoni\u010dkih mjesta, pacijente vra\u0107aju\"}]},{\"@type\":\"WebSite\",\"@id\":\"https:\/\/www.prijedordanas.com\/#website\",\"url\":\"https:\/\/www.prijedordanas.com\/\",\"name\":\"PrijedorDanas.com - Prijedorski gradski portal\",\"description\":\"Portal o doga\u0111anjima u gradu Prijedoru\",\"publisher\":{\"@id\":\"https:\/\/www.prijedordanas.com\/#organization\"},\"potentialAction\":[{\"@type\":\"SearchAction\",\"target\":{\"@type\":\"EntryPoint\",\"urlTemplate\":\"https:\/\/www.prijedordanas.com\/?s={search_term_string}\"},\"query-input\":\"required name=search_term_string\"}],\"inLanguage\":\"en-US\"},{\"@type\":\"Organization\",\"@id\":\"https:\/\/www.prijedordanas.com\/#organization\",\"name\":\"PrijedorDanas.com\",\"url\":\"https:\/\/www.prijedordanas.com\/\",\"logo\":{\"@type\":\"ImageObject\",\"inLanguage\":\"en-US\",\"@id\":\"https:\/\/www.prijedordanas.com\/#\/schema\/logo\/image\/\",\"url\":\"http:\/\/www.prijedordanas.com\/wp-content\/uploads\/2021\/12\/logopng.png\",\"contentUrl\":\"http:\/\/www.prijedordanas.com\/wp-content\/uploads\/2021\/12\/logopng.png\",\"width\":1019,\"height\":776,\"caption\":\"PrijedorDanas.com\"},\"image\":{\"@id\":\"https:\/\/www.prijedordanas.com\/#\/schema\/logo\/image\/\"},\"sameAs\":[\"https:\/\/www.facebook.com\/PrijedorDanasCom\/\"]},{\"@type\":\"Person\",\"@id\":\"https:\/\/www.prijedordanas.com\/#\/schema\/person\/4e08ccf29b506ca916ff86d46bb700e6\",\"name\":\"admin\",\"image\":{\"@type\":\"ImageObject\",\"inLanguage\":\"en-US\",\"@id\":\"https:\/\/www.prijedordanas.com\/#\/schema\/person\/image\/\",\"url\":\"https:\/\/secure.gravatar.com\/avatar\/1d3fc949d550f0b53a5f0d51e06dfd79?s=96&d=mm&r=g\",\"contentUrl\":\"https:\/\/secure.gravatar.com\/avatar\/1d3fc949d550f0b53a5f0d51e06dfd79?s=96&d=mm&r=g\",\"caption\":\"admin\"},\"url\":\"https:\/\/www.prijedordanas.com\/?author=1\"}]}<\/script>\n<!-- \/ Yoast SEO plugin. -->","yoast_head_json":{"title":"Situacija dramati\u010dna: Prijedorska bolnica ostaje bez kiseoni\u010dkih mjesta, pacijente vra\u0107aju - PrijedorDanas.com - Prijedorski gradski portal","robots":{"index":"index","follow":"follow","max-snippet":"max-snippet:-1","max-image-preview":"max-image-preview:large","max-video-preview":"max-video-preview:-1"},"canonical":"https:\/\/www.prijedordanas.com\/?p=164696","og_locale":"en_US","og_type":"article","og_title":"Situacija dramati\u010dna: Prijedorska bolnica ostaje bez kiseoni\u010dkih mjesta, pacijente vra\u0107aju - PrijedorDanas.com - Prijedorski gradski portal","og_description":"Zbog pove\u0107anog broja zara\u017eenih virusom korona, situacija u prijedorskoj bolnici &#8220;Doktor Mladen Stojanovi\u0107&#8221; je dramati\u010dna i ljekari se bore za svako kiseoni\u010dko mjesto. Ovo je izjavio infektolog u prijedorskoj bolnici [&hellip;]","og_url":"https:\/\/www.prijedordanas.com\/?p=164696","og_site_name":"PrijedorDanas.com - Prijedorski gradski portal","article_publisher":"https:\/\/www.facebook.com\/PrijedorDanasCom\/","article_published_time":"2021-03-30T09:48:49+00:00","og_image":[{"url":"https:\/\/www.prijedordanas.com\/wp-content\/uploads\/2021\/03\/bolnica-prijedor-mart-2021-300x225.jpg"}],"author":"admin","twitter_card":"summary_large_image","twitter_misc":{"Written by":"admin","Est. reading time":"4 minutes"},"schema":{"@context":"https:\/\/schema.org","@graph":[{"@type":"Article","@id":"https:\/\/www.prijedordanas.com\/?p=164696#article","isPartOf":{"@id":"https:\/\/www.prijedordanas.com\/?p=164696"},"author":{"name":"admin","@id":"https:\/\/www.prijedordanas.com\/#\/schema\/person\/4e08ccf29b506ca916ff86d46bb700e6"},"headline":"Situacija dramati\u010dna: Prijedorska bolnica ostaje bez kiseoni\u010dkih mjesta, pacijente vra\u0107aju","datePublished":"2021-03-30T09:48:49+00:00","dateModified":"2021-03-30T09:48:49+00:00","mainEntityOfPage":{"@id":"https:\/\/www.prijedordanas.com\/?p=164696"},"wordCount":661,"publisher":{"@id":"https:\/\/www.prijedordanas.com\/#organization"},"articleSection":["Dru\u0161tvo"],"inLanguage":"en-US"},{"@type":"WebPage","@id":"https:\/\/www.prijedordanas.com\/?p=164696","url":"https:\/\/www.prijedordanas.com\/?p=164696","name":"Situacija dramati\u010dna: Prijedorska bolnica ostaje bez kiseoni\u010dkih mjesta, pacijente vra\u0107aju - PrijedorDanas.com - Prijedorski gradski portal","isPartOf":{"@id":"https:\/\/www.prijedordanas.com\/#website"},"datePublished":"2021-03-30T09:48:49+00:00","dateModified":"2021-03-30T09:48:49+00:00","breadcrumb":{"@id":"https:\/\/www.prijedordanas.com\/?p=164696#breadcrumb"},"inLanguage":"en-US","potentialAction":[{"@type":"ReadAction","target":["https:\/\/www.prijedordanas.com\/?p=164696"]}]},{"@type":"BreadcrumbList","@id":"https:\/\/www.prijedordanas.com\/?p=164696#breadcrumb","itemListElement":[{"@type":"ListItem","position":1,"name":"Home","item":"https:\/\/www.prijedordanas.com\/"},{"@type":"ListItem","position":2,"name":"Situacija dramati\u010dna: Prijedorska bolnica ostaje bez kiseoni\u010dkih mjesta, pacijente vra\u0107aju"}]},{"@type":"WebSite","@id":"https:\/\/www.prijedordanas.com\/#website","url":"https:\/\/www.prijedordanas.com\/","name":"PrijedorDanas.com - Prijedorski gradski portal","description":"Portal o doga\u0111anjima u gradu Prijedoru","publisher":{"@id":"https:\/\/www.prijedordanas.com\/#organization"},"potentialAction":[{"@type":"SearchAction","target":{"@type":"EntryPoint","urlTemplate":"https:\/\/www.prijedordanas.com\/?s={search_term_string}"},"query-input":"required name=search_term_string"}],"inLanguage":"en-US"},{"@type":"Organization","@id":"https:\/\/www.prijedordanas.com\/#organization","name":"PrijedorDanas.com","url":"https:\/\/www.prijedordanas.com\/","logo":{"@type":"ImageObject","inLanguage":"en-US","@id":"https:\/\/www.prijedordanas.com\/#\/schema\/logo\/image\/","url":"http:\/\/www.prijedordanas.com\/wp-content\/uploads\/2021\/12\/logopng.png","contentUrl":"http:\/\/www.prijedordanas.com\/wp-content\/uploads\/2021\/12\/logopng.png","width":1019,"height":776,"caption":"PrijedorDanas.com"},"image":{"@id":"https:\/\/www.prijedordanas.com\/#\/schema\/logo\/image\/"},"sameAs":["https:\/\/www.facebook.com\/PrijedorDanasCom\/"]},{"@type":"Person","@id":"https:\/\/www.prijedordanas.com\/#\/schema\/person\/4e08ccf29b506ca916ff86d46bb700e6","name":"admin","image":{"@type":"ImageObject","inLanguage":"en-US","@id":"https:\/\/www.prijedordanas.com\/#\/schema\/person\/image\/","url":"https:\/\/secure.gravatar.com\/avatar\/1d3fc949d550f0b53a5f0d51e06dfd79?s=96&d=mm&r=g","contentUrl":"https:\/\/secure.gravatar.com\/avatar\/1d3fc949d550f0b53a5f0d51e06dfd79?s=96&d=mm&r=g","caption":"admin"},"url":"https:\/\/www.prijedordanas.com\/?author=1"}]}},"_links":{"self":[{"href":"https:\/\/www.prijedordanas.com\/index.php?rest_route=\/wp\/v2\/posts\/164696"}],"collection":[{"href":"https:\/\/www.prijedordanas.com\/index.php?rest_route=\/wp\/v2\/posts"}],"about":[{"href":"https:\/\/www.prijedordanas.com\/index.php?rest_route=\/wp\/v2\/types\/post"}],"author":[{"embeddable":true,"href":"https:\/\/www.prijedordanas.com\/index.php?rest_route=\/wp\/v2\/users\/1"}],"replies":[{"embeddable":true,"href":"https:\/\/www.prijedordanas.com\/index.php?rest_route=%2Fwp%2Fv2%2Fcomments&post=164696"}],"version-history":[{"count":1,"href":"https:\/\/www.prijedordanas.com\/index.php?rest_route=\/wp\/v2\/posts\/164696\/revisions"}],"predecessor-version":[{"id":164699,"href":"https:\/\/www.prijedordanas.com\/index.php?rest_route=\/wp\/v2\/posts\/164696\/revisions\/164699"}],"wp:attachment":[{"href":"https:\/\/www.prijedordanas.com\/index.php?rest_route=%2Fwp%2Fv2%2Fmedia&parent=164696"}],"wp:term":[{"taxonomy":"category","embeddable":true,"href":"https:\/\/www.prijedordanas.com\/index.php?rest_route=%2Fwp%2Fv2%2Fcategories&post=164696"},{"taxonomy":"post_tag","embeddable":true,"href":"https:\/\/www.prijedordanas.com\/index.php?rest_route=%2Fwp%2Fv2%2Ftags&post=164696"}],"curies":[{"name":"wp","href":"https:\/\/api.w.org\/{rel}","templated":true}]}}