{"id":164689,"date":"2021-03-29T22:38:59","date_gmt":"2021-03-29T20:38:59","guid":{"rendered":"https:\/\/www.prijedordanas.com\/?p=164689"},"modified":"2021-03-29T22:38:59","modified_gmt":"2021-03-29T20:38:59","slug":"prijedor-utrostrucen-broj-zarazenih-korona-virusom-u-odnosu-na-pocetak-marta","status":"publish","type":"post","link":"https:\/\/www.prijedordanas.com\/?p=164689","title":{"rendered":"Prijedor: Utrostru\u010den broj zara\u017eenih korona virusom u odnosu na po\u010detak marta"},"content":{"rendered":"<p><a href=\"https:\/\/www.prijedordanas.com\/wp-content\/uploads\/2021\/03\/skupstina-grada-29mart-2.jpg\"><img loading=\"lazy\" decoding=\"async\" class=\"alignleft size-medium wp-image-164684\" src=\"https:\/\/www.prijedordanas.com\/wp-content\/uploads\/2021\/03\/skupstina-grada-29mart-2-300x225.jpg\" alt=\"\" width=\"300\" height=\"225\" srcset=\"https:\/\/www.prijedordanas.com\/wp-content\/uploads\/2021\/03\/skupstina-grada-29mart-2-300x225.jpg 300w, https:\/\/www.prijedordanas.com\/wp-content\/uploads\/2021\/03\/skupstina-grada-29mart-2-640x480.jpg 640w, https:\/\/www.prijedordanas.com\/wp-content\/uploads\/2021\/03\/skupstina-grada-29mart-2.jpg 667w\" sizes=\"(max-width: 300px) 100vw, 300px\" \/><\/a>Tokom dana\u0161nje 5. sjednice Skup\u0161tine grada odbornici su informisani o trenutnoj epidemiolo\u0161koj situaciji u Prijedoru.<\/p>\n<p>Gradona\u010delnik Dalibor Pavlovi\u0107 iznio je podatak da je broj novozara\u017eenih korona virusom u na\u0161oj lokalnoj zajednici u prvoj sedmici marta bio 31, u drugoj 61, u tre\u0107oj 64, a u protekloj 97.<\/p>\n<p>To je \u010dak tri puta vi\u0161e u odnosu na prvih sedam dana teku\u0107eg mjeseca.<\/p>\n<p>-Radi se o velikom rastu u martu. Tje\u0161i i ohrabruje \u010dinjenica da ovo pove\u0107anje ne prati veliki porast broja onih koji su na bolni\u010dkom lije\u010denju. Trenutno je broj lica s pozitivnim pi-si-ar testom 124, u ku\u0107noj izolaciji je 167 lica, njih 6.690 je iza\u0161lo iz zdravstvenog nadzora. Ukupan broj oporavljenih je 1.317 a ukupan broj umrlih je 82 &#8211; rekao je Pavlovi\u0107.<\/p>\n<p><a href=\"https:\/\/www.prijedordanas.com\/wp-content\/uploads\/2021\/03\/skupstina-grada-29mart-1.jpg\"><img loading=\"lazy\" decoding=\"async\" class=\"alignleft size-medium wp-image-164685\" src=\"https:\/\/www.prijedordanas.com\/wp-content\/uploads\/2021\/03\/skupstina-grada-29mart-1-300x225.jpg\" alt=\"\" width=\"300\" height=\"225\" srcset=\"https:\/\/www.prijedordanas.com\/wp-content\/uploads\/2021\/03\/skupstina-grada-29mart-1-300x225.jpg 300w, https:\/\/www.prijedordanas.com\/wp-content\/uploads\/2021\/03\/skupstina-grada-29mart-1-640x480.jpg 640w, https:\/\/www.prijedordanas.com\/wp-content\/uploads\/2021\/03\/skupstina-grada-29mart-1.jpg 667w\" sizes=\"(max-width: 300px) 100vw, 300px\" \/><\/a>On je dodao da se u prijedorskoj bolnici &#8220;Dr Mladen Stojanovi\u0107&#8221; na lije\u010denje nalaze 44 lica i da jo\u0161 ima 28 slobodnih kreveta, uz mogu\u0107nost pove\u0107anja ovog broja ako se uka\u017ee potreba.<\/p>\n<p>-Proces vakcinacije je trenutno usporen zbog broja vakcina koje dobijamo, imamo veliku koli\u010dinu naru\u010denih i pla\u0107enih vakcina sa republi\u010dkog nivoa, ali se \u010deka njihova dalja isporuka, na \u0161ta mi ne mo\u017eemo uticati. Pozivam na\u0161e sugra\u0111ane starije od 65 godina, a poslije i op\u0161tu populaciju, da se prijave za vakcinaciju kako bi se \u0161to prije do\u0161lo do kolektivnog imuniteta &#8211; informisao je Pavlovi\u0107 odbornike Skup\u0161tine grada Prijedora na dana\u0161njem zasjedanju.<\/p>\n<p>Gradona\u010delnik je dodao da se u prosjeku vakcini\u0161e oko 200 ljudi dnevno.<\/p>\n<p>Tekst &#8211; <a href=\"https:\/\/www.prijedordanas.com\" target=\"_blank\" rel=\"noopener noreferrer\">www.prijedordanas.com<\/a><br \/>\nFoto &#8211; prijedorgrad.org<\/p>\n","protected":false},"excerpt":{"rendered":"<p>Tokom dana\u0161nje 5. sjednice Skup\u0161tine grada odbornici su informisani o trenutnoj epidemiolo\u0161koj situaciji u Prijedoru. Gradona\u010delnik Dalibor Pavlovi\u0107 iznio je podatak da je broj novozara\u017eenih korona virusom u na\u0161oj lokalnoj [&hellip;]<\/p>\n","protected":false},"author":1,"featured_media":0,"comment_status":"closed","ping_status":"open","sticky":false,"template":"","format":"standard","meta":{"_monsterinsights_skip_tracking":false,"_monsterinsights_sitenote_active":false,"_monsterinsights_sitenote_note":"","_monsterinsights_sitenote_category":0,"footnotes":""},"categories":[4],"tags":[11081],"yoast_head":"<!-- This site is optimized with the Yoast SEO plugin v21.6 - https:\/\/yoast.com\/wordpress\/plugins\/seo\/ -->\n<title>Prijedor: Utrostru\u010den broj zara\u017eenih korona virusom u odnosu na po\u010detak marta - PrijedorDanas.com - Prijedorski gradski portal<\/title>\n<meta name=\"robots\" content=\"index, follow, max-snippet:-1, max-image-preview:large, max-video-preview:-1\" \/>\n<link rel=\"canonical\" href=\"https:\/\/www.prijedordanas.com\/?p=164689\" \/>\n<meta property=\"og:locale\" content=\"en_US\" \/>\n<meta property=\"og:type\" content=\"article\" \/>\n<meta property=\"og:title\" content=\"Prijedor: Utrostru\u010den broj zara\u017eenih korona virusom u odnosu na po\u010detak marta - PrijedorDanas.com - Prijedorski gradski portal\" \/>\n<meta property=\"og:description\" content=\"Tokom dana\u0161nje 5. sjednice Skup\u0161tine grada odbornici su informisani o trenutnoj epidemiolo\u0161koj situaciji u Prijedoru. Gradona\u010delnik Dalibor Pavlovi\u0107 iznio je podatak da je broj novozara\u017eenih korona virusom u na\u0161oj lokalnoj [&hellip;]\" \/>\n<meta property=\"og:url\" content=\"https:\/\/www.prijedordanas.com\/?p=164689\" \/>\n<meta property=\"og:site_name\" content=\"PrijedorDanas.com - Prijedorski gradski portal\" \/>\n<meta property=\"article:publisher\" content=\"https:\/\/www.facebook.com\/PrijedorDanasCom\/\" \/>\n<meta property=\"article:published_time\" content=\"2021-03-29T20:38:59+00:00\" \/>\n<meta property=\"og:image\" content=\"https:\/\/www.prijedordanas.com\/wp-content\/uploads\/2021\/03\/skupstina-grada-29mart-2-300x225.jpg\" \/>\n<meta name=\"author\" content=\"admin\" \/>\n<meta name=\"twitter:card\" content=\"summary_large_image\" \/>\n<meta name=\"twitter:label1\" content=\"Written by\" \/>\n\t<meta name=\"twitter:data1\" content=\"admin\" \/>\n\t<meta name=\"twitter:label2\" content=\"Est. reading time\" \/>\n\t<meta name=\"twitter:data2\" content=\"1 minute\" \/>\n<script type=\"application\/ld+json\" class=\"yoast-schema-graph\">{\"@context\":\"https:\/\/schema.org\",\"@graph\":[{\"@type\":\"Article\",\"@id\":\"https:\/\/www.prijedordanas.com\/?p=164689#article\",\"isPartOf\":{\"@id\":\"https:\/\/www.prijedordanas.com\/?p=164689\"},\"author\":{\"name\":\"admin\",\"@id\":\"https:\/\/www.prijedordanas.com\/#\/schema\/person\/4e08ccf29b506ca916ff86d46bb700e6\"},\"headline\":\"Prijedor: Utrostru\u010den broj zara\u017eenih korona virusom u odnosu na po\u010detak marta\",\"datePublished\":\"2021-03-29T20:38:59+00:00\",\"dateModified\":\"2021-03-29T20:38:59+00:00\",\"mainEntityOfPage\":{\"@id\":\"https:\/\/www.prijedordanas.com\/?p=164689\"},\"wordCount\":277,\"publisher\":{\"@id\":\"https:\/\/www.prijedordanas.com\/#organization\"},\"keywords\":[\"korona\"],\"articleSection\":[\"Dru\u0161tvo\"],\"inLanguage\":\"en-US\"},{\"@type\":\"WebPage\",\"@id\":\"https:\/\/www.prijedordanas.com\/?p=164689\",\"url\":\"https:\/\/www.prijedordanas.com\/?p=164689\",\"name\":\"Prijedor: Utrostru\u010den broj zara\u017eenih korona virusom u odnosu na po\u010detak marta - PrijedorDanas.com - Prijedorski gradski portal\",\"isPartOf\":{\"@id\":\"https:\/\/www.prijedordanas.com\/#website\"},\"datePublished\":\"2021-03-29T20:38:59+00:00\",\"dateModified\":\"2021-03-29T20:38:59+00:00\",\"breadcrumb\":{\"@id\":\"https:\/\/www.prijedordanas.com\/?p=164689#breadcrumb\"},\"inLanguage\":\"en-US\",\"potentialAction\":[{\"@type\":\"ReadAction\",\"target\":[\"https:\/\/www.prijedordanas.com\/?p=164689\"]}]},{\"@type\":\"BreadcrumbList\",\"@id\":\"https:\/\/www.prijedordanas.com\/?p=164689#breadcrumb\",\"itemListElement\":[{\"@type\":\"ListItem\",\"position\":1,\"name\":\"Home\",\"item\":\"https:\/\/www.prijedordanas.com\/\"},{\"@type\":\"ListItem\",\"position\":2,\"name\":\"Prijedor: Utrostru\u010den broj zara\u017eenih korona virusom u odnosu na po\u010detak marta\"}]},{\"@type\":\"WebSite\",\"@id\":\"https:\/\/www.prijedordanas.com\/#website\",\"url\":\"https:\/\/www.prijedordanas.com\/\",\"name\":\"PrijedorDanas.com - Prijedorski gradski portal\",\"description\":\"Portal o doga\u0111anjima u gradu Prijedoru\",\"publisher\":{\"@id\":\"https:\/\/www.prijedordanas.com\/#organization\"},\"potentialAction\":[{\"@type\":\"SearchAction\",\"target\":{\"@type\":\"EntryPoint\",\"urlTemplate\":\"https:\/\/www.prijedordanas.com\/?s={search_term_string}\"},\"query-input\":\"required name=search_term_string\"}],\"inLanguage\":\"en-US\"},{\"@type\":\"Organization\",\"@id\":\"https:\/\/www.prijedordanas.com\/#organization\",\"name\":\"PrijedorDanas.com\",\"url\":\"https:\/\/www.prijedordanas.com\/\",\"logo\":{\"@type\":\"ImageObject\",\"inLanguage\":\"en-US\",\"@id\":\"https:\/\/www.prijedordanas.com\/#\/schema\/logo\/image\/\",\"url\":\"http:\/\/www.prijedordanas.com\/wp-content\/uploads\/2021\/12\/logopng.png\",\"contentUrl\":\"http:\/\/www.prijedordanas.com\/wp-content\/uploads\/2021\/12\/logopng.png\",\"width\":1019,\"height\":776,\"caption\":\"PrijedorDanas.com\"},\"image\":{\"@id\":\"https:\/\/www.prijedordanas.com\/#\/schema\/logo\/image\/\"},\"sameAs\":[\"https:\/\/www.facebook.com\/PrijedorDanasCom\/\"]},{\"@type\":\"Person\",\"@id\":\"https:\/\/www.prijedordanas.com\/#\/schema\/person\/4e08ccf29b506ca916ff86d46bb700e6\",\"name\":\"admin\",\"image\":{\"@type\":\"ImageObject\",\"inLanguage\":\"en-US\",\"@id\":\"https:\/\/www.prijedordanas.com\/#\/schema\/person\/image\/\",\"url\":\"https:\/\/secure.gravatar.com\/avatar\/1d3fc949d550f0b53a5f0d51e06dfd79?s=96&d=mm&r=g\",\"contentUrl\":\"https:\/\/secure.gravatar.com\/avatar\/1d3fc949d550f0b53a5f0d51e06dfd79?s=96&d=mm&r=g\",\"caption\":\"admin\"},\"url\":\"https:\/\/www.prijedordanas.com\/?author=1\"}]}<\/script>\n<!-- \/ Yoast SEO plugin. -->","yoast_head_json":{"title":"Prijedor: Utrostru\u010den broj zara\u017eenih korona virusom u odnosu na po\u010detak marta - PrijedorDanas.com - Prijedorski gradski portal","robots":{"index":"index","follow":"follow","max-snippet":"max-snippet:-1","max-image-preview":"max-image-preview:large","max-video-preview":"max-video-preview:-1"},"canonical":"https:\/\/www.prijedordanas.com\/?p=164689","og_locale":"en_US","og_type":"article","og_title":"Prijedor: Utrostru\u010den broj zara\u017eenih korona virusom u odnosu na po\u010detak marta - PrijedorDanas.com - Prijedorski gradski portal","og_description":"Tokom dana\u0161nje 5. sjednice Skup\u0161tine grada odbornici su informisani o trenutnoj epidemiolo\u0161koj situaciji u Prijedoru. Gradona\u010delnik Dalibor Pavlovi\u0107 iznio je podatak da je broj novozara\u017eenih korona virusom u na\u0161oj lokalnoj [&hellip;]","og_url":"https:\/\/www.prijedordanas.com\/?p=164689","og_site_name":"PrijedorDanas.com - Prijedorski gradski portal","article_publisher":"https:\/\/www.facebook.com\/PrijedorDanasCom\/","article_published_time":"2021-03-29T20:38:59+00:00","og_image":[{"url":"https:\/\/www.prijedordanas.com\/wp-content\/uploads\/2021\/03\/skupstina-grada-29mart-2-300x225.jpg"}],"author":"admin","twitter_card":"summary_large_image","twitter_misc":{"Written by":"admin","Est. reading time":"1 minute"},"schema":{"@context":"https:\/\/schema.org","@graph":[{"@type":"Article","@id":"https:\/\/www.prijedordanas.com\/?p=164689#article","isPartOf":{"@id":"https:\/\/www.prijedordanas.com\/?p=164689"},"author":{"name":"admin","@id":"https:\/\/www.prijedordanas.com\/#\/schema\/person\/4e08ccf29b506ca916ff86d46bb700e6"},"headline":"Prijedor: Utrostru\u010den broj zara\u017eenih korona virusom u odnosu na po\u010detak marta","datePublished":"2021-03-29T20:38:59+00:00","dateModified":"2021-03-29T20:38:59+00:00","mainEntityOfPage":{"@id":"https:\/\/www.prijedordanas.com\/?p=164689"},"wordCount":277,"publisher":{"@id":"https:\/\/www.prijedordanas.com\/#organization"},"keywords":["korona"],"articleSection":["Dru\u0161tvo"],"inLanguage":"en-US"},{"@type":"WebPage","@id":"https:\/\/www.prijedordanas.com\/?p=164689","url":"https:\/\/www.prijedordanas.com\/?p=164689","name":"Prijedor: Utrostru\u010den broj zara\u017eenih korona virusom u odnosu na po\u010detak marta - PrijedorDanas.com - Prijedorski gradski portal","isPartOf":{"@id":"https:\/\/www.prijedordanas.com\/#website"},"datePublished":"2021-03-29T20:38:59+00:00","dateModified":"2021-03-29T20:38:59+00:00","breadcrumb":{"@id":"https:\/\/www.prijedordanas.com\/?p=164689#breadcrumb"},"inLanguage":"en-US","potentialAction":[{"@type":"ReadAction","target":["https:\/\/www.prijedordanas.com\/?p=164689"]}]},{"@type":"BreadcrumbList","@id":"https:\/\/www.prijedordanas.com\/?p=164689#breadcrumb","itemListElement":[{"@type":"ListItem","position":1,"name":"Home","item":"https:\/\/www.prijedordanas.com\/"},{"@type":"ListItem","position":2,"name":"Prijedor: Utrostru\u010den broj zara\u017eenih korona virusom u odnosu na po\u010detak marta"}]},{"@type":"WebSite","@id":"https:\/\/www.prijedordanas.com\/#website","url":"https:\/\/www.prijedordanas.com\/","name":"PrijedorDanas.com - Prijedorski gradski portal","description":"Portal o doga\u0111anjima u gradu Prijedoru","publisher":{"@id":"https:\/\/www.prijedordanas.com\/#organization"},"potentialAction":[{"@type":"SearchAction","target":{"@type":"EntryPoint","urlTemplate":"https:\/\/www.prijedordanas.com\/?s={search_term_string}"},"query-input":"required name=search_term_string"}],"inLanguage":"en-US"},{"@type":"Organization","@id":"https:\/\/www.prijedordanas.com\/#organization","name":"PrijedorDanas.com","url":"https:\/\/www.prijedordanas.com\/","logo":{"@type":"ImageObject","inLanguage":"en-US","@id":"https:\/\/www.prijedordanas.com\/#\/schema\/logo\/image\/","url":"http:\/\/www.prijedordanas.com\/wp-content\/uploads\/2021\/12\/logopng.png","contentUrl":"http:\/\/www.prijedordanas.com\/wp-content\/uploads\/2021\/12\/logopng.png","width":1019,"height":776,"caption":"PrijedorDanas.com"},"image":{"@id":"https:\/\/www.prijedordanas.com\/#\/schema\/logo\/image\/"},"sameAs":["https:\/\/www.facebook.com\/PrijedorDanasCom\/"]},{"@type":"Person","@id":"https:\/\/www.prijedordanas.com\/#\/schema\/person\/4e08ccf29b506ca916ff86d46bb700e6","name":"admin","image":{"@type":"ImageObject","inLanguage":"en-US","@id":"https:\/\/www.prijedordanas.com\/#\/schema\/person\/image\/","url":"https:\/\/secure.gravatar.com\/avatar\/1d3fc949d550f0b53a5f0d51e06dfd79?s=96&d=mm&r=g","contentUrl":"https:\/\/secure.gravatar.com\/avatar\/1d3fc949d550f0b53a5f0d51e06dfd79?s=96&d=mm&r=g","caption":"admin"},"url":"https:\/\/www.prijedordanas.com\/?author=1"}]}},"_links":{"self":[{"href":"https:\/\/www.prijedordanas.com\/index.php?rest_route=\/wp\/v2\/posts\/164689"}],"collection":[{"href":"https:\/\/www.prijedordanas.com\/index.php?rest_route=\/wp\/v2\/posts"}],"about":[{"href":"https:\/\/www.prijedordanas.com\/index.php?rest_route=\/wp\/v2\/types\/post"}],"author":[{"embeddable":true,"href":"https:\/\/www.prijedordanas.com\/index.php?rest_route=\/wp\/v2\/users\/1"}],"replies":[{"embeddable":true,"href":"https:\/\/www.prijedordanas.com\/index.php?rest_route=%2Fwp%2Fv2%2Fcomments&post=164689"}],"version-history":[{"count":1,"href":"https:\/\/www.prijedordanas.com\/index.php?rest_route=\/wp\/v2\/posts\/164689\/revisions"}],"predecessor-version":[{"id":164690,"href":"https:\/\/www.prijedordanas.com\/index.php?rest_route=\/wp\/v2\/posts\/164689\/revisions\/164690"}],"wp:attachment":[{"href":"https:\/\/www.prijedordanas.com\/index.php?rest_route=%2Fwp%2Fv2%2Fmedia&parent=164689"}],"wp:term":[{"taxonomy":"category","embeddable":true,"href":"https:\/\/www.prijedordanas.com\/index.php?rest_route=%2Fwp%2Fv2%2Fcategories&post=164689"},{"taxonomy":"post_tag","embeddable":true,"href":"https:\/\/www.prijedordanas.com\/index.php?rest_route=%2Fwp%2Fv2%2Ftags&post=164689"}],"curies":[{"name":"wp","href":"https:\/\/api.w.org\/{rel}","templated":true}]}}