{"id":164618,"date":"2021-03-27T18:42:33","date_gmt":"2021-03-27T17:42:33","guid":{"rendered":"https:\/\/www.prijedordanas.com\/?p=164618"},"modified":"2021-03-27T18:42:33","modified_gmt":"2021-03-27T17:42:33","slug":"povecanje-kapaciteta-za-proizvodnju-elektricne-energije-zajednicki-interes-toplane-prijedor-i-elektroprivrede-rs","status":"publish","type":"post","link":"https:\/\/www.prijedordanas.com\/?p=164618","title":{"rendered":"Pove\u0107anje kapaciteta za proizvodnju elektri\u010dne energije zajedni\u010dki interes Toplane Prijedor i Elektroprivrede RS"},"content":{"rendered":"<p><a href=\"https:\/\/www.prijedordanas.com\/wp-content\/uploads\/2021\/03\/ers-sastanak-toplana-prijedor.jpg\"><img loading=\"lazy\" decoding=\"async\" src=\"https:\/\/www.prijedordanas.com\/wp-content\/uploads\/2021\/03\/ers-sastanak-toplana-prijedor-300x225.jpg\" alt=\"\" width=\"300\" height=\"225\" class=\"alignleft size-medium wp-image-164619\" srcset=\"https:\/\/www.prijedordanas.com\/wp-content\/uploads\/2021\/03\/ers-sastanak-toplana-prijedor-300x225.jpg 300w, https:\/\/www.prijedordanas.com\/wp-content\/uploads\/2021\/03\/ers-sastanak-toplana-prijedor-640x480.jpg 640w, https:\/\/www.prijedordanas.com\/wp-content\/uploads\/2021\/03\/ers-sastanak-toplana-prijedor.jpg 667w\" sizes=\"(max-width: 300px) 100vw, 300px\" \/><\/a>Dosada\u0161nja uspje\u0161na saradnja i mogu\u0107nosti pro\u0161irenja postrojenja za proizvodnju elektri\u010dne energije iz obnovljivih izvora odnosno drvne sje\u010dke bile su glavne teme razgovora sastanka koji je, izme\u0111u rukovodstva \u201eToplane\u201c a.d. Prijedor na \u010delu sa direktorom Du\u0161kom Mileti\u0107em i generalnog direktora Elektroprivrede Republike Srpske Lukom Petrovi\u0107em, odr\u017ean u \u010detvrtak u Banja Luci.<\/p>\n<p>Na sastanku je zaklju\u010deno da je u obostranom interesu da se kapaciteti pove\u0107aju do jedan megavat i da \u0107e se u narednom periodu nastaviti razgovori u cilju realizacije ove ideje i eventualnog zajedni\u010dkog ulaganja u pro\u0161irenje postrojenja.<\/p>\n<p>ers.ba<\/p>\n","protected":false},"excerpt":{"rendered":"<p>Dosada\u0161nja uspje\u0161na saradnja i mogu\u0107nosti pro\u0161irenja postrojenja za proizvodnju elektri\u010dne energije iz obnovljivih izvora odnosno drvne sje\u010dke bile su glavne teme razgovora sastanka koji je, izme\u0111u rukovodstva \u201eToplane\u201c a.d. Prijedor [&hellip;]<\/p>\n","protected":false},"author":1,"featured_media":0,"comment_status":"closed","ping_status":"open","sticky":false,"template":"","format":"standard","meta":{"_monsterinsights_skip_tracking":false,"_monsterinsights_sitenote_active":false,"_monsterinsights_sitenote_note":"","_monsterinsights_sitenote_category":0,"footnotes":""},"categories":[8],"tags":[],"yoast_head":"<!-- This site is optimized with the Yoast SEO plugin v21.6 - https:\/\/yoast.com\/wordpress\/plugins\/seo\/ -->\n<title>Pove\u0107anje kapaciteta za proizvodnju elektri\u010dne energije zajedni\u010dki interes Toplane Prijedor i Elektroprivrede RS - PrijedorDanas.com - Prijedorski gradski portal<\/title>\n<meta name=\"robots\" content=\"index, follow, max-snippet:-1, max-image-preview:large, max-video-preview:-1\" \/>\n<link rel=\"canonical\" href=\"https:\/\/www.prijedordanas.com\/?p=164618\" \/>\n<meta property=\"og:locale\" content=\"en_US\" \/>\n<meta property=\"og:type\" content=\"article\" \/>\n<meta property=\"og:title\" content=\"Pove\u0107anje kapaciteta za proizvodnju elektri\u010dne energije zajedni\u010dki interes Toplane Prijedor i Elektroprivrede RS - PrijedorDanas.com - Prijedorski gradski portal\" \/>\n<meta property=\"og:description\" content=\"Dosada\u0161nja uspje\u0161na saradnja i mogu\u0107nosti pro\u0161irenja postrojenja za proizvodnju elektri\u010dne energije iz obnovljivih izvora odnosno drvne sje\u010dke bile su glavne teme razgovora sastanka koji je, izme\u0111u rukovodstva \u201eToplane\u201c a.d. Prijedor [&hellip;]\" \/>\n<meta property=\"og:url\" content=\"https:\/\/www.prijedordanas.com\/?p=164618\" \/>\n<meta property=\"og:site_name\" content=\"PrijedorDanas.com - Prijedorski gradski portal\" \/>\n<meta property=\"article:publisher\" content=\"https:\/\/www.facebook.com\/PrijedorDanasCom\/\" \/>\n<meta property=\"article:published_time\" content=\"2021-03-27T17:42:33+00:00\" \/>\n<meta property=\"og:image\" content=\"https:\/\/www.prijedordanas.com\/wp-content\/uploads\/2021\/03\/ers-sastanak-toplana-prijedor-300x225.jpg\" \/>\n<meta name=\"author\" content=\"admin\" \/>\n<meta name=\"twitter:card\" content=\"summary_large_image\" \/>\n<meta name=\"twitter:label1\" content=\"Written by\" \/>\n\t<meta name=\"twitter:data1\" content=\"admin\" \/>\n\t<meta name=\"twitter:label2\" content=\"Est. reading time\" \/>\n\t<meta name=\"twitter:data2\" content=\"1 minute\" \/>\n<script type=\"application\/ld+json\" class=\"yoast-schema-graph\">{\"@context\":\"https:\/\/schema.org\",\"@graph\":[{\"@type\":\"Article\",\"@id\":\"https:\/\/www.prijedordanas.com\/?p=164618#article\",\"isPartOf\":{\"@id\":\"https:\/\/www.prijedordanas.com\/?p=164618\"},\"author\":{\"name\":\"admin\",\"@id\":\"https:\/\/www.prijedordanas.com\/#\/schema\/person\/4e08ccf29b506ca916ff86d46bb700e6\"},\"headline\":\"Pove\u0107anje kapaciteta za proizvodnju elektri\u010dne energije zajedni\u010dki interes Toplane Prijedor i Elektroprivrede RS\",\"datePublished\":\"2021-03-27T17:42:33+00:00\",\"dateModified\":\"2021-03-27T17:42:33+00:00\",\"mainEntityOfPage\":{\"@id\":\"https:\/\/www.prijedordanas.com\/?p=164618\"},\"wordCount\":121,\"publisher\":{\"@id\":\"https:\/\/www.prijedordanas.com\/#organization\"},\"articleSection\":[\"Svakodnevno\"],\"inLanguage\":\"en-US\"},{\"@type\":\"WebPage\",\"@id\":\"https:\/\/www.prijedordanas.com\/?p=164618\",\"url\":\"https:\/\/www.prijedordanas.com\/?p=164618\",\"name\":\"Pove\u0107anje kapaciteta za proizvodnju elektri\u010dne energije zajedni\u010dki interes Toplane Prijedor i Elektroprivrede RS - PrijedorDanas.com - Prijedorski gradski portal\",\"isPartOf\":{\"@id\":\"https:\/\/www.prijedordanas.com\/#website\"},\"datePublished\":\"2021-03-27T17:42:33+00:00\",\"dateModified\":\"2021-03-27T17:42:33+00:00\",\"breadcrumb\":{\"@id\":\"https:\/\/www.prijedordanas.com\/?p=164618#breadcrumb\"},\"inLanguage\":\"en-US\",\"potentialAction\":[{\"@type\":\"ReadAction\",\"target\":[\"https:\/\/www.prijedordanas.com\/?p=164618\"]}]},{\"@type\":\"BreadcrumbList\",\"@id\":\"https:\/\/www.prijedordanas.com\/?p=164618#breadcrumb\",\"itemListElement\":[{\"@type\":\"ListItem\",\"position\":1,\"name\":\"Home\",\"item\":\"https:\/\/www.prijedordanas.com\/\"},{\"@type\":\"ListItem\",\"position\":2,\"name\":\"Pove\u0107anje kapaciteta za proizvodnju elektri\u010dne energije zajedni\u010dki interes Toplane Prijedor i Elektroprivrede RS\"}]},{\"@type\":\"WebSite\",\"@id\":\"https:\/\/www.prijedordanas.com\/#website\",\"url\":\"https:\/\/www.prijedordanas.com\/\",\"name\":\"PrijedorDanas.com - Prijedorski gradski portal\",\"description\":\"Portal o doga\u0111anjima u gradu Prijedoru\",\"publisher\":{\"@id\":\"https:\/\/www.prijedordanas.com\/#organization\"},\"potentialAction\":[{\"@type\":\"SearchAction\",\"target\":{\"@type\":\"EntryPoint\",\"urlTemplate\":\"https:\/\/www.prijedordanas.com\/?s={search_term_string}\"},\"query-input\":\"required name=search_term_string\"}],\"inLanguage\":\"en-US\"},{\"@type\":\"Organization\",\"@id\":\"https:\/\/www.prijedordanas.com\/#organization\",\"name\":\"PrijedorDanas.com\",\"url\":\"https:\/\/www.prijedordanas.com\/\",\"logo\":{\"@type\":\"ImageObject\",\"inLanguage\":\"en-US\",\"@id\":\"https:\/\/www.prijedordanas.com\/#\/schema\/logo\/image\/\",\"url\":\"http:\/\/www.prijedordanas.com\/wp-content\/uploads\/2021\/12\/logopng.png\",\"contentUrl\":\"http:\/\/www.prijedordanas.com\/wp-content\/uploads\/2021\/12\/logopng.png\",\"width\":1019,\"height\":776,\"caption\":\"PrijedorDanas.com\"},\"image\":{\"@id\":\"https:\/\/www.prijedordanas.com\/#\/schema\/logo\/image\/\"},\"sameAs\":[\"https:\/\/www.facebook.com\/PrijedorDanasCom\/\"]},{\"@type\":\"Person\",\"@id\":\"https:\/\/www.prijedordanas.com\/#\/schema\/person\/4e08ccf29b506ca916ff86d46bb700e6\",\"name\":\"admin\",\"image\":{\"@type\":\"ImageObject\",\"inLanguage\":\"en-US\",\"@id\":\"https:\/\/www.prijedordanas.com\/#\/schema\/person\/image\/\",\"url\":\"https:\/\/secure.gravatar.com\/avatar\/1d3fc949d550f0b53a5f0d51e06dfd79?s=96&d=mm&r=g\",\"contentUrl\":\"https:\/\/secure.gravatar.com\/avatar\/1d3fc949d550f0b53a5f0d51e06dfd79?s=96&d=mm&r=g\",\"caption\":\"admin\"},\"url\":\"https:\/\/www.prijedordanas.com\/?author=1\"}]}<\/script>\n<!-- \/ Yoast SEO plugin. -->","yoast_head_json":{"title":"Pove\u0107anje kapaciteta za proizvodnju elektri\u010dne energije zajedni\u010dki interes Toplane Prijedor i Elektroprivrede RS - PrijedorDanas.com - Prijedorski gradski portal","robots":{"index":"index","follow":"follow","max-snippet":"max-snippet:-1","max-image-preview":"max-image-preview:large","max-video-preview":"max-video-preview:-1"},"canonical":"https:\/\/www.prijedordanas.com\/?p=164618","og_locale":"en_US","og_type":"article","og_title":"Pove\u0107anje kapaciteta za proizvodnju elektri\u010dne energije zajedni\u010dki interes Toplane Prijedor i Elektroprivrede RS - PrijedorDanas.com - Prijedorski gradski portal","og_description":"Dosada\u0161nja uspje\u0161na saradnja i mogu\u0107nosti pro\u0161irenja postrojenja za proizvodnju elektri\u010dne energije iz obnovljivih izvora odnosno drvne sje\u010dke bile su glavne teme razgovora sastanka koji je, izme\u0111u rukovodstva \u201eToplane\u201c a.d. Prijedor [&hellip;]","og_url":"https:\/\/www.prijedordanas.com\/?p=164618","og_site_name":"PrijedorDanas.com - Prijedorski gradski portal","article_publisher":"https:\/\/www.facebook.com\/PrijedorDanasCom\/","article_published_time":"2021-03-27T17:42:33+00:00","og_image":[{"url":"https:\/\/www.prijedordanas.com\/wp-content\/uploads\/2021\/03\/ers-sastanak-toplana-prijedor-300x225.jpg"}],"author":"admin","twitter_card":"summary_large_image","twitter_misc":{"Written by":"admin","Est. reading time":"1 minute"},"schema":{"@context":"https:\/\/schema.org","@graph":[{"@type":"Article","@id":"https:\/\/www.prijedordanas.com\/?p=164618#article","isPartOf":{"@id":"https:\/\/www.prijedordanas.com\/?p=164618"},"author":{"name":"admin","@id":"https:\/\/www.prijedordanas.com\/#\/schema\/person\/4e08ccf29b506ca916ff86d46bb700e6"},"headline":"Pove\u0107anje kapaciteta za proizvodnju elektri\u010dne energije zajedni\u010dki interes Toplane Prijedor i Elektroprivrede RS","datePublished":"2021-03-27T17:42:33+00:00","dateModified":"2021-03-27T17:42:33+00:00","mainEntityOfPage":{"@id":"https:\/\/www.prijedordanas.com\/?p=164618"},"wordCount":121,"publisher":{"@id":"https:\/\/www.prijedordanas.com\/#organization"},"articleSection":["Svakodnevno"],"inLanguage":"en-US"},{"@type":"WebPage","@id":"https:\/\/www.prijedordanas.com\/?p=164618","url":"https:\/\/www.prijedordanas.com\/?p=164618","name":"Pove\u0107anje kapaciteta za proizvodnju elektri\u010dne energije zajedni\u010dki interes Toplane Prijedor i Elektroprivrede RS - PrijedorDanas.com - Prijedorski gradski portal","isPartOf":{"@id":"https:\/\/www.prijedordanas.com\/#website"},"datePublished":"2021-03-27T17:42:33+00:00","dateModified":"2021-03-27T17:42:33+00:00","breadcrumb":{"@id":"https:\/\/www.prijedordanas.com\/?p=164618#breadcrumb"},"inLanguage":"en-US","potentialAction":[{"@type":"ReadAction","target":["https:\/\/www.prijedordanas.com\/?p=164618"]}]},{"@type":"BreadcrumbList","@id":"https:\/\/www.prijedordanas.com\/?p=164618#breadcrumb","itemListElement":[{"@type":"ListItem","position":1,"name":"Home","item":"https:\/\/www.prijedordanas.com\/"},{"@type":"ListItem","position":2,"name":"Pove\u0107anje kapaciteta za proizvodnju elektri\u010dne energije zajedni\u010dki interes Toplane Prijedor i Elektroprivrede RS"}]},{"@type":"WebSite","@id":"https:\/\/www.prijedordanas.com\/#website","url":"https:\/\/www.prijedordanas.com\/","name":"PrijedorDanas.com - Prijedorski gradski portal","description":"Portal o doga\u0111anjima u gradu Prijedoru","publisher":{"@id":"https:\/\/www.prijedordanas.com\/#organization"},"potentialAction":[{"@type":"SearchAction","target":{"@type":"EntryPoint","urlTemplate":"https:\/\/www.prijedordanas.com\/?s={search_term_string}"},"query-input":"required name=search_term_string"}],"inLanguage":"en-US"},{"@type":"Organization","@id":"https:\/\/www.prijedordanas.com\/#organization","name":"PrijedorDanas.com","url":"https:\/\/www.prijedordanas.com\/","logo":{"@type":"ImageObject","inLanguage":"en-US","@id":"https:\/\/www.prijedordanas.com\/#\/schema\/logo\/image\/","url":"http:\/\/www.prijedordanas.com\/wp-content\/uploads\/2021\/12\/logopng.png","contentUrl":"http:\/\/www.prijedordanas.com\/wp-content\/uploads\/2021\/12\/logopng.png","width":1019,"height":776,"caption":"PrijedorDanas.com"},"image":{"@id":"https:\/\/www.prijedordanas.com\/#\/schema\/logo\/image\/"},"sameAs":["https:\/\/www.facebook.com\/PrijedorDanasCom\/"]},{"@type":"Person","@id":"https:\/\/www.prijedordanas.com\/#\/schema\/person\/4e08ccf29b506ca916ff86d46bb700e6","name":"admin","image":{"@type":"ImageObject","inLanguage":"en-US","@id":"https:\/\/www.prijedordanas.com\/#\/schema\/person\/image\/","url":"https:\/\/secure.gravatar.com\/avatar\/1d3fc949d550f0b53a5f0d51e06dfd79?s=96&d=mm&r=g","contentUrl":"https:\/\/secure.gravatar.com\/avatar\/1d3fc949d550f0b53a5f0d51e06dfd79?s=96&d=mm&r=g","caption":"admin"},"url":"https:\/\/www.prijedordanas.com\/?author=1"}]}},"_links":{"self":[{"href":"https:\/\/www.prijedordanas.com\/index.php?rest_route=\/wp\/v2\/posts\/164618"}],"collection":[{"href":"https:\/\/www.prijedordanas.com\/index.php?rest_route=\/wp\/v2\/posts"}],"about":[{"href":"https:\/\/www.prijedordanas.com\/index.php?rest_route=\/wp\/v2\/types\/post"}],"author":[{"embeddable":true,"href":"https:\/\/www.prijedordanas.com\/index.php?rest_route=\/wp\/v2\/users\/1"}],"replies":[{"embeddable":true,"href":"https:\/\/www.prijedordanas.com\/index.php?rest_route=%2Fwp%2Fv2%2Fcomments&post=164618"}],"version-history":[{"count":1,"href":"https:\/\/www.prijedordanas.com\/index.php?rest_route=\/wp\/v2\/posts\/164618\/revisions"}],"predecessor-version":[{"id":164620,"href":"https:\/\/www.prijedordanas.com\/index.php?rest_route=\/wp\/v2\/posts\/164618\/revisions\/164620"}],"wp:attachment":[{"href":"https:\/\/www.prijedordanas.com\/index.php?rest_route=%2Fwp%2Fv2%2Fmedia&parent=164618"}],"wp:term":[{"taxonomy":"category","embeddable":true,"href":"https:\/\/www.prijedordanas.com\/index.php?rest_route=%2Fwp%2Fv2%2Fcategories&post=164618"},{"taxonomy":"post_tag","embeddable":true,"href":"https:\/\/www.prijedordanas.com\/index.php?rest_route=%2Fwp%2Fv2%2Ftags&post=164618"}],"curies":[{"name":"wp","href":"https:\/\/api.w.org\/{rel}","templated":true}]}}