{"id":164613,"date":"2021-03-27T12:57:06","date_gmt":"2021-03-27T11:57:06","guid":{"rendered":"https:\/\/www.prijedordanas.com\/?p=164613"},"modified":"2021-03-27T12:57:06","modified_gmt":"2021-03-27T11:57:06","slug":"grad-prijedor-veceras-u-akciji-pokreni-se-za-planetu","status":"publish","type":"post","link":"https:\/\/www.prijedordanas.com\/?p=164613","title":{"rendered":"Grad Prijedor ve\u010deras u akciji &#8220;Pokreni se za Planetu&#8221;"},"content":{"rendered":"<p><a href=\"https:\/\/www.prijedordanas.com\/wp-content\/uploads\/2021\/03\/prijedorgradorg-grad.jpg\"><img loading=\"lazy\" decoding=\"async\" src=\"https:\/\/www.prijedordanas.com\/wp-content\/uploads\/2021\/03\/prijedorgradorg-grad-300x225.jpg\" alt=\"\" width=\"300\" height=\"225\" class=\"alignleft size-medium wp-image-164614\" srcset=\"https:\/\/www.prijedordanas.com\/wp-content\/uploads\/2021\/03\/prijedorgradorg-grad-300x225.jpg 300w, https:\/\/www.prijedordanas.com\/wp-content\/uploads\/2021\/03\/prijedorgradorg-grad-640x480.jpg 640w, https:\/\/www.prijedordanas.com\/wp-content\/uploads\/2021\/03\/prijedorgradorg-grad.jpg 667w\" sizes=\"(max-width: 300px) 100vw, 300px\" \/><\/a>Grad Prijedor \u0107e i ove godine podr\u017eati aktivnost Svjetske nevladine organizacije za za\u0161titu prirode povodom &#8220;Sata za planetu Zemlju&#8221;.<\/p>\n<p>Naime, ve\u010deras \u0107e u vremenu od 20:30 do 21:30 \u010dasova biti isklju\u010dena javna rasvjeta u Ulici Nikole Pa\u0161i\u0107a u centru Prijedora, a u mraku \u0107e tih sat vremena biti i zgrada Gradske uprave \u010dime \u0107e se Grad Prijedor priklju\u010diti grupi od oko 7.000 gradova iz 190 zemalja koji su pro\u0161le godine, uprkos pandemiji, podr\u017eali tu akciju, saop\u0161teno je iz Gradske uprave Prijedor.<\/p>\n<p>Glavni cilj ove, najve\u0107e volonterske akcije, je poziv i na\u010din podizanja svijesti kod ljudi kako bi osigurali odr\u017eivu budu\u0107nost na\u0161e planete ukazuju\u0107i na klimatske promjene, prekomjernu potro\u0161nju zemljinih resursa i ekolo\u0161ke probleme.<\/p>\n<p>Akcija je pokrenuta u Australiji 2007. godine, kao gra\u0111anska inicijativa za podizanje svijesti o klimatskim promjenama kada je vi\u0161e od dva miliona doma\u0107instava u\u010destvovalo u &#8220;Satu za planet Zemlju&#8221;.<\/p>\n<p>Akcija se od tada odr\u017eava \u0161irom svijeta svake godine posljednje subote u martu, a poziv se odnosi i na doma\u0107instva i firme da ga\u0161enjem nepotrebne rasvjete i ure\u0111aja na jedan sat skre\u0107u pa\u017enju na preduzimanje akcije za za\u0161titu i spas na\u0161e planete.<\/p>\n<p>Moto ovogodi\u0161nje ekolo\u0161ke akcije je &#8220;Pokreni se za Planetu&#8221;.<\/p>\n<p><a href=\"http:\/\/prijedorgrad.org\/sr-EU\/vijesti-sadrzaj.html?vid=11282\" rel=\"noopener\" target=\"_blank\">prijedorgrad.org<\/a><\/p>\n","protected":false},"excerpt":{"rendered":"<p>Grad Prijedor \u0107e i ove godine podr\u017eati aktivnost Svjetske nevladine organizacije za za\u0161titu prirode povodom &#8220;Sata za planetu Zemlju&#8221;. Naime, ve\u010deras \u0107e u vremenu od 20:30 do 21:30 \u010dasova biti [&hellip;]<\/p>\n","protected":false},"author":1,"featured_media":0,"comment_status":"closed","ping_status":"open","sticky":false,"template":"","format":"standard","meta":{"_monsterinsights_skip_tracking":false,"_monsterinsights_sitenote_active":false,"_monsterinsights_sitenote_note":"","_monsterinsights_sitenote_category":0,"footnotes":""},"categories":[4],"tags":[],"yoast_head":"<!-- This site is optimized with the Yoast SEO plugin v21.6 - https:\/\/yoast.com\/wordpress\/plugins\/seo\/ -->\n<title>Grad Prijedor ve\u010deras u akciji &quot;Pokreni se za Planetu&quot; - PrijedorDanas.com - Prijedorski gradski portal<\/title>\n<meta name=\"robots\" content=\"index, follow, max-snippet:-1, max-image-preview:large, max-video-preview:-1\" \/>\n<link rel=\"canonical\" href=\"https:\/\/www.prijedordanas.com\/?p=164613\" \/>\n<meta property=\"og:locale\" content=\"en_US\" \/>\n<meta property=\"og:type\" content=\"article\" \/>\n<meta property=\"og:title\" content=\"Grad Prijedor ve\u010deras u akciji &quot;Pokreni se za Planetu&quot; - PrijedorDanas.com - Prijedorski gradski portal\" \/>\n<meta property=\"og:description\" content=\"Grad Prijedor \u0107e i ove godine podr\u017eati aktivnost Svjetske nevladine organizacije za za\u0161titu prirode povodom &#8220;Sata za planetu Zemlju&#8221;. Naime, ve\u010deras \u0107e u vremenu od 20:30 do 21:30 \u010dasova biti [&hellip;]\" \/>\n<meta property=\"og:url\" content=\"https:\/\/www.prijedordanas.com\/?p=164613\" \/>\n<meta property=\"og:site_name\" content=\"PrijedorDanas.com - Prijedorski gradski portal\" \/>\n<meta property=\"article:publisher\" content=\"https:\/\/www.facebook.com\/PrijedorDanasCom\/\" \/>\n<meta property=\"article:published_time\" content=\"2021-03-27T11:57:06+00:00\" \/>\n<meta property=\"og:image\" content=\"https:\/\/www.prijedordanas.com\/wp-content\/uploads\/2021\/03\/prijedorgradorg-grad-300x225.jpg\" \/>\n<meta name=\"author\" content=\"admin\" \/>\n<meta name=\"twitter:card\" content=\"summary_large_image\" \/>\n<meta name=\"twitter:label1\" content=\"Written by\" \/>\n\t<meta name=\"twitter:data1\" content=\"admin\" \/>\n\t<meta name=\"twitter:label2\" content=\"Est. reading time\" \/>\n\t<meta name=\"twitter:data2\" content=\"1 minute\" \/>\n<script type=\"application\/ld+json\" class=\"yoast-schema-graph\">{\"@context\":\"https:\/\/schema.org\",\"@graph\":[{\"@type\":\"Article\",\"@id\":\"https:\/\/www.prijedordanas.com\/?p=164613#article\",\"isPartOf\":{\"@id\":\"https:\/\/www.prijedordanas.com\/?p=164613\"},\"author\":{\"name\":\"admin\",\"@id\":\"https:\/\/www.prijedordanas.com\/#\/schema\/person\/4e08ccf29b506ca916ff86d46bb700e6\"},\"headline\":\"Grad Prijedor ve\u010deras u akciji &#8220;Pokreni se za Planetu&#8221;\",\"datePublished\":\"2021-03-27T11:57:06+00:00\",\"dateModified\":\"2021-03-27T11:57:06+00:00\",\"mainEntityOfPage\":{\"@id\":\"https:\/\/www.prijedordanas.com\/?p=164613\"},\"wordCount\":232,\"publisher\":{\"@id\":\"https:\/\/www.prijedordanas.com\/#organization\"},\"articleSection\":[\"Dru\u0161tvo\"],\"inLanguage\":\"en-US\"},{\"@type\":\"WebPage\",\"@id\":\"https:\/\/www.prijedordanas.com\/?p=164613\",\"url\":\"https:\/\/www.prijedordanas.com\/?p=164613\",\"name\":\"Grad Prijedor ve\u010deras u akciji \\\"Pokreni se za Planetu\\\" - PrijedorDanas.com - Prijedorski gradski portal\",\"isPartOf\":{\"@id\":\"https:\/\/www.prijedordanas.com\/#website\"},\"datePublished\":\"2021-03-27T11:57:06+00:00\",\"dateModified\":\"2021-03-27T11:57:06+00:00\",\"breadcrumb\":{\"@id\":\"https:\/\/www.prijedordanas.com\/?p=164613#breadcrumb\"},\"inLanguage\":\"en-US\",\"potentialAction\":[{\"@type\":\"ReadAction\",\"target\":[\"https:\/\/www.prijedordanas.com\/?p=164613\"]}]},{\"@type\":\"BreadcrumbList\",\"@id\":\"https:\/\/www.prijedordanas.com\/?p=164613#breadcrumb\",\"itemListElement\":[{\"@type\":\"ListItem\",\"position\":1,\"name\":\"Home\",\"item\":\"https:\/\/www.prijedordanas.com\/\"},{\"@type\":\"ListItem\",\"position\":2,\"name\":\"Grad Prijedor ve\u010deras u akciji &#8220;Pokreni se za Planetu&#8221;\"}]},{\"@type\":\"WebSite\",\"@id\":\"https:\/\/www.prijedordanas.com\/#website\",\"url\":\"https:\/\/www.prijedordanas.com\/\",\"name\":\"PrijedorDanas.com - Prijedorski gradski portal\",\"description\":\"Portal o doga\u0111anjima u gradu Prijedoru\",\"publisher\":{\"@id\":\"https:\/\/www.prijedordanas.com\/#organization\"},\"potentialAction\":[{\"@type\":\"SearchAction\",\"target\":{\"@type\":\"EntryPoint\",\"urlTemplate\":\"https:\/\/www.prijedordanas.com\/?s={search_term_string}\"},\"query-input\":\"required name=search_term_string\"}],\"inLanguage\":\"en-US\"},{\"@type\":\"Organization\",\"@id\":\"https:\/\/www.prijedordanas.com\/#organization\",\"name\":\"PrijedorDanas.com\",\"url\":\"https:\/\/www.prijedordanas.com\/\",\"logo\":{\"@type\":\"ImageObject\",\"inLanguage\":\"en-US\",\"@id\":\"https:\/\/www.prijedordanas.com\/#\/schema\/logo\/image\/\",\"url\":\"http:\/\/www.prijedordanas.com\/wp-content\/uploads\/2021\/12\/logopng.png\",\"contentUrl\":\"http:\/\/www.prijedordanas.com\/wp-content\/uploads\/2021\/12\/logopng.png\",\"width\":1019,\"height\":776,\"caption\":\"PrijedorDanas.com\"},\"image\":{\"@id\":\"https:\/\/www.prijedordanas.com\/#\/schema\/logo\/image\/\"},\"sameAs\":[\"https:\/\/www.facebook.com\/PrijedorDanasCom\/\"]},{\"@type\":\"Person\",\"@id\":\"https:\/\/www.prijedordanas.com\/#\/schema\/person\/4e08ccf29b506ca916ff86d46bb700e6\",\"name\":\"admin\",\"image\":{\"@type\":\"ImageObject\",\"inLanguage\":\"en-US\",\"@id\":\"https:\/\/www.prijedordanas.com\/#\/schema\/person\/image\/\",\"url\":\"https:\/\/secure.gravatar.com\/avatar\/1d3fc949d550f0b53a5f0d51e06dfd79?s=96&d=mm&r=g\",\"contentUrl\":\"https:\/\/secure.gravatar.com\/avatar\/1d3fc949d550f0b53a5f0d51e06dfd79?s=96&d=mm&r=g\",\"caption\":\"admin\"},\"url\":\"https:\/\/www.prijedordanas.com\/?author=1\"}]}<\/script>\n<!-- \/ Yoast SEO plugin. -->","yoast_head_json":{"title":"Grad Prijedor ve\u010deras u akciji \"Pokreni se za Planetu\" - PrijedorDanas.com - Prijedorski gradski portal","robots":{"index":"index","follow":"follow","max-snippet":"max-snippet:-1","max-image-preview":"max-image-preview:large","max-video-preview":"max-video-preview:-1"},"canonical":"https:\/\/www.prijedordanas.com\/?p=164613","og_locale":"en_US","og_type":"article","og_title":"Grad Prijedor ve\u010deras u akciji \"Pokreni se za Planetu\" - PrijedorDanas.com - Prijedorski gradski portal","og_description":"Grad Prijedor \u0107e i ove godine podr\u017eati aktivnost Svjetske nevladine organizacije za za\u0161titu prirode povodom &#8220;Sata za planetu Zemlju&#8221;. Naime, ve\u010deras \u0107e u vremenu od 20:30 do 21:30 \u010dasova biti [&hellip;]","og_url":"https:\/\/www.prijedordanas.com\/?p=164613","og_site_name":"PrijedorDanas.com - Prijedorski gradski portal","article_publisher":"https:\/\/www.facebook.com\/PrijedorDanasCom\/","article_published_time":"2021-03-27T11:57:06+00:00","og_image":[{"url":"https:\/\/www.prijedordanas.com\/wp-content\/uploads\/2021\/03\/prijedorgradorg-grad-300x225.jpg"}],"author":"admin","twitter_card":"summary_large_image","twitter_misc":{"Written by":"admin","Est. reading time":"1 minute"},"schema":{"@context":"https:\/\/schema.org","@graph":[{"@type":"Article","@id":"https:\/\/www.prijedordanas.com\/?p=164613#article","isPartOf":{"@id":"https:\/\/www.prijedordanas.com\/?p=164613"},"author":{"name":"admin","@id":"https:\/\/www.prijedordanas.com\/#\/schema\/person\/4e08ccf29b506ca916ff86d46bb700e6"},"headline":"Grad Prijedor ve\u010deras u akciji &#8220;Pokreni se za Planetu&#8221;","datePublished":"2021-03-27T11:57:06+00:00","dateModified":"2021-03-27T11:57:06+00:00","mainEntityOfPage":{"@id":"https:\/\/www.prijedordanas.com\/?p=164613"},"wordCount":232,"publisher":{"@id":"https:\/\/www.prijedordanas.com\/#organization"},"articleSection":["Dru\u0161tvo"],"inLanguage":"en-US"},{"@type":"WebPage","@id":"https:\/\/www.prijedordanas.com\/?p=164613","url":"https:\/\/www.prijedordanas.com\/?p=164613","name":"Grad Prijedor ve\u010deras u akciji \"Pokreni se za Planetu\" - PrijedorDanas.com - Prijedorski gradski portal","isPartOf":{"@id":"https:\/\/www.prijedordanas.com\/#website"},"datePublished":"2021-03-27T11:57:06+00:00","dateModified":"2021-03-27T11:57:06+00:00","breadcrumb":{"@id":"https:\/\/www.prijedordanas.com\/?p=164613#breadcrumb"},"inLanguage":"en-US","potentialAction":[{"@type":"ReadAction","target":["https:\/\/www.prijedordanas.com\/?p=164613"]}]},{"@type":"BreadcrumbList","@id":"https:\/\/www.prijedordanas.com\/?p=164613#breadcrumb","itemListElement":[{"@type":"ListItem","position":1,"name":"Home","item":"https:\/\/www.prijedordanas.com\/"},{"@type":"ListItem","position":2,"name":"Grad Prijedor ve\u010deras u akciji &#8220;Pokreni se za Planetu&#8221;"}]},{"@type":"WebSite","@id":"https:\/\/www.prijedordanas.com\/#website","url":"https:\/\/www.prijedordanas.com\/","name":"PrijedorDanas.com - Prijedorski gradski portal","description":"Portal o doga\u0111anjima u gradu Prijedoru","publisher":{"@id":"https:\/\/www.prijedordanas.com\/#organization"},"potentialAction":[{"@type":"SearchAction","target":{"@type":"EntryPoint","urlTemplate":"https:\/\/www.prijedordanas.com\/?s={search_term_string}"},"query-input":"required name=search_term_string"}],"inLanguage":"en-US"},{"@type":"Organization","@id":"https:\/\/www.prijedordanas.com\/#organization","name":"PrijedorDanas.com","url":"https:\/\/www.prijedordanas.com\/","logo":{"@type":"ImageObject","inLanguage":"en-US","@id":"https:\/\/www.prijedordanas.com\/#\/schema\/logo\/image\/","url":"http:\/\/www.prijedordanas.com\/wp-content\/uploads\/2021\/12\/logopng.png","contentUrl":"http:\/\/www.prijedordanas.com\/wp-content\/uploads\/2021\/12\/logopng.png","width":1019,"height":776,"caption":"PrijedorDanas.com"},"image":{"@id":"https:\/\/www.prijedordanas.com\/#\/schema\/logo\/image\/"},"sameAs":["https:\/\/www.facebook.com\/PrijedorDanasCom\/"]},{"@type":"Person","@id":"https:\/\/www.prijedordanas.com\/#\/schema\/person\/4e08ccf29b506ca916ff86d46bb700e6","name":"admin","image":{"@type":"ImageObject","inLanguage":"en-US","@id":"https:\/\/www.prijedordanas.com\/#\/schema\/person\/image\/","url":"https:\/\/secure.gravatar.com\/avatar\/1d3fc949d550f0b53a5f0d51e06dfd79?s=96&d=mm&r=g","contentUrl":"https:\/\/secure.gravatar.com\/avatar\/1d3fc949d550f0b53a5f0d51e06dfd79?s=96&d=mm&r=g","caption":"admin"},"url":"https:\/\/www.prijedordanas.com\/?author=1"}]}},"_links":{"self":[{"href":"https:\/\/www.prijedordanas.com\/index.php?rest_route=\/wp\/v2\/posts\/164613"}],"collection":[{"href":"https:\/\/www.prijedordanas.com\/index.php?rest_route=\/wp\/v2\/posts"}],"about":[{"href":"https:\/\/www.prijedordanas.com\/index.php?rest_route=\/wp\/v2\/types\/post"}],"author":[{"embeddable":true,"href":"https:\/\/www.prijedordanas.com\/index.php?rest_route=\/wp\/v2\/users\/1"}],"replies":[{"embeddable":true,"href":"https:\/\/www.prijedordanas.com\/index.php?rest_route=%2Fwp%2Fv2%2Fcomments&post=164613"}],"version-history":[{"count":1,"href":"https:\/\/www.prijedordanas.com\/index.php?rest_route=\/wp\/v2\/posts\/164613\/revisions"}],"predecessor-version":[{"id":164615,"href":"https:\/\/www.prijedordanas.com\/index.php?rest_route=\/wp\/v2\/posts\/164613\/revisions\/164615"}],"wp:attachment":[{"href":"https:\/\/www.prijedordanas.com\/index.php?rest_route=%2Fwp%2Fv2%2Fmedia&parent=164613"}],"wp:term":[{"taxonomy":"category","embeddable":true,"href":"https:\/\/www.prijedordanas.com\/index.php?rest_route=%2Fwp%2Fv2%2Fcategories&post=164613"},{"taxonomy":"post_tag","embeddable":true,"href":"https:\/\/www.prijedordanas.com\/index.php?rest_route=%2Fwp%2Fv2%2Ftags&post=164613"}],"curies":[{"name":"wp","href":"https:\/\/api.w.org\/{rel}","templated":true}]}}