{"id":164599,"date":"2021-03-27T10:39:49","date_gmt":"2021-03-27T09:39:49","guid":{"rendered":"https:\/\/www.prijedordanas.com\/?p=164599"},"modified":"2021-03-27T10:39:49","modified_gmt":"2021-03-27T09:39:49","slug":"zunicima-potrebna-pomoc-samohrana-majka-s-troje-djece-zivi-bez-struje","status":"publish","type":"post","link":"https:\/\/www.prijedordanas.com\/?p=164599","title":{"rendered":"\u017duni\u0107ima potrebna pomo\u0107: Samohrana majka s troje djece \u017eivi bez struje"},"content":{"rendered":"<p><a href=\"https:\/\/www.prijedordanas.com\/wp-content\/uploads\/2021\/03\/blic-zunicima-potrebna-pomoc-1.jpg\"><img loading=\"lazy\" decoding=\"async\" class=\"alignleft size-medium wp-image-164606\" src=\"https:\/\/www.prijedordanas.com\/wp-content\/uploads\/2021\/03\/blic-zunicima-potrebna-pomoc-1-300x225.jpg\" alt=\"\" width=\"300\" height=\"225\" srcset=\"https:\/\/www.prijedordanas.com\/wp-content\/uploads\/2021\/03\/blic-zunicima-potrebna-pomoc-1-300x225.jpg 300w, https:\/\/www.prijedordanas.com\/wp-content\/uploads\/2021\/03\/blic-zunicima-potrebna-pomoc-1-640x480.jpg 640w, https:\/\/www.prijedordanas.com\/wp-content\/uploads\/2021\/03\/blic-zunicima-potrebna-pomoc-1.jpg 667w\" sizes=\"(max-width: 300px) 100vw, 300px\" \/><\/a>Samohranoj majci Mirjani \u017duni\u0107 (37), koja sa troje maloljetne djece \u017eivi u prijedorskom naselju Puharska, prije dvije sedmice isklju\u010dena je elektri\u010dna energija zbog duga.<\/p>\n<p>Mirjana za Srpskainfo pri\u010da da je dug dostigao 600 KM, ali da ga ona ne mo\u017ee izmiriti jer nema novca.<\/p>\n<p>\u2013 \u017divimo od 300 KM dje\u010dijeg dodatka mjese\u010dno. Uplatim ponekad 10, 20 ili i 50 KM, ali nisam mogla redovno sve pla\u0107ati. Ako platim struju, onda ne mogu imati dovoljno da kupim hranu djeci \u2013 ka\u017ee ona.<\/p>\n<p>Tokom na\u0161e posjete u fri\u017eideru \u017duni\u0107a nije bilo ni\u0161ta od hrane. Mirjana pri\u010da da je fri\u017eider \u010desto prazan, ali da je bacila hranu koja je bila u njemu, jer nema struje.<\/p>\n<p><a href=\"https:\/\/www.prijedordanas.com\/wp-content\/uploads\/2021\/03\/blic-zunicima-potrebna-pomoc-3.jpg\"><img loading=\"lazy\" decoding=\"async\" class=\"alignleft size-medium wp-image-164607\" src=\"https:\/\/www.prijedordanas.com\/wp-content\/uploads\/2021\/03\/blic-zunicima-potrebna-pomoc-3-300x225.jpg\" alt=\"\" width=\"300\" height=\"225\" srcset=\"https:\/\/www.prijedordanas.com\/wp-content\/uploads\/2021\/03\/blic-zunicima-potrebna-pomoc-3-300x225.jpg 300w, https:\/\/www.prijedordanas.com\/wp-content\/uploads\/2021\/03\/blic-zunicima-potrebna-pomoc-3-640x480.jpg 640w, https:\/\/www.prijedordanas.com\/wp-content\/uploads\/2021\/03\/blic-zunicima-potrebna-pomoc-3.jpg 667w\" sizes=\"(max-width: 300px) 100vw, 300px\" \/><\/a>Mirjanin stariji sin Denis ima 13 godina, Elvisu je 11, a najmla\u0111a Lejla \u010detiri godine. Osim ovo troje dece, Mirjana ima jo\u0161 dvije starije k\u0107erke, Sla\u0111anu (17) i Biljanu (15), koje \u017eive kod svojih momaka. Mirjana je djecu stekla iz vanbra\u010dnih zajednica. Jedan od supruga joj je poginuo kada se prevrnuo sa traktora u \u0161umi.<\/p>\n<p>Pri\u010da da je ro\u0111ena u Bri\u0161evu kod Ljubije. Osim u Ljubiji, \u017eivjela je i kao podstanar u nekim mjestima, a poplave u maju 2014. zatekle su ih u Tukovima, koji su bili pod vodom.<\/p>\n<p>Tvrdi da je plac od 300 kvadrata u Puharskoj kupila 2015, uz dogovor s vlasnikom zemlje da mu pla\u0107a u ratama. Nakon toga, i ku\u0107a joj je izgra\u0111ena donacijom katoli\u010dke crkve.<\/p>\n<p><a href=\"https:\/\/www.prijedordanas.com\/wp-content\/uploads\/2021\/03\/blic-zunicima-potrebna-pomoc-2.jpg\"><img loading=\"lazy\" decoding=\"async\" src=\"https:\/\/www.prijedordanas.com\/wp-content\/uploads\/2021\/03\/blic-zunicima-potrebna-pomoc-2-300x210.jpg\" alt=\"\" width=\"300\" height=\"210\" class=\"alignleft size-medium wp-image-164608\" srcset=\"https:\/\/www.prijedordanas.com\/wp-content\/uploads\/2021\/03\/blic-zunicima-potrebna-pomoc-2-300x210.jpg 300w, https:\/\/www.prijedordanas.com\/wp-content\/uploads\/2021\/03\/blic-zunicima-potrebna-pomoc-2.jpg 600w\" sizes=\"(max-width: 300px) 100vw, 300px\" \/><\/a>Pored njene ku\u0107e je par panjeva koje \u0107e Mirjana pocijepati za drva. Ka\u017ee da \u0107e joj to biti dovoljno za nekoliko dana i da je naru\u010dila jo\u0161 drva.<\/p>\n<p>Denis i Elvis nastavu poha\u0111aju u Centru \u201eSunce\u201c, koji je obrazovna ustanova za djecu s pote\u0161ko\u0107ama u razvoju.<\/p>\n<p>\u2013 Nisu dobro izgovarali kada su i\u0161li na upis. Eto, Denis sada super pri\u010da i svi se \u010dude kada \u010duju da ne ide u redovnu \u0161kolu. Elvis malo na nekoj rije\u010di zapne, ali ima sve petice \u2013 navodi ona.<\/p>\n<p>Dje\u010daci su izuzetno skromni. Denis ka\u017ee da bi volio da bude policajac kada odraste, a Elvis ma\u0161ta da bude vatrogasac. Jedina \u017eelja koju sada obojica imaju je da dobiju elektri\u010dnu energiju.<\/p>\n<p><a href=\"https:\/\/www.prijedordanas.com\/wp-content\/uploads\/2021\/03\/blic-zunicima-potrebna-pomoc-4.jpg\"><img loading=\"lazy\" decoding=\"async\" src=\"https:\/\/www.prijedordanas.com\/wp-content\/uploads\/2021\/03\/blic-zunicima-potrebna-pomoc-4-300x210.jpg\" alt=\"\" width=\"300\" height=\"210\" class=\"alignleft size-medium wp-image-164609\" srcset=\"https:\/\/www.prijedordanas.com\/wp-content\/uploads\/2021\/03\/blic-zunicima-potrebna-pomoc-4-300x210.jpg 300w, https:\/\/www.prijedordanas.com\/wp-content\/uploads\/2021\/03\/blic-zunicima-potrebna-pomoc-4.jpg 600w\" sizes=\"(max-width: 300px) 100vw, 300px\" \/><\/a>\u2013 Po\u0161to je nastava na daljinu, nastavnici im \u0161alju zadatke vajberom. Uplatim internet za dvije KM i bude nam 10 dana, ali moram \u010desto nositi telefon kod kom\u0161inice da mi puni bateriju telefona, jer mi nemamo struju, pa nam je to nezgodno \u2013 ka\u017ee ona.<\/p>\n<p>Dodaje da no\u0107i uz svije\u0107u djeci brzo dosade, pa odu spavati oko pola devet, te ustanu u \u0161est ujutru.<\/p>\n<p>\u2013 Iako je te\u0161ko, ne gubim nadu. Ne mogu se ubiti sada \u0161to su isklju\u010dili struju; valjda ima ljudi dobrog srca koji \u0107e mi pomo\u0107i zbog djece \u2013 nada se ona.<\/p>\n<p>Isti\u010de da bi najve\u0107i spas za nju i djecu bilo da na\u0111e posao.<\/p>\n<p>\u2013 Radila bih bilo \u0161ta, mogu i da \u010distim. Zavr\u0161ila sam osnovnu \u0161kolu. Kada bih dobila posao, Lejlu bi \u010duvala starija k\u0107erka, a dje\u010daci su ve\u0107i i samostalni \u2013 poru\u010duje ona.<\/p>\n<p>POMO\u0106 KOM\u0160IJA<br \/>\nMirjani \u017duni\u0107 je i ranije isklju\u010divana struja zbog duga, pa su njene kom\u0161ije organizovale akcije u kojima je taj dug ispla\u0107ivan.<\/p>\n<p>\u2013 Kom\u0161ije pomognu koliko mogu. I oni se bore da pre\u017eive, ne mogu oni meni svaki dan ru\u010dak da skuvaju. Zato bi najbolje bilo da dobijem posao \u2013 pri\u010da ona.<\/p>\n<p>Svaka pomo\u0107 bi joj dobrodo\u0161la, kao \u0161to je hrana ili odje\u0107a za djecu. \u017duni\u0107i \u017eive u posljednjoj ku\u0107i u Ulici Ivana Cankara u Puharskoj. Svi koji \u017eele da im pomognu mogu pozvati Mirjanu na broj 066\/685-202.<\/p>\n<p>srpskainfo.com<\/p>\n","protected":false},"excerpt":{"rendered":"<p>Samohranoj majci Mirjani \u017duni\u0107 (37), koja sa troje maloljetne djece \u017eivi u prijedorskom naselju Puharska, prije dvije sedmice isklju\u010dena je elektri\u010dna energija zbog duga. Mirjana za Srpskainfo pri\u010da da je [&hellip;]<\/p>\n","protected":false},"author":1,"featured_media":0,"comment_status":"closed","ping_status":"open","sticky":false,"template":"","format":"standard","meta":{"_monsterinsights_skip_tracking":false,"_monsterinsights_sitenote_active":false,"_monsterinsights_sitenote_note":"","_monsterinsights_sitenote_category":0,"footnotes":""},"categories":[3],"tags":[],"yoast_head":"<!-- This site is optimized with the Yoast SEO plugin v21.6 - https:\/\/yoast.com\/wordpress\/plugins\/seo\/ -->\n<title>\u017duni\u0107ima potrebna pomo\u0107: Samohrana majka s troje djece \u017eivi bez struje - PrijedorDanas.com - Prijedorski gradski portal<\/title>\n<meta name=\"robots\" content=\"index, follow, max-snippet:-1, max-image-preview:large, max-video-preview:-1\" \/>\n<link rel=\"canonical\" href=\"https:\/\/www.prijedordanas.com\/?p=164599\" \/>\n<meta property=\"og:locale\" content=\"en_US\" \/>\n<meta property=\"og:type\" content=\"article\" \/>\n<meta property=\"og:title\" content=\"\u017duni\u0107ima potrebna pomo\u0107: Samohrana majka s troje djece \u017eivi bez struje - PrijedorDanas.com - Prijedorski gradski portal\" \/>\n<meta property=\"og:description\" content=\"Samohranoj majci Mirjani \u017duni\u0107 (37), koja sa troje maloljetne djece \u017eivi u prijedorskom naselju Puharska, prije dvije sedmice isklju\u010dena je elektri\u010dna energija zbog duga. Mirjana za Srpskainfo pri\u010da da je [&hellip;]\" \/>\n<meta property=\"og:url\" content=\"https:\/\/www.prijedordanas.com\/?p=164599\" \/>\n<meta property=\"og:site_name\" content=\"PrijedorDanas.com - Prijedorski gradski portal\" \/>\n<meta property=\"article:publisher\" content=\"https:\/\/www.facebook.com\/PrijedorDanasCom\/\" \/>\n<meta property=\"article:published_time\" content=\"2021-03-27T09:39:49+00:00\" \/>\n<meta property=\"og:image\" content=\"https:\/\/www.prijedordanas.com\/wp-content\/uploads\/2021\/03\/blic-zunicima-potrebna-pomoc-1-300x225.jpg\" \/>\n<meta name=\"author\" content=\"admin\" \/>\n<meta name=\"twitter:card\" content=\"summary_large_image\" \/>\n<meta name=\"twitter:label1\" content=\"Written by\" \/>\n\t<meta name=\"twitter:data1\" content=\"admin\" \/>\n\t<meta name=\"twitter:label2\" content=\"Est. reading time\" \/>\n\t<meta name=\"twitter:data2\" content=\"3 minutes\" \/>\n<script type=\"application\/ld+json\" class=\"yoast-schema-graph\">{\"@context\":\"https:\/\/schema.org\",\"@graph\":[{\"@type\":\"Article\",\"@id\":\"https:\/\/www.prijedordanas.com\/?p=164599#article\",\"isPartOf\":{\"@id\":\"https:\/\/www.prijedordanas.com\/?p=164599\"},\"author\":{\"name\":\"admin\",\"@id\":\"https:\/\/www.prijedordanas.com\/#\/schema\/person\/4e08ccf29b506ca916ff86d46bb700e6\"},\"headline\":\"\u017duni\u0107ima potrebna pomo\u0107: Samohrana majka s troje djece \u017eivi bez struje\",\"datePublished\":\"2021-03-27T09:39:49+00:00\",\"dateModified\":\"2021-03-27T09:39:49+00:00\",\"mainEntityOfPage\":{\"@id\":\"https:\/\/www.prijedordanas.com\/?p=164599\"},\"wordCount\":630,\"publisher\":{\"@id\":\"https:\/\/www.prijedordanas.com\/#organization\"},\"articleSection\":[\"\u017divot\"],\"inLanguage\":\"en-US\"},{\"@type\":\"WebPage\",\"@id\":\"https:\/\/www.prijedordanas.com\/?p=164599\",\"url\":\"https:\/\/www.prijedordanas.com\/?p=164599\",\"name\":\"\u017duni\u0107ima potrebna pomo\u0107: Samohrana majka s troje djece \u017eivi bez struje - PrijedorDanas.com - Prijedorski gradski portal\",\"isPartOf\":{\"@id\":\"https:\/\/www.prijedordanas.com\/#website\"},\"datePublished\":\"2021-03-27T09:39:49+00:00\",\"dateModified\":\"2021-03-27T09:39:49+00:00\",\"breadcrumb\":{\"@id\":\"https:\/\/www.prijedordanas.com\/?p=164599#breadcrumb\"},\"inLanguage\":\"en-US\",\"potentialAction\":[{\"@type\":\"ReadAction\",\"target\":[\"https:\/\/www.prijedordanas.com\/?p=164599\"]}]},{\"@type\":\"BreadcrumbList\",\"@id\":\"https:\/\/www.prijedordanas.com\/?p=164599#breadcrumb\",\"itemListElement\":[{\"@type\":\"ListItem\",\"position\":1,\"name\":\"Home\",\"item\":\"https:\/\/www.prijedordanas.com\/\"},{\"@type\":\"ListItem\",\"position\":2,\"name\":\"\u017duni\u0107ima potrebna pomo\u0107: Samohrana majka s troje djece \u017eivi bez struje\"}]},{\"@type\":\"WebSite\",\"@id\":\"https:\/\/www.prijedordanas.com\/#website\",\"url\":\"https:\/\/www.prijedordanas.com\/\",\"name\":\"PrijedorDanas.com - Prijedorski gradski portal\",\"description\":\"Portal o doga\u0111anjima u gradu Prijedoru\",\"publisher\":{\"@id\":\"https:\/\/www.prijedordanas.com\/#organization\"},\"potentialAction\":[{\"@type\":\"SearchAction\",\"target\":{\"@type\":\"EntryPoint\",\"urlTemplate\":\"https:\/\/www.prijedordanas.com\/?s={search_term_string}\"},\"query-input\":\"required name=search_term_string\"}],\"inLanguage\":\"en-US\"},{\"@type\":\"Organization\",\"@id\":\"https:\/\/www.prijedordanas.com\/#organization\",\"name\":\"PrijedorDanas.com\",\"url\":\"https:\/\/www.prijedordanas.com\/\",\"logo\":{\"@type\":\"ImageObject\",\"inLanguage\":\"en-US\",\"@id\":\"https:\/\/www.prijedordanas.com\/#\/schema\/logo\/image\/\",\"url\":\"http:\/\/www.prijedordanas.com\/wp-content\/uploads\/2021\/12\/logopng.png\",\"contentUrl\":\"http:\/\/www.prijedordanas.com\/wp-content\/uploads\/2021\/12\/logopng.png\",\"width\":1019,\"height\":776,\"caption\":\"PrijedorDanas.com\"},\"image\":{\"@id\":\"https:\/\/www.prijedordanas.com\/#\/schema\/logo\/image\/\"},\"sameAs\":[\"https:\/\/www.facebook.com\/PrijedorDanasCom\/\"]},{\"@type\":\"Person\",\"@id\":\"https:\/\/www.prijedordanas.com\/#\/schema\/person\/4e08ccf29b506ca916ff86d46bb700e6\",\"name\":\"admin\",\"image\":{\"@type\":\"ImageObject\",\"inLanguage\":\"en-US\",\"@id\":\"https:\/\/www.prijedordanas.com\/#\/schema\/person\/image\/\",\"url\":\"https:\/\/secure.gravatar.com\/avatar\/1d3fc949d550f0b53a5f0d51e06dfd79?s=96&d=mm&r=g\",\"contentUrl\":\"https:\/\/secure.gravatar.com\/avatar\/1d3fc949d550f0b53a5f0d51e06dfd79?s=96&d=mm&r=g\",\"caption\":\"admin\"},\"url\":\"https:\/\/www.prijedordanas.com\/?author=1\"}]}<\/script>\n<!-- \/ Yoast SEO plugin. -->","yoast_head_json":{"title":"\u017duni\u0107ima potrebna pomo\u0107: Samohrana majka s troje djece \u017eivi bez struje - PrijedorDanas.com - Prijedorski gradski portal","robots":{"index":"index","follow":"follow","max-snippet":"max-snippet:-1","max-image-preview":"max-image-preview:large","max-video-preview":"max-video-preview:-1"},"canonical":"https:\/\/www.prijedordanas.com\/?p=164599","og_locale":"en_US","og_type":"article","og_title":"\u017duni\u0107ima potrebna pomo\u0107: Samohrana majka s troje djece \u017eivi bez struje - PrijedorDanas.com - Prijedorski gradski portal","og_description":"Samohranoj majci Mirjani \u017duni\u0107 (37), koja sa troje maloljetne djece \u017eivi u prijedorskom naselju Puharska, prije dvije sedmice isklju\u010dena je elektri\u010dna energija zbog duga. Mirjana za Srpskainfo pri\u010da da je [&hellip;]","og_url":"https:\/\/www.prijedordanas.com\/?p=164599","og_site_name":"PrijedorDanas.com - Prijedorski gradski portal","article_publisher":"https:\/\/www.facebook.com\/PrijedorDanasCom\/","article_published_time":"2021-03-27T09:39:49+00:00","og_image":[{"url":"https:\/\/www.prijedordanas.com\/wp-content\/uploads\/2021\/03\/blic-zunicima-potrebna-pomoc-1-300x225.jpg"}],"author":"admin","twitter_card":"summary_large_image","twitter_misc":{"Written by":"admin","Est. reading time":"3 minutes"},"schema":{"@context":"https:\/\/schema.org","@graph":[{"@type":"Article","@id":"https:\/\/www.prijedordanas.com\/?p=164599#article","isPartOf":{"@id":"https:\/\/www.prijedordanas.com\/?p=164599"},"author":{"name":"admin","@id":"https:\/\/www.prijedordanas.com\/#\/schema\/person\/4e08ccf29b506ca916ff86d46bb700e6"},"headline":"\u017duni\u0107ima potrebna pomo\u0107: Samohrana majka s troje djece \u017eivi bez struje","datePublished":"2021-03-27T09:39:49+00:00","dateModified":"2021-03-27T09:39:49+00:00","mainEntityOfPage":{"@id":"https:\/\/www.prijedordanas.com\/?p=164599"},"wordCount":630,"publisher":{"@id":"https:\/\/www.prijedordanas.com\/#organization"},"articleSection":["\u017divot"],"inLanguage":"en-US"},{"@type":"WebPage","@id":"https:\/\/www.prijedordanas.com\/?p=164599","url":"https:\/\/www.prijedordanas.com\/?p=164599","name":"\u017duni\u0107ima potrebna pomo\u0107: Samohrana majka s troje djece \u017eivi bez struje - PrijedorDanas.com - Prijedorski gradski portal","isPartOf":{"@id":"https:\/\/www.prijedordanas.com\/#website"},"datePublished":"2021-03-27T09:39:49+00:00","dateModified":"2021-03-27T09:39:49+00:00","breadcrumb":{"@id":"https:\/\/www.prijedordanas.com\/?p=164599#breadcrumb"},"inLanguage":"en-US","potentialAction":[{"@type":"ReadAction","target":["https:\/\/www.prijedordanas.com\/?p=164599"]}]},{"@type":"BreadcrumbList","@id":"https:\/\/www.prijedordanas.com\/?p=164599#breadcrumb","itemListElement":[{"@type":"ListItem","position":1,"name":"Home","item":"https:\/\/www.prijedordanas.com\/"},{"@type":"ListItem","position":2,"name":"\u017duni\u0107ima potrebna pomo\u0107: Samohrana majka s troje djece \u017eivi bez struje"}]},{"@type":"WebSite","@id":"https:\/\/www.prijedordanas.com\/#website","url":"https:\/\/www.prijedordanas.com\/","name":"PrijedorDanas.com - Prijedorski gradski portal","description":"Portal o doga\u0111anjima u gradu Prijedoru","publisher":{"@id":"https:\/\/www.prijedordanas.com\/#organization"},"potentialAction":[{"@type":"SearchAction","target":{"@type":"EntryPoint","urlTemplate":"https:\/\/www.prijedordanas.com\/?s={search_term_string}"},"query-input":"required name=search_term_string"}],"inLanguage":"en-US"},{"@type":"Organization","@id":"https:\/\/www.prijedordanas.com\/#organization","name":"PrijedorDanas.com","url":"https:\/\/www.prijedordanas.com\/","logo":{"@type":"ImageObject","inLanguage":"en-US","@id":"https:\/\/www.prijedordanas.com\/#\/schema\/logo\/image\/","url":"http:\/\/www.prijedordanas.com\/wp-content\/uploads\/2021\/12\/logopng.png","contentUrl":"http:\/\/www.prijedordanas.com\/wp-content\/uploads\/2021\/12\/logopng.png","width":1019,"height":776,"caption":"PrijedorDanas.com"},"image":{"@id":"https:\/\/www.prijedordanas.com\/#\/schema\/logo\/image\/"},"sameAs":["https:\/\/www.facebook.com\/PrijedorDanasCom\/"]},{"@type":"Person","@id":"https:\/\/www.prijedordanas.com\/#\/schema\/person\/4e08ccf29b506ca916ff86d46bb700e6","name":"admin","image":{"@type":"ImageObject","inLanguage":"en-US","@id":"https:\/\/www.prijedordanas.com\/#\/schema\/person\/image\/","url":"https:\/\/secure.gravatar.com\/avatar\/1d3fc949d550f0b53a5f0d51e06dfd79?s=96&d=mm&r=g","contentUrl":"https:\/\/secure.gravatar.com\/avatar\/1d3fc949d550f0b53a5f0d51e06dfd79?s=96&d=mm&r=g","caption":"admin"},"url":"https:\/\/www.prijedordanas.com\/?author=1"}]}},"_links":{"self":[{"href":"https:\/\/www.prijedordanas.com\/index.php?rest_route=\/wp\/v2\/posts\/164599"}],"collection":[{"href":"https:\/\/www.prijedordanas.com\/index.php?rest_route=\/wp\/v2\/posts"}],"about":[{"href":"https:\/\/www.prijedordanas.com\/index.php?rest_route=\/wp\/v2\/types\/post"}],"author":[{"embeddable":true,"href":"https:\/\/www.prijedordanas.com\/index.php?rest_route=\/wp\/v2\/users\/1"}],"replies":[{"embeddable":true,"href":"https:\/\/www.prijedordanas.com\/index.php?rest_route=%2Fwp%2Fv2%2Fcomments&post=164599"}],"version-history":[{"count":2,"href":"https:\/\/www.prijedordanas.com\/index.php?rest_route=\/wp\/v2\/posts\/164599\/revisions"}],"predecessor-version":[{"id":164610,"href":"https:\/\/www.prijedordanas.com\/index.php?rest_route=\/wp\/v2\/posts\/164599\/revisions\/164610"}],"wp:attachment":[{"href":"https:\/\/www.prijedordanas.com\/index.php?rest_route=%2Fwp%2Fv2%2Fmedia&parent=164599"}],"wp:term":[{"taxonomy":"category","embeddable":true,"href":"https:\/\/www.prijedordanas.com\/index.php?rest_route=%2Fwp%2Fv2%2Fcategories&post=164599"},{"taxonomy":"post_tag","embeddable":true,"href":"https:\/\/www.prijedordanas.com\/index.php?rest_route=%2Fwp%2Fv2%2Ftags&post=164599"}],"curies":[{"name":"wp","href":"https:\/\/api.w.org\/{rel}","templated":true}]}}