{"id":164587,"date":"2021-03-26T21:56:15","date_gmt":"2021-03-26T20:56:15","guid":{"rendered":"https:\/\/www.prijedordanas.com\/?p=164587"},"modified":"2021-03-26T21:56:15","modified_gmt":"2021-03-26T20:56:15","slug":"ima-li-dovoljno-novca-vlast-i-opozicija-razlicito-tumace-nacrt-budzeta-prijedora","status":"publish","type":"post","link":"https:\/\/www.prijedordanas.com\/?p=164587","title":{"rendered":"Ima li dovoljno novca: Vlast i opozicija razli\u010dito tuma\u010de nacrt bud\u017eeta Prijedora"},"content":{"rendered":"<p><a href=\"https:\/\/www.prijedordanas.com\/wp-content\/uploads\/2021\/03\/skupstina-grada-15mart-9.jpg\"><img loading=\"lazy\" decoding=\"async\" class=\"alignleft size-medium wp-image-163970\" src=\"https:\/\/www.prijedordanas.com\/wp-content\/uploads\/2021\/03\/skupstina-grada-15mart-9-300x225.jpg\" alt=\"\" width=\"300\" height=\"225\" srcset=\"https:\/\/www.prijedordanas.com\/wp-content\/uploads\/2021\/03\/skupstina-grada-15mart-9-300x225.jpg 300w, https:\/\/www.prijedordanas.com\/wp-content\/uploads\/2021\/03\/skupstina-grada-15mart-9-640x480.jpg 640w, https:\/\/www.prijedordanas.com\/wp-content\/uploads\/2021\/03\/skupstina-grada-15mart-9.jpg 667w\" sizes=\"(max-width: 300px) 100vw, 300px\" \/><\/a>Niko ne\u0107e biti o\u0161te\u0107en finansiranjem iz bud\u017eeta, poruka je iz prijedorske Gradske uprave.<\/p>\n<p>Bud\u017eet je planiran u iznosu oko 41 milion maraka, \u0161to je za oko \u010detiri miliona KM manje u odnosu na planirani bud\u017eet u 2020.<\/p>\n<p>\u0160efica Kluba odbornika SDS u Skup\u0161tini grada Prijedora, Biljana Kne\u017eevi\u0107, obja\u0161njava da su brojne stavke koje su bile u pro\u0161logodi\u0161njem bud\u017eetu u nacrtu bud\u017eeta za 2021. godinu svedene na nulu.<\/p>\n<p>\u2013 Projekat unapre\u0111enja vo\u0107arske proizvodnje je sa 45.000 KM spu\u0161ten na nulu, regres za obnovu poljoprivredne mehanizacije sa 30.000 KM na nulu, projekti proizvodnje povr\u0107a i cvije\u0107a u zatvorenom prostoru sa 40.000 KM na nulu \u2013 rekla je ona.<\/p>\n<p><a href=\"https:\/\/www.prijedordanas.com\/wp-content\/uploads\/2021\/03\/skupstina-grada-15mart-20.jpg\"><img loading=\"lazy\" decoding=\"async\" class=\"alignleft size-medium wp-image-164140\" src=\"https:\/\/www.prijedordanas.com\/wp-content\/uploads\/2021\/03\/skupstina-grada-15mart-20-300x225.jpg\" alt=\"\" width=\"300\" height=\"225\" srcset=\"https:\/\/www.prijedordanas.com\/wp-content\/uploads\/2021\/03\/skupstina-grada-15mart-20-300x225.jpg 300w, https:\/\/www.prijedordanas.com\/wp-content\/uploads\/2021\/03\/skupstina-grada-15mart-20-640x480.jpg 640w, https:\/\/www.prijedordanas.com\/wp-content\/uploads\/2021\/03\/skupstina-grada-15mart-20.jpg 667w\" sizes=\"(max-width: 300px) 100vw, 300px\" \/><\/a>Sumnja<\/p>\n<p>Kne\u017eevi\u0107eva isti\u010de da je bud\u017eet netransparentan, jer nadle\u017eni iz Gradske uprave tvrde da su stavke koje su spu\u0161tene na nulu sada preba\u010dene u okviru drugih stavki.<\/p>\n<p>\u2013 Do sada je bud\u017eet imao veoma bitne stavke s ta\u010dnom namjenom, a oni su stavili pod jednu, iz koje \u0107e ispla\u0107ivati isto onako onako kako sada dijele funkcije u javnim ustanovama i preduze\u0107ima; ko je njihov taj \u0107e dobiti \u2013 tvrdi ona.<\/p>\n<p>Na nacrt bud\u017eeta primjedbu ima i nezavisna odbornica Sla\u0111ana Radakovi\u0107, koja je ina\u010de direktorka u JU Centar \u201cSunce\u201d.<\/p>\n<p>\u2013 Ukupna iznos za \u0161kole je sa 900.000 umanjen na 700.000 KM. \u0160kole jo\u0161 ne znaju koliko \u0107e koja novca dobiti iz bud\u017eeta i te\u0161ko je bilo \u0161ta planirati. Potrebno je vi\u0161e novca izdvojiti za kulturu i rad kulturnih udru\u017eenja kako bi mladi imali gdje da se okupljaju, jer to je bitno za njihovo psihi\u010dko zdravlje u vrijeme pandemije virusa korona \u2013 upozorila je Radakovi\u0107eva.<\/p>\n<p>Krediti<\/p>\n<p>Vr\u0161ilac du\u017enosti na\u010delnika Odjeljenja za finansije grada Prijedora, Maja Kuni\u0107, tvrdi da je neophodno da neke pozicije budu manje, kao \u0161to se ni neki rashodi nisu mogli smanjiti, jer su u pitanju ugovorene obaveze i krediti.<\/p>\n<p>\u2013 Planiran pad prihoda od \u010detiri miliona maraka u odnosu na 2020. godinu i izvjestan deficit od tri miliona maraka za pro\u0161lu godinu i u startu imamo sedam miliona maraka manje na raspolaganju. Me\u0111utim, nismo smanjili pozicije koje su bitne za vrijeme pandemije, kao \u0161to su socijalna davanja, humanitarne organizacije, javne kuhinje, Crveni krst. \u010cak su predvi\u0111ena i pove\u0107anja najbitnijih pozicija u privredi i poljoprivredi kroz subvencije i podsticaje \u2013 navodi Kuni\u0107eva.<\/p>\n<p>Kome i koliko sredstava<\/p>\n<p>Ona je kao neta\u010dne odbacila tvrdnje da su neke stavke smanjene ili da nisu planirane, dodav\u0161i da su neke i pove\u0107ane.<\/p>\n<p>\u2013 Bud\u017eet za 2020. godinu je imao pozicije koje su bile amandmanom usvojene i koje su i realizovane. Budu\u0107i da su realizovane, za nas su zavr\u0161ene i nisu ponovo uvr\u0161tene u bud\u017eet, ali su ostali nazivi tih pozicija zbog pra\u0107enja istorije. Postoje i pozicije koje su sintetizovane u jednu, jer ne znamo kome i koliko novca \u0107e biti potrebno, a takvih je najvi\u0161e u dru\u0161tvenim djelatnostima \u2013 rekla je Kuni\u0107eva.<\/p>\n<p>Dodala je da Odjeljenje za privredu i poljoprivredu ima ukupan bud\u017eet ve\u0107i za oko 364.000 KM u odnosu na pro\u0161logodi\u0161nji.<\/p>\n<p>DODATNA SREDSTVA<\/p>\n<p>Vr\u0161ilac du\u017enosti na\u010delnika Odjeljenja za dru\u0161tvene djelatnosti grada Prijedora, Monja Kasalovi\u0107, tvrdi da nijedna osjetljiva kategorija, organizacija i nijedno udru\u017eenje nisu o\u0161te\u0107eni, a vanredna sredstva, ako budu potrebna, bila bi i obezbije\u0111ena.<\/p>\n<p>\u2013 Bilo je dosta polemike i komentara od strane jednog dijela javnosti zbog, prije svega, ja smatram, neupu\u0107enosti u samu tehni\u010dku konstrukciju bud\u017eeta, ali i pogre\u0161nog tuma\u010denja samog nacrta. Demantujem navode dijela javnosti da je ne\u0161to rigorozno smanjeno u bud\u017eetu ovog Odjeljenja. Sve je u skladu s izvr\u0161enjem od pro\u0161le godine \u2013 tvrdi ona.<\/p>\n<p>srpskainfo.com<\/p>\n","protected":false},"excerpt":{"rendered":"<p>Niko ne\u0107e biti o\u0161te\u0107en finansiranjem iz bud\u017eeta, poruka je iz prijedorske Gradske uprave. Bud\u017eet je planiran u iznosu oko 41 milion maraka, \u0161to je za oko \u010detiri miliona KM manje [&hellip;]<\/p>\n","protected":false},"author":1,"featured_media":0,"comment_status":"closed","ping_status":"open","sticky":false,"template":"","format":"standard","meta":{"_monsterinsights_skip_tracking":false,"_monsterinsights_sitenote_active":false,"_monsterinsights_sitenote_note":"","_monsterinsights_sitenote_category":0,"footnotes":""},"categories":[8],"tags":[],"yoast_head":"<!-- This site is optimized with the Yoast SEO plugin v21.6 - https:\/\/yoast.com\/wordpress\/plugins\/seo\/ -->\n<title>Ima li dovoljno novca: Vlast i opozicija razli\u010dito tuma\u010de nacrt bud\u017eeta Prijedora - PrijedorDanas.com - Prijedorski gradski portal<\/title>\n<meta name=\"robots\" content=\"index, follow, max-snippet:-1, max-image-preview:large, max-video-preview:-1\" \/>\n<link rel=\"canonical\" href=\"https:\/\/www.prijedordanas.com\/?p=164587\" \/>\n<meta property=\"og:locale\" content=\"en_US\" \/>\n<meta property=\"og:type\" content=\"article\" \/>\n<meta property=\"og:title\" content=\"Ima li dovoljno novca: Vlast i opozicija razli\u010dito tuma\u010de nacrt bud\u017eeta Prijedora - PrijedorDanas.com - Prijedorski gradski portal\" \/>\n<meta property=\"og:description\" content=\"Niko ne\u0107e biti o\u0161te\u0107en finansiranjem iz bud\u017eeta, poruka je iz prijedorske Gradske uprave. Bud\u017eet je planiran u iznosu oko 41 milion maraka, \u0161to je za oko \u010detiri miliona KM manje [&hellip;]\" \/>\n<meta property=\"og:url\" content=\"https:\/\/www.prijedordanas.com\/?p=164587\" \/>\n<meta property=\"og:site_name\" content=\"PrijedorDanas.com - Prijedorski gradski portal\" \/>\n<meta property=\"article:publisher\" content=\"https:\/\/www.facebook.com\/PrijedorDanasCom\/\" \/>\n<meta property=\"article:published_time\" content=\"2021-03-26T20:56:15+00:00\" \/>\n<meta property=\"og:image\" content=\"https:\/\/www.prijedordanas.com\/wp-content\/uploads\/2021\/03\/skupstina-grada-15mart-9-300x225.jpg\" \/>\n<meta name=\"author\" content=\"admin\" \/>\n<meta name=\"twitter:card\" content=\"summary_large_image\" \/>\n<meta name=\"twitter:label1\" content=\"Written by\" \/>\n\t<meta name=\"twitter:data1\" content=\"admin\" \/>\n\t<meta name=\"twitter:label2\" content=\"Est. reading time\" \/>\n\t<meta name=\"twitter:data2\" content=\"3 minutes\" \/>\n<script type=\"application\/ld+json\" class=\"yoast-schema-graph\">{\"@context\":\"https:\/\/schema.org\",\"@graph\":[{\"@type\":\"Article\",\"@id\":\"https:\/\/www.prijedordanas.com\/?p=164587#article\",\"isPartOf\":{\"@id\":\"https:\/\/www.prijedordanas.com\/?p=164587\"},\"author\":{\"name\":\"admin\",\"@id\":\"https:\/\/www.prijedordanas.com\/#\/schema\/person\/4e08ccf29b506ca916ff86d46bb700e6\"},\"headline\":\"Ima li dovoljno novca: Vlast i opozicija razli\u010dito tuma\u010de nacrt bud\u017eeta Prijedora\",\"datePublished\":\"2021-03-26T20:56:15+00:00\",\"dateModified\":\"2021-03-26T20:56:15+00:00\",\"mainEntityOfPage\":{\"@id\":\"https:\/\/www.prijedordanas.com\/?p=164587\"},\"wordCount\":644,\"publisher\":{\"@id\":\"https:\/\/www.prijedordanas.com\/#organization\"},\"articleSection\":[\"Svakodnevno\"],\"inLanguage\":\"en-US\"},{\"@type\":\"WebPage\",\"@id\":\"https:\/\/www.prijedordanas.com\/?p=164587\",\"url\":\"https:\/\/www.prijedordanas.com\/?p=164587\",\"name\":\"Ima li dovoljno novca: Vlast i opozicija razli\u010dito tuma\u010de nacrt bud\u017eeta Prijedora - PrijedorDanas.com - Prijedorski gradski portal\",\"isPartOf\":{\"@id\":\"https:\/\/www.prijedordanas.com\/#website\"},\"datePublished\":\"2021-03-26T20:56:15+00:00\",\"dateModified\":\"2021-03-26T20:56:15+00:00\",\"breadcrumb\":{\"@id\":\"https:\/\/www.prijedordanas.com\/?p=164587#breadcrumb\"},\"inLanguage\":\"en-US\",\"potentialAction\":[{\"@type\":\"ReadAction\",\"target\":[\"https:\/\/www.prijedordanas.com\/?p=164587\"]}]},{\"@type\":\"BreadcrumbList\",\"@id\":\"https:\/\/www.prijedordanas.com\/?p=164587#breadcrumb\",\"itemListElement\":[{\"@type\":\"ListItem\",\"position\":1,\"name\":\"Home\",\"item\":\"https:\/\/www.prijedordanas.com\/\"},{\"@type\":\"ListItem\",\"position\":2,\"name\":\"Ima li dovoljno novca: Vlast i opozicija razli\u010dito tuma\u010de nacrt bud\u017eeta Prijedora\"}]},{\"@type\":\"WebSite\",\"@id\":\"https:\/\/www.prijedordanas.com\/#website\",\"url\":\"https:\/\/www.prijedordanas.com\/\",\"name\":\"PrijedorDanas.com - Prijedorski gradski portal\",\"description\":\"Portal o doga\u0111anjima u gradu Prijedoru\",\"publisher\":{\"@id\":\"https:\/\/www.prijedordanas.com\/#organization\"},\"potentialAction\":[{\"@type\":\"SearchAction\",\"target\":{\"@type\":\"EntryPoint\",\"urlTemplate\":\"https:\/\/www.prijedordanas.com\/?s={search_term_string}\"},\"query-input\":\"required name=search_term_string\"}],\"inLanguage\":\"en-US\"},{\"@type\":\"Organization\",\"@id\":\"https:\/\/www.prijedordanas.com\/#organization\",\"name\":\"PrijedorDanas.com\",\"url\":\"https:\/\/www.prijedordanas.com\/\",\"logo\":{\"@type\":\"ImageObject\",\"inLanguage\":\"en-US\",\"@id\":\"https:\/\/www.prijedordanas.com\/#\/schema\/logo\/image\/\",\"url\":\"http:\/\/www.prijedordanas.com\/wp-content\/uploads\/2021\/12\/logopng.png\",\"contentUrl\":\"http:\/\/www.prijedordanas.com\/wp-content\/uploads\/2021\/12\/logopng.png\",\"width\":1019,\"height\":776,\"caption\":\"PrijedorDanas.com\"},\"image\":{\"@id\":\"https:\/\/www.prijedordanas.com\/#\/schema\/logo\/image\/\"},\"sameAs\":[\"https:\/\/www.facebook.com\/PrijedorDanasCom\/\"]},{\"@type\":\"Person\",\"@id\":\"https:\/\/www.prijedordanas.com\/#\/schema\/person\/4e08ccf29b506ca916ff86d46bb700e6\",\"name\":\"admin\",\"image\":{\"@type\":\"ImageObject\",\"inLanguage\":\"en-US\",\"@id\":\"https:\/\/www.prijedordanas.com\/#\/schema\/person\/image\/\",\"url\":\"https:\/\/secure.gravatar.com\/avatar\/1d3fc949d550f0b53a5f0d51e06dfd79?s=96&d=mm&r=g\",\"contentUrl\":\"https:\/\/secure.gravatar.com\/avatar\/1d3fc949d550f0b53a5f0d51e06dfd79?s=96&d=mm&r=g\",\"caption\":\"admin\"},\"url\":\"https:\/\/www.prijedordanas.com\/?author=1\"}]}<\/script>\n<!-- \/ Yoast SEO plugin. -->","yoast_head_json":{"title":"Ima li dovoljno novca: Vlast i opozicija razli\u010dito tuma\u010de nacrt bud\u017eeta Prijedora - PrijedorDanas.com - Prijedorski gradski portal","robots":{"index":"index","follow":"follow","max-snippet":"max-snippet:-1","max-image-preview":"max-image-preview:large","max-video-preview":"max-video-preview:-1"},"canonical":"https:\/\/www.prijedordanas.com\/?p=164587","og_locale":"en_US","og_type":"article","og_title":"Ima li dovoljno novca: Vlast i opozicija razli\u010dito tuma\u010de nacrt bud\u017eeta Prijedora - PrijedorDanas.com - Prijedorski gradski portal","og_description":"Niko ne\u0107e biti o\u0161te\u0107en finansiranjem iz bud\u017eeta, poruka je iz prijedorske Gradske uprave. Bud\u017eet je planiran u iznosu oko 41 milion maraka, \u0161to je za oko \u010detiri miliona KM manje [&hellip;]","og_url":"https:\/\/www.prijedordanas.com\/?p=164587","og_site_name":"PrijedorDanas.com - Prijedorski gradski portal","article_publisher":"https:\/\/www.facebook.com\/PrijedorDanasCom\/","article_published_time":"2021-03-26T20:56:15+00:00","og_image":[{"url":"https:\/\/www.prijedordanas.com\/wp-content\/uploads\/2021\/03\/skupstina-grada-15mart-9-300x225.jpg"}],"author":"admin","twitter_card":"summary_large_image","twitter_misc":{"Written by":"admin","Est. reading time":"3 minutes"},"schema":{"@context":"https:\/\/schema.org","@graph":[{"@type":"Article","@id":"https:\/\/www.prijedordanas.com\/?p=164587#article","isPartOf":{"@id":"https:\/\/www.prijedordanas.com\/?p=164587"},"author":{"name":"admin","@id":"https:\/\/www.prijedordanas.com\/#\/schema\/person\/4e08ccf29b506ca916ff86d46bb700e6"},"headline":"Ima li dovoljno novca: Vlast i opozicija razli\u010dito tuma\u010de nacrt bud\u017eeta Prijedora","datePublished":"2021-03-26T20:56:15+00:00","dateModified":"2021-03-26T20:56:15+00:00","mainEntityOfPage":{"@id":"https:\/\/www.prijedordanas.com\/?p=164587"},"wordCount":644,"publisher":{"@id":"https:\/\/www.prijedordanas.com\/#organization"},"articleSection":["Svakodnevno"],"inLanguage":"en-US"},{"@type":"WebPage","@id":"https:\/\/www.prijedordanas.com\/?p=164587","url":"https:\/\/www.prijedordanas.com\/?p=164587","name":"Ima li dovoljno novca: Vlast i opozicija razli\u010dito tuma\u010de nacrt bud\u017eeta Prijedora - PrijedorDanas.com - Prijedorski gradski portal","isPartOf":{"@id":"https:\/\/www.prijedordanas.com\/#website"},"datePublished":"2021-03-26T20:56:15+00:00","dateModified":"2021-03-26T20:56:15+00:00","breadcrumb":{"@id":"https:\/\/www.prijedordanas.com\/?p=164587#breadcrumb"},"inLanguage":"en-US","potentialAction":[{"@type":"ReadAction","target":["https:\/\/www.prijedordanas.com\/?p=164587"]}]},{"@type":"BreadcrumbList","@id":"https:\/\/www.prijedordanas.com\/?p=164587#breadcrumb","itemListElement":[{"@type":"ListItem","position":1,"name":"Home","item":"https:\/\/www.prijedordanas.com\/"},{"@type":"ListItem","position":2,"name":"Ima li dovoljno novca: Vlast i opozicija razli\u010dito tuma\u010de nacrt bud\u017eeta Prijedora"}]},{"@type":"WebSite","@id":"https:\/\/www.prijedordanas.com\/#website","url":"https:\/\/www.prijedordanas.com\/","name":"PrijedorDanas.com - Prijedorski gradski portal","description":"Portal o doga\u0111anjima u gradu Prijedoru","publisher":{"@id":"https:\/\/www.prijedordanas.com\/#organization"},"potentialAction":[{"@type":"SearchAction","target":{"@type":"EntryPoint","urlTemplate":"https:\/\/www.prijedordanas.com\/?s={search_term_string}"},"query-input":"required name=search_term_string"}],"inLanguage":"en-US"},{"@type":"Organization","@id":"https:\/\/www.prijedordanas.com\/#organization","name":"PrijedorDanas.com","url":"https:\/\/www.prijedordanas.com\/","logo":{"@type":"ImageObject","inLanguage":"en-US","@id":"https:\/\/www.prijedordanas.com\/#\/schema\/logo\/image\/","url":"http:\/\/www.prijedordanas.com\/wp-content\/uploads\/2021\/12\/logopng.png","contentUrl":"http:\/\/www.prijedordanas.com\/wp-content\/uploads\/2021\/12\/logopng.png","width":1019,"height":776,"caption":"PrijedorDanas.com"},"image":{"@id":"https:\/\/www.prijedordanas.com\/#\/schema\/logo\/image\/"},"sameAs":["https:\/\/www.facebook.com\/PrijedorDanasCom\/"]},{"@type":"Person","@id":"https:\/\/www.prijedordanas.com\/#\/schema\/person\/4e08ccf29b506ca916ff86d46bb700e6","name":"admin","image":{"@type":"ImageObject","inLanguage":"en-US","@id":"https:\/\/www.prijedordanas.com\/#\/schema\/person\/image\/","url":"https:\/\/secure.gravatar.com\/avatar\/1d3fc949d550f0b53a5f0d51e06dfd79?s=96&d=mm&r=g","contentUrl":"https:\/\/secure.gravatar.com\/avatar\/1d3fc949d550f0b53a5f0d51e06dfd79?s=96&d=mm&r=g","caption":"admin"},"url":"https:\/\/www.prijedordanas.com\/?author=1"}]}},"_links":{"self":[{"href":"https:\/\/www.prijedordanas.com\/index.php?rest_route=\/wp\/v2\/posts\/164587"}],"collection":[{"href":"https:\/\/www.prijedordanas.com\/index.php?rest_route=\/wp\/v2\/posts"}],"about":[{"href":"https:\/\/www.prijedordanas.com\/index.php?rest_route=\/wp\/v2\/types\/post"}],"author":[{"embeddable":true,"href":"https:\/\/www.prijedordanas.com\/index.php?rest_route=\/wp\/v2\/users\/1"}],"replies":[{"embeddable":true,"href":"https:\/\/www.prijedordanas.com\/index.php?rest_route=%2Fwp%2Fv2%2Fcomments&post=164587"}],"version-history":[{"count":1,"href":"https:\/\/www.prijedordanas.com\/index.php?rest_route=\/wp\/v2\/posts\/164587\/revisions"}],"predecessor-version":[{"id":164588,"href":"https:\/\/www.prijedordanas.com\/index.php?rest_route=\/wp\/v2\/posts\/164587\/revisions\/164588"}],"wp:attachment":[{"href":"https:\/\/www.prijedordanas.com\/index.php?rest_route=%2Fwp%2Fv2%2Fmedia&parent=164587"}],"wp:term":[{"taxonomy":"category","embeddable":true,"href":"https:\/\/www.prijedordanas.com\/index.php?rest_route=%2Fwp%2Fv2%2Fcategories&post=164587"},{"taxonomy":"post_tag","embeddable":true,"href":"https:\/\/www.prijedordanas.com\/index.php?rest_route=%2Fwp%2Fv2%2Ftags&post=164587"}],"curies":[{"name":"wp","href":"https:\/\/api.w.org\/{rel}","templated":true}]}}