{"id":164581,"date":"2021-03-26T20:05:43","date_gmt":"2021-03-26T19:05:43","guid":{"rendered":"https:\/\/www.prijedordanas.com\/?p=164581"},"modified":"2021-03-26T20:05:43","modified_gmt":"2021-03-26T19:05:43","slug":"nastava-na-daljinu-do-5-aprila-video","status":"publish","type":"post","link":"https:\/\/www.prijedordanas.com\/?p=164581","title":{"rendered":"Nastava na daljinu do 5. aprila &#8211; VIDEO"},"content":{"rendered":"<p><a href=\"https:\/\/www.prijedordanas.com\/wp-content\/uploads\/2020\/11\/ilustracija-nastava-na-daljinu.jpg\"><img loading=\"lazy\" decoding=\"async\" src=\"https:\/\/www.prijedordanas.com\/wp-content\/uploads\/2020\/11\/ilustracija-nastava-na-daljinu-300x225.jpg\" alt=\"\" width=\"300\" height=\"225\" class=\"alignleft size-medium wp-image-157579\" srcset=\"https:\/\/www.prijedordanas.com\/wp-content\/uploads\/2020\/11\/ilustracija-nastava-na-daljinu-300x225.jpg 300w, https:\/\/www.prijedordanas.com\/wp-content\/uploads\/2020\/11\/ilustracija-nastava-na-daljinu-640x480.jpg 640w, https:\/\/www.prijedordanas.com\/wp-content\/uploads\/2020\/11\/ilustracija-nastava-na-daljinu.jpg 666w\" sizes=\"(max-width: 300px) 100vw, 300px\" \/><\/a>Proces nastave u osnovnim i srednjim \u0161kolama, kao i na visoko\u0161kolskim ustanovama i dalje \u0107e biti organizovan onlajn, re\u010deno je danas nakon sjednice Republi\u010dkog \u0161taba za vanredne situacije.<\/p>\n<p>Iz Ministarstva prosvjete i kulture Srpske saop\u0161teno je da su sve osnovne i srednje \u0161kole u Republici Srpskoj du\u017ene da od 29. marta do 5. aprila organizuju nastavu na daljinu kori\u0161tenjem sredstava elektronske komunikacije.<\/p>\n<p>Rije\u010d je o obavezi na osnovu Zaklju\u010dka o sprovo\u0111enju mjera za reagovanje na pojavu bolesti izazvane novim virusom korona u Srpskoj koji je donio Republi\u010dki \u0161tab za vanredne situacije i kojim se, pored ostalog, obustavlja vaspitno-obrazovni rad u prostorijama osnovnih i srednjih \u0161kola u Srpskoj u pomenutom periodu.<\/p>\n<p>&#8211;  Izvo\u0111enje nastave na daljinu za u\u010denike osnovne \u0161kole realizova\u0107e se putem \u0408avnog servisa Radio-televizije Republike, upotrebom Ofis 365 naloga i alata uz dodatak novog alata Majkrosoft Tims ili putem drugih alata koje nudi Gugl platforma \/gugl u\u010dionice\/, privatnih imejl adresa nastavnika, komunikacijom putem dru\u0161tvenih mre\u017ea i servisa za razmjenu poruka \/Viber\/ ili telefonskim putem \/SMS porukama ili pozivima\/ &#8211; navodi se u saop\u0161tenju.<\/p>\n<p>Nastava \u0107e biti izvo\u0111ena i kori\u0161tenjem platforme Ministarstva prosvjete i kulture eNastava (https:\/\/enastava.skolers.org\/) na kojoj se nalaze \u0161kolski \u010dasovi realizovani putem \u0408avnog servisa RTRS-a, kao i dodatna uputstva nastavnicima za upotrebu alata za komunikaciju sa u\u010denicima.<\/p>\n<p>&#8211; Tako\u0111e, obustavlja se organizovanje pro\u0161irenog programa u prostorijama osnovnih \u0161kola u periodu od 29. marta do 5. aprila, kao i sve ostale vannastavne aktivnosti &#8211; navodi se u saop\u0161tenju.<\/p>\n<p>Kako se nagla\u0161ava, za izvo\u0111enje nastave na daljinu za u\u010denike srednjih \u0161kola koristi\u0107e se elektronska po\u0161ta, sajt \u0161kole, elektronski dnevnik, gugl u\u010dionice, blogovi \u0161kola, dru\u0161tvene mre\u017ee i servisi za razmjenu poruka.<\/p>\n<p>Pomenutim Zaklju\u010dkom, isti\u010de se, utvr\u0111eno je da \u0161kole trebaju organizovati rad od ku\u0107e za vannastavno osoblje, uklju\u010duju\u0107i i stru\u010dne saradnike, za poslove za koje je to mogu\u0107e.<\/p>\n<p>U saop\u0161tenju se navodi i da su \u0161kole u obavezi da se pridr\u017eavaju svih mjera i preporuka, te organizuju rad u skladu sa Instrukcijom o organizovanju vaspitno-obrazovnog rada na daljinu.<\/p>\n<p>&#8211; Tako\u0111e, u periodu od 29. marta do 5. aprila, \u0161kole stranih jezika i udru\u017eenja gra\u0111ana koja pru\u017eaju neformalne obuke za djecu i u\u010denike, kao i auto \u0161kole du\u017ene su da nastavu i aktivnosti koje zahtijevaju rad sa vi\u0161e ljudi u grupi \/predavanja, obuke prve pomo\u0107i i sli\u010dno\/ organizuju na daljinu kori\u0161tenjem sredstava elektronske komunikacije &#8211; navodi se u saop\u0161tenju.<\/p>\n<p><a href=\"https:\/\/lat.rtrs.tv\/vijesti\/vijest.php?id=426499\" rel=\"noopener\" target=\"_blank\">rtrs.tv<\/a><\/p>\n<p><iframe loading=\"lazy\" title=\"Konferencija za novinare nakon sjednice Republi\u010dkog \u0161taba\" width=\"500\" height=\"281\" src=\"https:\/\/www.youtube.com\/embed\/3iimkMVW8Po?feature=oembed\" frameborder=\"0\" allow=\"accelerometer; autoplay; clipboard-write; encrypted-media; gyroscope; picture-in-picture\" allowfullscreen><\/iframe><\/p>\n","protected":false},"excerpt":{"rendered":"<p>Proces nastave u osnovnim i srednjim \u0161kolama, kao i na visoko\u0161kolskim ustanovama i dalje \u0107e biti organizovan onlajn, re\u010deno je danas nakon sjednice Republi\u010dkog \u0161taba za vanredne situacije. Iz Ministarstva [&hellip;]<\/p>\n","protected":false},"author":1,"featured_media":0,"comment_status":"closed","ping_status":"open","sticky":false,"template":"","format":"standard","meta":{"_monsterinsights_skip_tracking":false,"_monsterinsights_sitenote_active":false,"_monsterinsights_sitenote_note":"","_monsterinsights_sitenote_category":0,"footnotes":""},"categories":[8],"tags":[],"yoast_head":"<!-- This site is optimized with the Yoast SEO plugin v21.6 - https:\/\/yoast.com\/wordpress\/plugins\/seo\/ -->\n<title>Nastava na daljinu do 5. aprila - VIDEO - PrijedorDanas.com - Prijedorski gradski portal<\/title>\n<meta name=\"robots\" content=\"index, follow, max-snippet:-1, max-image-preview:large, max-video-preview:-1\" \/>\n<link rel=\"canonical\" href=\"https:\/\/www.prijedordanas.com\/?p=164581\" \/>\n<meta property=\"og:locale\" content=\"en_US\" \/>\n<meta property=\"og:type\" content=\"article\" \/>\n<meta property=\"og:title\" content=\"Nastava na daljinu do 5. aprila - VIDEO - PrijedorDanas.com - Prijedorski gradski portal\" \/>\n<meta property=\"og:description\" content=\"Proces nastave u osnovnim i srednjim \u0161kolama, kao i na visoko\u0161kolskim ustanovama i dalje \u0107e biti organizovan onlajn, re\u010deno je danas nakon sjednice Republi\u010dkog \u0161taba za vanredne situacije. Iz Ministarstva [&hellip;]\" \/>\n<meta property=\"og:url\" content=\"https:\/\/www.prijedordanas.com\/?p=164581\" \/>\n<meta property=\"og:site_name\" content=\"PrijedorDanas.com - Prijedorski gradski portal\" \/>\n<meta property=\"article:publisher\" content=\"https:\/\/www.facebook.com\/PrijedorDanasCom\/\" \/>\n<meta property=\"article:published_time\" content=\"2021-03-26T19:05:43+00:00\" \/>\n<meta property=\"og:image\" content=\"https:\/\/www.prijedordanas.com\/wp-content\/uploads\/2020\/11\/ilustracija-nastava-na-daljinu-300x225.jpg\" \/>\n<meta name=\"author\" content=\"admin\" \/>\n<meta name=\"twitter:card\" content=\"summary_large_image\" \/>\n<meta name=\"twitter:label1\" content=\"Written by\" \/>\n\t<meta name=\"twitter:data1\" content=\"admin\" \/>\n\t<meta name=\"twitter:label2\" content=\"Est. reading time\" \/>\n\t<meta name=\"twitter:data2\" content=\"2 minutes\" \/>\n<script type=\"application\/ld+json\" class=\"yoast-schema-graph\">{\"@context\":\"https:\/\/schema.org\",\"@graph\":[{\"@type\":\"Article\",\"@id\":\"https:\/\/www.prijedordanas.com\/?p=164581#article\",\"isPartOf\":{\"@id\":\"https:\/\/www.prijedordanas.com\/?p=164581\"},\"author\":{\"name\":\"admin\",\"@id\":\"https:\/\/www.prijedordanas.com\/#\/schema\/person\/4e08ccf29b506ca916ff86d46bb700e6\"},\"headline\":\"Nastava na daljinu do 5. aprila &#8211; VIDEO\",\"datePublished\":\"2021-03-26T19:05:43+00:00\",\"dateModified\":\"2021-03-26T19:05:43+00:00\",\"mainEntityOfPage\":{\"@id\":\"https:\/\/www.prijedordanas.com\/?p=164581\"},\"wordCount\":449,\"publisher\":{\"@id\":\"https:\/\/www.prijedordanas.com\/#organization\"},\"articleSection\":[\"Svakodnevno\"],\"inLanguage\":\"en-US\"},{\"@type\":\"WebPage\",\"@id\":\"https:\/\/www.prijedordanas.com\/?p=164581\",\"url\":\"https:\/\/www.prijedordanas.com\/?p=164581\",\"name\":\"Nastava na daljinu do 5. aprila - VIDEO - PrijedorDanas.com - Prijedorski gradski portal\",\"isPartOf\":{\"@id\":\"https:\/\/www.prijedordanas.com\/#website\"},\"datePublished\":\"2021-03-26T19:05:43+00:00\",\"dateModified\":\"2021-03-26T19:05:43+00:00\",\"breadcrumb\":{\"@id\":\"https:\/\/www.prijedordanas.com\/?p=164581#breadcrumb\"},\"inLanguage\":\"en-US\",\"potentialAction\":[{\"@type\":\"ReadAction\",\"target\":[\"https:\/\/www.prijedordanas.com\/?p=164581\"]}]},{\"@type\":\"BreadcrumbList\",\"@id\":\"https:\/\/www.prijedordanas.com\/?p=164581#breadcrumb\",\"itemListElement\":[{\"@type\":\"ListItem\",\"position\":1,\"name\":\"Home\",\"item\":\"https:\/\/www.prijedordanas.com\/\"},{\"@type\":\"ListItem\",\"position\":2,\"name\":\"Nastava na daljinu do 5. aprila &#8211; VIDEO\"}]},{\"@type\":\"WebSite\",\"@id\":\"https:\/\/www.prijedordanas.com\/#website\",\"url\":\"https:\/\/www.prijedordanas.com\/\",\"name\":\"PrijedorDanas.com - Prijedorski gradski portal\",\"description\":\"Portal o doga\u0111anjima u gradu Prijedoru\",\"publisher\":{\"@id\":\"https:\/\/www.prijedordanas.com\/#organization\"},\"potentialAction\":[{\"@type\":\"SearchAction\",\"target\":{\"@type\":\"EntryPoint\",\"urlTemplate\":\"https:\/\/www.prijedordanas.com\/?s={search_term_string}\"},\"query-input\":\"required name=search_term_string\"}],\"inLanguage\":\"en-US\"},{\"@type\":\"Organization\",\"@id\":\"https:\/\/www.prijedordanas.com\/#organization\",\"name\":\"PrijedorDanas.com\",\"url\":\"https:\/\/www.prijedordanas.com\/\",\"logo\":{\"@type\":\"ImageObject\",\"inLanguage\":\"en-US\",\"@id\":\"https:\/\/www.prijedordanas.com\/#\/schema\/logo\/image\/\",\"url\":\"http:\/\/www.prijedordanas.com\/wp-content\/uploads\/2021\/12\/logopng.png\",\"contentUrl\":\"http:\/\/www.prijedordanas.com\/wp-content\/uploads\/2021\/12\/logopng.png\",\"width\":1019,\"height\":776,\"caption\":\"PrijedorDanas.com\"},\"image\":{\"@id\":\"https:\/\/www.prijedordanas.com\/#\/schema\/logo\/image\/\"},\"sameAs\":[\"https:\/\/www.facebook.com\/PrijedorDanasCom\/\"]},{\"@type\":\"Person\",\"@id\":\"https:\/\/www.prijedordanas.com\/#\/schema\/person\/4e08ccf29b506ca916ff86d46bb700e6\",\"name\":\"admin\",\"image\":{\"@type\":\"ImageObject\",\"inLanguage\":\"en-US\",\"@id\":\"https:\/\/www.prijedordanas.com\/#\/schema\/person\/image\/\",\"url\":\"https:\/\/secure.gravatar.com\/avatar\/1d3fc949d550f0b53a5f0d51e06dfd79?s=96&d=mm&r=g\",\"contentUrl\":\"https:\/\/secure.gravatar.com\/avatar\/1d3fc949d550f0b53a5f0d51e06dfd79?s=96&d=mm&r=g\",\"caption\":\"admin\"},\"url\":\"https:\/\/www.prijedordanas.com\/?author=1\"}]}<\/script>\n<!-- \/ Yoast SEO plugin. -->","yoast_head_json":{"title":"Nastava na daljinu do 5. aprila - VIDEO - PrijedorDanas.com - Prijedorski gradski portal","robots":{"index":"index","follow":"follow","max-snippet":"max-snippet:-1","max-image-preview":"max-image-preview:large","max-video-preview":"max-video-preview:-1"},"canonical":"https:\/\/www.prijedordanas.com\/?p=164581","og_locale":"en_US","og_type":"article","og_title":"Nastava na daljinu do 5. aprila - VIDEO - PrijedorDanas.com - Prijedorski gradski portal","og_description":"Proces nastave u osnovnim i srednjim \u0161kolama, kao i na visoko\u0161kolskim ustanovama i dalje \u0107e biti organizovan onlajn, re\u010deno je danas nakon sjednice Republi\u010dkog \u0161taba za vanredne situacije. Iz Ministarstva [&hellip;]","og_url":"https:\/\/www.prijedordanas.com\/?p=164581","og_site_name":"PrijedorDanas.com - Prijedorski gradski portal","article_publisher":"https:\/\/www.facebook.com\/PrijedorDanasCom\/","article_published_time":"2021-03-26T19:05:43+00:00","og_image":[{"url":"https:\/\/www.prijedordanas.com\/wp-content\/uploads\/2020\/11\/ilustracija-nastava-na-daljinu-300x225.jpg"}],"author":"admin","twitter_card":"summary_large_image","twitter_misc":{"Written by":"admin","Est. reading time":"2 minutes"},"schema":{"@context":"https:\/\/schema.org","@graph":[{"@type":"Article","@id":"https:\/\/www.prijedordanas.com\/?p=164581#article","isPartOf":{"@id":"https:\/\/www.prijedordanas.com\/?p=164581"},"author":{"name":"admin","@id":"https:\/\/www.prijedordanas.com\/#\/schema\/person\/4e08ccf29b506ca916ff86d46bb700e6"},"headline":"Nastava na daljinu do 5. aprila &#8211; VIDEO","datePublished":"2021-03-26T19:05:43+00:00","dateModified":"2021-03-26T19:05:43+00:00","mainEntityOfPage":{"@id":"https:\/\/www.prijedordanas.com\/?p=164581"},"wordCount":449,"publisher":{"@id":"https:\/\/www.prijedordanas.com\/#organization"},"articleSection":["Svakodnevno"],"inLanguage":"en-US"},{"@type":"WebPage","@id":"https:\/\/www.prijedordanas.com\/?p=164581","url":"https:\/\/www.prijedordanas.com\/?p=164581","name":"Nastava na daljinu do 5. aprila - VIDEO - PrijedorDanas.com - Prijedorski gradski portal","isPartOf":{"@id":"https:\/\/www.prijedordanas.com\/#website"},"datePublished":"2021-03-26T19:05:43+00:00","dateModified":"2021-03-26T19:05:43+00:00","breadcrumb":{"@id":"https:\/\/www.prijedordanas.com\/?p=164581#breadcrumb"},"inLanguage":"en-US","potentialAction":[{"@type":"ReadAction","target":["https:\/\/www.prijedordanas.com\/?p=164581"]}]},{"@type":"BreadcrumbList","@id":"https:\/\/www.prijedordanas.com\/?p=164581#breadcrumb","itemListElement":[{"@type":"ListItem","position":1,"name":"Home","item":"https:\/\/www.prijedordanas.com\/"},{"@type":"ListItem","position":2,"name":"Nastava na daljinu do 5. aprila &#8211; VIDEO"}]},{"@type":"WebSite","@id":"https:\/\/www.prijedordanas.com\/#website","url":"https:\/\/www.prijedordanas.com\/","name":"PrijedorDanas.com - Prijedorski gradski portal","description":"Portal o doga\u0111anjima u gradu Prijedoru","publisher":{"@id":"https:\/\/www.prijedordanas.com\/#organization"},"potentialAction":[{"@type":"SearchAction","target":{"@type":"EntryPoint","urlTemplate":"https:\/\/www.prijedordanas.com\/?s={search_term_string}"},"query-input":"required name=search_term_string"}],"inLanguage":"en-US"},{"@type":"Organization","@id":"https:\/\/www.prijedordanas.com\/#organization","name":"PrijedorDanas.com","url":"https:\/\/www.prijedordanas.com\/","logo":{"@type":"ImageObject","inLanguage":"en-US","@id":"https:\/\/www.prijedordanas.com\/#\/schema\/logo\/image\/","url":"http:\/\/www.prijedordanas.com\/wp-content\/uploads\/2021\/12\/logopng.png","contentUrl":"http:\/\/www.prijedordanas.com\/wp-content\/uploads\/2021\/12\/logopng.png","width":1019,"height":776,"caption":"PrijedorDanas.com"},"image":{"@id":"https:\/\/www.prijedordanas.com\/#\/schema\/logo\/image\/"},"sameAs":["https:\/\/www.facebook.com\/PrijedorDanasCom\/"]},{"@type":"Person","@id":"https:\/\/www.prijedordanas.com\/#\/schema\/person\/4e08ccf29b506ca916ff86d46bb700e6","name":"admin","image":{"@type":"ImageObject","inLanguage":"en-US","@id":"https:\/\/www.prijedordanas.com\/#\/schema\/person\/image\/","url":"https:\/\/secure.gravatar.com\/avatar\/1d3fc949d550f0b53a5f0d51e06dfd79?s=96&d=mm&r=g","contentUrl":"https:\/\/secure.gravatar.com\/avatar\/1d3fc949d550f0b53a5f0d51e06dfd79?s=96&d=mm&r=g","caption":"admin"},"url":"https:\/\/www.prijedordanas.com\/?author=1"}]}},"_links":{"self":[{"href":"https:\/\/www.prijedordanas.com\/index.php?rest_route=\/wp\/v2\/posts\/164581"}],"collection":[{"href":"https:\/\/www.prijedordanas.com\/index.php?rest_route=\/wp\/v2\/posts"}],"about":[{"href":"https:\/\/www.prijedordanas.com\/index.php?rest_route=\/wp\/v2\/types\/post"}],"author":[{"embeddable":true,"href":"https:\/\/www.prijedordanas.com\/index.php?rest_route=\/wp\/v2\/users\/1"}],"replies":[{"embeddable":true,"href":"https:\/\/www.prijedordanas.com\/index.php?rest_route=%2Fwp%2Fv2%2Fcomments&post=164581"}],"version-history":[{"count":1,"href":"https:\/\/www.prijedordanas.com\/index.php?rest_route=\/wp\/v2\/posts\/164581\/revisions"}],"predecessor-version":[{"id":164582,"href":"https:\/\/www.prijedordanas.com\/index.php?rest_route=\/wp\/v2\/posts\/164581\/revisions\/164582"}],"wp:attachment":[{"href":"https:\/\/www.prijedordanas.com\/index.php?rest_route=%2Fwp%2Fv2%2Fmedia&parent=164581"}],"wp:term":[{"taxonomy":"category","embeddable":true,"href":"https:\/\/www.prijedordanas.com\/index.php?rest_route=%2Fwp%2Fv2%2Fcategories&post=164581"},{"taxonomy":"post_tag","embeddable":true,"href":"https:\/\/www.prijedordanas.com\/index.php?rest_route=%2Fwp%2Fv2%2Ftags&post=164581"}],"curies":[{"name":"wp","href":"https:\/\/api.w.org\/{rel}","templated":true}]}}