{"id":164578,"date":"2021-03-26T19:51:57","date_gmt":"2021-03-26T18:51:57","guid":{"rendered":"https:\/\/www.prijedordanas.com\/?p=164578"},"modified":"2021-03-26T19:51:57","modified_gmt":"2021-03-26T18:51:57","slug":"kafane-ostaju-zatvorene-rezultati-pregovora-ugostitelja-i-premijera-rs","status":"publish","type":"post","link":"https:\/\/www.prijedordanas.com\/?p=164578","title":{"rendered":"Kafane ostaju zatvorene: Rezultati pregovora ugostitelja i premijera RS"},"content":{"rendered":"<p><a href=\"https:\/\/www.prijedordanas.com\/wp-content\/uploads\/2021\/03\/prazan-kafic.jpg\"><img loading=\"lazy\" decoding=\"async\" src=\"https:\/\/www.prijedordanas.com\/wp-content\/uploads\/2021\/03\/prazan-kafic-300x225.jpg\" alt=\"\" width=\"300\" height=\"225\" class=\"alignleft size-medium wp-image-164579\" srcset=\"https:\/\/www.prijedordanas.com\/wp-content\/uploads\/2021\/03\/prazan-kafic-300x225.jpg 300w, https:\/\/www.prijedordanas.com\/wp-content\/uploads\/2021\/03\/prazan-kafic-640x480.jpg 640w, https:\/\/www.prijedordanas.com\/wp-content\/uploads\/2021\/03\/prazan-kafic.jpg 667w\" sizes=\"(max-width: 300px) 100vw, 300px\" \/><\/a>Ugostiteljski objekati u Republici Srpskoj osta\u0107e zatvoreni i narednih sedam dana &#8211; saop\u0161teno je iz Udru\u017eenja ugostitelja RS &#8220;Horeka&#8221; nakon sastanka sa premijerom RS Radovanom Vi\u0161kov\u0107em.<\/p>\n<p>U saop\u0161tenju se navodi da \u0107e se pri otvaranju morati po\u0161tovati sve epidemiolo\u0161ke mjere u ba\u0161tama i unutar objekata po mjerama iz novembra 2020. godine, odnosno prema kvadraturi objekta.<\/p>\n<p>Republi\u010dki krizni \u0161tab ne\u0107e, kako ka\u017eu, ograni\u010davati radno vrijeme ve\u0107 \u0107e odluku o trajanju radnog vremena prenijeti na lokalne zajednice koje \u0107e same u skladu sa epidemiolo\u0161kom situacijom donositi odluku o radnom vremenu.<\/p>\n<p>\u0160alterska prodaja i dostava mo\u017ee da bude do 22 umjesto do 21 \u010dasa.<\/p>\n<p>\u2013 Vlada RS \u0107e, zbog zatvaranja ugostiteljskih objekata, priznati ukupne prijavljene doprinose na plate u martu. Bi\u0107e oformljena stru\u010dna komisija u sastavu \u010dlanova Horeke, Ministarstva trgovine i turizma, Poreske uprave i Ministarstva finansija za analizu poreza i doprinosa u ovom sektoru, radi ostvarivanja benefita za radnike, poslodavce i dr\u017eavu \u2013 ka\u017eu u ovom Udru\u017eenju.<\/p>\n<p>Mjere za pomo\u0107 Horec, odnosno ugostiteljstvu u RS za april bi\u0107e definisane u zavisnosti od po\u010detka rada objekata. Poslodavcima iz sektora turizma i ugostiteljstva je omogu\u0107eno postizanje reprograma sa Poreskom upravom RS za dospjele obaveze poreza i doprinosa, s tim da se zahtjevi podnose pojedina\u010dno. Postizanjem reprograma sti\u010du se uslovi za dobijanje poreskog uvjerenja. Dogovorena je odgoda pla\u0107anja ra\u010duna za elektri\u010dnu energiju na 90 dana uz pojedina\u010dno podno\u0161enje zahtjeva.<\/p>\n<p><a href=\"https:\/\/srpskainfo.com\/kafane-ostaju-zatvorene-rezultati-pregovora-ugostitelja-i-premijera-srpske\/\" rel=\"noopener\" target=\"_blank\">srpskainfo.com<\/a><\/p>\n","protected":false},"excerpt":{"rendered":"<p>Ugostiteljski objekati u Republici Srpskoj osta\u0107e zatvoreni i narednih sedam dana &#8211; saop\u0161teno je iz Udru\u017eenja ugostitelja RS &#8220;Horeka&#8221; nakon sastanka sa premijerom RS Radovanom Vi\u0161kov\u0107em. U saop\u0161tenju se navodi [&hellip;]<\/p>\n","protected":false},"author":1,"featured_media":0,"comment_status":"closed","ping_status":"open","sticky":false,"template":"","format":"standard","meta":{"_monsterinsights_skip_tracking":false,"_monsterinsights_sitenote_active":false,"_monsterinsights_sitenote_note":"","_monsterinsights_sitenote_category":0,"footnotes":""},"categories":[8],"tags":[],"yoast_head":"<!-- This site is optimized with the Yoast SEO plugin v21.6 - https:\/\/yoast.com\/wordpress\/plugins\/seo\/ -->\n<title>Kafane ostaju zatvorene: Rezultati pregovora ugostitelja i premijera RS - PrijedorDanas.com - Prijedorski gradski portal<\/title>\n<meta name=\"robots\" content=\"index, follow, max-snippet:-1, max-image-preview:large, max-video-preview:-1\" \/>\n<link rel=\"canonical\" href=\"https:\/\/www.prijedordanas.com\/?p=164578\" \/>\n<meta property=\"og:locale\" content=\"en_US\" \/>\n<meta property=\"og:type\" content=\"article\" \/>\n<meta property=\"og:title\" content=\"Kafane ostaju zatvorene: Rezultati pregovora ugostitelja i premijera RS - PrijedorDanas.com - Prijedorski gradski portal\" \/>\n<meta property=\"og:description\" content=\"Ugostiteljski objekati u Republici Srpskoj osta\u0107e zatvoreni i narednih sedam dana &#8211; saop\u0161teno je iz Udru\u017eenja ugostitelja RS &#8220;Horeka&#8221; nakon sastanka sa premijerom RS Radovanom Vi\u0161kov\u0107em. U saop\u0161tenju se navodi [&hellip;]\" \/>\n<meta property=\"og:url\" content=\"https:\/\/www.prijedordanas.com\/?p=164578\" \/>\n<meta property=\"og:site_name\" content=\"PrijedorDanas.com - Prijedorski gradski portal\" \/>\n<meta property=\"article:publisher\" content=\"https:\/\/www.facebook.com\/PrijedorDanasCom\/\" \/>\n<meta property=\"article:published_time\" content=\"2021-03-26T18:51:57+00:00\" \/>\n<meta property=\"og:image\" content=\"https:\/\/www.prijedordanas.com\/wp-content\/uploads\/2021\/03\/prazan-kafic-300x225.jpg\" \/>\n<meta name=\"author\" content=\"admin\" \/>\n<meta name=\"twitter:card\" content=\"summary_large_image\" \/>\n<meta name=\"twitter:label1\" content=\"Written by\" \/>\n\t<meta name=\"twitter:data1\" content=\"admin\" \/>\n\t<meta name=\"twitter:label2\" content=\"Est. reading time\" \/>\n\t<meta name=\"twitter:data2\" content=\"1 minute\" \/>\n<script type=\"application\/ld+json\" class=\"yoast-schema-graph\">{\"@context\":\"https:\/\/schema.org\",\"@graph\":[{\"@type\":\"Article\",\"@id\":\"https:\/\/www.prijedordanas.com\/?p=164578#article\",\"isPartOf\":{\"@id\":\"https:\/\/www.prijedordanas.com\/?p=164578\"},\"author\":{\"name\":\"admin\",\"@id\":\"https:\/\/www.prijedordanas.com\/#\/schema\/person\/4e08ccf29b506ca916ff86d46bb700e6\"},\"headline\":\"Kafane ostaju zatvorene: Rezultati pregovora ugostitelja i premijera RS\",\"datePublished\":\"2021-03-26T18:51:57+00:00\",\"dateModified\":\"2021-03-26T18:51:57+00:00\",\"mainEntityOfPage\":{\"@id\":\"https:\/\/www.prijedordanas.com\/?p=164578\"},\"wordCount\":259,\"publisher\":{\"@id\":\"https:\/\/www.prijedordanas.com\/#organization\"},\"articleSection\":[\"Svakodnevno\"],\"inLanguage\":\"en-US\"},{\"@type\":\"WebPage\",\"@id\":\"https:\/\/www.prijedordanas.com\/?p=164578\",\"url\":\"https:\/\/www.prijedordanas.com\/?p=164578\",\"name\":\"Kafane ostaju zatvorene: Rezultati pregovora ugostitelja i premijera RS - PrijedorDanas.com - Prijedorski gradski portal\",\"isPartOf\":{\"@id\":\"https:\/\/www.prijedordanas.com\/#website\"},\"datePublished\":\"2021-03-26T18:51:57+00:00\",\"dateModified\":\"2021-03-26T18:51:57+00:00\",\"breadcrumb\":{\"@id\":\"https:\/\/www.prijedordanas.com\/?p=164578#breadcrumb\"},\"inLanguage\":\"en-US\",\"potentialAction\":[{\"@type\":\"ReadAction\",\"target\":[\"https:\/\/www.prijedordanas.com\/?p=164578\"]}]},{\"@type\":\"BreadcrumbList\",\"@id\":\"https:\/\/www.prijedordanas.com\/?p=164578#breadcrumb\",\"itemListElement\":[{\"@type\":\"ListItem\",\"position\":1,\"name\":\"Home\",\"item\":\"https:\/\/www.prijedordanas.com\/\"},{\"@type\":\"ListItem\",\"position\":2,\"name\":\"Kafane ostaju zatvorene: Rezultati pregovora ugostitelja i premijera RS\"}]},{\"@type\":\"WebSite\",\"@id\":\"https:\/\/www.prijedordanas.com\/#website\",\"url\":\"https:\/\/www.prijedordanas.com\/\",\"name\":\"PrijedorDanas.com - Prijedorski gradski portal\",\"description\":\"Portal o doga\u0111anjima u gradu Prijedoru\",\"publisher\":{\"@id\":\"https:\/\/www.prijedordanas.com\/#organization\"},\"potentialAction\":[{\"@type\":\"SearchAction\",\"target\":{\"@type\":\"EntryPoint\",\"urlTemplate\":\"https:\/\/www.prijedordanas.com\/?s={search_term_string}\"},\"query-input\":\"required name=search_term_string\"}],\"inLanguage\":\"en-US\"},{\"@type\":\"Organization\",\"@id\":\"https:\/\/www.prijedordanas.com\/#organization\",\"name\":\"PrijedorDanas.com\",\"url\":\"https:\/\/www.prijedordanas.com\/\",\"logo\":{\"@type\":\"ImageObject\",\"inLanguage\":\"en-US\",\"@id\":\"https:\/\/www.prijedordanas.com\/#\/schema\/logo\/image\/\",\"url\":\"http:\/\/www.prijedordanas.com\/wp-content\/uploads\/2021\/12\/logopng.png\",\"contentUrl\":\"http:\/\/www.prijedordanas.com\/wp-content\/uploads\/2021\/12\/logopng.png\",\"width\":1019,\"height\":776,\"caption\":\"PrijedorDanas.com\"},\"image\":{\"@id\":\"https:\/\/www.prijedordanas.com\/#\/schema\/logo\/image\/\"},\"sameAs\":[\"https:\/\/www.facebook.com\/PrijedorDanasCom\/\"]},{\"@type\":\"Person\",\"@id\":\"https:\/\/www.prijedordanas.com\/#\/schema\/person\/4e08ccf29b506ca916ff86d46bb700e6\",\"name\":\"admin\",\"image\":{\"@type\":\"ImageObject\",\"inLanguage\":\"en-US\",\"@id\":\"https:\/\/www.prijedordanas.com\/#\/schema\/person\/image\/\",\"url\":\"https:\/\/secure.gravatar.com\/avatar\/1d3fc949d550f0b53a5f0d51e06dfd79?s=96&d=mm&r=g\",\"contentUrl\":\"https:\/\/secure.gravatar.com\/avatar\/1d3fc949d550f0b53a5f0d51e06dfd79?s=96&d=mm&r=g\",\"caption\":\"admin\"},\"url\":\"https:\/\/www.prijedordanas.com\/?author=1\"}]}<\/script>\n<!-- \/ Yoast SEO plugin. -->","yoast_head_json":{"title":"Kafane ostaju zatvorene: Rezultati pregovora ugostitelja i premijera RS - PrijedorDanas.com - Prijedorski gradski portal","robots":{"index":"index","follow":"follow","max-snippet":"max-snippet:-1","max-image-preview":"max-image-preview:large","max-video-preview":"max-video-preview:-1"},"canonical":"https:\/\/www.prijedordanas.com\/?p=164578","og_locale":"en_US","og_type":"article","og_title":"Kafane ostaju zatvorene: Rezultati pregovora ugostitelja i premijera RS - PrijedorDanas.com - Prijedorski gradski portal","og_description":"Ugostiteljski objekati u Republici Srpskoj osta\u0107e zatvoreni i narednih sedam dana &#8211; saop\u0161teno je iz Udru\u017eenja ugostitelja RS &#8220;Horeka&#8221; nakon sastanka sa premijerom RS Radovanom Vi\u0161kov\u0107em. U saop\u0161tenju se navodi [&hellip;]","og_url":"https:\/\/www.prijedordanas.com\/?p=164578","og_site_name":"PrijedorDanas.com - Prijedorski gradski portal","article_publisher":"https:\/\/www.facebook.com\/PrijedorDanasCom\/","article_published_time":"2021-03-26T18:51:57+00:00","og_image":[{"url":"https:\/\/www.prijedordanas.com\/wp-content\/uploads\/2021\/03\/prazan-kafic-300x225.jpg"}],"author":"admin","twitter_card":"summary_large_image","twitter_misc":{"Written by":"admin","Est. reading time":"1 minute"},"schema":{"@context":"https:\/\/schema.org","@graph":[{"@type":"Article","@id":"https:\/\/www.prijedordanas.com\/?p=164578#article","isPartOf":{"@id":"https:\/\/www.prijedordanas.com\/?p=164578"},"author":{"name":"admin","@id":"https:\/\/www.prijedordanas.com\/#\/schema\/person\/4e08ccf29b506ca916ff86d46bb700e6"},"headline":"Kafane ostaju zatvorene: Rezultati pregovora ugostitelja i premijera RS","datePublished":"2021-03-26T18:51:57+00:00","dateModified":"2021-03-26T18:51:57+00:00","mainEntityOfPage":{"@id":"https:\/\/www.prijedordanas.com\/?p=164578"},"wordCount":259,"publisher":{"@id":"https:\/\/www.prijedordanas.com\/#organization"},"articleSection":["Svakodnevno"],"inLanguage":"en-US"},{"@type":"WebPage","@id":"https:\/\/www.prijedordanas.com\/?p=164578","url":"https:\/\/www.prijedordanas.com\/?p=164578","name":"Kafane ostaju zatvorene: Rezultati pregovora ugostitelja i premijera RS - PrijedorDanas.com - Prijedorski gradski portal","isPartOf":{"@id":"https:\/\/www.prijedordanas.com\/#website"},"datePublished":"2021-03-26T18:51:57+00:00","dateModified":"2021-03-26T18:51:57+00:00","breadcrumb":{"@id":"https:\/\/www.prijedordanas.com\/?p=164578#breadcrumb"},"inLanguage":"en-US","potentialAction":[{"@type":"ReadAction","target":["https:\/\/www.prijedordanas.com\/?p=164578"]}]},{"@type":"BreadcrumbList","@id":"https:\/\/www.prijedordanas.com\/?p=164578#breadcrumb","itemListElement":[{"@type":"ListItem","position":1,"name":"Home","item":"https:\/\/www.prijedordanas.com\/"},{"@type":"ListItem","position":2,"name":"Kafane ostaju zatvorene: Rezultati pregovora ugostitelja i premijera RS"}]},{"@type":"WebSite","@id":"https:\/\/www.prijedordanas.com\/#website","url":"https:\/\/www.prijedordanas.com\/","name":"PrijedorDanas.com - Prijedorski gradski portal","description":"Portal o doga\u0111anjima u gradu Prijedoru","publisher":{"@id":"https:\/\/www.prijedordanas.com\/#organization"},"potentialAction":[{"@type":"SearchAction","target":{"@type":"EntryPoint","urlTemplate":"https:\/\/www.prijedordanas.com\/?s={search_term_string}"},"query-input":"required name=search_term_string"}],"inLanguage":"en-US"},{"@type":"Organization","@id":"https:\/\/www.prijedordanas.com\/#organization","name":"PrijedorDanas.com","url":"https:\/\/www.prijedordanas.com\/","logo":{"@type":"ImageObject","inLanguage":"en-US","@id":"https:\/\/www.prijedordanas.com\/#\/schema\/logo\/image\/","url":"http:\/\/www.prijedordanas.com\/wp-content\/uploads\/2021\/12\/logopng.png","contentUrl":"http:\/\/www.prijedordanas.com\/wp-content\/uploads\/2021\/12\/logopng.png","width":1019,"height":776,"caption":"PrijedorDanas.com"},"image":{"@id":"https:\/\/www.prijedordanas.com\/#\/schema\/logo\/image\/"},"sameAs":["https:\/\/www.facebook.com\/PrijedorDanasCom\/"]},{"@type":"Person","@id":"https:\/\/www.prijedordanas.com\/#\/schema\/person\/4e08ccf29b506ca916ff86d46bb700e6","name":"admin","image":{"@type":"ImageObject","inLanguage":"en-US","@id":"https:\/\/www.prijedordanas.com\/#\/schema\/person\/image\/","url":"https:\/\/secure.gravatar.com\/avatar\/1d3fc949d550f0b53a5f0d51e06dfd79?s=96&d=mm&r=g","contentUrl":"https:\/\/secure.gravatar.com\/avatar\/1d3fc949d550f0b53a5f0d51e06dfd79?s=96&d=mm&r=g","caption":"admin"},"url":"https:\/\/www.prijedordanas.com\/?author=1"}]}},"_links":{"self":[{"href":"https:\/\/www.prijedordanas.com\/index.php?rest_route=\/wp\/v2\/posts\/164578"}],"collection":[{"href":"https:\/\/www.prijedordanas.com\/index.php?rest_route=\/wp\/v2\/posts"}],"about":[{"href":"https:\/\/www.prijedordanas.com\/index.php?rest_route=\/wp\/v2\/types\/post"}],"author":[{"embeddable":true,"href":"https:\/\/www.prijedordanas.com\/index.php?rest_route=\/wp\/v2\/users\/1"}],"replies":[{"embeddable":true,"href":"https:\/\/www.prijedordanas.com\/index.php?rest_route=%2Fwp%2Fv2%2Fcomments&post=164578"}],"version-history":[{"count":1,"href":"https:\/\/www.prijedordanas.com\/index.php?rest_route=\/wp\/v2\/posts\/164578\/revisions"}],"predecessor-version":[{"id":164580,"href":"https:\/\/www.prijedordanas.com\/index.php?rest_route=\/wp\/v2\/posts\/164578\/revisions\/164580"}],"wp:attachment":[{"href":"https:\/\/www.prijedordanas.com\/index.php?rest_route=%2Fwp%2Fv2%2Fmedia&parent=164578"}],"wp:term":[{"taxonomy":"category","embeddable":true,"href":"https:\/\/www.prijedordanas.com\/index.php?rest_route=%2Fwp%2Fv2%2Fcategories&post=164578"},{"taxonomy":"post_tag","embeddable":true,"href":"https:\/\/www.prijedordanas.com\/index.php?rest_route=%2Fwp%2Fv2%2Ftags&post=164578"}],"curies":[{"name":"wp","href":"https:\/\/api.w.org\/{rel}","templated":true}]}}