{"id":164465,"date":"2021-03-24T16:35:31","date_gmt":"2021-03-24T15:35:31","guid":{"rendered":"https:\/\/www.prijedordanas.com\/?p=164465"},"modified":"2021-03-24T16:35:31","modified_gmt":"2021-03-24T15:35:31","slug":"gradonacelnik-pavlovic-razgovarao-sa-ministrom-saobracaja-i-veza-republike-srpske-o-infrastrukturnim-projektima-u-prijedoru","status":"publish","type":"post","link":"https:\/\/www.prijedordanas.com\/?p=164465","title":{"rendered":"Gradona\u010delnik Pavlovi\u0107 razgovarao sa ministrom saobra\u0107aja i veza Republike Srpske o infrastrukturnim projektima u Prijedoru"},"content":{"rendered":"<p><a href=\"https:\/\/www.prijedordanas.com\/wp-content\/uploads\/2021\/03\/prijedorgradorg-sastanak-pavlovic-coric-1.jpg\"><img loading=\"lazy\" decoding=\"async\" class=\"alignleft size-medium wp-image-164466\" src=\"https:\/\/www.prijedordanas.com\/wp-content\/uploads\/2021\/03\/prijedorgradorg-sastanak-pavlovic-coric-1-300x225.jpg\" alt=\"\" width=\"300\" height=\"225\" srcset=\"https:\/\/www.prijedordanas.com\/wp-content\/uploads\/2021\/03\/prijedorgradorg-sastanak-pavlovic-coric-1-300x225.jpg 300w, https:\/\/www.prijedordanas.com\/wp-content\/uploads\/2021\/03\/prijedorgradorg-sastanak-pavlovic-coric-1-640x480.jpg 640w, https:\/\/www.prijedordanas.com\/wp-content\/uploads\/2021\/03\/prijedorgradorg-sastanak-pavlovic-coric-1.jpg 667w\" sizes=\"(max-width: 300px) 100vw, 300px\" \/><\/a>Gradona\u010delnik Prijedora Dalibor Pavlovi\u0107 je danas u Prijedoru razgovarao sa Nedeljkom \u0106ori\u0107em, ministrom saobra\u0107aja i veza Republike Srpske.<\/p>\n<p>Pavlovi\u0107 je nakon sastanka izjavio novinarima da je s ministrom \u0106ori\u0107em razgovarao o izgradnji kru\u017enih tokova kod Vilaka i na Te\u0161ini\u0107u za koje \u0107e grad izradu planske dokumentacije zavr\u0161iti u \u0161to skorijem roku kako bi se sagledale mogu\u0107nosti Ministarstva za realizaciju tih projekata.<\/p>\n<p>&#8220;Apelujem na gra\u0111ane koji imaju zemlji\u0161te na tom podru\u010dju da gradu iza\u0111u u susret prilikom eksproprijacije&#8221;, poru\u010dio je Pavlovi\u0107.<\/p>\n<p><a href=\"https:\/\/www.prijedordanas.com\/wp-content\/uploads\/2021\/03\/prijedorgradorg-sastanak-pavlovic-coric-3.jpg\"><img loading=\"lazy\" decoding=\"async\" class=\"alignleft size-medium wp-image-164467\" src=\"https:\/\/www.prijedordanas.com\/wp-content\/uploads\/2021\/03\/prijedorgradorg-sastanak-pavlovic-coric-3-300x225.jpg\" alt=\"\" width=\"300\" height=\"225\" srcset=\"https:\/\/www.prijedordanas.com\/wp-content\/uploads\/2021\/03\/prijedorgradorg-sastanak-pavlovic-coric-3-300x225.jpg 300w, https:\/\/www.prijedordanas.com\/wp-content\/uploads\/2021\/03\/prijedorgradorg-sastanak-pavlovic-coric-3-640x480.jpg 640w, https:\/\/www.prijedordanas.com\/wp-content\/uploads\/2021\/03\/prijedorgradorg-sastanak-pavlovic-coric-3.jpg 667w\" sizes=\"(max-width: 300px) 100vw, 300px\" \/><\/a>On je dodao da je za zaobilaznicu koja stoji 20 godina dogovoreno da grad obezbijedi imovinsko-pravne odnose i da se zavr\u0161i eksproprijacija.<\/p>\n<p>&#8220;Onda \u0107emo vidjeti u narednom perodu da li postoji mogu\u0107nost Ministarstva da se obzebijede sredstva i zajedni\u010dkim snagama grad i Ministarstvo da zavr\u0161e projekat&#8221;, naveo je Pavlovi\u0107.<\/p>\n<p>On je dodao da je grad predloe\u017eio prekategorizaciju puta Trnopolje &#8211; Omarska kako bi pre\u0161ao u nadle\u017enost &#8220;Puteva Republike Srpske&#8221; \u0161to bi gradu znatno olak\u0161alo odr\u017eavanje infrastrukture.<\/p>\n<p>Ministar saobra\u0107aja i veza Republike Srpske Nedeljko \u0106ori\u0107 izjavio je da Vlada Republike Srpske zajedno sa gradom Prijedor ima niz ozbiljnih, velikih infrastrukturnih projekata koji \u0107e zasigurno promijeniti i na\u010din \u017eivota i mogu\u0107nosti i perspektive u ovom gradu.<\/p>\n<p><a href=\"https:\/\/www.prijedordanas.com\/wp-content\/uploads\/2021\/03\/prijedorgradorg-sastanak-pavlovic-coric-2.jpg\"><img loading=\"lazy\" decoding=\"async\" class=\"alignleft size-medium wp-image-164468\" src=\"https:\/\/www.prijedordanas.com\/wp-content\/uploads\/2021\/03\/prijedorgradorg-sastanak-pavlovic-coric-2-300x225.jpg\" alt=\"\" width=\"300\" height=\"225\" srcset=\"https:\/\/www.prijedordanas.com\/wp-content\/uploads\/2021\/03\/prijedorgradorg-sastanak-pavlovic-coric-2-300x225.jpg 300w, https:\/\/www.prijedordanas.com\/wp-content\/uploads\/2021\/03\/prijedorgradorg-sastanak-pavlovic-coric-2-640x480.jpg 640w, https:\/\/www.prijedordanas.com\/wp-content\/uploads\/2021\/03\/prijedorgradorg-sastanak-pavlovic-coric-2.jpg 667w\" sizes=\"(max-width: 300px) 100vw, 300px\" \/><\/a>&#8220;Mi \u0107emo zasigurno ve\u0107 u idu\u0107oj godini krenuti sa izgradnjom auto-puta Prijedor &#8211; Banjaluka, ve\u0107 u ovoj godini radimo rehabilitaciju puta izme\u0111u Banjaluke i Prijedora. Razgovarali smo o dvije kru\u017ene raskrsnice i vjerujem brzo \u0107emo otkloniti sve nedostatke i u\u0107i u fazu obezbje\u0111enja sredstava za realizaciju&#8221;, rekao je \u0106ori\u0107 novinarima u Prijedoru nakon sastanka sa gradona\u010delnikom Daliborom Pavlovi\u0107em.<\/p>\n<p>On je ocijenio da agilnost i zainteresovanost gradona\u010delnika i njegovih saradnika pokazuju da \u0107e grad Prijedor biti grad zavr\u0161enih projekata, a ne vi\u0161e grad zapo\u010detih, a nezavr\u0161enih investicija.<\/p>\n<p>Pavlovi\u0107 i \u0106ori\u0107 sa saradnicima su obi\u0161li lokacije &#8220;Vilako&#8221; i Te\u0161ini\u0107 na kojima je u planu izgradnja kru\u017enih raskrsnica.<\/p>\n<p><a href=\"http:\/\/prijedorgrad.org\/sr-EU\/vijesti-sadrzaj.html?vid=11248\" target=\"_blank\" rel=\"noopener\">prijedorgrad.org<\/a><\/p>\n<p><a href=\"https:\/\/www.prijedordanas.com\/wp-content\/uploads\/2021\/03\/prijedorgradorg-sastanak-pavlovic-coric-5.jpg\"><img loading=\"lazy\" decoding=\"async\" class=\"alignleft size-medium wp-image-164469\" src=\"https:\/\/www.prijedordanas.com\/wp-content\/uploads\/2021\/03\/prijedorgradorg-sastanak-pavlovic-coric-5-300x225.jpg\" alt=\"\" width=\"300\" height=\"225\" srcset=\"https:\/\/www.prijedordanas.com\/wp-content\/uploads\/2021\/03\/prijedorgradorg-sastanak-pavlovic-coric-5-300x225.jpg 300w, https:\/\/www.prijedordanas.com\/wp-content\/uploads\/2021\/03\/prijedorgradorg-sastanak-pavlovic-coric-5.jpg 600w\" sizes=\"(max-width: 300px) 100vw, 300px\" \/><\/a> <a href=\"https:\/\/www.prijedordanas.com\/wp-content\/uploads\/2021\/03\/prijedorgradorg-sastanak-pavlovic-coric-6.jpg\"><img loading=\"lazy\" decoding=\"async\" class=\"alignleft size-medium wp-image-164470\" src=\"https:\/\/www.prijedordanas.com\/wp-content\/uploads\/2021\/03\/prijedorgradorg-sastanak-pavlovic-coric-6-300x225.jpg\" alt=\"\" width=\"300\" height=\"225\" srcset=\"https:\/\/www.prijedordanas.com\/wp-content\/uploads\/2021\/03\/prijedorgradorg-sastanak-pavlovic-coric-6-300x225.jpg 300w, https:\/\/www.prijedordanas.com\/wp-content\/uploads\/2021\/03\/prijedorgradorg-sastanak-pavlovic-coric-6.jpg 600w\" sizes=\"(max-width: 300px) 100vw, 300px\" \/><\/a> <a href=\"https:\/\/www.prijedordanas.com\/wp-content\/uploads\/2021\/03\/prijedorgradorg-sastanak-pavlovic-coric-7.jpg\"><img loading=\"lazy\" decoding=\"async\" class=\"alignleft size-medium wp-image-164471\" src=\"https:\/\/www.prijedordanas.com\/wp-content\/uploads\/2021\/03\/prijedorgradorg-sastanak-pavlovic-coric-7-300x225.jpg\" alt=\"\" width=\"300\" height=\"225\" srcset=\"https:\/\/www.prijedordanas.com\/wp-content\/uploads\/2021\/03\/prijedorgradorg-sastanak-pavlovic-coric-7-300x225.jpg 300w, https:\/\/www.prijedordanas.com\/wp-content\/uploads\/2021\/03\/prijedorgradorg-sastanak-pavlovic-coric-7.jpg 600w\" sizes=\"(max-width: 300px) 100vw, 300px\" \/><\/a><\/p>\n","protected":false},"excerpt":{"rendered":"<p>Gradona\u010delnik Prijedora Dalibor Pavlovi\u0107 je danas u Prijedoru razgovarao sa Nedeljkom \u0106ori\u0107em, ministrom saobra\u0107aja i veza Republike Srpske. Pavlovi\u0107 je nakon sastanka izjavio novinarima da je s ministrom \u0106ori\u0107em razgovarao [&hellip;]<\/p>\n","protected":false},"author":1,"featured_media":0,"comment_status":"closed","ping_status":"open","sticky":false,"template":"","format":"standard","meta":{"_monsterinsights_skip_tracking":false,"_monsterinsights_sitenote_active":false,"_monsterinsights_sitenote_note":"","_monsterinsights_sitenote_category":0,"footnotes":""},"categories":[4],"tags":[],"yoast_head":"<!-- This site is optimized with the Yoast SEO plugin v21.6 - https:\/\/yoast.com\/wordpress\/plugins\/seo\/ -->\n<title>Gradona\u010delnik Pavlovi\u0107 razgovarao sa ministrom saobra\u0107aja i veza Republike Srpske o infrastrukturnim projektima u Prijedoru - PrijedorDanas.com - Prijedorski gradski portal<\/title>\n<meta name=\"robots\" content=\"index, follow, max-snippet:-1, max-image-preview:large, max-video-preview:-1\" \/>\n<link rel=\"canonical\" href=\"https:\/\/www.prijedordanas.com\/?p=164465\" \/>\n<meta property=\"og:locale\" content=\"en_US\" \/>\n<meta property=\"og:type\" content=\"article\" \/>\n<meta property=\"og:title\" content=\"Gradona\u010delnik Pavlovi\u0107 razgovarao sa ministrom saobra\u0107aja i veza Republike Srpske o infrastrukturnim projektima u Prijedoru - PrijedorDanas.com - Prijedorski gradski portal\" \/>\n<meta property=\"og:description\" content=\"Gradona\u010delnik Prijedora Dalibor Pavlovi\u0107 je danas u Prijedoru razgovarao sa Nedeljkom \u0106ori\u0107em, ministrom saobra\u0107aja i veza Republike Srpske. Pavlovi\u0107 je nakon sastanka izjavio novinarima da je s ministrom \u0106ori\u0107em razgovarao [&hellip;]\" \/>\n<meta property=\"og:url\" content=\"https:\/\/www.prijedordanas.com\/?p=164465\" \/>\n<meta property=\"og:site_name\" content=\"PrijedorDanas.com - Prijedorski gradski portal\" \/>\n<meta property=\"article:publisher\" content=\"https:\/\/www.facebook.com\/PrijedorDanasCom\/\" \/>\n<meta property=\"article:published_time\" content=\"2021-03-24T15:35:31+00:00\" \/>\n<meta property=\"og:image\" content=\"https:\/\/www.prijedordanas.com\/wp-content\/uploads\/2021\/03\/prijedorgradorg-sastanak-pavlovic-coric-1-300x225.jpg\" \/>\n<meta name=\"author\" content=\"admin\" \/>\n<meta name=\"twitter:card\" content=\"summary_large_image\" \/>\n<meta name=\"twitter:label1\" content=\"Written by\" \/>\n\t<meta name=\"twitter:data1\" content=\"admin\" \/>\n\t<meta name=\"twitter:label2\" content=\"Est. reading time\" \/>\n\t<meta name=\"twitter:data2\" content=\"3 minutes\" \/>\n<script type=\"application\/ld+json\" class=\"yoast-schema-graph\">{\"@context\":\"https:\/\/schema.org\",\"@graph\":[{\"@type\":\"Article\",\"@id\":\"https:\/\/www.prijedordanas.com\/?p=164465#article\",\"isPartOf\":{\"@id\":\"https:\/\/www.prijedordanas.com\/?p=164465\"},\"author\":{\"name\":\"admin\",\"@id\":\"https:\/\/www.prijedordanas.com\/#\/schema\/person\/4e08ccf29b506ca916ff86d46bb700e6\"},\"headline\":\"Gradona\u010delnik Pavlovi\u0107 razgovarao sa ministrom saobra\u0107aja i veza Republike Srpske o infrastrukturnim projektima u Prijedoru\",\"datePublished\":\"2021-03-24T15:35:31+00:00\",\"dateModified\":\"2021-03-24T15:35:31+00:00\",\"mainEntityOfPage\":{\"@id\":\"https:\/\/www.prijedordanas.com\/?p=164465\"},\"wordCount\":358,\"publisher\":{\"@id\":\"https:\/\/www.prijedordanas.com\/#organization\"},\"articleSection\":[\"Dru\u0161tvo\"],\"inLanguage\":\"en-US\"},{\"@type\":\"WebPage\",\"@id\":\"https:\/\/www.prijedordanas.com\/?p=164465\",\"url\":\"https:\/\/www.prijedordanas.com\/?p=164465\",\"name\":\"Gradona\u010delnik Pavlovi\u0107 razgovarao sa ministrom saobra\u0107aja i veza Republike Srpske o infrastrukturnim projektima u Prijedoru - PrijedorDanas.com - Prijedorski gradski portal\",\"isPartOf\":{\"@id\":\"https:\/\/www.prijedordanas.com\/#website\"},\"datePublished\":\"2021-03-24T15:35:31+00:00\",\"dateModified\":\"2021-03-24T15:35:31+00:00\",\"breadcrumb\":{\"@id\":\"https:\/\/www.prijedordanas.com\/?p=164465#breadcrumb\"},\"inLanguage\":\"en-US\",\"potentialAction\":[{\"@type\":\"ReadAction\",\"target\":[\"https:\/\/www.prijedordanas.com\/?p=164465\"]}]},{\"@type\":\"BreadcrumbList\",\"@id\":\"https:\/\/www.prijedordanas.com\/?p=164465#breadcrumb\",\"itemListElement\":[{\"@type\":\"ListItem\",\"position\":1,\"name\":\"Home\",\"item\":\"https:\/\/www.prijedordanas.com\/\"},{\"@type\":\"ListItem\",\"position\":2,\"name\":\"Gradona\u010delnik Pavlovi\u0107 razgovarao sa ministrom saobra\u0107aja i veza Republike Srpske o infrastrukturnim projektima u Prijedoru\"}]},{\"@type\":\"WebSite\",\"@id\":\"https:\/\/www.prijedordanas.com\/#website\",\"url\":\"https:\/\/www.prijedordanas.com\/\",\"name\":\"PrijedorDanas.com - Prijedorski gradski portal\",\"description\":\"Portal o doga\u0111anjima u gradu Prijedoru\",\"publisher\":{\"@id\":\"https:\/\/www.prijedordanas.com\/#organization\"},\"potentialAction\":[{\"@type\":\"SearchAction\",\"target\":{\"@type\":\"EntryPoint\",\"urlTemplate\":\"https:\/\/www.prijedordanas.com\/?s={search_term_string}\"},\"query-input\":\"required name=search_term_string\"}],\"inLanguage\":\"en-US\"},{\"@type\":\"Organization\",\"@id\":\"https:\/\/www.prijedordanas.com\/#organization\",\"name\":\"PrijedorDanas.com\",\"url\":\"https:\/\/www.prijedordanas.com\/\",\"logo\":{\"@type\":\"ImageObject\",\"inLanguage\":\"en-US\",\"@id\":\"https:\/\/www.prijedordanas.com\/#\/schema\/logo\/image\/\",\"url\":\"http:\/\/www.prijedordanas.com\/wp-content\/uploads\/2021\/12\/logopng.png\",\"contentUrl\":\"http:\/\/www.prijedordanas.com\/wp-content\/uploads\/2021\/12\/logopng.png\",\"width\":1019,\"height\":776,\"caption\":\"PrijedorDanas.com\"},\"image\":{\"@id\":\"https:\/\/www.prijedordanas.com\/#\/schema\/logo\/image\/\"},\"sameAs\":[\"https:\/\/www.facebook.com\/PrijedorDanasCom\/\"]},{\"@type\":\"Person\",\"@id\":\"https:\/\/www.prijedordanas.com\/#\/schema\/person\/4e08ccf29b506ca916ff86d46bb700e6\",\"name\":\"admin\",\"image\":{\"@type\":\"ImageObject\",\"inLanguage\":\"en-US\",\"@id\":\"https:\/\/www.prijedordanas.com\/#\/schema\/person\/image\/\",\"url\":\"https:\/\/secure.gravatar.com\/avatar\/1d3fc949d550f0b53a5f0d51e06dfd79?s=96&d=mm&r=g\",\"contentUrl\":\"https:\/\/secure.gravatar.com\/avatar\/1d3fc949d550f0b53a5f0d51e06dfd79?s=96&d=mm&r=g\",\"caption\":\"admin\"},\"url\":\"https:\/\/www.prijedordanas.com\/?author=1\"}]}<\/script>\n<!-- \/ Yoast SEO plugin. -->","yoast_head_json":{"title":"Gradona\u010delnik Pavlovi\u0107 razgovarao sa ministrom saobra\u0107aja i veza Republike Srpske o infrastrukturnim projektima u Prijedoru - PrijedorDanas.com - Prijedorski gradski portal","robots":{"index":"index","follow":"follow","max-snippet":"max-snippet:-1","max-image-preview":"max-image-preview:large","max-video-preview":"max-video-preview:-1"},"canonical":"https:\/\/www.prijedordanas.com\/?p=164465","og_locale":"en_US","og_type":"article","og_title":"Gradona\u010delnik Pavlovi\u0107 razgovarao sa ministrom saobra\u0107aja i veza Republike Srpske o infrastrukturnim projektima u Prijedoru - PrijedorDanas.com - Prijedorski gradski portal","og_description":"Gradona\u010delnik Prijedora Dalibor Pavlovi\u0107 je danas u Prijedoru razgovarao sa Nedeljkom \u0106ori\u0107em, ministrom saobra\u0107aja i veza Republike Srpske. Pavlovi\u0107 je nakon sastanka izjavio novinarima da je s ministrom \u0106ori\u0107em razgovarao [&hellip;]","og_url":"https:\/\/www.prijedordanas.com\/?p=164465","og_site_name":"PrijedorDanas.com - Prijedorski gradski portal","article_publisher":"https:\/\/www.facebook.com\/PrijedorDanasCom\/","article_published_time":"2021-03-24T15:35:31+00:00","og_image":[{"url":"https:\/\/www.prijedordanas.com\/wp-content\/uploads\/2021\/03\/prijedorgradorg-sastanak-pavlovic-coric-1-300x225.jpg"}],"author":"admin","twitter_card":"summary_large_image","twitter_misc":{"Written by":"admin","Est. reading time":"3 minutes"},"schema":{"@context":"https:\/\/schema.org","@graph":[{"@type":"Article","@id":"https:\/\/www.prijedordanas.com\/?p=164465#article","isPartOf":{"@id":"https:\/\/www.prijedordanas.com\/?p=164465"},"author":{"name":"admin","@id":"https:\/\/www.prijedordanas.com\/#\/schema\/person\/4e08ccf29b506ca916ff86d46bb700e6"},"headline":"Gradona\u010delnik Pavlovi\u0107 razgovarao sa ministrom saobra\u0107aja i veza Republike Srpske o infrastrukturnim projektima u Prijedoru","datePublished":"2021-03-24T15:35:31+00:00","dateModified":"2021-03-24T15:35:31+00:00","mainEntityOfPage":{"@id":"https:\/\/www.prijedordanas.com\/?p=164465"},"wordCount":358,"publisher":{"@id":"https:\/\/www.prijedordanas.com\/#organization"},"articleSection":["Dru\u0161tvo"],"inLanguage":"en-US"},{"@type":"WebPage","@id":"https:\/\/www.prijedordanas.com\/?p=164465","url":"https:\/\/www.prijedordanas.com\/?p=164465","name":"Gradona\u010delnik Pavlovi\u0107 razgovarao sa ministrom saobra\u0107aja i veza Republike Srpske o infrastrukturnim projektima u Prijedoru - PrijedorDanas.com - Prijedorski gradski portal","isPartOf":{"@id":"https:\/\/www.prijedordanas.com\/#website"},"datePublished":"2021-03-24T15:35:31+00:00","dateModified":"2021-03-24T15:35:31+00:00","breadcrumb":{"@id":"https:\/\/www.prijedordanas.com\/?p=164465#breadcrumb"},"inLanguage":"en-US","potentialAction":[{"@type":"ReadAction","target":["https:\/\/www.prijedordanas.com\/?p=164465"]}]},{"@type":"BreadcrumbList","@id":"https:\/\/www.prijedordanas.com\/?p=164465#breadcrumb","itemListElement":[{"@type":"ListItem","position":1,"name":"Home","item":"https:\/\/www.prijedordanas.com\/"},{"@type":"ListItem","position":2,"name":"Gradona\u010delnik Pavlovi\u0107 razgovarao sa ministrom saobra\u0107aja i veza Republike Srpske o infrastrukturnim projektima u Prijedoru"}]},{"@type":"WebSite","@id":"https:\/\/www.prijedordanas.com\/#website","url":"https:\/\/www.prijedordanas.com\/","name":"PrijedorDanas.com - Prijedorski gradski portal","description":"Portal o doga\u0111anjima u gradu Prijedoru","publisher":{"@id":"https:\/\/www.prijedordanas.com\/#organization"},"potentialAction":[{"@type":"SearchAction","target":{"@type":"EntryPoint","urlTemplate":"https:\/\/www.prijedordanas.com\/?s={search_term_string}"},"query-input":"required name=search_term_string"}],"inLanguage":"en-US"},{"@type":"Organization","@id":"https:\/\/www.prijedordanas.com\/#organization","name":"PrijedorDanas.com","url":"https:\/\/www.prijedordanas.com\/","logo":{"@type":"ImageObject","inLanguage":"en-US","@id":"https:\/\/www.prijedordanas.com\/#\/schema\/logo\/image\/","url":"http:\/\/www.prijedordanas.com\/wp-content\/uploads\/2021\/12\/logopng.png","contentUrl":"http:\/\/www.prijedordanas.com\/wp-content\/uploads\/2021\/12\/logopng.png","width":1019,"height":776,"caption":"PrijedorDanas.com"},"image":{"@id":"https:\/\/www.prijedordanas.com\/#\/schema\/logo\/image\/"},"sameAs":["https:\/\/www.facebook.com\/PrijedorDanasCom\/"]},{"@type":"Person","@id":"https:\/\/www.prijedordanas.com\/#\/schema\/person\/4e08ccf29b506ca916ff86d46bb700e6","name":"admin","image":{"@type":"ImageObject","inLanguage":"en-US","@id":"https:\/\/www.prijedordanas.com\/#\/schema\/person\/image\/","url":"https:\/\/secure.gravatar.com\/avatar\/1d3fc949d550f0b53a5f0d51e06dfd79?s=96&d=mm&r=g","contentUrl":"https:\/\/secure.gravatar.com\/avatar\/1d3fc949d550f0b53a5f0d51e06dfd79?s=96&d=mm&r=g","caption":"admin"},"url":"https:\/\/www.prijedordanas.com\/?author=1"}]}},"_links":{"self":[{"href":"https:\/\/www.prijedordanas.com\/index.php?rest_route=\/wp\/v2\/posts\/164465"}],"collection":[{"href":"https:\/\/www.prijedordanas.com\/index.php?rest_route=\/wp\/v2\/posts"}],"about":[{"href":"https:\/\/www.prijedordanas.com\/index.php?rest_route=\/wp\/v2\/types\/post"}],"author":[{"embeddable":true,"href":"https:\/\/www.prijedordanas.com\/index.php?rest_route=\/wp\/v2\/users\/1"}],"replies":[{"embeddable":true,"href":"https:\/\/www.prijedordanas.com\/index.php?rest_route=%2Fwp%2Fv2%2Fcomments&post=164465"}],"version-history":[{"count":1,"href":"https:\/\/www.prijedordanas.com\/index.php?rest_route=\/wp\/v2\/posts\/164465\/revisions"}],"predecessor-version":[{"id":164472,"href":"https:\/\/www.prijedordanas.com\/index.php?rest_route=\/wp\/v2\/posts\/164465\/revisions\/164472"}],"wp:attachment":[{"href":"https:\/\/www.prijedordanas.com\/index.php?rest_route=%2Fwp%2Fv2%2Fmedia&parent=164465"}],"wp:term":[{"taxonomy":"category","embeddable":true,"href":"https:\/\/www.prijedordanas.com\/index.php?rest_route=%2Fwp%2Fv2%2Fcategories&post=164465"},{"taxonomy":"post_tag","embeddable":true,"href":"https:\/\/www.prijedordanas.com\/index.php?rest_route=%2Fwp%2Fv2%2Ftags&post=164465"}],"curies":[{"name":"wp","href":"https:\/\/api.w.org\/{rel}","templated":true}]}}