{"id":164332,"date":"2021-03-21T23:35:09","date_gmt":"2021-03-21T22:35:09","guid":{"rendered":"https:\/\/www.prijedordanas.com\/?p=164332"},"modified":"2021-03-21T23:35:09","modified_gmt":"2021-03-21T22:35:09","slug":"detalji-o-sprovodenju-mjera-u-borbi-protiv-virusa-korona-u-republici-srpskoj","status":"publish","type":"post","link":"https:\/\/www.prijedordanas.com\/?p=164332","title":{"rendered":"Detalji o sprovo\u0111enju mjera u borbi protiv virusa korona u Republici Srpskoj"},"content":{"rendered":"<p><a href=\"https:\/\/www.prijedordanas.com\/wp-content\/uploads\/2020\/03\/republicki-stab-za-vanredne-situacije.jpg\"><img loading=\"lazy\" decoding=\"async\" src=\"https:\/\/www.prijedordanas.com\/wp-content\/uploads\/2020\/03\/republicki-stab-za-vanredne-situacije-300x225.jpg\" alt=\"\" width=\"300\" height=\"225\" class=\"alignleft size-medium wp-image-144138\" srcset=\"https:\/\/www.prijedordanas.com\/wp-content\/uploads\/2020\/03\/republicki-stab-za-vanredne-situacije-300x225.jpg 300w, https:\/\/www.prijedordanas.com\/wp-content\/uploads\/2020\/03\/republicki-stab-za-vanredne-situacije-640x480.jpg 640w, https:\/\/www.prijedordanas.com\/wp-content\/uploads\/2020\/03\/republicki-stab-za-vanredne-situacije.jpg 666w\" sizes=\"(max-width: 300px) 100vw, 300px\" \/><\/a>Republi\u010dki \u0161tab za vanredne situacije u Banja Luci je na odr\u017eanoj sjednici u nedjelju donio vi\u0161e mjera u borbi protiv virus korona u Republici Srpskoj.<\/p>\n<p>Zaklju\u010dak o sprovo\u0111enju mjera za reagovanje na pojavu bolesti izazvane novim virusom korona (COVID-19) u Republici Srpskoj koje je Vlada RS dostavila medijima mo\u017eete pro\u010ditati ovdje:<\/p>\n<p>Prema Zaklju\u010dku o sprovo\u0111enju mjera za reagovanje na pojavu bolesti izazvane novim virusom korona (COVID-19) u Republici Srpskoj do 29.03.2021. godine zabranjuju se:<br \/>\n-sva javna okupljanja u grupama ve\u0107im od 30 lica,<br \/>\n-sva privatna okupljanja u grupama ve\u0107im od 10 lica (svadbe, kr\u0161tenja, ro\u0111endani, proslave i drugi porodi\u010dni skupovi sli\u010dne prirode),<br \/>\n-rad fitnes centrima (fitnes klubovi, bodi &#8211; bilding klubovi i sli\u010dni objekti) i kulturno- umjetni\u010dkim dru\u0161tvima,<br \/>\n-organizacija i izvo\u0111enje muzike u\u017eivo u ugostiteljskim objektima za smje\u0161taj, ishranu i pi\u0107e.           <\/p>\n<p>Tako\u0111e, prema istom zaklju\u010dku od 22.03. do 29.03.2021. godine zabranjuju se:<br \/>\n-rad ugostiteljskim objektima za ishranu i pi\u0107e uklju\u010duju\u0107i objekte koji posluju samostalno ili u okviru drugih objekata u kojima se obavlja privredna djelatnost (benzinske pumpne stanice i dr.)<br \/>\n-obavljanje uslu\u017enih i zanatskih djelatnosti \u010dije obavljanje zahtijeva neposredan kontakt sa korisnicima (frizerski i drugi tretmani za uljep\u0161avanje i djelatnosti za njegu i odr\u017eavanje tijela),<br \/>\n-rad bazenima, \u201ewellness\u201c i spa centrima,<br \/>\n-rad skijali\u0161tima i skija\u0161kim centrima,<br \/>\n-rad trgova\u010dkim centrima,<br \/>\n-rad prire\u0111iva\u010dima igara na sre\u0107u, osim prire\u0111iva\u010dima internet igara i lutrijskih igara na sre\u0107u, osim klasi\u010dne tombole,<br \/>\n-aktivnosti unutar ustanova kulture koje podrazumijevaju istovremeno prisustvo vi\u0161e lica u istom prostoru (pozori\u0161ta, bioskopi, muzeji, galerije).<\/p>\n<p>Ugostitelji koji posluju u ugostiteljskom objektu za smje\u0161taj mogu bez vremenskog ograni\u010denja pru\u017eati usluge smje\u0161taja a usluge ishrane i pi\u0107a mogu pru\u017eati u periodu od 06:00 do 22:00 \u010dasa samo gostima kojima pru\u017eaju usluge smje\u0161taja.<\/p>\n<p>Do 29.03.2021. godine u periodu od 06:00 do 21:00 \u010dasova dozvoljava se vr\u0161enje usluge dostave hrane i pi\u0107a kao i \u0161alterska prodaja hrane i pi\u0107a bez mogu\u0107nosti konzumiranja unutar i ispred ugostiteljskog objekta.<\/p>\n<p>Javne kuhinje mogu obavljati svoju djelatnost isklju\u010divo putem \u0161alterskog uslu\u017eivanja.<\/p>\n<p>U periodu od 22.03. do 29.03.2021. godine obustavlja se vaspitno-obrazovni rad u prostorijama osnovnih i srednjih \u0161kola i univerziteta u Republici Srpskoj uz organizovanje nastave na daljinu kori\u0161\u0107enjem sredstava elektronske komunikacije. Zadu\u017eena su resorna ministarstva da donesu instrukciju o na\u010dinu odr\u017eavanja nastave na daljinu.<\/p>\n<p>Subjekti koji pru\u017eaju usluge gra\u0111anima du\u017eni su organizovati svoj rad uz primjenu propisanih epidemiolo\u0161kih mjera od strane JZU \u201eInstituta za javno zdravstvo Republike Srpske\u201c sa posebnom pa\u017enjom na ograni\u010denje broja lica u objektu u zavisnosti od povr\u0161ine prostora i uz obavezno po\u0161tovanje propisanog fizi\u010dkog rastojanja, te na ulazu u objekat postaviti obavje\u0161tenje o ukupnom broju lica koja mogu boraviti u odnosu na njegovu povr\u0161inu.<\/p>\n<p>Pravni subjekti, republi\u010dki organi uprave, organi jedinica lokalne samouprave i ostali subjekti koji vr\u0161e javna ovla\u0161\u0107enja, kao i vaspitno \u2013 obrazovne ustanove trebaju organizovati rad od ku\u0107e za radnike za poslove za koje je to mogu\u0107e.<\/p>\n<p>Nare\u0111uje se \u0161tabovima za vanredne situacije jedinica lokalne samouprave, a posebno \u0161tabovima za vanredne situacije jedinica lokalne samouprave u kojima je pogor\u0161ana epidemiolo\u0161ka situacija da, u skladu sa Zakonom o za\u0161titi i spasavanju u vanrednim situacijama, a zbog pogor\u0161ane epidemiolo\u0161ke situacije na svojoj teritoriji donesu restriktivnije mjere u odnosu na mjere utvr\u0111ene ovim zaklju\u010dkom i da pod hitno preduzmu sve potrebne mjere i radnje na sanaciji epidemiolo\u0161ke situacije na teritoriji svoje lokalne samouprave te da o preduzetim mjerama i radnjama u roku od 48 \u010dasova obavijeste Republi\u010dki \u0161tab za vanredne situacije.<\/p>\n<p>Nepo\u0161tovanje mjera zabrane iz ovog zaklju\u010dka sankcionisa\u0107e se u skladu sa Zakonom o javnom redu i miru i Zakonom o za\u0161titi stanovni\u0161tva od zaraznih bolesti.<\/p>\n<p>Nadzor nad sprovo\u0111enjem ovog zaklju\u010dka sprovodi Ministarstvo unutra\u0161njih poslova, Republi\u010dka uprava za inspekcijske poslove putem nadle\u017enih inspektora i inspektora u sastavu jedinica lokalne samouprave i Komunalna policija.<\/p>\n<p>Dana\u0161njim Zaklju\u010dkom Republi\u010dkog \u0161taba nije obustavljen rad vrti\u0107a.<\/p>\n<p>Detaljne mjere mo\u017eete vidjeti <strong><a href=\"https:\/\/www.vladars.net\/sr-SP-Cyrl\/Documents\/Zakljucak210321.pdf\" rel=\"noopener\" target=\"_blank\">OVDJE<\/a><\/strong> .<\/p>\n<p>nezavisne.com<\/p>\n<p><iframe loading=\"lazy\" title=\"Republi\u010dki \u0161tab donio novi set o\u0161trijih mjera\" width=\"500\" height=\"281\" src=\"https:\/\/www.youtube.com\/embed\/gIWCjUXS-Mg?feature=oembed\" frameborder=\"0\" allow=\"accelerometer; autoplay; clipboard-write; encrypted-media; gyroscope; picture-in-picture\" allowfullscreen><\/iframe><\/p>\n","protected":false},"excerpt":{"rendered":"<p>Republi\u010dki \u0161tab za vanredne situacije u Banja Luci je na odr\u017eanoj sjednici u nedjelju donio vi\u0161e mjera u borbi protiv virus korona u Republici Srpskoj. Zaklju\u010dak o sprovo\u0111enju mjera za [&hellip;]<\/p>\n","protected":false},"author":1,"featured_media":0,"comment_status":"closed","ping_status":"open","sticky":false,"template":"","format":"standard","meta":{"_monsterinsights_skip_tracking":false,"_monsterinsights_sitenote_active":false,"_monsterinsights_sitenote_note":"","_monsterinsights_sitenote_category":0,"footnotes":""},"categories":[4],"tags":[11081,4383,2727],"yoast_head":"<!-- This site is optimized with the Yoast SEO plugin v21.6 - https:\/\/yoast.com\/wordpress\/plugins\/seo\/ -->\n<title>Detalji o sprovo\u0111enju mjera u borbi protiv virusa korona u Republici Srpskoj - PrijedorDanas.com - Prijedorski gradski portal<\/title>\n<meta name=\"robots\" content=\"index, follow, max-snippet:-1, max-image-preview:large, max-video-preview:-1\" \/>\n<link rel=\"canonical\" href=\"https:\/\/www.prijedordanas.com\/?p=164332\" \/>\n<meta property=\"og:locale\" content=\"en_US\" \/>\n<meta property=\"og:type\" content=\"article\" \/>\n<meta property=\"og:title\" content=\"Detalji o sprovo\u0111enju mjera u borbi protiv virusa korona u Republici Srpskoj - PrijedorDanas.com - Prijedorski gradski portal\" \/>\n<meta property=\"og:description\" content=\"Republi\u010dki \u0161tab za vanredne situacije u Banja Luci je na odr\u017eanoj sjednici u nedjelju donio vi\u0161e mjera u borbi protiv virus korona u Republici Srpskoj. Zaklju\u010dak o sprovo\u0111enju mjera za [&hellip;]\" \/>\n<meta property=\"og:url\" content=\"https:\/\/www.prijedordanas.com\/?p=164332\" \/>\n<meta property=\"og:site_name\" content=\"PrijedorDanas.com - Prijedorski gradski portal\" \/>\n<meta property=\"article:publisher\" content=\"https:\/\/www.facebook.com\/PrijedorDanasCom\/\" \/>\n<meta property=\"article:published_time\" content=\"2021-03-21T22:35:09+00:00\" \/>\n<meta property=\"og:image\" content=\"https:\/\/www.prijedordanas.com\/wp-content\/uploads\/2020\/03\/republicki-stab-za-vanredne-situacije-300x225.jpg\" \/>\n<meta name=\"author\" content=\"admin\" \/>\n<meta name=\"twitter:card\" content=\"summary_large_image\" \/>\n<meta name=\"twitter:label1\" content=\"Written by\" \/>\n\t<meta name=\"twitter:data1\" content=\"admin\" \/>\n\t<meta name=\"twitter:label2\" content=\"Est. reading time\" \/>\n\t<meta name=\"twitter:data2\" content=\"4 minutes\" \/>\n<script type=\"application\/ld+json\" class=\"yoast-schema-graph\">{\"@context\":\"https:\/\/schema.org\",\"@graph\":[{\"@type\":\"Article\",\"@id\":\"https:\/\/www.prijedordanas.com\/?p=164332#article\",\"isPartOf\":{\"@id\":\"https:\/\/www.prijedordanas.com\/?p=164332\"},\"author\":{\"name\":\"admin\",\"@id\":\"https:\/\/www.prijedordanas.com\/#\/schema\/person\/4e08ccf29b506ca916ff86d46bb700e6\"},\"headline\":\"Detalji o sprovo\u0111enju mjera u borbi protiv virusa korona u Republici Srpskoj\",\"datePublished\":\"2021-03-21T22:35:09+00:00\",\"dateModified\":\"2021-03-21T22:35:09+00:00\",\"mainEntityOfPage\":{\"@id\":\"https:\/\/www.prijedordanas.com\/?p=164332\"},\"wordCount\":727,\"publisher\":{\"@id\":\"https:\/\/www.prijedordanas.com\/#organization\"},\"keywords\":[\"korona\",\"mjere\",\"Republi\u010dki \u0161tab za vanredne situacije\"],\"articleSection\":[\"Dru\u0161tvo\"],\"inLanguage\":\"en-US\"},{\"@type\":\"WebPage\",\"@id\":\"https:\/\/www.prijedordanas.com\/?p=164332\",\"url\":\"https:\/\/www.prijedordanas.com\/?p=164332\",\"name\":\"Detalji o sprovo\u0111enju mjera u borbi protiv virusa korona u Republici Srpskoj - PrijedorDanas.com - Prijedorski gradski portal\",\"isPartOf\":{\"@id\":\"https:\/\/www.prijedordanas.com\/#website\"},\"datePublished\":\"2021-03-21T22:35:09+00:00\",\"dateModified\":\"2021-03-21T22:35:09+00:00\",\"breadcrumb\":{\"@id\":\"https:\/\/www.prijedordanas.com\/?p=164332#breadcrumb\"},\"inLanguage\":\"en-US\",\"potentialAction\":[{\"@type\":\"ReadAction\",\"target\":[\"https:\/\/www.prijedordanas.com\/?p=164332\"]}]},{\"@type\":\"BreadcrumbList\",\"@id\":\"https:\/\/www.prijedordanas.com\/?p=164332#breadcrumb\",\"itemListElement\":[{\"@type\":\"ListItem\",\"position\":1,\"name\":\"Home\",\"item\":\"https:\/\/www.prijedordanas.com\/\"},{\"@type\":\"ListItem\",\"position\":2,\"name\":\"Detalji o sprovo\u0111enju mjera u borbi protiv virusa korona u Republici Srpskoj\"}]},{\"@type\":\"WebSite\",\"@id\":\"https:\/\/www.prijedordanas.com\/#website\",\"url\":\"https:\/\/www.prijedordanas.com\/\",\"name\":\"PrijedorDanas.com - Prijedorski gradski portal\",\"description\":\"Portal o doga\u0111anjima u gradu Prijedoru\",\"publisher\":{\"@id\":\"https:\/\/www.prijedordanas.com\/#organization\"},\"potentialAction\":[{\"@type\":\"SearchAction\",\"target\":{\"@type\":\"EntryPoint\",\"urlTemplate\":\"https:\/\/www.prijedordanas.com\/?s={search_term_string}\"},\"query-input\":\"required name=search_term_string\"}],\"inLanguage\":\"en-US\"},{\"@type\":\"Organization\",\"@id\":\"https:\/\/www.prijedordanas.com\/#organization\",\"name\":\"PrijedorDanas.com\",\"url\":\"https:\/\/www.prijedordanas.com\/\",\"logo\":{\"@type\":\"ImageObject\",\"inLanguage\":\"en-US\",\"@id\":\"https:\/\/www.prijedordanas.com\/#\/schema\/logo\/image\/\",\"url\":\"http:\/\/www.prijedordanas.com\/wp-content\/uploads\/2021\/12\/logopng.png\",\"contentUrl\":\"http:\/\/www.prijedordanas.com\/wp-content\/uploads\/2021\/12\/logopng.png\",\"width\":1019,\"height\":776,\"caption\":\"PrijedorDanas.com\"},\"image\":{\"@id\":\"https:\/\/www.prijedordanas.com\/#\/schema\/logo\/image\/\"},\"sameAs\":[\"https:\/\/www.facebook.com\/PrijedorDanasCom\/\"]},{\"@type\":\"Person\",\"@id\":\"https:\/\/www.prijedordanas.com\/#\/schema\/person\/4e08ccf29b506ca916ff86d46bb700e6\",\"name\":\"admin\",\"image\":{\"@type\":\"ImageObject\",\"inLanguage\":\"en-US\",\"@id\":\"https:\/\/www.prijedordanas.com\/#\/schema\/person\/image\/\",\"url\":\"https:\/\/secure.gravatar.com\/avatar\/1d3fc949d550f0b53a5f0d51e06dfd79?s=96&d=mm&r=g\",\"contentUrl\":\"https:\/\/secure.gravatar.com\/avatar\/1d3fc949d550f0b53a5f0d51e06dfd79?s=96&d=mm&r=g\",\"caption\":\"admin\"},\"url\":\"https:\/\/www.prijedordanas.com\/?author=1\"}]}<\/script>\n<!-- \/ Yoast SEO plugin. -->","yoast_head_json":{"title":"Detalji o sprovo\u0111enju mjera u borbi protiv virusa korona u Republici Srpskoj - PrijedorDanas.com - Prijedorski gradski portal","robots":{"index":"index","follow":"follow","max-snippet":"max-snippet:-1","max-image-preview":"max-image-preview:large","max-video-preview":"max-video-preview:-1"},"canonical":"https:\/\/www.prijedordanas.com\/?p=164332","og_locale":"en_US","og_type":"article","og_title":"Detalji o sprovo\u0111enju mjera u borbi protiv virusa korona u Republici Srpskoj - PrijedorDanas.com - Prijedorski gradski portal","og_description":"Republi\u010dki \u0161tab za vanredne situacije u Banja Luci je na odr\u017eanoj sjednici u nedjelju donio vi\u0161e mjera u borbi protiv virus korona u Republici Srpskoj. Zaklju\u010dak o sprovo\u0111enju mjera za [&hellip;]","og_url":"https:\/\/www.prijedordanas.com\/?p=164332","og_site_name":"PrijedorDanas.com - Prijedorski gradski portal","article_publisher":"https:\/\/www.facebook.com\/PrijedorDanasCom\/","article_published_time":"2021-03-21T22:35:09+00:00","og_image":[{"url":"https:\/\/www.prijedordanas.com\/wp-content\/uploads\/2020\/03\/republicki-stab-za-vanredne-situacije-300x225.jpg"}],"author":"admin","twitter_card":"summary_large_image","twitter_misc":{"Written by":"admin","Est. reading time":"4 minutes"},"schema":{"@context":"https:\/\/schema.org","@graph":[{"@type":"Article","@id":"https:\/\/www.prijedordanas.com\/?p=164332#article","isPartOf":{"@id":"https:\/\/www.prijedordanas.com\/?p=164332"},"author":{"name":"admin","@id":"https:\/\/www.prijedordanas.com\/#\/schema\/person\/4e08ccf29b506ca916ff86d46bb700e6"},"headline":"Detalji o sprovo\u0111enju mjera u borbi protiv virusa korona u Republici Srpskoj","datePublished":"2021-03-21T22:35:09+00:00","dateModified":"2021-03-21T22:35:09+00:00","mainEntityOfPage":{"@id":"https:\/\/www.prijedordanas.com\/?p=164332"},"wordCount":727,"publisher":{"@id":"https:\/\/www.prijedordanas.com\/#organization"},"keywords":["korona","mjere","Republi\u010dki \u0161tab za vanredne situacije"],"articleSection":["Dru\u0161tvo"],"inLanguage":"en-US"},{"@type":"WebPage","@id":"https:\/\/www.prijedordanas.com\/?p=164332","url":"https:\/\/www.prijedordanas.com\/?p=164332","name":"Detalji o sprovo\u0111enju mjera u borbi protiv virusa korona u Republici Srpskoj - PrijedorDanas.com - Prijedorski gradski portal","isPartOf":{"@id":"https:\/\/www.prijedordanas.com\/#website"},"datePublished":"2021-03-21T22:35:09+00:00","dateModified":"2021-03-21T22:35:09+00:00","breadcrumb":{"@id":"https:\/\/www.prijedordanas.com\/?p=164332#breadcrumb"},"inLanguage":"en-US","potentialAction":[{"@type":"ReadAction","target":["https:\/\/www.prijedordanas.com\/?p=164332"]}]},{"@type":"BreadcrumbList","@id":"https:\/\/www.prijedordanas.com\/?p=164332#breadcrumb","itemListElement":[{"@type":"ListItem","position":1,"name":"Home","item":"https:\/\/www.prijedordanas.com\/"},{"@type":"ListItem","position":2,"name":"Detalji o sprovo\u0111enju mjera u borbi protiv virusa korona u Republici Srpskoj"}]},{"@type":"WebSite","@id":"https:\/\/www.prijedordanas.com\/#website","url":"https:\/\/www.prijedordanas.com\/","name":"PrijedorDanas.com - Prijedorski gradski portal","description":"Portal o doga\u0111anjima u gradu Prijedoru","publisher":{"@id":"https:\/\/www.prijedordanas.com\/#organization"},"potentialAction":[{"@type":"SearchAction","target":{"@type":"EntryPoint","urlTemplate":"https:\/\/www.prijedordanas.com\/?s={search_term_string}"},"query-input":"required name=search_term_string"}],"inLanguage":"en-US"},{"@type":"Organization","@id":"https:\/\/www.prijedordanas.com\/#organization","name":"PrijedorDanas.com","url":"https:\/\/www.prijedordanas.com\/","logo":{"@type":"ImageObject","inLanguage":"en-US","@id":"https:\/\/www.prijedordanas.com\/#\/schema\/logo\/image\/","url":"http:\/\/www.prijedordanas.com\/wp-content\/uploads\/2021\/12\/logopng.png","contentUrl":"http:\/\/www.prijedordanas.com\/wp-content\/uploads\/2021\/12\/logopng.png","width":1019,"height":776,"caption":"PrijedorDanas.com"},"image":{"@id":"https:\/\/www.prijedordanas.com\/#\/schema\/logo\/image\/"},"sameAs":["https:\/\/www.facebook.com\/PrijedorDanasCom\/"]},{"@type":"Person","@id":"https:\/\/www.prijedordanas.com\/#\/schema\/person\/4e08ccf29b506ca916ff86d46bb700e6","name":"admin","image":{"@type":"ImageObject","inLanguage":"en-US","@id":"https:\/\/www.prijedordanas.com\/#\/schema\/person\/image\/","url":"https:\/\/secure.gravatar.com\/avatar\/1d3fc949d550f0b53a5f0d51e06dfd79?s=96&d=mm&r=g","contentUrl":"https:\/\/secure.gravatar.com\/avatar\/1d3fc949d550f0b53a5f0d51e06dfd79?s=96&d=mm&r=g","caption":"admin"},"url":"https:\/\/www.prijedordanas.com\/?author=1"}]}},"_links":{"self":[{"href":"https:\/\/www.prijedordanas.com\/index.php?rest_route=\/wp\/v2\/posts\/164332"}],"collection":[{"href":"https:\/\/www.prijedordanas.com\/index.php?rest_route=\/wp\/v2\/posts"}],"about":[{"href":"https:\/\/www.prijedordanas.com\/index.php?rest_route=\/wp\/v2\/types\/post"}],"author":[{"embeddable":true,"href":"https:\/\/www.prijedordanas.com\/index.php?rest_route=\/wp\/v2\/users\/1"}],"replies":[{"embeddable":true,"href":"https:\/\/www.prijedordanas.com\/index.php?rest_route=%2Fwp%2Fv2%2Fcomments&post=164332"}],"version-history":[{"count":1,"href":"https:\/\/www.prijedordanas.com\/index.php?rest_route=\/wp\/v2\/posts\/164332\/revisions"}],"predecessor-version":[{"id":164333,"href":"https:\/\/www.prijedordanas.com\/index.php?rest_route=\/wp\/v2\/posts\/164332\/revisions\/164333"}],"wp:attachment":[{"href":"https:\/\/www.prijedordanas.com\/index.php?rest_route=%2Fwp%2Fv2%2Fmedia&parent=164332"}],"wp:term":[{"taxonomy":"category","embeddable":true,"href":"https:\/\/www.prijedordanas.com\/index.php?rest_route=%2Fwp%2Fv2%2Fcategories&post=164332"},{"taxonomy":"post_tag","embeddable":true,"href":"https:\/\/www.prijedordanas.com\/index.php?rest_route=%2Fwp%2Fv2%2Ftags&post=164332"}],"curies":[{"name":"wp","href":"https:\/\/api.w.org\/{rel}","templated":true}]}}