{"id":164086,"date":"2021-03-17T19:10:55","date_gmt":"2021-03-17T18:10:55","guid":{"rendered":"https:\/\/www.prijedordanas.com\/?p=164086"},"modified":"2021-03-17T19:10:55","modified_gmt":"2021-03-17T18:10:55","slug":"multisektorski-tim-prijedor-ubrzati-razmjenu-informacija-kada-su-djeca-zrtve","status":"publish","type":"post","link":"https:\/\/www.prijedordanas.com\/?p=164086","title":{"rendered":"Multisektorski tim Prijedor: Ubrzati razmjenu informacija kada su djeca \u017ertve"},"content":{"rendered":"<p><a href=\"https:\/\/www.prijedordanas.com\/wp-content\/uploads\/2021\/03\/multisektorski-tim-prijedor-17mart-1.jpg\"><img loading=\"lazy\" decoding=\"async\" class=\"alignleft size-medium wp-image-164087\" src=\"https:\/\/www.prijedordanas.com\/wp-content\/uploads\/2021\/03\/multisektorski-tim-prijedor-17mart-1-300x225.jpg\" alt=\"\" width=\"300\" height=\"225\" srcset=\"https:\/\/www.prijedordanas.com\/wp-content\/uploads\/2021\/03\/multisektorski-tim-prijedor-17mart-1-300x225.jpg 300w, https:\/\/www.prijedordanas.com\/wp-content\/uploads\/2021\/03\/multisektorski-tim-prijedor-17mart-1-640x480.jpg 640w, https:\/\/www.prijedordanas.com\/wp-content\/uploads\/2021\/03\/multisektorski-tim-prijedor-17mart-1.jpg 667w\" sizes=\"(max-width: 300px) 100vw, 300px\" \/><\/a>Multisektorski tim (MST) za prevenciju i borbu protiv porodi\u010dnog i rodno zasnovanog nasilja grada Prijedora inicirao je danas ubrzanu razmjenu informacija me\u0111u \u010dlanovima tima u slu\u010dajevima kada subjekti za\u0161tite imaju saznanja da su djeca \u0161kolskog uzrasta direktne ili indirektne \u017ertve nasilja.<\/p>\n<p>Socijalni radnik LJubica Iveti\u0107, koja je \u010dlan MST-a u ime Centra &#8220;Sunce&#8221;, rekla je da je do sada bilo uobi\u010dajeno da se te informacije razmjenjujeu jednom mjese\u010dno na redovnim sastancima tima.<\/p>\n<p>&#8220;Uvidjeli smo da je to ponekad kasno i da bi daleko korisnije bilo da se \u0161kolske stru\u010dne slu\u017ebe uklju\u010de odmah da bi blagovremeno mogle reagovati. \u0160tavi\u0161e, ponekad je i \u0161tetno da se uklju\u010de naknadno jer se dijete tako mo\u017ee retraumatizovati&#8221;, rekla je Iveti\u0107eva.<\/p>\n<p>Iveti\u0107eva je naglasila da se dijete koje prisustvuje nasilju, a ne trpi ga direktno, tretira kao indirektna \u017ertva, \u0161to zna\u010di da su mu neophodni podr\u0161ka i za\u0161tita jer njegovo psihi\u010dko stanje vi\u0161e nije isto.<\/p>\n<p><a href=\"https:\/\/www.prijedordanas.com\/wp-content\/uploads\/2021\/03\/multisektorski-tim-prijedor-17mart-2.jpg\"><img loading=\"lazy\" decoding=\"async\" class=\"alignleft size-medium wp-image-164088\" src=\"https:\/\/www.prijedordanas.com\/wp-content\/uploads\/2021\/03\/multisektorski-tim-prijedor-17mart-2-300x225.jpg\" alt=\"\" width=\"300\" height=\"225\" srcset=\"https:\/\/www.prijedordanas.com\/wp-content\/uploads\/2021\/03\/multisektorski-tim-prijedor-17mart-2-300x225.jpg 300w, https:\/\/www.prijedordanas.com\/wp-content\/uploads\/2021\/03\/multisektorski-tim-prijedor-17mart-2-640x480.jpg 640w, https:\/\/www.prijedordanas.com\/wp-content\/uploads\/2021\/03\/multisektorski-tim-prijedor-17mart-2.jpg 667w\" sizes=\"(max-width: 300px) 100vw, 300px\" \/><\/a>&#8220;\u0160to prije saznamo &#8211; prije mo\u017eemo pru\u017eiti psiho-socijalnu podr\u0161ku i osna\u017eiti ga. Mi radimo sa djecom sa razvojnim pote\u0161ko\u0107ama i u\u010dimo ih da nam prijavljuju i bezazlene informacije, ali samo da prijavljuju, a mi \u0107emo razlu\u010diti koje su bitne&#8221;, navela je Iveti\u0107eva.<\/p>\n<p>Ona je istakla da je neophodno ubrzati protok informacija jer ima primjera da prijava nasilja do\u0111e nekoj instituciji iz ku\u0107e, da u toj ku\u0107i ima \u0161kolske djece, a da \u0161kola nije prepoznala indikatore iz referalnog mehanizma po programu &#8220;Briga o djeci &#8211; zajedni\u010dka odgovornost i obaveza&#8221;, a koji ukazuju na problem u porodici.<\/p>\n<p>&#8220;Ako nas institucija kojoj je je nasilje prijavljeno o tome odmah obavijesti, mi mo\u017eemo odmah i po\u010deti rad sa djetetom, jer djeca kao indirektne \u017ertve \u010desto prelaze u nau\u010deni oblik pona\u0161anja, bilo u nasilnike, bilo u \u017ertve. Stru\u010dne slu\u017ebe i odjeljenske starje\u0161ine su spremni, a i u obavezi, da rade sa djetetom i sa roditeljima u okviru svojih nadle\u017enosti i podr\u0161ka koju mogu da pru\u017ee nikako nije zanemariva&#8221;, poru\u010dila je Iveti\u0107eva.<\/p>\n<p><a href=\"https:\/\/www.prijedordanas.com\/wp-content\/uploads\/2021\/03\/multisektorski-tim-prijedor-17mart-3.jpg\"><img loading=\"lazy\" decoding=\"async\" src=\"https:\/\/www.prijedordanas.com\/wp-content\/uploads\/2021\/03\/multisektorski-tim-prijedor-17mart-3-300x225.jpg\" alt=\"\" width=\"300\" height=\"225\" class=\"alignleft size-medium wp-image-164089\" srcset=\"https:\/\/www.prijedordanas.com\/wp-content\/uploads\/2021\/03\/multisektorski-tim-prijedor-17mart-3-300x225.jpg 300w, https:\/\/www.prijedordanas.com\/wp-content\/uploads\/2021\/03\/multisektorski-tim-prijedor-17mart-3-640x480.jpg 640w, https:\/\/www.prijedordanas.com\/wp-content\/uploads\/2021\/03\/multisektorski-tim-prijedor-17mart-3.jpg 667w\" sizes=\"(max-width: 300px) 100vw, 300px\" \/><\/a>Iveti\u0107eva je navela da je \u0161kolama potrebna samo najosnovnija informacija.<\/p>\n<p>Psiholog Sonja Predojevi\u0107, koja je \u010dlan MST-a u ime Aktiva direktora osnovnih \u0161kola, rekla je da je po\u010detkom godine zabilje\u017een slu\u010daj porodi\u010dnog nasilja o kojem je diskutovao tim na redovnom mjese\u010dnom sastanku, da je slu\u010dajem bilo obuhva\u0107eno jedno dijete \u0161kolskog uzrasta i da je ona obavijestila tu \u0161kolu o slu\u010daju.<\/p>\n<p>&#8220;\u0160kola je, ispostavilo se, primijetila da se ne\u0161to de\u0161ava sa djetetom, tako da uz povratne informacije koje je dobila zna kako dalje postupati. Istina je da se djeci u \u0161kolama nekada odlazak kod pedagoga ili psihologa predstavlja kao vaspitna mjera, ali kada jednom do\u0111u kod nas, pa vide da je to jedan normalan i prijateljski razgovor, onda se poslije sve lak\u0161e otvaraju&#8221;, rekla je Predojevi\u0107eva.<\/p>\n<p>Socijalni radnik Marijana Stani\u0107, koja je \u010dlan MST-a u ime Centra za socijalni rad Prijedor, rekla je da je i do sada bilo razmjene informacija izme\u0111u \u010dlanica tima i mimo redovnih sastanaka, ako tako iziskuju protokoli o postupanju, a da \u0107e ubudu\u0107e to biti i na ovaj na\u010din koji je danas predlo\u017een i da \u0107e se na taj na\u010din dijeliti ukratko najosnovnije informacije.<\/p>\n<p>Dana\u0161nje sastanku su prisustvovali i predstavnici policije, Centra za za\u0161titu mentalnog zdravlja Doma zdravlja Prijedor, Aktiva direktora srednjih \u0161kola i medijske zajednice.<\/p>\n<p>SRNA<\/p>\n","protected":false},"excerpt":{"rendered":"<p>Multisektorski tim (MST) za prevenciju i borbu protiv porodi\u010dnog i rodno zasnovanog nasilja grada Prijedora inicirao je danas ubrzanu razmjenu informacija me\u0111u \u010dlanovima tima u slu\u010dajevima kada subjekti za\u0161tite imaju [&hellip;]<\/p>\n","protected":false},"author":1,"featured_media":0,"comment_status":"closed","ping_status":"open","sticky":false,"template":"","format":"standard","meta":{"_monsterinsights_skip_tracking":false,"_monsterinsights_sitenote_active":false,"_monsterinsights_sitenote_note":"","_monsterinsights_sitenote_category":0,"footnotes":""},"categories":[8],"tags":[],"yoast_head":"<!-- This site is optimized with the Yoast SEO plugin v21.6 - https:\/\/yoast.com\/wordpress\/plugins\/seo\/ -->\n<title>Multisektorski tim Prijedor: Ubrzati razmjenu informacija kada su djeca \u017ertve - PrijedorDanas.com - Prijedorski gradski portal<\/title>\n<meta name=\"robots\" content=\"index, follow, max-snippet:-1, max-image-preview:large, max-video-preview:-1\" \/>\n<link rel=\"canonical\" href=\"https:\/\/www.prijedordanas.com\/?p=164086\" \/>\n<meta property=\"og:locale\" content=\"en_US\" \/>\n<meta property=\"og:type\" content=\"article\" \/>\n<meta property=\"og:title\" content=\"Multisektorski tim Prijedor: Ubrzati razmjenu informacija kada su djeca \u017ertve - PrijedorDanas.com - Prijedorski gradski portal\" \/>\n<meta property=\"og:description\" content=\"Multisektorski tim (MST) za prevenciju i borbu protiv porodi\u010dnog i rodno zasnovanog nasilja grada Prijedora inicirao je danas ubrzanu razmjenu informacija me\u0111u \u010dlanovima tima u slu\u010dajevima kada subjekti za\u0161tite imaju [&hellip;]\" \/>\n<meta property=\"og:url\" content=\"https:\/\/www.prijedordanas.com\/?p=164086\" \/>\n<meta property=\"og:site_name\" content=\"PrijedorDanas.com - Prijedorski gradski portal\" \/>\n<meta property=\"article:publisher\" content=\"https:\/\/www.facebook.com\/PrijedorDanasCom\/\" \/>\n<meta property=\"article:published_time\" content=\"2021-03-17T18:10:55+00:00\" \/>\n<meta property=\"og:image\" content=\"https:\/\/www.prijedordanas.com\/wp-content\/uploads\/2021\/03\/multisektorski-tim-prijedor-17mart-1-300x225.jpg\" \/>\n<meta name=\"author\" content=\"admin\" \/>\n<meta name=\"twitter:card\" content=\"summary_large_image\" \/>\n<meta name=\"twitter:label1\" content=\"Written by\" \/>\n\t<meta name=\"twitter:data1\" content=\"admin\" \/>\n\t<meta name=\"twitter:label2\" content=\"Est. reading time\" \/>\n\t<meta name=\"twitter:data2\" content=\"3 minutes\" \/>\n<script type=\"application\/ld+json\" class=\"yoast-schema-graph\">{\"@context\":\"https:\/\/schema.org\",\"@graph\":[{\"@type\":\"Article\",\"@id\":\"https:\/\/www.prijedordanas.com\/?p=164086#article\",\"isPartOf\":{\"@id\":\"https:\/\/www.prijedordanas.com\/?p=164086\"},\"author\":{\"name\":\"admin\",\"@id\":\"https:\/\/www.prijedordanas.com\/#\/schema\/person\/4e08ccf29b506ca916ff86d46bb700e6\"},\"headline\":\"Multisektorski tim Prijedor: Ubrzati razmjenu informacija kada su djeca \u017ertve\",\"datePublished\":\"2021-03-17T18:10:55+00:00\",\"dateModified\":\"2021-03-17T18:10:55+00:00\",\"mainEntityOfPage\":{\"@id\":\"https:\/\/www.prijedordanas.com\/?p=164086\"},\"wordCount\":601,\"publisher\":{\"@id\":\"https:\/\/www.prijedordanas.com\/#organization\"},\"articleSection\":[\"Svakodnevno\"],\"inLanguage\":\"en-US\"},{\"@type\":\"WebPage\",\"@id\":\"https:\/\/www.prijedordanas.com\/?p=164086\",\"url\":\"https:\/\/www.prijedordanas.com\/?p=164086\",\"name\":\"Multisektorski tim Prijedor: Ubrzati razmjenu informacija kada su djeca \u017ertve - PrijedorDanas.com - Prijedorski gradski portal\",\"isPartOf\":{\"@id\":\"https:\/\/www.prijedordanas.com\/#website\"},\"datePublished\":\"2021-03-17T18:10:55+00:00\",\"dateModified\":\"2021-03-17T18:10:55+00:00\",\"breadcrumb\":{\"@id\":\"https:\/\/www.prijedordanas.com\/?p=164086#breadcrumb\"},\"inLanguage\":\"en-US\",\"potentialAction\":[{\"@type\":\"ReadAction\",\"target\":[\"https:\/\/www.prijedordanas.com\/?p=164086\"]}]},{\"@type\":\"BreadcrumbList\",\"@id\":\"https:\/\/www.prijedordanas.com\/?p=164086#breadcrumb\",\"itemListElement\":[{\"@type\":\"ListItem\",\"position\":1,\"name\":\"Home\",\"item\":\"https:\/\/www.prijedordanas.com\/\"},{\"@type\":\"ListItem\",\"position\":2,\"name\":\"Multisektorski tim Prijedor: Ubrzati razmjenu informacija kada su djeca \u017ertve\"}]},{\"@type\":\"WebSite\",\"@id\":\"https:\/\/www.prijedordanas.com\/#website\",\"url\":\"https:\/\/www.prijedordanas.com\/\",\"name\":\"PrijedorDanas.com - Prijedorski gradski portal\",\"description\":\"Portal o doga\u0111anjima u gradu Prijedoru\",\"publisher\":{\"@id\":\"https:\/\/www.prijedordanas.com\/#organization\"},\"potentialAction\":[{\"@type\":\"SearchAction\",\"target\":{\"@type\":\"EntryPoint\",\"urlTemplate\":\"https:\/\/www.prijedordanas.com\/?s={search_term_string}\"},\"query-input\":\"required name=search_term_string\"}],\"inLanguage\":\"en-US\"},{\"@type\":\"Organization\",\"@id\":\"https:\/\/www.prijedordanas.com\/#organization\",\"name\":\"PrijedorDanas.com\",\"url\":\"https:\/\/www.prijedordanas.com\/\",\"logo\":{\"@type\":\"ImageObject\",\"inLanguage\":\"en-US\",\"@id\":\"https:\/\/www.prijedordanas.com\/#\/schema\/logo\/image\/\",\"url\":\"http:\/\/www.prijedordanas.com\/wp-content\/uploads\/2021\/12\/logopng.png\",\"contentUrl\":\"http:\/\/www.prijedordanas.com\/wp-content\/uploads\/2021\/12\/logopng.png\",\"width\":1019,\"height\":776,\"caption\":\"PrijedorDanas.com\"},\"image\":{\"@id\":\"https:\/\/www.prijedordanas.com\/#\/schema\/logo\/image\/\"},\"sameAs\":[\"https:\/\/www.facebook.com\/PrijedorDanasCom\/\"]},{\"@type\":\"Person\",\"@id\":\"https:\/\/www.prijedordanas.com\/#\/schema\/person\/4e08ccf29b506ca916ff86d46bb700e6\",\"name\":\"admin\",\"image\":{\"@type\":\"ImageObject\",\"inLanguage\":\"en-US\",\"@id\":\"https:\/\/www.prijedordanas.com\/#\/schema\/person\/image\/\",\"url\":\"https:\/\/secure.gravatar.com\/avatar\/1d3fc949d550f0b53a5f0d51e06dfd79?s=96&d=mm&r=g\",\"contentUrl\":\"https:\/\/secure.gravatar.com\/avatar\/1d3fc949d550f0b53a5f0d51e06dfd79?s=96&d=mm&r=g\",\"caption\":\"admin\"},\"url\":\"https:\/\/www.prijedordanas.com\/?author=1\"}]}<\/script>\n<!-- \/ Yoast SEO plugin. -->","yoast_head_json":{"title":"Multisektorski tim Prijedor: Ubrzati razmjenu informacija kada su djeca \u017ertve - PrijedorDanas.com - Prijedorski gradski portal","robots":{"index":"index","follow":"follow","max-snippet":"max-snippet:-1","max-image-preview":"max-image-preview:large","max-video-preview":"max-video-preview:-1"},"canonical":"https:\/\/www.prijedordanas.com\/?p=164086","og_locale":"en_US","og_type":"article","og_title":"Multisektorski tim Prijedor: Ubrzati razmjenu informacija kada su djeca \u017ertve - PrijedorDanas.com - Prijedorski gradski portal","og_description":"Multisektorski tim (MST) za prevenciju i borbu protiv porodi\u010dnog i rodno zasnovanog nasilja grada Prijedora inicirao je danas ubrzanu razmjenu informacija me\u0111u \u010dlanovima tima u slu\u010dajevima kada subjekti za\u0161tite imaju [&hellip;]","og_url":"https:\/\/www.prijedordanas.com\/?p=164086","og_site_name":"PrijedorDanas.com - Prijedorski gradski portal","article_publisher":"https:\/\/www.facebook.com\/PrijedorDanasCom\/","article_published_time":"2021-03-17T18:10:55+00:00","og_image":[{"url":"https:\/\/www.prijedordanas.com\/wp-content\/uploads\/2021\/03\/multisektorski-tim-prijedor-17mart-1-300x225.jpg"}],"author":"admin","twitter_card":"summary_large_image","twitter_misc":{"Written by":"admin","Est. reading time":"3 minutes"},"schema":{"@context":"https:\/\/schema.org","@graph":[{"@type":"Article","@id":"https:\/\/www.prijedordanas.com\/?p=164086#article","isPartOf":{"@id":"https:\/\/www.prijedordanas.com\/?p=164086"},"author":{"name":"admin","@id":"https:\/\/www.prijedordanas.com\/#\/schema\/person\/4e08ccf29b506ca916ff86d46bb700e6"},"headline":"Multisektorski tim Prijedor: Ubrzati razmjenu informacija kada su djeca \u017ertve","datePublished":"2021-03-17T18:10:55+00:00","dateModified":"2021-03-17T18:10:55+00:00","mainEntityOfPage":{"@id":"https:\/\/www.prijedordanas.com\/?p=164086"},"wordCount":601,"publisher":{"@id":"https:\/\/www.prijedordanas.com\/#organization"},"articleSection":["Svakodnevno"],"inLanguage":"en-US"},{"@type":"WebPage","@id":"https:\/\/www.prijedordanas.com\/?p=164086","url":"https:\/\/www.prijedordanas.com\/?p=164086","name":"Multisektorski tim Prijedor: Ubrzati razmjenu informacija kada su djeca \u017ertve - PrijedorDanas.com - Prijedorski gradski portal","isPartOf":{"@id":"https:\/\/www.prijedordanas.com\/#website"},"datePublished":"2021-03-17T18:10:55+00:00","dateModified":"2021-03-17T18:10:55+00:00","breadcrumb":{"@id":"https:\/\/www.prijedordanas.com\/?p=164086#breadcrumb"},"inLanguage":"en-US","potentialAction":[{"@type":"ReadAction","target":["https:\/\/www.prijedordanas.com\/?p=164086"]}]},{"@type":"BreadcrumbList","@id":"https:\/\/www.prijedordanas.com\/?p=164086#breadcrumb","itemListElement":[{"@type":"ListItem","position":1,"name":"Home","item":"https:\/\/www.prijedordanas.com\/"},{"@type":"ListItem","position":2,"name":"Multisektorski tim Prijedor: Ubrzati razmjenu informacija kada su djeca \u017ertve"}]},{"@type":"WebSite","@id":"https:\/\/www.prijedordanas.com\/#website","url":"https:\/\/www.prijedordanas.com\/","name":"PrijedorDanas.com - Prijedorski gradski portal","description":"Portal o doga\u0111anjima u gradu Prijedoru","publisher":{"@id":"https:\/\/www.prijedordanas.com\/#organization"},"potentialAction":[{"@type":"SearchAction","target":{"@type":"EntryPoint","urlTemplate":"https:\/\/www.prijedordanas.com\/?s={search_term_string}"},"query-input":"required name=search_term_string"}],"inLanguage":"en-US"},{"@type":"Organization","@id":"https:\/\/www.prijedordanas.com\/#organization","name":"PrijedorDanas.com","url":"https:\/\/www.prijedordanas.com\/","logo":{"@type":"ImageObject","inLanguage":"en-US","@id":"https:\/\/www.prijedordanas.com\/#\/schema\/logo\/image\/","url":"http:\/\/www.prijedordanas.com\/wp-content\/uploads\/2021\/12\/logopng.png","contentUrl":"http:\/\/www.prijedordanas.com\/wp-content\/uploads\/2021\/12\/logopng.png","width":1019,"height":776,"caption":"PrijedorDanas.com"},"image":{"@id":"https:\/\/www.prijedordanas.com\/#\/schema\/logo\/image\/"},"sameAs":["https:\/\/www.facebook.com\/PrijedorDanasCom\/"]},{"@type":"Person","@id":"https:\/\/www.prijedordanas.com\/#\/schema\/person\/4e08ccf29b506ca916ff86d46bb700e6","name":"admin","image":{"@type":"ImageObject","inLanguage":"en-US","@id":"https:\/\/www.prijedordanas.com\/#\/schema\/person\/image\/","url":"https:\/\/secure.gravatar.com\/avatar\/1d3fc949d550f0b53a5f0d51e06dfd79?s=96&d=mm&r=g","contentUrl":"https:\/\/secure.gravatar.com\/avatar\/1d3fc949d550f0b53a5f0d51e06dfd79?s=96&d=mm&r=g","caption":"admin"},"url":"https:\/\/www.prijedordanas.com\/?author=1"}]}},"_links":{"self":[{"href":"https:\/\/www.prijedordanas.com\/index.php?rest_route=\/wp\/v2\/posts\/164086"}],"collection":[{"href":"https:\/\/www.prijedordanas.com\/index.php?rest_route=\/wp\/v2\/posts"}],"about":[{"href":"https:\/\/www.prijedordanas.com\/index.php?rest_route=\/wp\/v2\/types\/post"}],"author":[{"embeddable":true,"href":"https:\/\/www.prijedordanas.com\/index.php?rest_route=\/wp\/v2\/users\/1"}],"replies":[{"embeddable":true,"href":"https:\/\/www.prijedordanas.com\/index.php?rest_route=%2Fwp%2Fv2%2Fcomments&post=164086"}],"version-history":[{"count":1,"href":"https:\/\/www.prijedordanas.com\/index.php?rest_route=\/wp\/v2\/posts\/164086\/revisions"}],"predecessor-version":[{"id":164090,"href":"https:\/\/www.prijedordanas.com\/index.php?rest_route=\/wp\/v2\/posts\/164086\/revisions\/164090"}],"wp:attachment":[{"href":"https:\/\/www.prijedordanas.com\/index.php?rest_route=%2Fwp%2Fv2%2Fmedia&parent=164086"}],"wp:term":[{"taxonomy":"category","embeddable":true,"href":"https:\/\/www.prijedordanas.com\/index.php?rest_route=%2Fwp%2Fv2%2Fcategories&post=164086"},{"taxonomy":"post_tag","embeddable":true,"href":"https:\/\/www.prijedordanas.com\/index.php?rest_route=%2Fwp%2Fv2%2Ftags&post=164086"}],"curies":[{"name":"wp","href":"https:\/\/api.w.org\/{rel}","templated":true}]}}