{"id":164002,"date":"2021-03-16T10:17:29","date_gmt":"2021-03-16T09:17:29","guid":{"rendered":"https:\/\/www.prijedordanas.com\/?p=164002"},"modified":"2021-03-16T10:17:29","modified_gmt":"2021-03-16T09:17:29","slug":"nastavak-istrage-teskog-ubistva-u-prijedoru-jataci-u-pritvoru-osumnjiceni-i-dalje-u-bjekstvu","status":"publish","type":"post","link":"https:\/\/www.prijedordanas.com\/?p=164002","title":{"rendered":"Nastavak istrage te\u0161kog ubistva u Prijedoru: Jataci u pritvoru, osumnji\u010deni i dalje u bjekstvu"},"content":{"rendered":"<p><a href=\"https:\/\/www.prijedordanas.com\/wp-content\/uploads\/2021\/03\/ubistvo-raskovac-potraga-momic-1.jpg\"><img loading=\"lazy\" decoding=\"async\" class=\"alignleft size-medium wp-image-163814\" src=\"https:\/\/www.prijedordanas.com\/wp-content\/uploads\/2021\/03\/ubistvo-raskovac-potraga-momic-1-300x225.jpg\" alt=\"\" width=\"300\" height=\"225\" srcset=\"https:\/\/www.prijedordanas.com\/wp-content\/uploads\/2021\/03\/ubistvo-raskovac-potraga-momic-1-300x225.jpg 300w, https:\/\/www.prijedordanas.com\/wp-content\/uploads\/2021\/03\/ubistvo-raskovac-potraga-momic-1-640x480.jpg 640w, https:\/\/www.prijedordanas.com\/wp-content\/uploads\/2021\/03\/ubistvo-raskovac-potraga-momic-1.jpg 667w\" sizes=\"(max-width: 300px) 100vw, 300px\" \/><\/a>U nastavku istrage te\u0161kog ubistva Mihajla Stupara zvanog \u0160mit u Prijedoru policija je uhapsila Bojana Savanovi\u0107a i Gojka \u0160obota, saznaje Srpskainfo.<\/p>\n<p>Savanovi\u0107 i \u0160obot terete se za pomaganje u izvr\u0161enju te\u0161kog ubistva, odnosno da su pomogli osumnji\u010denom Marku Momi\u0107u da pobjegne iz Prijedora.<\/p>\n<p><strong><a href=\"https:\/\/www.prijedordanas.com\/?p=163803\" target=\"_blank\" rel=\"noopener\">Otkrivamo gdje je pobjegao: Osumnji\u010deni za ubistvo u Prijedoru na ilegalnom prelazu iza\u0161ao iz BiH<\/a><\/strong><\/p>\n<p>Na zahtjev tu\u017eila\u0161tva, Okru\u017eni sud u Prijedoru odredio je jednomjese\u010dni pritvor osumnji\u010denima zbog bojazni da \u0107e uticati na svjedoke, te sakriti dokaze bitne za krivi\u010dni postupak.<\/p>\n<p><strong><a href=\"https:\/\/www.prijedordanas.com\/?p=163738\" target=\"_blank\" rel=\"noopener\">Prijedor\u010danin brutalno ubijen dva mjeseca nakon izlaska iz zatvora \u2013 FOTO<\/a><\/strong><\/p>\n<p>Stupar je ubijen 11. marta, a be\u017eivotno tijelo prona\u0161li su ribari u prijedorskom naselju Ra\u0161kovac, na obali rijeke Sane.<\/p>\n<p><a href=\"https:\/\/www.prijedordanas.com\/wp-content\/uploads\/2021\/03\/ubistvo-raskovac-potraga-momic-2.jpg\"><img loading=\"lazy\" decoding=\"async\" class=\"alignleft size-medium wp-image-164003\" src=\"https:\/\/www.prijedordanas.com\/wp-content\/uploads\/2021\/03\/ubistvo-raskovac-potraga-momic-2-300x225.jpg\" alt=\"\" width=\"300\" height=\"225\" srcset=\"https:\/\/www.prijedordanas.com\/wp-content\/uploads\/2021\/03\/ubistvo-raskovac-potraga-momic-2-300x225.jpg 300w, https:\/\/www.prijedordanas.com\/wp-content\/uploads\/2021\/03\/ubistvo-raskovac-potraga-momic-2-640x480.jpg 640w, https:\/\/www.prijedordanas.com\/wp-content\/uploads\/2021\/03\/ubistvo-raskovac-potraga-momic-2.jpg 667w\" sizes=\"(max-width: 300px) 100vw, 300px\" \/><\/a>Tokom uvi\u0111aja utvr\u0111eno je da je Stupar pretu\u010den bejzbol palicom i prega\u017een automobilom.<\/p>\n<p><strong><a href=\"https:\/\/www.prijedordanas.com\/?p=163702\" target=\"_blank\" rel=\"noopener\">Istra\u017eioci tragaju za ubicama: Poznat identitet \u017ertve mu\u010dkog zlo\u010dina u Prijedoru \u2013 FOTO\/VIDEO<\/a><\/strong><\/p>\n<p>Daljom istragom policija je utvrdila da je osumnji\u010deni za ubistvo Marko Momi\u0107, koji je od ranije poznat po izvr\u0161enju te\u0161kih krivi\u010dnih djela, ali nije prona\u0111en na adresi. Policija je ubrzo otkrila da su Momi\u0107u, koji je pobjegao u Srbiju, pomogli osumnji\u010deni Savanovi\u0107 i \u0160obot.<\/p>\n<p><strong><a href=\"https:\/\/www.prijedordanas.com\/?p=163686\" target=\"_blank\" rel=\"noopener\">Ubistvo u Prijedoru: Mu\u0161karca nasmrt pretukli bejzbol palicom, pa pregazili automobilom \u2013 FOTO\/VIDEO<\/a><\/strong><\/p>\n<p>Tokom istrage prona\u0111en je i automobil kojim je najvjerovatnije prega\u017een Stupar.<\/p>\n<p><strong><a href=\"https:\/\/www.prijedordanas.com\/?p=163805\" target=\"_blank\" rel=\"noopener\">Rasvijetljeno brutalno ubistvo u Prijedoru: Osumnji\u010deni u bjekstvu, uhap\u0161eni njegovi jataci<\/a><\/strong><\/p>\n<p>Na automobilu su bili jasno vidljivi brojni krvavi tragovi, pa \u0107e biti predmet daljeg vje\u0161ta\u010denja.<\/p>\n<p>srpskainfo.com<\/p>\n","protected":false},"excerpt":{"rendered":"<p>U nastavku istrage te\u0161kog ubistva Mihajla Stupara zvanog \u0160mit u Prijedoru policija je uhapsila Bojana Savanovi\u0107a i Gojka \u0160obota, saznaje Srpskainfo. Savanovi\u0107 i \u0160obot terete se za pomaganje u izvr\u0161enju [&hellip;]<\/p>\n","protected":false},"author":1,"featured_media":0,"comment_status":"closed","ping_status":"open","sticky":false,"template":"","format":"standard","meta":{"_monsterinsights_skip_tracking":false,"_monsterinsights_sitenote_active":false,"_monsterinsights_sitenote_note":"","_monsterinsights_sitenote_category":0,"footnotes":""},"categories":[5],"tags":[],"yoast_head":"<!-- This site is optimized with the Yoast SEO plugin v21.6 - https:\/\/yoast.com\/wordpress\/plugins\/seo\/ -->\n<title>Nastavak istrage te\u0161kog ubistva u Prijedoru: Jataci u pritvoru, osumnji\u010deni i dalje u bjekstvu - PrijedorDanas.com - Prijedorski gradski portal<\/title>\n<meta name=\"robots\" content=\"index, follow, max-snippet:-1, max-image-preview:large, max-video-preview:-1\" \/>\n<link rel=\"canonical\" href=\"https:\/\/www.prijedordanas.com\/?p=164002\" \/>\n<meta property=\"og:locale\" content=\"en_US\" \/>\n<meta property=\"og:type\" content=\"article\" \/>\n<meta property=\"og:title\" content=\"Nastavak istrage te\u0161kog ubistva u Prijedoru: Jataci u pritvoru, osumnji\u010deni i dalje u bjekstvu - PrijedorDanas.com - Prijedorski gradski portal\" \/>\n<meta property=\"og:description\" content=\"U nastavku istrage te\u0161kog ubistva Mihajla Stupara zvanog \u0160mit u Prijedoru policija je uhapsila Bojana Savanovi\u0107a i Gojka \u0160obota, saznaje Srpskainfo. Savanovi\u0107 i \u0160obot terete se za pomaganje u izvr\u0161enju [&hellip;]\" \/>\n<meta property=\"og:url\" content=\"https:\/\/www.prijedordanas.com\/?p=164002\" \/>\n<meta property=\"og:site_name\" content=\"PrijedorDanas.com - Prijedorski gradski portal\" \/>\n<meta property=\"article:publisher\" content=\"https:\/\/www.facebook.com\/PrijedorDanasCom\/\" \/>\n<meta property=\"article:published_time\" content=\"2021-03-16T09:17:29+00:00\" \/>\n<meta property=\"og:image\" content=\"https:\/\/www.prijedordanas.com\/wp-content\/uploads\/2021\/03\/ubistvo-raskovac-potraga-momic-1-300x225.jpg\" \/>\n<meta name=\"author\" content=\"admin\" \/>\n<meta name=\"twitter:card\" content=\"summary_large_image\" \/>\n<meta name=\"twitter:label1\" content=\"Written by\" \/>\n\t<meta name=\"twitter:data1\" content=\"admin\" \/>\n\t<meta name=\"twitter:label2\" content=\"Est. reading time\" \/>\n\t<meta name=\"twitter:data2\" content=\"2 minutes\" \/>\n<script type=\"application\/ld+json\" class=\"yoast-schema-graph\">{\"@context\":\"https:\/\/schema.org\",\"@graph\":[{\"@type\":\"Article\",\"@id\":\"https:\/\/www.prijedordanas.com\/?p=164002#article\",\"isPartOf\":{\"@id\":\"https:\/\/www.prijedordanas.com\/?p=164002\"},\"author\":{\"name\":\"admin\",\"@id\":\"https:\/\/www.prijedordanas.com\/#\/schema\/person\/4e08ccf29b506ca916ff86d46bb700e6\"},\"headline\":\"Nastavak istrage te\u0161kog ubistva u Prijedoru: Jataci u pritvoru, osumnji\u010deni i dalje u bjekstvu\",\"datePublished\":\"2021-03-16T09:17:29+00:00\",\"dateModified\":\"2021-03-16T09:17:29+00:00\",\"mainEntityOfPage\":{\"@id\":\"https:\/\/www.prijedordanas.com\/?p=164002\"},\"wordCount\":289,\"publisher\":{\"@id\":\"https:\/\/www.prijedordanas.com\/#organization\"},\"articleSection\":[\"Hronika\"],\"inLanguage\":\"en-US\"},{\"@type\":\"WebPage\",\"@id\":\"https:\/\/www.prijedordanas.com\/?p=164002\",\"url\":\"https:\/\/www.prijedordanas.com\/?p=164002\",\"name\":\"Nastavak istrage te\u0161kog ubistva u Prijedoru: Jataci u pritvoru, osumnji\u010deni i dalje u bjekstvu - PrijedorDanas.com - Prijedorski gradski portal\",\"isPartOf\":{\"@id\":\"https:\/\/www.prijedordanas.com\/#website\"},\"datePublished\":\"2021-03-16T09:17:29+00:00\",\"dateModified\":\"2021-03-16T09:17:29+00:00\",\"breadcrumb\":{\"@id\":\"https:\/\/www.prijedordanas.com\/?p=164002#breadcrumb\"},\"inLanguage\":\"en-US\",\"potentialAction\":[{\"@type\":\"ReadAction\",\"target\":[\"https:\/\/www.prijedordanas.com\/?p=164002\"]}]},{\"@type\":\"BreadcrumbList\",\"@id\":\"https:\/\/www.prijedordanas.com\/?p=164002#breadcrumb\",\"itemListElement\":[{\"@type\":\"ListItem\",\"position\":1,\"name\":\"Home\",\"item\":\"https:\/\/www.prijedordanas.com\/\"},{\"@type\":\"ListItem\",\"position\":2,\"name\":\"Nastavak istrage te\u0161kog ubistva u Prijedoru: Jataci u pritvoru, osumnji\u010deni i dalje u bjekstvu\"}]},{\"@type\":\"WebSite\",\"@id\":\"https:\/\/www.prijedordanas.com\/#website\",\"url\":\"https:\/\/www.prijedordanas.com\/\",\"name\":\"PrijedorDanas.com - Prijedorski gradski portal\",\"description\":\"Portal o doga\u0111anjima u gradu Prijedoru\",\"publisher\":{\"@id\":\"https:\/\/www.prijedordanas.com\/#organization\"},\"potentialAction\":[{\"@type\":\"SearchAction\",\"target\":{\"@type\":\"EntryPoint\",\"urlTemplate\":\"https:\/\/www.prijedordanas.com\/?s={search_term_string}\"},\"query-input\":\"required name=search_term_string\"}],\"inLanguage\":\"en-US\"},{\"@type\":\"Organization\",\"@id\":\"https:\/\/www.prijedordanas.com\/#organization\",\"name\":\"PrijedorDanas.com\",\"url\":\"https:\/\/www.prijedordanas.com\/\",\"logo\":{\"@type\":\"ImageObject\",\"inLanguage\":\"en-US\",\"@id\":\"https:\/\/www.prijedordanas.com\/#\/schema\/logo\/image\/\",\"url\":\"http:\/\/www.prijedordanas.com\/wp-content\/uploads\/2021\/12\/logopng.png\",\"contentUrl\":\"http:\/\/www.prijedordanas.com\/wp-content\/uploads\/2021\/12\/logopng.png\",\"width\":1019,\"height\":776,\"caption\":\"PrijedorDanas.com\"},\"image\":{\"@id\":\"https:\/\/www.prijedordanas.com\/#\/schema\/logo\/image\/\"},\"sameAs\":[\"https:\/\/www.facebook.com\/PrijedorDanasCom\/\"]},{\"@type\":\"Person\",\"@id\":\"https:\/\/www.prijedordanas.com\/#\/schema\/person\/4e08ccf29b506ca916ff86d46bb700e6\",\"name\":\"admin\",\"image\":{\"@type\":\"ImageObject\",\"inLanguage\":\"en-US\",\"@id\":\"https:\/\/www.prijedordanas.com\/#\/schema\/person\/image\/\",\"url\":\"https:\/\/secure.gravatar.com\/avatar\/1d3fc949d550f0b53a5f0d51e06dfd79?s=96&d=mm&r=g\",\"contentUrl\":\"https:\/\/secure.gravatar.com\/avatar\/1d3fc949d550f0b53a5f0d51e06dfd79?s=96&d=mm&r=g\",\"caption\":\"admin\"},\"url\":\"https:\/\/www.prijedordanas.com\/?author=1\"}]}<\/script>\n<!-- \/ Yoast SEO plugin. -->","yoast_head_json":{"title":"Nastavak istrage te\u0161kog ubistva u Prijedoru: Jataci u pritvoru, osumnji\u010deni i dalje u bjekstvu - PrijedorDanas.com - Prijedorski gradski portal","robots":{"index":"index","follow":"follow","max-snippet":"max-snippet:-1","max-image-preview":"max-image-preview:large","max-video-preview":"max-video-preview:-1"},"canonical":"https:\/\/www.prijedordanas.com\/?p=164002","og_locale":"en_US","og_type":"article","og_title":"Nastavak istrage te\u0161kog ubistva u Prijedoru: Jataci u pritvoru, osumnji\u010deni i dalje u bjekstvu - PrijedorDanas.com - Prijedorski gradski portal","og_description":"U nastavku istrage te\u0161kog ubistva Mihajla Stupara zvanog \u0160mit u Prijedoru policija je uhapsila Bojana Savanovi\u0107a i Gojka \u0160obota, saznaje Srpskainfo. Savanovi\u0107 i \u0160obot terete se za pomaganje u izvr\u0161enju [&hellip;]","og_url":"https:\/\/www.prijedordanas.com\/?p=164002","og_site_name":"PrijedorDanas.com - Prijedorski gradski portal","article_publisher":"https:\/\/www.facebook.com\/PrijedorDanasCom\/","article_published_time":"2021-03-16T09:17:29+00:00","og_image":[{"url":"https:\/\/www.prijedordanas.com\/wp-content\/uploads\/2021\/03\/ubistvo-raskovac-potraga-momic-1-300x225.jpg"}],"author":"admin","twitter_card":"summary_large_image","twitter_misc":{"Written by":"admin","Est. reading time":"2 minutes"},"schema":{"@context":"https:\/\/schema.org","@graph":[{"@type":"Article","@id":"https:\/\/www.prijedordanas.com\/?p=164002#article","isPartOf":{"@id":"https:\/\/www.prijedordanas.com\/?p=164002"},"author":{"name":"admin","@id":"https:\/\/www.prijedordanas.com\/#\/schema\/person\/4e08ccf29b506ca916ff86d46bb700e6"},"headline":"Nastavak istrage te\u0161kog ubistva u Prijedoru: Jataci u pritvoru, osumnji\u010deni i dalje u bjekstvu","datePublished":"2021-03-16T09:17:29+00:00","dateModified":"2021-03-16T09:17:29+00:00","mainEntityOfPage":{"@id":"https:\/\/www.prijedordanas.com\/?p=164002"},"wordCount":289,"publisher":{"@id":"https:\/\/www.prijedordanas.com\/#organization"},"articleSection":["Hronika"],"inLanguage":"en-US"},{"@type":"WebPage","@id":"https:\/\/www.prijedordanas.com\/?p=164002","url":"https:\/\/www.prijedordanas.com\/?p=164002","name":"Nastavak istrage te\u0161kog ubistva u Prijedoru: Jataci u pritvoru, osumnji\u010deni i dalje u bjekstvu - PrijedorDanas.com - Prijedorski gradski portal","isPartOf":{"@id":"https:\/\/www.prijedordanas.com\/#website"},"datePublished":"2021-03-16T09:17:29+00:00","dateModified":"2021-03-16T09:17:29+00:00","breadcrumb":{"@id":"https:\/\/www.prijedordanas.com\/?p=164002#breadcrumb"},"inLanguage":"en-US","potentialAction":[{"@type":"ReadAction","target":["https:\/\/www.prijedordanas.com\/?p=164002"]}]},{"@type":"BreadcrumbList","@id":"https:\/\/www.prijedordanas.com\/?p=164002#breadcrumb","itemListElement":[{"@type":"ListItem","position":1,"name":"Home","item":"https:\/\/www.prijedordanas.com\/"},{"@type":"ListItem","position":2,"name":"Nastavak istrage te\u0161kog ubistva u Prijedoru: Jataci u pritvoru, osumnji\u010deni i dalje u bjekstvu"}]},{"@type":"WebSite","@id":"https:\/\/www.prijedordanas.com\/#website","url":"https:\/\/www.prijedordanas.com\/","name":"PrijedorDanas.com - Prijedorski gradski portal","description":"Portal o doga\u0111anjima u gradu Prijedoru","publisher":{"@id":"https:\/\/www.prijedordanas.com\/#organization"},"potentialAction":[{"@type":"SearchAction","target":{"@type":"EntryPoint","urlTemplate":"https:\/\/www.prijedordanas.com\/?s={search_term_string}"},"query-input":"required name=search_term_string"}],"inLanguage":"en-US"},{"@type":"Organization","@id":"https:\/\/www.prijedordanas.com\/#organization","name":"PrijedorDanas.com","url":"https:\/\/www.prijedordanas.com\/","logo":{"@type":"ImageObject","inLanguage":"en-US","@id":"https:\/\/www.prijedordanas.com\/#\/schema\/logo\/image\/","url":"http:\/\/www.prijedordanas.com\/wp-content\/uploads\/2021\/12\/logopng.png","contentUrl":"http:\/\/www.prijedordanas.com\/wp-content\/uploads\/2021\/12\/logopng.png","width":1019,"height":776,"caption":"PrijedorDanas.com"},"image":{"@id":"https:\/\/www.prijedordanas.com\/#\/schema\/logo\/image\/"},"sameAs":["https:\/\/www.facebook.com\/PrijedorDanasCom\/"]},{"@type":"Person","@id":"https:\/\/www.prijedordanas.com\/#\/schema\/person\/4e08ccf29b506ca916ff86d46bb700e6","name":"admin","image":{"@type":"ImageObject","inLanguage":"en-US","@id":"https:\/\/www.prijedordanas.com\/#\/schema\/person\/image\/","url":"https:\/\/secure.gravatar.com\/avatar\/1d3fc949d550f0b53a5f0d51e06dfd79?s=96&d=mm&r=g","contentUrl":"https:\/\/secure.gravatar.com\/avatar\/1d3fc949d550f0b53a5f0d51e06dfd79?s=96&d=mm&r=g","caption":"admin"},"url":"https:\/\/www.prijedordanas.com\/?author=1"}]}},"_links":{"self":[{"href":"https:\/\/www.prijedordanas.com\/index.php?rest_route=\/wp\/v2\/posts\/164002"}],"collection":[{"href":"https:\/\/www.prijedordanas.com\/index.php?rest_route=\/wp\/v2\/posts"}],"about":[{"href":"https:\/\/www.prijedordanas.com\/index.php?rest_route=\/wp\/v2\/types\/post"}],"author":[{"embeddable":true,"href":"https:\/\/www.prijedordanas.com\/index.php?rest_route=\/wp\/v2\/users\/1"}],"replies":[{"embeddable":true,"href":"https:\/\/www.prijedordanas.com\/index.php?rest_route=%2Fwp%2Fv2%2Fcomments&post=164002"}],"version-history":[{"count":1,"href":"https:\/\/www.prijedordanas.com\/index.php?rest_route=\/wp\/v2\/posts\/164002\/revisions"}],"predecessor-version":[{"id":164004,"href":"https:\/\/www.prijedordanas.com\/index.php?rest_route=\/wp\/v2\/posts\/164002\/revisions\/164004"}],"wp:attachment":[{"href":"https:\/\/www.prijedordanas.com\/index.php?rest_route=%2Fwp%2Fv2%2Fmedia&parent=164002"}],"wp:term":[{"taxonomy":"category","embeddable":true,"href":"https:\/\/www.prijedordanas.com\/index.php?rest_route=%2Fwp%2Fv2%2Fcategories&post=164002"},{"taxonomy":"post_tag","embeddable":true,"href":"https:\/\/www.prijedordanas.com\/index.php?rest_route=%2Fwp%2Fv2%2Ftags&post=164002"}],"curies":[{"name":"wp","href":"https:\/\/api.w.org\/{rel}","templated":true}]}}