{"id":163969,"date":"2021-03-15T15:21:08","date_gmt":"2021-03-15T14:21:08","guid":{"rendered":"https:\/\/www.prijedordanas.com\/?p=163969"},"modified":"2021-03-15T15:21:08","modified_gmt":"2021-03-15T14:21:08","slug":"odbornici-usvojili-informaciju-tokom-prosle-godine-u-prijedoru-umrle-692-osobe-vise-u-odnosu-na-broj-rodenih","status":"publish","type":"post","link":"https:\/\/www.prijedordanas.com\/?p=163969","title":{"rendered":"Odbornici usvojili informaciju: Tokom pro\u0161le godine u Prijedoru umrle 692 osobe vi\u0161e u odnosu na broj ro\u0111enih"},"content":{"rendered":"<p><a href=\"https:\/\/www.prijedordanas.com\/wp-content\/uploads\/2021\/03\/skupstina-grada-15mart-9.jpg\"><img loading=\"lazy\" decoding=\"async\" class=\"alignleft size-medium wp-image-163970\" src=\"https:\/\/www.prijedordanas.com\/wp-content\/uploads\/2021\/03\/skupstina-grada-15mart-9-300x225.jpg\" alt=\"\" width=\"300\" height=\"225\" srcset=\"https:\/\/www.prijedordanas.com\/wp-content\/uploads\/2021\/03\/skupstina-grada-15mart-9-300x225.jpg 300w, https:\/\/www.prijedordanas.com\/wp-content\/uploads\/2021\/03\/skupstina-grada-15mart-9-640x480.jpg 640w, https:\/\/www.prijedordanas.com\/wp-content\/uploads\/2021\/03\/skupstina-grada-15mart-9.jpg 667w\" sizes=\"(max-width: 300px) 100vw, 300px\" \/><\/a>U Prijedoru su pro\u0161le godine umrle 692 osobe vi\u0161e u odnosu na broj ro\u0111enih beba. Ovaj podatak saop\u0161tila je v.d. na\u010delnika Odjeljenja za op\u0161tu upravu grada, Prijedora Jasminka Murselovi\u0107 u informaciji o broju upisa u mati\u010dne knjige ro\u0111enih, umrlih i vjen\u010danih u pro\u0161loj godini koju su usvojili odbornici.<\/p>\n<p>Ona je navela da su sa upisima iz inostranstva pro\u0161le godine ro\u0111ene 954 bebe, vjen\u010dano je 429 osoba, a umrlo je 1.507 osoba.<\/p>\n<p>\u2013 \u0160to se ti\u010de redovnih upisa, zna\u010di oni koji imaju adresu prebivali\u0161ta u Prijedoru ro\u0111eno je 668 \u0161to je za 26 manje nego 2019, umrlo je 1.360 \u0161to je za 159 vi\u0161e u odnosu na godinu ranije, a vjen\u010danih je 326 \u0161to je za 100 manje. Najve\u0107i uzrok za manji broj vjen\u010danih je virus korona jer dijaspora nije zakazivala vjen\u010danja tokom ljeta, a otkazivali su ih i oni koji \u017eive u Prijedoru, jer je bilo zabranjeno ve\u0107e okupljanje \u2013 izjavila je Murselovi\u0107eva.<\/p>\n<p><a href=\"https:\/\/www.prijedordanas.com\/wp-content\/uploads\/2021\/03\/skupstina-grada-15mart-6.jpg\"><img loading=\"lazy\" decoding=\"async\" class=\"alignleft size-medium wp-image-163971\" src=\"https:\/\/www.prijedordanas.com\/wp-content\/uploads\/2021\/03\/skupstina-grada-15mart-6-300x199.jpg\" alt=\"\" width=\"300\" height=\"199\" srcset=\"https:\/\/www.prijedordanas.com\/wp-content\/uploads\/2021\/03\/skupstina-grada-15mart-6-300x199.jpg 300w, https:\/\/www.prijedordanas.com\/wp-content\/uploads\/2021\/03\/skupstina-grada-15mart-6-480x320.jpg 480w, https:\/\/www.prijedordanas.com\/wp-content\/uploads\/2021\/03\/skupstina-grada-15mart-6.jpg 600w\" sizes=\"(max-width: 300px) 100vw, 300px\" \/><\/a>Ona je dodala da za ve\u0107i broj umrlih nije odgovoran samo virus korona, ve\u0107 i starost te oboljenja.<\/p>\n<p>\u2013 Po\u0161to se u na\u0161oj bolnici pora\u0111aju i \u017eene iz Novog Grada i Kostajnice koje nemaju bolnice, ako samo uzmemo broj ro\u0111enih beba \u010dije su majke iz Prijedora taj broj iznosi 473 \u0161to je za 26 manje u odnosu na 2019. godinu \u2013 rekla je Murselovi\u0107eva.<\/p>\n<p>Ona je saop\u0161tila koja imena su naj\u010de\u0161\u0107e davali roditelji bebama u Prijedoru.<\/p>\n<p>\u2013 Djevoj\u010dicama srpske nacionalnosti, a pravoslavne vjeroispovjesti naj\u010de\u0161\u0107e su davana imena Milica, Kristina i Una, a dje\u010dacim Stefan, Luka i Marko. Bo\u0161njaci su naj\u010de\u0161\u0107e za dje\u010dake birali imena Arman i D\u017eenan, a za djevoj\u010dice D\u017eejla i Sara \u2013 rekla je Murselovi\u0107eva.<\/p>\n<p><a href=\"https:\/\/www.prijedordanas.com\/wp-content\/uploads\/2021\/03\/skupstina-grada-15mart-16.jpg\"><img loading=\"lazy\" decoding=\"async\" src=\"https:\/\/www.prijedordanas.com\/wp-content\/uploads\/2021\/03\/skupstina-grada-15mart-16-300x225.jpg\" alt=\"\" width=\"300\" height=\"225\" class=\"alignleft size-medium wp-image-163972\" srcset=\"https:\/\/www.prijedordanas.com\/wp-content\/uploads\/2021\/03\/skupstina-grada-15mart-16-300x225.jpg 300w, https:\/\/www.prijedordanas.com\/wp-content\/uploads\/2021\/03\/skupstina-grada-15mart-16-640x480.jpg 640w, https:\/\/www.prijedordanas.com\/wp-content\/uploads\/2021\/03\/skupstina-grada-15mart-16.jpg 667w\" sizes=\"(max-width: 300px) 100vw, 300px\" \/><\/a>Direktor prijedorske bolnice \u201cDr Mladen Stojanovi\u0107\u201d Andrija Vukoti\u0107 podsjetio je da su bud\u017eetom planirani podsticaji za natalitet.<\/p>\n<p>\u2013 Planirano je 55.000 KM na godi\u0161njem nivou za vantjelesnu oplodnju i to za pun iznos tro\u0161kova, jer do sada je pla\u0107ano pola iznosa. Za prvo djete bi\u0107e ispla\u0107ivano 500 KM, za drugo 600 KM, a tre\u0107e i svako naredno 700 KM. Najva\u017enije je zapo\u0161ljavanje mladih majki i \u017eena jer kada nemaju posla ovdje odlaze u inostranstvo \u2013 rekao je Vukoti\u0107.<\/p>\n<p>Informaciju o broju upisa u mati\u010dne knjige ro\u0111enih, umrlih i vjen\u010danih odbornici su usvojili jednoglasno, odnosno sa 24 glasa za.<\/p>\n<p>srpskainfo.com<\/p>\n","protected":false},"excerpt":{"rendered":"<p>U Prijedoru su pro\u0161le godine umrle 692 osobe vi\u0161e u odnosu na broj ro\u0111enih beba. Ovaj podatak saop\u0161tila je v.d. na\u010delnika Odjeljenja za op\u0161tu upravu grada, Prijedora Jasminka Murselovi\u0107 u [&hellip;]<\/p>\n","protected":false},"author":1,"featured_media":0,"comment_status":"closed","ping_status":"open","sticky":false,"template":"","format":"standard","meta":{"_monsterinsights_skip_tracking":false,"_monsterinsights_sitenote_active":false,"_monsterinsights_sitenote_note":"","_monsterinsights_sitenote_category":0,"footnotes":""},"categories":[8],"tags":[],"yoast_head":"<!-- This site is optimized with the Yoast SEO plugin v21.6 - https:\/\/yoast.com\/wordpress\/plugins\/seo\/ -->\n<title>Odbornici usvojili informaciju: Tokom pro\u0161le godine u Prijedoru umrle 692 osobe vi\u0161e u odnosu na broj ro\u0111enih - PrijedorDanas.com - Prijedorski gradski portal<\/title>\n<meta name=\"robots\" content=\"index, follow, max-snippet:-1, max-image-preview:large, max-video-preview:-1\" \/>\n<link rel=\"canonical\" href=\"https:\/\/www.prijedordanas.com\/?p=163969\" \/>\n<meta property=\"og:locale\" content=\"en_US\" \/>\n<meta property=\"og:type\" content=\"article\" \/>\n<meta property=\"og:title\" content=\"Odbornici usvojili informaciju: Tokom pro\u0161le godine u Prijedoru umrle 692 osobe vi\u0161e u odnosu na broj ro\u0111enih - PrijedorDanas.com - Prijedorski gradski portal\" \/>\n<meta property=\"og:description\" content=\"U Prijedoru su pro\u0161le godine umrle 692 osobe vi\u0161e u odnosu na broj ro\u0111enih beba. Ovaj podatak saop\u0161tila je v.d. na\u010delnika Odjeljenja za op\u0161tu upravu grada, Prijedora Jasminka Murselovi\u0107 u [&hellip;]\" \/>\n<meta property=\"og:url\" content=\"https:\/\/www.prijedordanas.com\/?p=163969\" \/>\n<meta property=\"og:site_name\" content=\"PrijedorDanas.com - Prijedorski gradski portal\" \/>\n<meta property=\"article:publisher\" content=\"https:\/\/www.facebook.com\/PrijedorDanasCom\/\" \/>\n<meta property=\"article:published_time\" content=\"2021-03-15T14:21:08+00:00\" \/>\n<meta property=\"og:image\" content=\"https:\/\/www.prijedordanas.com\/wp-content\/uploads\/2021\/03\/skupstina-grada-15mart-9-300x225.jpg\" \/>\n<meta name=\"author\" content=\"admin\" \/>\n<meta name=\"twitter:card\" content=\"summary_large_image\" \/>\n<meta name=\"twitter:label1\" content=\"Written by\" \/>\n\t<meta name=\"twitter:data1\" content=\"admin\" \/>\n\t<meta name=\"twitter:label2\" content=\"Est. reading time\" \/>\n\t<meta name=\"twitter:data2\" content=\"2 minutes\" \/>\n<script type=\"application\/ld+json\" class=\"yoast-schema-graph\">{\"@context\":\"https:\/\/schema.org\",\"@graph\":[{\"@type\":\"Article\",\"@id\":\"https:\/\/www.prijedordanas.com\/?p=163969#article\",\"isPartOf\":{\"@id\":\"https:\/\/www.prijedordanas.com\/?p=163969\"},\"author\":{\"name\":\"admin\",\"@id\":\"https:\/\/www.prijedordanas.com\/#\/schema\/person\/4e08ccf29b506ca916ff86d46bb700e6\"},\"headline\":\"Odbornici usvojili informaciju: Tokom pro\u0161le godine u Prijedoru umrle 692 osobe vi\u0161e u odnosu na broj ro\u0111enih\",\"datePublished\":\"2021-03-15T14:21:08+00:00\",\"dateModified\":\"2021-03-15T14:21:08+00:00\",\"mainEntityOfPage\":{\"@id\":\"https:\/\/www.prijedordanas.com\/?p=163969\"},\"wordCount\":420,\"publisher\":{\"@id\":\"https:\/\/www.prijedordanas.com\/#organization\"},\"articleSection\":[\"Svakodnevno\"],\"inLanguage\":\"en-US\"},{\"@type\":\"WebPage\",\"@id\":\"https:\/\/www.prijedordanas.com\/?p=163969\",\"url\":\"https:\/\/www.prijedordanas.com\/?p=163969\",\"name\":\"Odbornici usvojili informaciju: Tokom pro\u0161le godine u Prijedoru umrle 692 osobe vi\u0161e u odnosu na broj ro\u0111enih - PrijedorDanas.com - Prijedorski gradski portal\",\"isPartOf\":{\"@id\":\"https:\/\/www.prijedordanas.com\/#website\"},\"datePublished\":\"2021-03-15T14:21:08+00:00\",\"dateModified\":\"2021-03-15T14:21:08+00:00\",\"breadcrumb\":{\"@id\":\"https:\/\/www.prijedordanas.com\/?p=163969#breadcrumb\"},\"inLanguage\":\"en-US\",\"potentialAction\":[{\"@type\":\"ReadAction\",\"target\":[\"https:\/\/www.prijedordanas.com\/?p=163969\"]}]},{\"@type\":\"BreadcrumbList\",\"@id\":\"https:\/\/www.prijedordanas.com\/?p=163969#breadcrumb\",\"itemListElement\":[{\"@type\":\"ListItem\",\"position\":1,\"name\":\"Home\",\"item\":\"https:\/\/www.prijedordanas.com\/\"},{\"@type\":\"ListItem\",\"position\":2,\"name\":\"Odbornici usvojili informaciju: Tokom pro\u0161le godine u Prijedoru umrle 692 osobe vi\u0161e u odnosu na broj ro\u0111enih\"}]},{\"@type\":\"WebSite\",\"@id\":\"https:\/\/www.prijedordanas.com\/#website\",\"url\":\"https:\/\/www.prijedordanas.com\/\",\"name\":\"PrijedorDanas.com - Prijedorski gradski portal\",\"description\":\"Portal o doga\u0111anjima u gradu Prijedoru\",\"publisher\":{\"@id\":\"https:\/\/www.prijedordanas.com\/#organization\"},\"potentialAction\":[{\"@type\":\"SearchAction\",\"target\":{\"@type\":\"EntryPoint\",\"urlTemplate\":\"https:\/\/www.prijedordanas.com\/?s={search_term_string}\"},\"query-input\":\"required name=search_term_string\"}],\"inLanguage\":\"en-US\"},{\"@type\":\"Organization\",\"@id\":\"https:\/\/www.prijedordanas.com\/#organization\",\"name\":\"PrijedorDanas.com\",\"url\":\"https:\/\/www.prijedordanas.com\/\",\"logo\":{\"@type\":\"ImageObject\",\"inLanguage\":\"en-US\",\"@id\":\"https:\/\/www.prijedordanas.com\/#\/schema\/logo\/image\/\",\"url\":\"http:\/\/www.prijedordanas.com\/wp-content\/uploads\/2021\/12\/logopng.png\",\"contentUrl\":\"http:\/\/www.prijedordanas.com\/wp-content\/uploads\/2021\/12\/logopng.png\",\"width\":1019,\"height\":776,\"caption\":\"PrijedorDanas.com\"},\"image\":{\"@id\":\"https:\/\/www.prijedordanas.com\/#\/schema\/logo\/image\/\"},\"sameAs\":[\"https:\/\/www.facebook.com\/PrijedorDanasCom\/\"]},{\"@type\":\"Person\",\"@id\":\"https:\/\/www.prijedordanas.com\/#\/schema\/person\/4e08ccf29b506ca916ff86d46bb700e6\",\"name\":\"admin\",\"image\":{\"@type\":\"ImageObject\",\"inLanguage\":\"en-US\",\"@id\":\"https:\/\/www.prijedordanas.com\/#\/schema\/person\/image\/\",\"url\":\"https:\/\/secure.gravatar.com\/avatar\/1d3fc949d550f0b53a5f0d51e06dfd79?s=96&d=mm&r=g\",\"contentUrl\":\"https:\/\/secure.gravatar.com\/avatar\/1d3fc949d550f0b53a5f0d51e06dfd79?s=96&d=mm&r=g\",\"caption\":\"admin\"},\"url\":\"https:\/\/www.prijedordanas.com\/?author=1\"}]}<\/script>\n<!-- \/ Yoast SEO plugin. -->","yoast_head_json":{"title":"Odbornici usvojili informaciju: Tokom pro\u0161le godine u Prijedoru umrle 692 osobe vi\u0161e u odnosu na broj ro\u0111enih - PrijedorDanas.com - Prijedorski gradski portal","robots":{"index":"index","follow":"follow","max-snippet":"max-snippet:-1","max-image-preview":"max-image-preview:large","max-video-preview":"max-video-preview:-1"},"canonical":"https:\/\/www.prijedordanas.com\/?p=163969","og_locale":"en_US","og_type":"article","og_title":"Odbornici usvojili informaciju: Tokom pro\u0161le godine u Prijedoru umrle 692 osobe vi\u0161e u odnosu na broj ro\u0111enih - PrijedorDanas.com - Prijedorski gradski portal","og_description":"U Prijedoru su pro\u0161le godine umrle 692 osobe vi\u0161e u odnosu na broj ro\u0111enih beba. Ovaj podatak saop\u0161tila je v.d. na\u010delnika Odjeljenja za op\u0161tu upravu grada, Prijedora Jasminka Murselovi\u0107 u [&hellip;]","og_url":"https:\/\/www.prijedordanas.com\/?p=163969","og_site_name":"PrijedorDanas.com - Prijedorski gradski portal","article_publisher":"https:\/\/www.facebook.com\/PrijedorDanasCom\/","article_published_time":"2021-03-15T14:21:08+00:00","og_image":[{"url":"https:\/\/www.prijedordanas.com\/wp-content\/uploads\/2021\/03\/skupstina-grada-15mart-9-300x225.jpg"}],"author":"admin","twitter_card":"summary_large_image","twitter_misc":{"Written by":"admin","Est. reading time":"2 minutes"},"schema":{"@context":"https:\/\/schema.org","@graph":[{"@type":"Article","@id":"https:\/\/www.prijedordanas.com\/?p=163969#article","isPartOf":{"@id":"https:\/\/www.prijedordanas.com\/?p=163969"},"author":{"name":"admin","@id":"https:\/\/www.prijedordanas.com\/#\/schema\/person\/4e08ccf29b506ca916ff86d46bb700e6"},"headline":"Odbornici usvojili informaciju: Tokom pro\u0161le godine u Prijedoru umrle 692 osobe vi\u0161e u odnosu na broj ro\u0111enih","datePublished":"2021-03-15T14:21:08+00:00","dateModified":"2021-03-15T14:21:08+00:00","mainEntityOfPage":{"@id":"https:\/\/www.prijedordanas.com\/?p=163969"},"wordCount":420,"publisher":{"@id":"https:\/\/www.prijedordanas.com\/#organization"},"articleSection":["Svakodnevno"],"inLanguage":"en-US"},{"@type":"WebPage","@id":"https:\/\/www.prijedordanas.com\/?p=163969","url":"https:\/\/www.prijedordanas.com\/?p=163969","name":"Odbornici usvojili informaciju: Tokom pro\u0161le godine u Prijedoru umrle 692 osobe vi\u0161e u odnosu na broj ro\u0111enih - PrijedorDanas.com - Prijedorski gradski portal","isPartOf":{"@id":"https:\/\/www.prijedordanas.com\/#website"},"datePublished":"2021-03-15T14:21:08+00:00","dateModified":"2021-03-15T14:21:08+00:00","breadcrumb":{"@id":"https:\/\/www.prijedordanas.com\/?p=163969#breadcrumb"},"inLanguage":"en-US","potentialAction":[{"@type":"ReadAction","target":["https:\/\/www.prijedordanas.com\/?p=163969"]}]},{"@type":"BreadcrumbList","@id":"https:\/\/www.prijedordanas.com\/?p=163969#breadcrumb","itemListElement":[{"@type":"ListItem","position":1,"name":"Home","item":"https:\/\/www.prijedordanas.com\/"},{"@type":"ListItem","position":2,"name":"Odbornici usvojili informaciju: Tokom pro\u0161le godine u Prijedoru umrle 692 osobe vi\u0161e u odnosu na broj ro\u0111enih"}]},{"@type":"WebSite","@id":"https:\/\/www.prijedordanas.com\/#website","url":"https:\/\/www.prijedordanas.com\/","name":"PrijedorDanas.com - Prijedorski gradski portal","description":"Portal o doga\u0111anjima u gradu Prijedoru","publisher":{"@id":"https:\/\/www.prijedordanas.com\/#organization"},"potentialAction":[{"@type":"SearchAction","target":{"@type":"EntryPoint","urlTemplate":"https:\/\/www.prijedordanas.com\/?s={search_term_string}"},"query-input":"required name=search_term_string"}],"inLanguage":"en-US"},{"@type":"Organization","@id":"https:\/\/www.prijedordanas.com\/#organization","name":"PrijedorDanas.com","url":"https:\/\/www.prijedordanas.com\/","logo":{"@type":"ImageObject","inLanguage":"en-US","@id":"https:\/\/www.prijedordanas.com\/#\/schema\/logo\/image\/","url":"http:\/\/www.prijedordanas.com\/wp-content\/uploads\/2021\/12\/logopng.png","contentUrl":"http:\/\/www.prijedordanas.com\/wp-content\/uploads\/2021\/12\/logopng.png","width":1019,"height":776,"caption":"PrijedorDanas.com"},"image":{"@id":"https:\/\/www.prijedordanas.com\/#\/schema\/logo\/image\/"},"sameAs":["https:\/\/www.facebook.com\/PrijedorDanasCom\/"]},{"@type":"Person","@id":"https:\/\/www.prijedordanas.com\/#\/schema\/person\/4e08ccf29b506ca916ff86d46bb700e6","name":"admin","image":{"@type":"ImageObject","inLanguage":"en-US","@id":"https:\/\/www.prijedordanas.com\/#\/schema\/person\/image\/","url":"https:\/\/secure.gravatar.com\/avatar\/1d3fc949d550f0b53a5f0d51e06dfd79?s=96&d=mm&r=g","contentUrl":"https:\/\/secure.gravatar.com\/avatar\/1d3fc949d550f0b53a5f0d51e06dfd79?s=96&d=mm&r=g","caption":"admin"},"url":"https:\/\/www.prijedordanas.com\/?author=1"}]}},"_links":{"self":[{"href":"https:\/\/www.prijedordanas.com\/index.php?rest_route=\/wp\/v2\/posts\/163969"}],"collection":[{"href":"https:\/\/www.prijedordanas.com\/index.php?rest_route=\/wp\/v2\/posts"}],"about":[{"href":"https:\/\/www.prijedordanas.com\/index.php?rest_route=\/wp\/v2\/types\/post"}],"author":[{"embeddable":true,"href":"https:\/\/www.prijedordanas.com\/index.php?rest_route=\/wp\/v2\/users\/1"}],"replies":[{"embeddable":true,"href":"https:\/\/www.prijedordanas.com\/index.php?rest_route=%2Fwp%2Fv2%2Fcomments&post=163969"}],"version-history":[{"count":1,"href":"https:\/\/www.prijedordanas.com\/index.php?rest_route=\/wp\/v2\/posts\/163969\/revisions"}],"predecessor-version":[{"id":163973,"href":"https:\/\/www.prijedordanas.com\/index.php?rest_route=\/wp\/v2\/posts\/163969\/revisions\/163973"}],"wp:attachment":[{"href":"https:\/\/www.prijedordanas.com\/index.php?rest_route=%2Fwp%2Fv2%2Fmedia&parent=163969"}],"wp:term":[{"taxonomy":"category","embeddable":true,"href":"https:\/\/www.prijedordanas.com\/index.php?rest_route=%2Fwp%2Fv2%2Fcategories&post=163969"},{"taxonomy":"post_tag","embeddable":true,"href":"https:\/\/www.prijedordanas.com\/index.php?rest_route=%2Fwp%2Fv2%2Ftags&post=163969"}],"curies":[{"name":"wp","href":"https:\/\/api.w.org\/{rel}","templated":true}]}}