{"id":163851,"date":"2021-03-13T12:26:21","date_gmt":"2021-03-13T11:26:21","guid":{"rendered":"https:\/\/www.prijedordanas.com\/?p=163851"},"modified":"2021-03-13T12:26:21","modified_gmt":"2021-03-13T11:26:21","slug":"udruzenje-za-ocuvanje-tradicije-prijedor-predstavljena-bajka-za-djecu-crni-gavran-i-decak-vukasin-foto","status":"publish","type":"post","link":"https:\/\/www.prijedordanas.com\/?p=163851","title":{"rendered":"Udru\u017eenje za o\u010duvanje tradicije Prijedor: Predstavljena bajka za djecu &#8220;Crni gavran i de\u010dak Vuka\u0161in&#8221; &#8211; FOTO"},"content":{"rendered":"<p><a href=\"https:\/\/www.prijedordanas.com\/wp-content\/uploads\/2021\/03\/promocija-crni-gavran-i-decak-vukasin-1.jpg\"><img loading=\"lazy\" decoding=\"async\" class=\"alignleft size-medium wp-image-163836\" src=\"https:\/\/www.prijedordanas.com\/wp-content\/uploads\/2021\/03\/promocija-crni-gavran-i-decak-vukasin-1-300x225.jpg\" alt=\"\" width=\"300\" height=\"225\" srcset=\"https:\/\/www.prijedordanas.com\/wp-content\/uploads\/2021\/03\/promocija-crni-gavran-i-decak-vukasin-1-300x225.jpg 300w, https:\/\/www.prijedordanas.com\/wp-content\/uploads\/2021\/03\/promocija-crni-gavran-i-decak-vukasin-1-640x480.jpg 640w, https:\/\/www.prijedordanas.com\/wp-content\/uploads\/2021\/03\/promocija-crni-gavran-i-decak-vukasin-1.jpg 667w\" sizes=\"(max-width: 300px) 100vw, 300px\" \/><\/a>Bajka za djecu \u201cCrni gavran i de\u010dak Vuka\u0161in\u201d autorke Milice Maksic\u0301 objavljena u izdanju Udru\u017eenja za o\u010duvanje tradicije iz Prijedora, predstavljena je u na\u0161em gradu.<\/p>\n<p>Pridr\u017eavaju\u0107i se svih propisanih epidemiolo\u0161kih mjera promocija je odr\u017eana u sali Pozori\u0161ta Prijedor.<\/p>\n<p>Recenzent doc. dr Sanja Partalo je navela da bajka \u201cGavran i de\u010dak Vuka\u0161in\u201d upozorava odrasle da su odgovorni za buduc\u0301nost djece.<\/p>\n<p>&#8211; Ova bajka je druga\u010dija od onih koje smo slu\u0161ali, druga\u010dija je od \u201cCrvenkapice\u201d, \u201cTrnoru\u017eice\u201d i drugih. Ova publikacija daje savremeniji pristup, ona je pokazatelj toga da je Milica uspjela da se pribli\u017ei djeci. A veoma je va\u017eno da dje\u010diji svijet ne posmatramo samo iz na\u0161e perspektive, nego da poku\u0161amo da shvatimo dijete &#8211; istakla je Partalo.<\/p>\n<p><a href=\"https:\/\/www.prijedordanas.com\/wp-content\/uploads\/2021\/03\/promocija-crni-gavran-i-decak-vukasin-3.jpg\"><img loading=\"lazy\" decoding=\"async\" class=\"alignleft size-medium wp-image-163837\" src=\"https:\/\/www.prijedordanas.com\/wp-content\/uploads\/2021\/03\/promocija-crni-gavran-i-decak-vukasin-3-300x225.jpg\" alt=\"\" width=\"300\" height=\"225\" srcset=\"https:\/\/www.prijedordanas.com\/wp-content\/uploads\/2021\/03\/promocija-crni-gavran-i-decak-vukasin-3-300x225.jpg 300w, https:\/\/www.prijedordanas.com\/wp-content\/uploads\/2021\/03\/promocija-crni-gavran-i-decak-vukasin-3-640x480.jpg 640w, https:\/\/www.prijedordanas.com\/wp-content\/uploads\/2021\/03\/promocija-crni-gavran-i-decak-vukasin-3.jpg 667w\" sizes=\"(max-width: 300px) 100vw, 300px\" \/><\/a>Drugi recenzent, prof. dr Tamara Pribi\u0161ev Beleslin napisala je da se ova bajka kroz jednostavan govor, pri\u010du i zaplete obrac\u0301a roditeljima i djeci, otkrivajuc\u0301i im na\u010din na koji da rije\u0161e probleme sa kojima se susrec\u0301u u savremenoj porodici.<\/p>\n<p>&#8211; Milica nas prebacuje u drugu dimenziju i pokazuje nam da treba da razvijamo empatiju prema drugima, prema onima koji imaju problem sa kojim ne znaju da se nose &#8211; navela je Pribi\u0161ev Beleslin u recenziji.<\/p>\n<p>Autorka Milica Maksic\u0301 je na promociji istakla da je pred\u0161kolsko vaspitanje temelj pravilnog i kvalitetnog vaspitanja i obrazovanja.<\/p>\n<p>&#8211; Dru\u017eenje sa knjigom kod kuc\u0301e u toplom maj\u010dinom krilu omoguc\u0301ava djeci da se individualizuju i pro\u017eive svoje strahove i osjec\u0301anja, te da razvijaju ma\u0161tu, dje\u010dije jezi\u010dko stvarala\u0161tvo i kreativnost &#8211; rekla je Maksi\u0107eva.<\/p>\n<p><a href=\"https:\/\/www.prijedordanas.com\/wp-content\/uploads\/2021\/03\/promocija-crni-gavran-i-decak-vukasin-2.jpg\"><img loading=\"lazy\" decoding=\"async\" src=\"https:\/\/www.prijedordanas.com\/wp-content\/uploads\/2021\/03\/promocija-crni-gavran-i-decak-vukasin-2-300x225.jpg\" alt=\"\" width=\"300\" height=\"225\" class=\"alignleft size-medium wp-image-163838\" srcset=\"https:\/\/www.prijedordanas.com\/wp-content\/uploads\/2021\/03\/promocija-crni-gavran-i-decak-vukasin-2-300x225.jpg 300w, https:\/\/www.prijedordanas.com\/wp-content\/uploads\/2021\/03\/promocija-crni-gavran-i-decak-vukasin-2-640x480.jpg 640w, https:\/\/www.prijedordanas.com\/wp-content\/uploads\/2021\/03\/promocija-crni-gavran-i-decak-vukasin-2.jpg 667w\" sizes=\"(max-width: 300px) 100vw, 300px\" \/><\/a>U ime izdava\u010da ovog djela, Udru\u017eenja za o\u010duvanje tradicije Prijedor, \u017deljko \u0160ormaz je istakao da je ova knjiga prvenac u njihovoj ediciji za djecu i omladinu i da u narednom periodu mo\u017eemo o\u010dekivati jo\u0161 ovakvih i sli\u010dnih izdanja.<\/p>\n<p>Slikovnicu je odli\u010dno ilustrovao Ivan Milic\u0301.<\/p>\n<p>Promociju u Prijedoru je svojim kra\u0107im nastupom upotpunio i obogatio dje\u010diji hor &#8220;Vilenjak&#8221; koji ve\u0107 nekoliko mjeseci djeluje u okviru Udru\u017eenja za o\u010duvanje tradicije Prijedor.<\/p>\n<p>Bajka za djecu \u201cCrni gavran i de\u010dak Vuka\u0161in\u201d, autorke Milice Maksic\u0301, predstavljena je protekle sedmice i u Vijec\u0301nici Banskog dvora u Banjaluci.<\/p>\n<p>Tekst i foto \u2013 <a href=\"https:\/\/www.prijedordanas.com\" target=\"_blank\" rel=\"noopener noreferrer\">www.prijedordanas.com<\/a> <\/p>\n<p><a href=\"https:\/\/www.prijedordanas.com\/wp-content\/uploads\/2021\/03\/promocija-crni-gavran-i-decak-vukasin-4.jpg\"><img loading=\"lazy\" decoding=\"async\" src=\"https:\/\/www.prijedordanas.com\/wp-content\/uploads\/2021\/03\/promocija-crni-gavran-i-decak-vukasin-4-300x199.jpg\" alt=\"\" width=\"300\" height=\"199\" class=\"alignleft size-medium wp-image-163839\" srcset=\"https:\/\/www.prijedordanas.com\/wp-content\/uploads\/2021\/03\/promocija-crni-gavran-i-decak-vukasin-4-300x199.jpg 300w, https:\/\/www.prijedordanas.com\/wp-content\/uploads\/2021\/03\/promocija-crni-gavran-i-decak-vukasin-4-480x320.jpg 480w, https:\/\/www.prijedordanas.com\/wp-content\/uploads\/2021\/03\/promocija-crni-gavran-i-decak-vukasin-4.jpg 600w\" sizes=\"(max-width: 300px) 100vw, 300px\" \/><\/a> <a href=\"https:\/\/www.prijedordanas.com\/wp-content\/uploads\/2021\/03\/promocija-crni-gavran-i-decak-vukasin-5.jpg\"><img loading=\"lazy\" decoding=\"async\" src=\"https:\/\/www.prijedordanas.com\/wp-content\/uploads\/2021\/03\/promocija-crni-gavran-i-decak-vukasin-5-300x199.jpg\" alt=\"\" width=\"300\" height=\"199\" class=\"alignleft size-medium wp-image-163840\" srcset=\"https:\/\/www.prijedordanas.com\/wp-content\/uploads\/2021\/03\/promocija-crni-gavran-i-decak-vukasin-5-300x199.jpg 300w, https:\/\/www.prijedordanas.com\/wp-content\/uploads\/2021\/03\/promocija-crni-gavran-i-decak-vukasin-5-480x320.jpg 480w, https:\/\/www.prijedordanas.com\/wp-content\/uploads\/2021\/03\/promocija-crni-gavran-i-decak-vukasin-5.jpg 600w\" sizes=\"(max-width: 300px) 100vw, 300px\" \/><\/a> <a href=\"https:\/\/www.prijedordanas.com\/wp-content\/uploads\/2021\/03\/promocija-crni-gavran-i-decak-vukasin-8.jpg\"><img loading=\"lazy\" decoding=\"async\" src=\"https:\/\/www.prijedordanas.com\/wp-content\/uploads\/2021\/03\/promocija-crni-gavran-i-decak-vukasin-8-300x199.jpg\" alt=\"\" width=\"300\" height=\"199\" class=\"alignleft size-medium wp-image-163841\" srcset=\"https:\/\/www.prijedordanas.com\/wp-content\/uploads\/2021\/03\/promocija-crni-gavran-i-decak-vukasin-8-300x199.jpg 300w, https:\/\/www.prijedordanas.com\/wp-content\/uploads\/2021\/03\/promocija-crni-gavran-i-decak-vukasin-8-480x320.jpg 480w, https:\/\/www.prijedordanas.com\/wp-content\/uploads\/2021\/03\/promocija-crni-gavran-i-decak-vukasin-8.jpg 600w\" sizes=\"(max-width: 300px) 100vw, 300px\" \/><\/a> <a href=\"https:\/\/www.prijedordanas.com\/wp-content\/uploads\/2021\/03\/promocija-crni-gavran-i-decak-vukasin-7.jpg\"><img loading=\"lazy\" decoding=\"async\" src=\"https:\/\/www.prijedordanas.com\/wp-content\/uploads\/2021\/03\/promocija-crni-gavran-i-decak-vukasin-7-300x199.jpg\" alt=\"\" width=\"300\" height=\"199\" class=\"alignleft size-medium wp-image-163842\" srcset=\"https:\/\/www.prijedordanas.com\/wp-content\/uploads\/2021\/03\/promocija-crni-gavran-i-decak-vukasin-7-300x199.jpg 300w, https:\/\/www.prijedordanas.com\/wp-content\/uploads\/2021\/03\/promocija-crni-gavran-i-decak-vukasin-7-480x320.jpg 480w, https:\/\/www.prijedordanas.com\/wp-content\/uploads\/2021\/03\/promocija-crni-gavran-i-decak-vukasin-7.jpg 600w\" sizes=\"(max-width: 300px) 100vw, 300px\" \/><\/a> <a href=\"https:\/\/www.prijedordanas.com\/wp-content\/uploads\/2021\/03\/promocija-crni-gavran-i-decak-vukasin-6.jpg\"><img loading=\"lazy\" decoding=\"async\" src=\"https:\/\/www.prijedordanas.com\/wp-content\/uploads\/2021\/03\/promocija-crni-gavran-i-decak-vukasin-6-300x199.jpg\" alt=\"\" width=\"300\" height=\"199\" class=\"alignleft size-medium wp-image-163843\" srcset=\"https:\/\/www.prijedordanas.com\/wp-content\/uploads\/2021\/03\/promocija-crni-gavran-i-decak-vukasin-6-300x199.jpg 300w, https:\/\/www.prijedordanas.com\/wp-content\/uploads\/2021\/03\/promocija-crni-gavran-i-decak-vukasin-6-480x320.jpg 480w, https:\/\/www.prijedordanas.com\/wp-content\/uploads\/2021\/03\/promocija-crni-gavran-i-decak-vukasin-6.jpg 600w\" sizes=\"(max-width: 300px) 100vw, 300px\" \/><\/a> <a href=\"https:\/\/www.prijedordanas.com\/wp-content\/uploads\/2021\/03\/promocija-crni-gavran-i-decak-vukasin-9.jpg\"><img loading=\"lazy\" decoding=\"async\" src=\"https:\/\/www.prijedordanas.com\/wp-content\/uploads\/2021\/03\/promocija-crni-gavran-i-decak-vukasin-9-300x199.jpg\" alt=\"\" width=\"300\" height=\"199\" class=\"alignleft size-medium wp-image-163844\" srcset=\"https:\/\/www.prijedordanas.com\/wp-content\/uploads\/2021\/03\/promocija-crni-gavran-i-decak-vukasin-9-300x199.jpg 300w, https:\/\/www.prijedordanas.com\/wp-content\/uploads\/2021\/03\/promocija-crni-gavran-i-decak-vukasin-9-480x320.jpg 480w, https:\/\/www.prijedordanas.com\/wp-content\/uploads\/2021\/03\/promocija-crni-gavran-i-decak-vukasin-9.jpg 600w\" sizes=\"(max-width: 300px) 100vw, 300px\" \/><\/a><\/p>\n","protected":false},"excerpt":{"rendered":"<p>Bajka za djecu \u201cCrni gavran i de\u010dak Vuka\u0161in\u201d autorke Milice Maksic\u0301 objavljena u izdanju Udru\u017eenja za o\u010duvanje tradicije iz Prijedora, predstavljena je u na\u0161em gradu. Pridr\u017eavaju\u0107i se svih propisanih epidemiolo\u0161kih [&hellip;]<\/p>\n","protected":false},"author":1,"featured_media":0,"comment_status":"closed","ping_status":"open","sticky":false,"template":"","format":"standard","meta":{"_monsterinsights_skip_tracking":false,"_monsterinsights_sitenote_active":false,"_monsterinsights_sitenote_note":"","_monsterinsights_sitenote_category":0,"footnotes":""},"categories":[6],"tags":[],"yoast_head":"<!-- This site is optimized with the Yoast SEO plugin v21.6 - https:\/\/yoast.com\/wordpress\/plugins\/seo\/ -->\n<title>Udru\u017eenje za o\u010duvanje tradicije Prijedor: Predstavljena bajka za djecu &quot;Crni gavran i de\u010dak Vuka\u0161in&quot; - FOTO - PrijedorDanas.com - Prijedorski gradski portal<\/title>\n<meta name=\"robots\" content=\"index, follow, max-snippet:-1, max-image-preview:large, max-video-preview:-1\" \/>\n<link rel=\"canonical\" href=\"https:\/\/www.prijedordanas.com\/?p=163851\" \/>\n<meta property=\"og:locale\" content=\"en_US\" \/>\n<meta property=\"og:type\" content=\"article\" \/>\n<meta property=\"og:title\" content=\"Udru\u017eenje za o\u010duvanje tradicije Prijedor: Predstavljena bajka za djecu &quot;Crni gavran i de\u010dak Vuka\u0161in&quot; - FOTO - PrijedorDanas.com - Prijedorski gradski portal\" \/>\n<meta property=\"og:description\" content=\"Bajka za djecu \u201cCrni gavran i de\u010dak Vuka\u0161in\u201d autorke Milice Maksic\u0301 objavljena u izdanju Udru\u017eenja za o\u010duvanje tradicije iz Prijedora, predstavljena je u na\u0161em gradu. Pridr\u017eavaju\u0107i se svih propisanih epidemiolo\u0161kih [&hellip;]\" \/>\n<meta property=\"og:url\" content=\"https:\/\/www.prijedordanas.com\/?p=163851\" \/>\n<meta property=\"og:site_name\" content=\"PrijedorDanas.com - Prijedorski gradski portal\" \/>\n<meta property=\"article:publisher\" content=\"https:\/\/www.facebook.com\/PrijedorDanasCom\/\" \/>\n<meta property=\"article:published_time\" content=\"2021-03-13T11:26:21+00:00\" \/>\n<meta property=\"og:image\" content=\"https:\/\/www.prijedordanas.com\/wp-content\/uploads\/2021\/03\/promocija-crni-gavran-i-decak-vukasin-1-300x225.jpg\" \/>\n<meta name=\"author\" content=\"admin\" \/>\n<meta name=\"twitter:card\" content=\"summary_large_image\" \/>\n<meta name=\"twitter:label1\" content=\"Written by\" \/>\n\t<meta name=\"twitter:data1\" content=\"admin\" \/>\n\t<meta name=\"twitter:label2\" content=\"Est. reading time\" \/>\n\t<meta name=\"twitter:data2\" content=\"2 minutes\" \/>\n<script type=\"application\/ld+json\" class=\"yoast-schema-graph\">{\"@context\":\"https:\/\/schema.org\",\"@graph\":[{\"@type\":\"Article\",\"@id\":\"https:\/\/www.prijedordanas.com\/?p=163851#article\",\"isPartOf\":{\"@id\":\"https:\/\/www.prijedordanas.com\/?p=163851\"},\"author\":{\"name\":\"admin\",\"@id\":\"https:\/\/www.prijedordanas.com\/#\/schema\/person\/4e08ccf29b506ca916ff86d46bb700e6\"},\"headline\":\"Udru\u017eenje za o\u010duvanje tradicije Prijedor: Predstavljena bajka za djecu &#8220;Crni gavran i de\u010dak Vuka\u0161in&#8221; &#8211; FOTO\",\"datePublished\":\"2021-03-13T11:26:21+00:00\",\"dateModified\":\"2021-03-13T11:26:21+00:00\",\"mainEntityOfPage\":{\"@id\":\"https:\/\/www.prijedordanas.com\/?p=163851\"},\"wordCount\":415,\"publisher\":{\"@id\":\"https:\/\/www.prijedordanas.com\/#organization\"},\"articleSection\":[\"Kultura\"],\"inLanguage\":\"en-US\"},{\"@type\":\"WebPage\",\"@id\":\"https:\/\/www.prijedordanas.com\/?p=163851\",\"url\":\"https:\/\/www.prijedordanas.com\/?p=163851\",\"name\":\"Udru\u017eenje za o\u010duvanje tradicije Prijedor: Predstavljena bajka za djecu \\\"Crni gavran i de\u010dak Vuka\u0161in\\\" - FOTO - PrijedorDanas.com - Prijedorski gradski portal\",\"isPartOf\":{\"@id\":\"https:\/\/www.prijedordanas.com\/#website\"},\"datePublished\":\"2021-03-13T11:26:21+00:00\",\"dateModified\":\"2021-03-13T11:26:21+00:00\",\"breadcrumb\":{\"@id\":\"https:\/\/www.prijedordanas.com\/?p=163851#breadcrumb\"},\"inLanguage\":\"en-US\",\"potentialAction\":[{\"@type\":\"ReadAction\",\"target\":[\"https:\/\/www.prijedordanas.com\/?p=163851\"]}]},{\"@type\":\"BreadcrumbList\",\"@id\":\"https:\/\/www.prijedordanas.com\/?p=163851#breadcrumb\",\"itemListElement\":[{\"@type\":\"ListItem\",\"position\":1,\"name\":\"Home\",\"item\":\"https:\/\/www.prijedordanas.com\/\"},{\"@type\":\"ListItem\",\"position\":2,\"name\":\"Udru\u017eenje za o\u010duvanje tradicije Prijedor: Predstavljena bajka za djecu &#8220;Crni gavran i de\u010dak Vuka\u0161in&#8221; &#8211; FOTO\"}]},{\"@type\":\"WebSite\",\"@id\":\"https:\/\/www.prijedordanas.com\/#website\",\"url\":\"https:\/\/www.prijedordanas.com\/\",\"name\":\"PrijedorDanas.com - Prijedorski gradski portal\",\"description\":\"Portal o doga\u0111anjima u gradu Prijedoru\",\"publisher\":{\"@id\":\"https:\/\/www.prijedordanas.com\/#organization\"},\"potentialAction\":[{\"@type\":\"SearchAction\",\"target\":{\"@type\":\"EntryPoint\",\"urlTemplate\":\"https:\/\/www.prijedordanas.com\/?s={search_term_string}\"},\"query-input\":\"required name=search_term_string\"}],\"inLanguage\":\"en-US\"},{\"@type\":\"Organization\",\"@id\":\"https:\/\/www.prijedordanas.com\/#organization\",\"name\":\"PrijedorDanas.com\",\"url\":\"https:\/\/www.prijedordanas.com\/\",\"logo\":{\"@type\":\"ImageObject\",\"inLanguage\":\"en-US\",\"@id\":\"https:\/\/www.prijedordanas.com\/#\/schema\/logo\/image\/\",\"url\":\"http:\/\/www.prijedordanas.com\/wp-content\/uploads\/2021\/12\/logopng.png\",\"contentUrl\":\"http:\/\/www.prijedordanas.com\/wp-content\/uploads\/2021\/12\/logopng.png\",\"width\":1019,\"height\":776,\"caption\":\"PrijedorDanas.com\"},\"image\":{\"@id\":\"https:\/\/www.prijedordanas.com\/#\/schema\/logo\/image\/\"},\"sameAs\":[\"https:\/\/www.facebook.com\/PrijedorDanasCom\/\"]},{\"@type\":\"Person\",\"@id\":\"https:\/\/www.prijedordanas.com\/#\/schema\/person\/4e08ccf29b506ca916ff86d46bb700e6\",\"name\":\"admin\",\"image\":{\"@type\":\"ImageObject\",\"inLanguage\":\"en-US\",\"@id\":\"https:\/\/www.prijedordanas.com\/#\/schema\/person\/image\/\",\"url\":\"https:\/\/secure.gravatar.com\/avatar\/1d3fc949d550f0b53a5f0d51e06dfd79?s=96&d=mm&r=g\",\"contentUrl\":\"https:\/\/secure.gravatar.com\/avatar\/1d3fc949d550f0b53a5f0d51e06dfd79?s=96&d=mm&r=g\",\"caption\":\"admin\"},\"url\":\"https:\/\/www.prijedordanas.com\/?author=1\"}]}<\/script>\n<!-- \/ Yoast SEO plugin. -->","yoast_head_json":{"title":"Udru\u017eenje za o\u010duvanje tradicije Prijedor: Predstavljena bajka za djecu \"Crni gavran i de\u010dak Vuka\u0161in\" - FOTO - PrijedorDanas.com - Prijedorski gradski portal","robots":{"index":"index","follow":"follow","max-snippet":"max-snippet:-1","max-image-preview":"max-image-preview:large","max-video-preview":"max-video-preview:-1"},"canonical":"https:\/\/www.prijedordanas.com\/?p=163851","og_locale":"en_US","og_type":"article","og_title":"Udru\u017eenje za o\u010duvanje tradicije Prijedor: Predstavljena bajka za djecu \"Crni gavran i de\u010dak Vuka\u0161in\" - FOTO - PrijedorDanas.com - Prijedorski gradski portal","og_description":"Bajka za djecu \u201cCrni gavran i de\u010dak Vuka\u0161in\u201d autorke Milice Maksic\u0301 objavljena u izdanju Udru\u017eenja za o\u010duvanje tradicije iz Prijedora, predstavljena je u na\u0161em gradu. Pridr\u017eavaju\u0107i se svih propisanih epidemiolo\u0161kih [&hellip;]","og_url":"https:\/\/www.prijedordanas.com\/?p=163851","og_site_name":"PrijedorDanas.com - Prijedorski gradski portal","article_publisher":"https:\/\/www.facebook.com\/PrijedorDanasCom\/","article_published_time":"2021-03-13T11:26:21+00:00","og_image":[{"url":"https:\/\/www.prijedordanas.com\/wp-content\/uploads\/2021\/03\/promocija-crni-gavran-i-decak-vukasin-1-300x225.jpg"}],"author":"admin","twitter_card":"summary_large_image","twitter_misc":{"Written by":"admin","Est. reading time":"2 minutes"},"schema":{"@context":"https:\/\/schema.org","@graph":[{"@type":"Article","@id":"https:\/\/www.prijedordanas.com\/?p=163851#article","isPartOf":{"@id":"https:\/\/www.prijedordanas.com\/?p=163851"},"author":{"name":"admin","@id":"https:\/\/www.prijedordanas.com\/#\/schema\/person\/4e08ccf29b506ca916ff86d46bb700e6"},"headline":"Udru\u017eenje za o\u010duvanje tradicije Prijedor: Predstavljena bajka za djecu &#8220;Crni gavran i de\u010dak Vuka\u0161in&#8221; &#8211; FOTO","datePublished":"2021-03-13T11:26:21+00:00","dateModified":"2021-03-13T11:26:21+00:00","mainEntityOfPage":{"@id":"https:\/\/www.prijedordanas.com\/?p=163851"},"wordCount":415,"publisher":{"@id":"https:\/\/www.prijedordanas.com\/#organization"},"articleSection":["Kultura"],"inLanguage":"en-US"},{"@type":"WebPage","@id":"https:\/\/www.prijedordanas.com\/?p=163851","url":"https:\/\/www.prijedordanas.com\/?p=163851","name":"Udru\u017eenje za o\u010duvanje tradicije Prijedor: Predstavljena bajka za djecu \"Crni gavran i de\u010dak Vuka\u0161in\" - FOTO - PrijedorDanas.com - Prijedorski gradski portal","isPartOf":{"@id":"https:\/\/www.prijedordanas.com\/#website"},"datePublished":"2021-03-13T11:26:21+00:00","dateModified":"2021-03-13T11:26:21+00:00","breadcrumb":{"@id":"https:\/\/www.prijedordanas.com\/?p=163851#breadcrumb"},"inLanguage":"en-US","potentialAction":[{"@type":"ReadAction","target":["https:\/\/www.prijedordanas.com\/?p=163851"]}]},{"@type":"BreadcrumbList","@id":"https:\/\/www.prijedordanas.com\/?p=163851#breadcrumb","itemListElement":[{"@type":"ListItem","position":1,"name":"Home","item":"https:\/\/www.prijedordanas.com\/"},{"@type":"ListItem","position":2,"name":"Udru\u017eenje za o\u010duvanje tradicije Prijedor: Predstavljena bajka za djecu &#8220;Crni gavran i de\u010dak Vuka\u0161in&#8221; &#8211; FOTO"}]},{"@type":"WebSite","@id":"https:\/\/www.prijedordanas.com\/#website","url":"https:\/\/www.prijedordanas.com\/","name":"PrijedorDanas.com - Prijedorski gradski portal","description":"Portal o doga\u0111anjima u gradu Prijedoru","publisher":{"@id":"https:\/\/www.prijedordanas.com\/#organization"},"potentialAction":[{"@type":"SearchAction","target":{"@type":"EntryPoint","urlTemplate":"https:\/\/www.prijedordanas.com\/?s={search_term_string}"},"query-input":"required name=search_term_string"}],"inLanguage":"en-US"},{"@type":"Organization","@id":"https:\/\/www.prijedordanas.com\/#organization","name":"PrijedorDanas.com","url":"https:\/\/www.prijedordanas.com\/","logo":{"@type":"ImageObject","inLanguage":"en-US","@id":"https:\/\/www.prijedordanas.com\/#\/schema\/logo\/image\/","url":"http:\/\/www.prijedordanas.com\/wp-content\/uploads\/2021\/12\/logopng.png","contentUrl":"http:\/\/www.prijedordanas.com\/wp-content\/uploads\/2021\/12\/logopng.png","width":1019,"height":776,"caption":"PrijedorDanas.com"},"image":{"@id":"https:\/\/www.prijedordanas.com\/#\/schema\/logo\/image\/"},"sameAs":["https:\/\/www.facebook.com\/PrijedorDanasCom\/"]},{"@type":"Person","@id":"https:\/\/www.prijedordanas.com\/#\/schema\/person\/4e08ccf29b506ca916ff86d46bb700e6","name":"admin","image":{"@type":"ImageObject","inLanguage":"en-US","@id":"https:\/\/www.prijedordanas.com\/#\/schema\/person\/image\/","url":"https:\/\/secure.gravatar.com\/avatar\/1d3fc949d550f0b53a5f0d51e06dfd79?s=96&d=mm&r=g","contentUrl":"https:\/\/secure.gravatar.com\/avatar\/1d3fc949d550f0b53a5f0d51e06dfd79?s=96&d=mm&r=g","caption":"admin"},"url":"https:\/\/www.prijedordanas.com\/?author=1"}]}},"_links":{"self":[{"href":"https:\/\/www.prijedordanas.com\/index.php?rest_route=\/wp\/v2\/posts\/163851"}],"collection":[{"href":"https:\/\/www.prijedordanas.com\/index.php?rest_route=\/wp\/v2\/posts"}],"about":[{"href":"https:\/\/www.prijedordanas.com\/index.php?rest_route=\/wp\/v2\/types\/post"}],"author":[{"embeddable":true,"href":"https:\/\/www.prijedordanas.com\/index.php?rest_route=\/wp\/v2\/users\/1"}],"replies":[{"embeddable":true,"href":"https:\/\/www.prijedordanas.com\/index.php?rest_route=%2Fwp%2Fv2%2Fcomments&post=163851"}],"version-history":[{"count":1,"href":"https:\/\/www.prijedordanas.com\/index.php?rest_route=\/wp\/v2\/posts\/163851\/revisions"}],"predecessor-version":[{"id":163852,"href":"https:\/\/www.prijedordanas.com\/index.php?rest_route=\/wp\/v2\/posts\/163851\/revisions\/163852"}],"wp:attachment":[{"href":"https:\/\/www.prijedordanas.com\/index.php?rest_route=%2Fwp%2Fv2%2Fmedia&parent=163851"}],"wp:term":[{"taxonomy":"category","embeddable":true,"href":"https:\/\/www.prijedordanas.com\/index.php?rest_route=%2Fwp%2Fv2%2Fcategories&post=163851"},{"taxonomy":"post_tag","embeddable":true,"href":"https:\/\/www.prijedordanas.com\/index.php?rest_route=%2Fwp%2Fv2%2Ftags&post=163851"}],"curies":[{"name":"wp","href":"https:\/\/api.w.org\/{rel}","templated":true}]}}