{"id":163520,"date":"2021-03-08T10:55:34","date_gmt":"2021-03-08T09:55:34","guid":{"rendered":"https:\/\/www.prijedordanas.com\/?p=163520"},"modified":"2021-03-08T10:55:34","modified_gmt":"2021-03-08T09:55:34","slug":"prijedor-povecan-broj-korisnika-subvencija-za-vodu-i-kanalizaciju","status":"publish","type":"post","link":"https:\/\/www.prijedordanas.com\/?p=163520","title":{"rendered":"Prijedor: Pove\u0107an broj korisnika subvencija za vodu i kanalizaciju"},"content":{"rendered":"<p><a href=\"https:\/\/www.prijedordanas.com\/wp-content\/uploads\/2019\/05\/prijedor-iz-vazduha-proljece-2019-4.jpg\"><img loading=\"lazy\" decoding=\"async\" src=\"https:\/\/www.prijedordanas.com\/wp-content\/uploads\/2019\/05\/prijedor-iz-vazduha-proljece-2019-4-300x217.jpg\" alt=\"\" width=\"300\" height=\"217\" class=\"alignleft size-medium wp-image-127508\" srcset=\"https:\/\/www.prijedordanas.com\/wp-content\/uploads\/2019\/05\/prijedor-iz-vazduha-proljece-2019-4-300x217.jpg 300w, https:\/\/www.prijedordanas.com\/wp-content\/uploads\/2019\/05\/prijedor-iz-vazduha-proljece-2019-4-100x72.jpg 100w, https:\/\/www.prijedordanas.com\/wp-content\/uploads\/2019\/05\/prijedor-iz-vazduha-proljece-2019-4.jpg 690w\" sizes=\"(max-width: 300px) 100vw, 300px\" \/><\/a>Broj korisnika subvencija za vodu i kanalizaciju u Prijedoru lani je pove\u0107an na 271 u odnosu na 257 socijalno ugro\u017eenih lica koja su ovo pravo koristila u 2019. godini, podaci su iz izvje\u0161taja o realizaciji Odluke o uvo\u0111enju subvencija za korisnike vodnih usluga na podru\u010dju grada za pro\u0161lu godinu.<\/p>\n<p>Broj korisnika subvencije pove\u0107an je i u odnosu na 2018. godinu kada je to pravo prvi put uvedeno i kada ih je bilo 52.<\/p>\n<p>&#8220;Uvo\u0111enje novih kategorija socijalno ugro\u017eenih lica u pravo na subvenciju dijela tro\u0161kova za vodu i odvodnju otpadnih voda bilo je opravdano i u 2019. i 2020. godini daleko ve\u0107i broj socijalno ugro\u017eenih stanovnika grada Prijedora koristio je ovaj vid pomo\u0107i&#8221;, navodi se u izvje\u0161taju.<\/p>\n<p>U po\u010detnoj godini primjene ove subvencije iz bud\u017eeta grada realizovano je 2.417 KM, lani 9.128 KM, dok je plan od 10.000 KM za 2020. godinu prema\u0161en i izdvojeno je 14.601 KM, te je nacrtom bud\u017eeta za 2021. godinu za ove namjene planirano 15.000 KM.<\/p>\n<p>Pravo na subvenciju za po tri kubika vode i kanalizacije po \u010dlanu doma\u0107instva u prvoj godini primjene mogli su ostvariti korisnici nov\u010dane pomo\u0107i kojima je to pravo priznao Centar za socijalni rad i penzioneri sa 70 i vi\u0161e godina \u017eivota koji, osim najni\u017ee samostalne penzije, nemaju drugih primanja.<\/p>\n<p>Od 2019. godine ovo pravo mogu ostvariti i korisnici dodatka za pomo\u0107 i njegu drugog lica, koji nemaju drugih redovnih mjese\u010dnih primanja i korisnici stambenih jedinica Centra za socijalni rad koji stambene jednice koriste na osnovu rje\u0161enja ovog centra.<\/p>\n<p>Postupak za ostvarivanje prava na subvencionisanje javnih vodnih usluga provodi Centar za socijalni rad, a pokre\u0107e se na zahtjev lica koje \u017eeli ostvariti to pravo. Rje\u0161enje se donosi za period od najvi\u0161e jedne godine, nakon \u010dega stranka ponovo mo\u017ee podnijeti zahtjev, ukoliko ispunjava propisane uslove.<\/p>\n<p>&#8220;Vodovod&#8221; Prijedor na ra\u010dunima jasno razgrani\u010dava iznos koji se subvencioni\u0161e i koji pla\u0107a Grad od iznosa koji pla\u0107a korisnik subvencije, a na pole\u0111ini svih ra\u010duna je informacija o pravima kategorija definisanih za kori\u0161tenje subvencija.<\/p>\n<p>Grad Prijedor je 2017. godine sa &#8220;Vodovodom&#8221; potpisao ugovor o pru\u017eanju javnih vodnih usluga gdje se obavezao donijeti odluku o uvo\u0111enju subvencija za najugro\u017eenije korisnike. <\/p>\n<p>SRNA<\/p>\n","protected":false},"excerpt":{"rendered":"<p>Broj korisnika subvencija za vodu i kanalizaciju u Prijedoru lani je pove\u0107an na 271 u odnosu na 257 socijalno ugro\u017eenih lica koja su ovo pravo koristila u 2019. godini, podaci [&hellip;]<\/p>\n","protected":false},"author":1,"featured_media":0,"comment_status":"closed","ping_status":"open","sticky":false,"template":"","format":"standard","meta":{"_monsterinsights_skip_tracking":false,"_monsterinsights_sitenote_active":false,"_monsterinsights_sitenote_note":"","_monsterinsights_sitenote_category":0,"footnotes":""},"categories":[8],"tags":[],"yoast_head":"<!-- This site is optimized with the Yoast SEO plugin v21.6 - https:\/\/yoast.com\/wordpress\/plugins\/seo\/ -->\n<title>Prijedor: Pove\u0107an broj korisnika subvencija za vodu i kanalizaciju - PrijedorDanas.com - Prijedorski gradski portal<\/title>\n<meta name=\"robots\" content=\"index, follow, max-snippet:-1, max-image-preview:large, max-video-preview:-1\" \/>\n<link rel=\"canonical\" href=\"https:\/\/www.prijedordanas.com\/?p=163520\" \/>\n<meta property=\"og:locale\" content=\"en_US\" \/>\n<meta property=\"og:type\" content=\"article\" \/>\n<meta property=\"og:title\" content=\"Prijedor: Pove\u0107an broj korisnika subvencija za vodu i kanalizaciju - PrijedorDanas.com - Prijedorski gradski portal\" \/>\n<meta property=\"og:description\" content=\"Broj korisnika subvencija za vodu i kanalizaciju u Prijedoru lani je pove\u0107an na 271 u odnosu na 257 socijalno ugro\u017eenih lica koja su ovo pravo koristila u 2019. godini, podaci [&hellip;]\" \/>\n<meta property=\"og:url\" content=\"https:\/\/www.prijedordanas.com\/?p=163520\" \/>\n<meta property=\"og:site_name\" content=\"PrijedorDanas.com - Prijedorski gradski portal\" \/>\n<meta property=\"article:publisher\" content=\"https:\/\/www.facebook.com\/PrijedorDanasCom\/\" \/>\n<meta property=\"article:published_time\" content=\"2021-03-08T09:55:34+00:00\" \/>\n<meta property=\"og:image\" content=\"https:\/\/www.prijedordanas.com\/wp-content\/uploads\/2019\/05\/prijedor-iz-vazduha-proljece-2019-4-300x217.jpg\" \/>\n<meta name=\"author\" content=\"admin\" \/>\n<meta name=\"twitter:card\" content=\"summary_large_image\" \/>\n<meta name=\"twitter:label1\" content=\"Written by\" \/>\n\t<meta name=\"twitter:data1\" content=\"admin\" \/>\n\t<meta name=\"twitter:label2\" content=\"Est. reading time\" \/>\n\t<meta name=\"twitter:data2\" content=\"2 minutes\" \/>\n<script type=\"application\/ld+json\" class=\"yoast-schema-graph\">{\"@context\":\"https:\/\/schema.org\",\"@graph\":[{\"@type\":\"Article\",\"@id\":\"https:\/\/www.prijedordanas.com\/?p=163520#article\",\"isPartOf\":{\"@id\":\"https:\/\/www.prijedordanas.com\/?p=163520\"},\"author\":{\"name\":\"admin\",\"@id\":\"https:\/\/www.prijedordanas.com\/#\/schema\/person\/4e08ccf29b506ca916ff86d46bb700e6\"},\"headline\":\"Prijedor: Pove\u0107an broj korisnika subvencija za vodu i kanalizaciju\",\"datePublished\":\"2021-03-08T09:55:34+00:00\",\"dateModified\":\"2021-03-08T09:55:34+00:00\",\"mainEntityOfPage\":{\"@id\":\"https:\/\/www.prijedordanas.com\/?p=163520\"},\"wordCount\":386,\"publisher\":{\"@id\":\"https:\/\/www.prijedordanas.com\/#organization\"},\"articleSection\":[\"Svakodnevno\"],\"inLanguage\":\"en-US\"},{\"@type\":\"WebPage\",\"@id\":\"https:\/\/www.prijedordanas.com\/?p=163520\",\"url\":\"https:\/\/www.prijedordanas.com\/?p=163520\",\"name\":\"Prijedor: Pove\u0107an broj korisnika subvencija za vodu i kanalizaciju - PrijedorDanas.com - Prijedorski gradski portal\",\"isPartOf\":{\"@id\":\"https:\/\/www.prijedordanas.com\/#website\"},\"datePublished\":\"2021-03-08T09:55:34+00:00\",\"dateModified\":\"2021-03-08T09:55:34+00:00\",\"breadcrumb\":{\"@id\":\"https:\/\/www.prijedordanas.com\/?p=163520#breadcrumb\"},\"inLanguage\":\"en-US\",\"potentialAction\":[{\"@type\":\"ReadAction\",\"target\":[\"https:\/\/www.prijedordanas.com\/?p=163520\"]}]},{\"@type\":\"BreadcrumbList\",\"@id\":\"https:\/\/www.prijedordanas.com\/?p=163520#breadcrumb\",\"itemListElement\":[{\"@type\":\"ListItem\",\"position\":1,\"name\":\"Home\",\"item\":\"https:\/\/www.prijedordanas.com\/\"},{\"@type\":\"ListItem\",\"position\":2,\"name\":\"Prijedor: Pove\u0107an broj korisnika subvencija za vodu i kanalizaciju\"}]},{\"@type\":\"WebSite\",\"@id\":\"https:\/\/www.prijedordanas.com\/#website\",\"url\":\"https:\/\/www.prijedordanas.com\/\",\"name\":\"PrijedorDanas.com - Prijedorski gradski portal\",\"description\":\"Portal o doga\u0111anjima u gradu Prijedoru\",\"publisher\":{\"@id\":\"https:\/\/www.prijedordanas.com\/#organization\"},\"potentialAction\":[{\"@type\":\"SearchAction\",\"target\":{\"@type\":\"EntryPoint\",\"urlTemplate\":\"https:\/\/www.prijedordanas.com\/?s={search_term_string}\"},\"query-input\":\"required name=search_term_string\"}],\"inLanguage\":\"en-US\"},{\"@type\":\"Organization\",\"@id\":\"https:\/\/www.prijedordanas.com\/#organization\",\"name\":\"PrijedorDanas.com\",\"url\":\"https:\/\/www.prijedordanas.com\/\",\"logo\":{\"@type\":\"ImageObject\",\"inLanguage\":\"en-US\",\"@id\":\"https:\/\/www.prijedordanas.com\/#\/schema\/logo\/image\/\",\"url\":\"http:\/\/www.prijedordanas.com\/wp-content\/uploads\/2021\/12\/logopng.png\",\"contentUrl\":\"http:\/\/www.prijedordanas.com\/wp-content\/uploads\/2021\/12\/logopng.png\",\"width\":1019,\"height\":776,\"caption\":\"PrijedorDanas.com\"},\"image\":{\"@id\":\"https:\/\/www.prijedordanas.com\/#\/schema\/logo\/image\/\"},\"sameAs\":[\"https:\/\/www.facebook.com\/PrijedorDanasCom\/\"]},{\"@type\":\"Person\",\"@id\":\"https:\/\/www.prijedordanas.com\/#\/schema\/person\/4e08ccf29b506ca916ff86d46bb700e6\",\"name\":\"admin\",\"image\":{\"@type\":\"ImageObject\",\"inLanguage\":\"en-US\",\"@id\":\"https:\/\/www.prijedordanas.com\/#\/schema\/person\/image\/\",\"url\":\"https:\/\/secure.gravatar.com\/avatar\/1d3fc949d550f0b53a5f0d51e06dfd79?s=96&d=mm&r=g\",\"contentUrl\":\"https:\/\/secure.gravatar.com\/avatar\/1d3fc949d550f0b53a5f0d51e06dfd79?s=96&d=mm&r=g\",\"caption\":\"admin\"},\"url\":\"https:\/\/www.prijedordanas.com\/?author=1\"}]}<\/script>\n<!-- \/ Yoast SEO plugin. -->","yoast_head_json":{"title":"Prijedor: Pove\u0107an broj korisnika subvencija za vodu i kanalizaciju - PrijedorDanas.com - Prijedorski gradski portal","robots":{"index":"index","follow":"follow","max-snippet":"max-snippet:-1","max-image-preview":"max-image-preview:large","max-video-preview":"max-video-preview:-1"},"canonical":"https:\/\/www.prijedordanas.com\/?p=163520","og_locale":"en_US","og_type":"article","og_title":"Prijedor: Pove\u0107an broj korisnika subvencija za vodu i kanalizaciju - PrijedorDanas.com - Prijedorski gradski portal","og_description":"Broj korisnika subvencija za vodu i kanalizaciju u Prijedoru lani je pove\u0107an na 271 u odnosu na 257 socijalno ugro\u017eenih lica koja su ovo pravo koristila u 2019. godini, podaci [&hellip;]","og_url":"https:\/\/www.prijedordanas.com\/?p=163520","og_site_name":"PrijedorDanas.com - Prijedorski gradski portal","article_publisher":"https:\/\/www.facebook.com\/PrijedorDanasCom\/","article_published_time":"2021-03-08T09:55:34+00:00","og_image":[{"url":"https:\/\/www.prijedordanas.com\/wp-content\/uploads\/2019\/05\/prijedor-iz-vazduha-proljece-2019-4-300x217.jpg"}],"author":"admin","twitter_card":"summary_large_image","twitter_misc":{"Written by":"admin","Est. reading time":"2 minutes"},"schema":{"@context":"https:\/\/schema.org","@graph":[{"@type":"Article","@id":"https:\/\/www.prijedordanas.com\/?p=163520#article","isPartOf":{"@id":"https:\/\/www.prijedordanas.com\/?p=163520"},"author":{"name":"admin","@id":"https:\/\/www.prijedordanas.com\/#\/schema\/person\/4e08ccf29b506ca916ff86d46bb700e6"},"headline":"Prijedor: Pove\u0107an broj korisnika subvencija za vodu i kanalizaciju","datePublished":"2021-03-08T09:55:34+00:00","dateModified":"2021-03-08T09:55:34+00:00","mainEntityOfPage":{"@id":"https:\/\/www.prijedordanas.com\/?p=163520"},"wordCount":386,"publisher":{"@id":"https:\/\/www.prijedordanas.com\/#organization"},"articleSection":["Svakodnevno"],"inLanguage":"en-US"},{"@type":"WebPage","@id":"https:\/\/www.prijedordanas.com\/?p=163520","url":"https:\/\/www.prijedordanas.com\/?p=163520","name":"Prijedor: Pove\u0107an broj korisnika subvencija za vodu i kanalizaciju - PrijedorDanas.com - Prijedorski gradski portal","isPartOf":{"@id":"https:\/\/www.prijedordanas.com\/#website"},"datePublished":"2021-03-08T09:55:34+00:00","dateModified":"2021-03-08T09:55:34+00:00","breadcrumb":{"@id":"https:\/\/www.prijedordanas.com\/?p=163520#breadcrumb"},"inLanguage":"en-US","potentialAction":[{"@type":"ReadAction","target":["https:\/\/www.prijedordanas.com\/?p=163520"]}]},{"@type":"BreadcrumbList","@id":"https:\/\/www.prijedordanas.com\/?p=163520#breadcrumb","itemListElement":[{"@type":"ListItem","position":1,"name":"Home","item":"https:\/\/www.prijedordanas.com\/"},{"@type":"ListItem","position":2,"name":"Prijedor: Pove\u0107an broj korisnika subvencija za vodu i kanalizaciju"}]},{"@type":"WebSite","@id":"https:\/\/www.prijedordanas.com\/#website","url":"https:\/\/www.prijedordanas.com\/","name":"PrijedorDanas.com - Prijedorski gradski portal","description":"Portal o doga\u0111anjima u gradu Prijedoru","publisher":{"@id":"https:\/\/www.prijedordanas.com\/#organization"},"potentialAction":[{"@type":"SearchAction","target":{"@type":"EntryPoint","urlTemplate":"https:\/\/www.prijedordanas.com\/?s={search_term_string}"},"query-input":"required name=search_term_string"}],"inLanguage":"en-US"},{"@type":"Organization","@id":"https:\/\/www.prijedordanas.com\/#organization","name":"PrijedorDanas.com","url":"https:\/\/www.prijedordanas.com\/","logo":{"@type":"ImageObject","inLanguage":"en-US","@id":"https:\/\/www.prijedordanas.com\/#\/schema\/logo\/image\/","url":"http:\/\/www.prijedordanas.com\/wp-content\/uploads\/2021\/12\/logopng.png","contentUrl":"http:\/\/www.prijedordanas.com\/wp-content\/uploads\/2021\/12\/logopng.png","width":1019,"height":776,"caption":"PrijedorDanas.com"},"image":{"@id":"https:\/\/www.prijedordanas.com\/#\/schema\/logo\/image\/"},"sameAs":["https:\/\/www.facebook.com\/PrijedorDanasCom\/"]},{"@type":"Person","@id":"https:\/\/www.prijedordanas.com\/#\/schema\/person\/4e08ccf29b506ca916ff86d46bb700e6","name":"admin","image":{"@type":"ImageObject","inLanguage":"en-US","@id":"https:\/\/www.prijedordanas.com\/#\/schema\/person\/image\/","url":"https:\/\/secure.gravatar.com\/avatar\/1d3fc949d550f0b53a5f0d51e06dfd79?s=96&d=mm&r=g","contentUrl":"https:\/\/secure.gravatar.com\/avatar\/1d3fc949d550f0b53a5f0d51e06dfd79?s=96&d=mm&r=g","caption":"admin"},"url":"https:\/\/www.prijedordanas.com\/?author=1"}]}},"_links":{"self":[{"href":"https:\/\/www.prijedordanas.com\/index.php?rest_route=\/wp\/v2\/posts\/163520"}],"collection":[{"href":"https:\/\/www.prijedordanas.com\/index.php?rest_route=\/wp\/v2\/posts"}],"about":[{"href":"https:\/\/www.prijedordanas.com\/index.php?rest_route=\/wp\/v2\/types\/post"}],"author":[{"embeddable":true,"href":"https:\/\/www.prijedordanas.com\/index.php?rest_route=\/wp\/v2\/users\/1"}],"replies":[{"embeddable":true,"href":"https:\/\/www.prijedordanas.com\/index.php?rest_route=%2Fwp%2Fv2%2Fcomments&post=163520"}],"version-history":[{"count":1,"href":"https:\/\/www.prijedordanas.com\/index.php?rest_route=\/wp\/v2\/posts\/163520\/revisions"}],"predecessor-version":[{"id":163521,"href":"https:\/\/www.prijedordanas.com\/index.php?rest_route=\/wp\/v2\/posts\/163520\/revisions\/163521"}],"wp:attachment":[{"href":"https:\/\/www.prijedordanas.com\/index.php?rest_route=%2Fwp%2Fv2%2Fmedia&parent=163520"}],"wp:term":[{"taxonomy":"category","embeddable":true,"href":"https:\/\/www.prijedordanas.com\/index.php?rest_route=%2Fwp%2Fv2%2Fcategories&post=163520"},{"taxonomy":"post_tag","embeddable":true,"href":"https:\/\/www.prijedordanas.com\/index.php?rest_route=%2Fwp%2Fv2%2Ftags&post=163520"}],"curies":[{"name":"wp","href":"https:\/\/api.w.org\/{rel}","templated":true}]}}