{"id":163105,"date":"2021-02-27T08:41:27","date_gmt":"2021-02-27T07:41:27","guid":{"rendered":"https:\/\/www.prijedordanas.com\/?p=163105"},"modified":"2021-02-27T08:41:27","modified_gmt":"2021-02-27T07:41:27","slug":"skupstina-grada-prijedora-za-personalnu-asistenciju-u-ovoj-godini-66-000-km","status":"publish","type":"post","link":"https:\/\/www.prijedordanas.com\/?p=163105","title":{"rendered":"Skup\u0161tina grada Prijedora: Za personalnu asistenciju u ovoj godini 66.000 KM"},"content":{"rendered":"<p><a href=\"https:\/\/www.prijedordanas.com\/wp-content\/uploads\/2021\/02\/skupstina-grada-25februar-13.jpg\"><img loading=\"lazy\" decoding=\"async\" class=\"alignleft size-medium wp-image-163106\" src=\"https:\/\/www.prijedordanas.com\/wp-content\/uploads\/2021\/02\/skupstina-grada-25februar-13-300x225.jpg\" alt=\"\" width=\"300\" height=\"225\" srcset=\"https:\/\/www.prijedordanas.com\/wp-content\/uploads\/2021\/02\/skupstina-grada-25februar-13-300x225.jpg 300w, https:\/\/www.prijedordanas.com\/wp-content\/uploads\/2021\/02\/skupstina-grada-25februar-13-640x480.jpg 640w, https:\/\/www.prijedordanas.com\/wp-content\/uploads\/2021\/02\/skupstina-grada-25februar-13.jpg 667w\" sizes=\"(max-width: 300px) 100vw, 300px\" \/><\/a>Odbornici Skup\u0161tine grada Prijedora usvojili su odluku o uslugama personalne asistencije.<\/p>\n<p>Ovo pro\u0161ireno pravo iz Zakona o socijalnoj za\u0161titi grad Prijedor je prvi put uveo pro\u0161le godine i u bud\u017eetu planirao inicijalnih 20.000 KM za tu godinu, a ovom novom odlukom pravo se ustanovljava trajno i bud\u017eetska stavka za ovu godinu je planirana u iznosu od 66.000 KM.<\/p>\n<p>Gospa Sajak \u0160tikovac iz Centra za socijalni rad rekla je da Skup\u0161tina grada donosi odluku kojom su propisani kriterijumi, a ova ustanova pravilnik koji odre\u0111uje procedure.<\/p>\n<p>&#8220;Sposobnost za dono\u0161enje odluka je kriterijum koji mora imati korisnik usluge i stoga nisu obuhva\u0107ena lica sa intelektualnim pote\u0161ko\u0107ama. Tako\u0111e, obuhvat od 18 do 65 godina je stoga \u0161to mla\u0111i od 18 i stariji od 65 mogu ostvariti mnoga druga osnovna zakonska prava&#8221;, rekla je \u0160tikovac u obra\u0107anju odbornicima.<\/p>\n<p>\u0160tikovac ka\u017ee da je lani pravo ostvarilo 12 lica, a da bi u ovoj godini taj broj mogao biti 17.<\/p>\n<p><a href=\"https:\/\/www.prijedordanas.com\/wp-content\/uploads\/2021\/02\/skupstina-grada-25februar-7.jpg\"><img loading=\"lazy\" decoding=\"async\" src=\"https:\/\/www.prijedordanas.com\/wp-content\/uploads\/2021\/02\/skupstina-grada-25februar-7-300x199.jpg\" alt=\"\" width=\"300\" height=\"199\" class=\"alignleft size-medium wp-image-163107\" srcset=\"https:\/\/www.prijedordanas.com\/wp-content\/uploads\/2021\/02\/skupstina-grada-25februar-7-300x199.jpg 300w, https:\/\/www.prijedordanas.com\/wp-content\/uploads\/2021\/02\/skupstina-grada-25februar-7-480x320.jpg 480w, https:\/\/www.prijedordanas.com\/wp-content\/uploads\/2021\/02\/skupstina-grada-25februar-7.jpg 600w\" sizes=\"(max-width: 300px) 100vw, 300px\" \/><\/a>Ona navodi da bi omogu\u0107avanjem prava licima do 18 i iznad 65 godina, kao i onim koja imaju intelektualne pote\u0161ko\u0107e, u Prijedoru moglo da se radi o 151 licu za \u0161ta bi u bud\u017eetu trebalo obezbijediti do 800.000 KM, ako se zna da je sat usluge 5,30 KM, a da korisnik mo\u017ee ostvariti do 100 \u010dasova ovog prava.<\/p>\n<p>&#8220;Udru\u017eenja koja okupljaju razli\u010dite kategorije lica sa invaliditetom svoje mjesto treba da na\u0111u putem javnih poziva, i kao korisnici, ali i kao pru\u017eaoci usluga, kao \u0161to je to lani u\u010dinilo udru\u017eenje distrofi\u010dara prijedorske regije\u201c, poru\u010dila je Sajak \u0160tikovac.<\/p>\n<p>Odbornik PDA Azra Pa\u0161ali\u0107 rekla je da su udru\u017eenja koja okupljaju lica sa invaliditetom morala biti uklju\u010dena u dono\u0161enje svih akata u vezi sa ovim pravom, a ne samo stru\u010dnjaci.<\/p>\n<p>&#8220;Niko bolje od lica u invalidskim kolicima ne zna koje su njegove potrebe, a ovdje su potrebni altruizam, emocije i empatija&#8221;, istakla je Pa\u0161ali\u0107eva.<\/p>\n<p>Odbornici nisu prihvatili amandmane nezavisnog odbornika Sla\u0111ane Radakovi\u0107, koja je predlo\u017eila da se ovo pravo omogu\u0107i i licima sa intelektualnim te\u0161ko\u0107ama i licima ispod 18 i iznad 65 godina.<\/p>\n<p>Nastavak sjednice Skup\u0161tine grada zakazan je za utorak, 2. mart, u 10.00 \u010dasova.<\/p>\n<p>SRNA<\/p>\n","protected":false},"excerpt":{"rendered":"<p>Odbornici Skup\u0161tine grada Prijedora usvojili su odluku o uslugama personalne asistencije. Ovo pro\u0161ireno pravo iz Zakona o socijalnoj za\u0161titi grad Prijedor je prvi put uveo pro\u0161le godine i u bud\u017eetu [&hellip;]<\/p>\n","protected":false},"author":1,"featured_media":0,"comment_status":"closed","ping_status":"open","sticky":false,"template":"","format":"standard","meta":{"_monsterinsights_skip_tracking":false,"_monsterinsights_sitenote_active":false,"_monsterinsights_sitenote_note":"","_monsterinsights_sitenote_category":0,"footnotes":""},"categories":[8],"tags":[],"yoast_head":"<!-- This site is optimized with the Yoast SEO plugin v21.6 - https:\/\/yoast.com\/wordpress\/plugins\/seo\/ -->\n<title>Skup\u0161tina grada Prijedora: Za personalnu asistenciju u ovoj godini 66.000 KM - PrijedorDanas.com - Prijedorski gradski portal<\/title>\n<meta name=\"robots\" content=\"index, follow, max-snippet:-1, max-image-preview:large, max-video-preview:-1\" \/>\n<link rel=\"canonical\" href=\"https:\/\/www.prijedordanas.com\/?p=163105\" \/>\n<meta property=\"og:locale\" content=\"en_US\" \/>\n<meta property=\"og:type\" content=\"article\" \/>\n<meta property=\"og:title\" content=\"Skup\u0161tina grada Prijedora: Za personalnu asistenciju u ovoj godini 66.000 KM - PrijedorDanas.com - Prijedorski gradski portal\" \/>\n<meta property=\"og:description\" content=\"Odbornici Skup\u0161tine grada Prijedora usvojili su odluku o uslugama personalne asistencije. Ovo pro\u0161ireno pravo iz Zakona o socijalnoj za\u0161titi grad Prijedor je prvi put uveo pro\u0161le godine i u bud\u017eetu [&hellip;]\" \/>\n<meta property=\"og:url\" content=\"https:\/\/www.prijedordanas.com\/?p=163105\" \/>\n<meta property=\"og:site_name\" content=\"PrijedorDanas.com - Prijedorski gradski portal\" \/>\n<meta property=\"article:publisher\" content=\"https:\/\/www.facebook.com\/PrijedorDanasCom\/\" \/>\n<meta property=\"article:published_time\" content=\"2021-02-27T07:41:27+00:00\" \/>\n<meta property=\"og:image\" content=\"https:\/\/www.prijedordanas.com\/wp-content\/uploads\/2021\/02\/skupstina-grada-25februar-13-300x225.jpg\" \/>\n<meta name=\"author\" content=\"admin\" \/>\n<meta name=\"twitter:card\" content=\"summary_large_image\" \/>\n<meta name=\"twitter:label1\" content=\"Written by\" \/>\n\t<meta name=\"twitter:data1\" content=\"admin\" \/>\n\t<meta name=\"twitter:label2\" content=\"Est. reading time\" \/>\n\t<meta name=\"twitter:data2\" content=\"2 minutes\" \/>\n<script type=\"application\/ld+json\" class=\"yoast-schema-graph\">{\"@context\":\"https:\/\/schema.org\",\"@graph\":[{\"@type\":\"Article\",\"@id\":\"https:\/\/www.prijedordanas.com\/?p=163105#article\",\"isPartOf\":{\"@id\":\"https:\/\/www.prijedordanas.com\/?p=163105\"},\"author\":{\"name\":\"admin\",\"@id\":\"https:\/\/www.prijedordanas.com\/#\/schema\/person\/4e08ccf29b506ca916ff86d46bb700e6\"},\"headline\":\"Skup\u0161tina grada Prijedora: Za personalnu asistenciju u ovoj godini 66.000 KM\",\"datePublished\":\"2021-02-27T07:41:27+00:00\",\"dateModified\":\"2021-02-27T07:41:27+00:00\",\"mainEntityOfPage\":{\"@id\":\"https:\/\/www.prijedordanas.com\/?p=163105\"},\"wordCount\":381,\"publisher\":{\"@id\":\"https:\/\/www.prijedordanas.com\/#organization\"},\"articleSection\":[\"Svakodnevno\"],\"inLanguage\":\"en-US\"},{\"@type\":\"WebPage\",\"@id\":\"https:\/\/www.prijedordanas.com\/?p=163105\",\"url\":\"https:\/\/www.prijedordanas.com\/?p=163105\",\"name\":\"Skup\u0161tina grada Prijedora: Za personalnu asistenciju u ovoj godini 66.000 KM - PrijedorDanas.com - Prijedorski gradski portal\",\"isPartOf\":{\"@id\":\"https:\/\/www.prijedordanas.com\/#website\"},\"datePublished\":\"2021-02-27T07:41:27+00:00\",\"dateModified\":\"2021-02-27T07:41:27+00:00\",\"breadcrumb\":{\"@id\":\"https:\/\/www.prijedordanas.com\/?p=163105#breadcrumb\"},\"inLanguage\":\"en-US\",\"potentialAction\":[{\"@type\":\"ReadAction\",\"target\":[\"https:\/\/www.prijedordanas.com\/?p=163105\"]}]},{\"@type\":\"BreadcrumbList\",\"@id\":\"https:\/\/www.prijedordanas.com\/?p=163105#breadcrumb\",\"itemListElement\":[{\"@type\":\"ListItem\",\"position\":1,\"name\":\"Home\",\"item\":\"https:\/\/www.prijedordanas.com\/\"},{\"@type\":\"ListItem\",\"position\":2,\"name\":\"Skup\u0161tina grada Prijedora: Za personalnu asistenciju u ovoj godini 66.000 KM\"}]},{\"@type\":\"WebSite\",\"@id\":\"https:\/\/www.prijedordanas.com\/#website\",\"url\":\"https:\/\/www.prijedordanas.com\/\",\"name\":\"PrijedorDanas.com - Prijedorski gradski portal\",\"description\":\"Portal o doga\u0111anjima u gradu Prijedoru\",\"publisher\":{\"@id\":\"https:\/\/www.prijedordanas.com\/#organization\"},\"potentialAction\":[{\"@type\":\"SearchAction\",\"target\":{\"@type\":\"EntryPoint\",\"urlTemplate\":\"https:\/\/www.prijedordanas.com\/?s={search_term_string}\"},\"query-input\":\"required name=search_term_string\"}],\"inLanguage\":\"en-US\"},{\"@type\":\"Organization\",\"@id\":\"https:\/\/www.prijedordanas.com\/#organization\",\"name\":\"PrijedorDanas.com\",\"url\":\"https:\/\/www.prijedordanas.com\/\",\"logo\":{\"@type\":\"ImageObject\",\"inLanguage\":\"en-US\",\"@id\":\"https:\/\/www.prijedordanas.com\/#\/schema\/logo\/image\/\",\"url\":\"http:\/\/www.prijedordanas.com\/wp-content\/uploads\/2021\/12\/logopng.png\",\"contentUrl\":\"http:\/\/www.prijedordanas.com\/wp-content\/uploads\/2021\/12\/logopng.png\",\"width\":1019,\"height\":776,\"caption\":\"PrijedorDanas.com\"},\"image\":{\"@id\":\"https:\/\/www.prijedordanas.com\/#\/schema\/logo\/image\/\"},\"sameAs\":[\"https:\/\/www.facebook.com\/PrijedorDanasCom\/\"]},{\"@type\":\"Person\",\"@id\":\"https:\/\/www.prijedordanas.com\/#\/schema\/person\/4e08ccf29b506ca916ff86d46bb700e6\",\"name\":\"admin\",\"image\":{\"@type\":\"ImageObject\",\"inLanguage\":\"en-US\",\"@id\":\"https:\/\/www.prijedordanas.com\/#\/schema\/person\/image\/\",\"url\":\"https:\/\/secure.gravatar.com\/avatar\/1d3fc949d550f0b53a5f0d51e06dfd79?s=96&d=mm&r=g\",\"contentUrl\":\"https:\/\/secure.gravatar.com\/avatar\/1d3fc949d550f0b53a5f0d51e06dfd79?s=96&d=mm&r=g\",\"caption\":\"admin\"},\"url\":\"https:\/\/www.prijedordanas.com\/?author=1\"}]}<\/script>\n<!-- \/ Yoast SEO plugin. -->","yoast_head_json":{"title":"Skup\u0161tina grada Prijedora: Za personalnu asistenciju u ovoj godini 66.000 KM - PrijedorDanas.com - Prijedorski gradski portal","robots":{"index":"index","follow":"follow","max-snippet":"max-snippet:-1","max-image-preview":"max-image-preview:large","max-video-preview":"max-video-preview:-1"},"canonical":"https:\/\/www.prijedordanas.com\/?p=163105","og_locale":"en_US","og_type":"article","og_title":"Skup\u0161tina grada Prijedora: Za personalnu asistenciju u ovoj godini 66.000 KM - PrijedorDanas.com - Prijedorski gradski portal","og_description":"Odbornici Skup\u0161tine grada Prijedora usvojili su odluku o uslugama personalne asistencije. Ovo pro\u0161ireno pravo iz Zakona o socijalnoj za\u0161titi grad Prijedor je prvi put uveo pro\u0161le godine i u bud\u017eetu [&hellip;]","og_url":"https:\/\/www.prijedordanas.com\/?p=163105","og_site_name":"PrijedorDanas.com - Prijedorski gradski portal","article_publisher":"https:\/\/www.facebook.com\/PrijedorDanasCom\/","article_published_time":"2021-02-27T07:41:27+00:00","og_image":[{"url":"https:\/\/www.prijedordanas.com\/wp-content\/uploads\/2021\/02\/skupstina-grada-25februar-13-300x225.jpg"}],"author":"admin","twitter_card":"summary_large_image","twitter_misc":{"Written by":"admin","Est. reading time":"2 minutes"},"schema":{"@context":"https:\/\/schema.org","@graph":[{"@type":"Article","@id":"https:\/\/www.prijedordanas.com\/?p=163105#article","isPartOf":{"@id":"https:\/\/www.prijedordanas.com\/?p=163105"},"author":{"name":"admin","@id":"https:\/\/www.prijedordanas.com\/#\/schema\/person\/4e08ccf29b506ca916ff86d46bb700e6"},"headline":"Skup\u0161tina grada Prijedora: Za personalnu asistenciju u ovoj godini 66.000 KM","datePublished":"2021-02-27T07:41:27+00:00","dateModified":"2021-02-27T07:41:27+00:00","mainEntityOfPage":{"@id":"https:\/\/www.prijedordanas.com\/?p=163105"},"wordCount":381,"publisher":{"@id":"https:\/\/www.prijedordanas.com\/#organization"},"articleSection":["Svakodnevno"],"inLanguage":"en-US"},{"@type":"WebPage","@id":"https:\/\/www.prijedordanas.com\/?p=163105","url":"https:\/\/www.prijedordanas.com\/?p=163105","name":"Skup\u0161tina grada Prijedora: Za personalnu asistenciju u ovoj godini 66.000 KM - PrijedorDanas.com - Prijedorski gradski portal","isPartOf":{"@id":"https:\/\/www.prijedordanas.com\/#website"},"datePublished":"2021-02-27T07:41:27+00:00","dateModified":"2021-02-27T07:41:27+00:00","breadcrumb":{"@id":"https:\/\/www.prijedordanas.com\/?p=163105#breadcrumb"},"inLanguage":"en-US","potentialAction":[{"@type":"ReadAction","target":["https:\/\/www.prijedordanas.com\/?p=163105"]}]},{"@type":"BreadcrumbList","@id":"https:\/\/www.prijedordanas.com\/?p=163105#breadcrumb","itemListElement":[{"@type":"ListItem","position":1,"name":"Home","item":"https:\/\/www.prijedordanas.com\/"},{"@type":"ListItem","position":2,"name":"Skup\u0161tina grada Prijedora: Za personalnu asistenciju u ovoj godini 66.000 KM"}]},{"@type":"WebSite","@id":"https:\/\/www.prijedordanas.com\/#website","url":"https:\/\/www.prijedordanas.com\/","name":"PrijedorDanas.com - Prijedorski gradski portal","description":"Portal o doga\u0111anjima u gradu Prijedoru","publisher":{"@id":"https:\/\/www.prijedordanas.com\/#organization"},"potentialAction":[{"@type":"SearchAction","target":{"@type":"EntryPoint","urlTemplate":"https:\/\/www.prijedordanas.com\/?s={search_term_string}"},"query-input":"required name=search_term_string"}],"inLanguage":"en-US"},{"@type":"Organization","@id":"https:\/\/www.prijedordanas.com\/#organization","name":"PrijedorDanas.com","url":"https:\/\/www.prijedordanas.com\/","logo":{"@type":"ImageObject","inLanguage":"en-US","@id":"https:\/\/www.prijedordanas.com\/#\/schema\/logo\/image\/","url":"http:\/\/www.prijedordanas.com\/wp-content\/uploads\/2021\/12\/logopng.png","contentUrl":"http:\/\/www.prijedordanas.com\/wp-content\/uploads\/2021\/12\/logopng.png","width":1019,"height":776,"caption":"PrijedorDanas.com"},"image":{"@id":"https:\/\/www.prijedordanas.com\/#\/schema\/logo\/image\/"},"sameAs":["https:\/\/www.facebook.com\/PrijedorDanasCom\/"]},{"@type":"Person","@id":"https:\/\/www.prijedordanas.com\/#\/schema\/person\/4e08ccf29b506ca916ff86d46bb700e6","name":"admin","image":{"@type":"ImageObject","inLanguage":"en-US","@id":"https:\/\/www.prijedordanas.com\/#\/schema\/person\/image\/","url":"https:\/\/secure.gravatar.com\/avatar\/1d3fc949d550f0b53a5f0d51e06dfd79?s=96&d=mm&r=g","contentUrl":"https:\/\/secure.gravatar.com\/avatar\/1d3fc949d550f0b53a5f0d51e06dfd79?s=96&d=mm&r=g","caption":"admin"},"url":"https:\/\/www.prijedordanas.com\/?author=1"}]}},"_links":{"self":[{"href":"https:\/\/www.prijedordanas.com\/index.php?rest_route=\/wp\/v2\/posts\/163105"}],"collection":[{"href":"https:\/\/www.prijedordanas.com\/index.php?rest_route=\/wp\/v2\/posts"}],"about":[{"href":"https:\/\/www.prijedordanas.com\/index.php?rest_route=\/wp\/v2\/types\/post"}],"author":[{"embeddable":true,"href":"https:\/\/www.prijedordanas.com\/index.php?rest_route=\/wp\/v2\/users\/1"}],"replies":[{"embeddable":true,"href":"https:\/\/www.prijedordanas.com\/index.php?rest_route=%2Fwp%2Fv2%2Fcomments&post=163105"}],"version-history":[{"count":2,"href":"https:\/\/www.prijedordanas.com\/index.php?rest_route=\/wp\/v2\/posts\/163105\/revisions"}],"predecessor-version":[{"id":163109,"href":"https:\/\/www.prijedordanas.com\/index.php?rest_route=\/wp\/v2\/posts\/163105\/revisions\/163109"}],"wp:attachment":[{"href":"https:\/\/www.prijedordanas.com\/index.php?rest_route=%2Fwp%2Fv2%2Fmedia&parent=163105"}],"wp:term":[{"taxonomy":"category","embeddable":true,"href":"https:\/\/www.prijedordanas.com\/index.php?rest_route=%2Fwp%2Fv2%2Fcategories&post=163105"},{"taxonomy":"post_tag","embeddable":true,"href":"https:\/\/www.prijedordanas.com\/index.php?rest_route=%2Fwp%2Fv2%2Ftags&post=163105"}],"curies":[{"name":"wp","href":"https:\/\/api.w.org\/{rel}","templated":true}]}}