{"id":162810,"date":"2021-02-20T20:44:42","date_gmt":"2021-02-20T19:44:42","guid":{"rendered":"https:\/\/www.prijedordanas.com\/?p=162810"},"modified":"2021-02-20T20:47:46","modified_gmt":"2021-02-20T19:47:46","slug":"marina-stupar-nova-direktorica-mire-a-d-prijedor","status":"publish","type":"post","link":"https:\/\/www.prijedordanas.com\/?p=162810","title":{"rendered":"Marina Stupar nova direktorica Mire a.d. Prijedor"},"content":{"rendered":"<p><a href=\"https:\/\/www.prijedordanas.com\/wp-content\/uploads\/2021\/02\/mira-prijedor-marina-stupar.jpg\"><img loading=\"lazy\" decoding=\"async\" src=\"https:\/\/www.prijedordanas.com\/wp-content\/uploads\/2021\/02\/mira-prijedor-marina-stupar-300x225.jpg\" alt=\"\" width=\"300\" height=\"225\" class=\"alignleft size-medium wp-image-162811\" srcset=\"https:\/\/www.prijedordanas.com\/wp-content\/uploads\/2021\/02\/mira-prijedor-marina-stupar-300x225.jpg 300w, https:\/\/www.prijedordanas.com\/wp-content\/uploads\/2021\/02\/mira-prijedor-marina-stupar-640x480.jpg 640w, https:\/\/www.prijedordanas.com\/wp-content\/uploads\/2021\/02\/mira-prijedor-marina-stupar.jpg 667w\" sizes=\"(max-width: 300px) 100vw, 300px\" \/><\/a>Na sjednici Upravnog odbora Mire a.d. \u010dlanice Kra\u0161 grupe, novom je direktoricom Dru\u0161tva imenovana Marina Stupar, dosada\u0161nja pomo\u0107nica direktorice Dru\u0161tva. Na toj je poziciji bila od januara 2016., a prethodno je bila direktorica Sektora kadrovskih, op\u0161tih i pravnih poslova. Dosada\u0161nja direktorica Dru\u0161tva i \u010dlanica Upravnog odbora Marica Vidakovi\u0107 povla\u010di se s tih pozicija, ali u Kra\u0161 Grupi nastavlja s radom na poziciji savjetnice predsjednika Uprave.<\/p>\n<p>\u201e\u010cestitam kolegici Stupar na imenovanju i uvjeren sam da \u0107e uspje\u0161no nastaviti voditi Miru a.d. \u010dlanicu Kra\u0161 grupe u susret novim poslovnim izazovima koji su pred nama. Zahvaljujem Marici Vidakovi\u0107 na velikom doprinosu u razvoju Mire u modernu kompaniju kakvu danas poznajemo i drago mi je da \u0107e i dalje svoje znanje i iskustvo dijeliti s rukovodstvom Kra\u0161a na dobrobit cijele Grupe\u201c, izjavio je Slavko Ledi\u0107, predsjednik Upravnog odbora Mire a.d. \u010dlanice Kra\u0161 grupe.<\/p>\n<p>\u201eZahvaljujem Upravnom odboru na povjerenju koje su mi ukazali ovim imenovanjem. Nova je funkcija za mene velika \u010dast i odgovornost te s ponosom gledam u budu\u0107nost Mire koju \u0107emo zajedni\u010dkim snagama nastaviti graditi kao uspje\u0161nu i modernu kompaniju. Na temelju dugogodi\u0161nje tradicije, vrhunske kvalitete i sna\u017enog kolektiva i dalje \u0107emo stvarati nove vrijednosti i uveseljavati potro\u0161a\u010de u Hrvatskoj i BiH, zemljama u okru\u017eenju, ali i svugdje u svijetu\u201c, izjavila je Marina Stupar, nova direktorica Mire a.d. \u010dlanice Kra\u0161 grupe. <\/p>\n<p><a href=\"https:\/\/www.prijedordanas.com\/wp-content\/uploads\/2021\/02\/marina-stupar.jpg\"><img loading=\"lazy\" decoding=\"async\" src=\"https:\/\/www.prijedordanas.com\/wp-content\/uploads\/2021\/02\/marina-stupar-300x248.jpg\" alt=\"\" width=\"300\" height=\"248\" class=\"alignleft size-medium wp-image-162813\" srcset=\"https:\/\/www.prijedordanas.com\/wp-content\/uploads\/2021\/02\/marina-stupar-300x248.jpg 300w, https:\/\/www.prijedordanas.com\/wp-content\/uploads\/2021\/02\/marina-stupar.jpg 604w\" sizes=\"(max-width: 300px) 100vw, 300px\" \/><\/a>Mira je vode\u0107i proizvo\u0111a\u010d konditorskih proizvoda s primarnom proizvodnjom \u010dajnih peciva i vafla u Bosni i Hercegovini koji 80 posto proizvoda izvozi u zemlje regije, Evropske unije te Sjedinjene Ameri\u010dke Dr\u017eave, Kanadu, Australiju i Saudijsku Arabiju. Kompanija je pro\u0161le godine poslovala pozitivno bez obzira na sve izazove i ote\u017eane uslove rada, s rastom plata te ispunjenim planom proizvodnje.<\/p>\n<p>Protekla \u0107e godina u Miri biti upam\u0107ena i po realizaciji jednog od zna\u010dajnijih i ve\u0107ih projekata, pu\u0161tanja u rad nove linije za proizvodnju u okviru investicije ukupne vrijednosti od 1,6 miliona evra. Investicija je obuhvatila nabavku jedne od najmodernijih oprema za cijelu liniju, \u0161to uklju\u010duje strojeve za samu izradu tijesta, oblikovanje i finalnu obradu kao i pakovanje \u010dajnih peciva te tako stvara mogu\u0107nost plasiranja novih proizvoda na tr\u017ei\u0161te. Uz daljnje investicije, ulaganja u razvoj i radni\u010dka prava, u 2021. godini fokus nove Uprave \u0107e biti na preselenju cjelokupne proizvodnje u proizvodni pogon na Svalama, \u010dime \u0107e se stvoriti uslovi za daljnji razvoj, modernizaciju i pove\u0107anje poslovanja.<\/p>\n<p>mira.ba<\/p>\n","protected":false},"excerpt":{"rendered":"<p>Na sjednici Upravnog odbora Mire a.d. \u010dlanice Kra\u0161 grupe, novom je direktoricom Dru\u0161tva imenovana Marina Stupar, dosada\u0161nja pomo\u0107nica direktorice Dru\u0161tva. Na toj je poziciji bila od januara 2016., a prethodno [&hellip;]<\/p>\n","protected":false},"author":1,"featured_media":0,"comment_status":"closed","ping_status":"open","sticky":false,"template":"","format":"standard","meta":{"_monsterinsights_skip_tracking":false,"_monsterinsights_sitenote_active":false,"_monsterinsights_sitenote_note":"","_monsterinsights_sitenote_category":0,"footnotes":""},"categories":[8],"tags":[],"yoast_head":"<!-- This site is optimized with the Yoast SEO plugin v21.6 - https:\/\/yoast.com\/wordpress\/plugins\/seo\/ -->\n<title>Marina Stupar nova direktorica Mire a.d. Prijedor - PrijedorDanas.com - Prijedorski gradski portal<\/title>\n<meta name=\"robots\" content=\"index, follow, max-snippet:-1, max-image-preview:large, max-video-preview:-1\" \/>\n<link rel=\"canonical\" href=\"https:\/\/www.prijedordanas.com\/?p=162810\" \/>\n<meta property=\"og:locale\" content=\"en_US\" \/>\n<meta property=\"og:type\" content=\"article\" \/>\n<meta property=\"og:title\" content=\"Marina Stupar nova direktorica Mire a.d. Prijedor - PrijedorDanas.com - Prijedorski gradski portal\" \/>\n<meta property=\"og:description\" content=\"Na sjednici Upravnog odbora Mire a.d. \u010dlanice Kra\u0161 grupe, novom je direktoricom Dru\u0161tva imenovana Marina Stupar, dosada\u0161nja pomo\u0107nica direktorice Dru\u0161tva. Na toj je poziciji bila od januara 2016., a prethodno [&hellip;]\" \/>\n<meta property=\"og:url\" content=\"https:\/\/www.prijedordanas.com\/?p=162810\" \/>\n<meta property=\"og:site_name\" content=\"PrijedorDanas.com - Prijedorski gradski portal\" \/>\n<meta property=\"article:publisher\" content=\"https:\/\/www.facebook.com\/PrijedorDanasCom\/\" \/>\n<meta property=\"article:published_time\" content=\"2021-02-20T19:44:42+00:00\" \/>\n<meta property=\"article:modified_time\" content=\"2021-02-20T19:47:46+00:00\" \/>\n<meta property=\"og:image\" content=\"https:\/\/www.prijedordanas.com\/wp-content\/uploads\/2021\/02\/mira-prijedor-marina-stupar-300x225.jpg\" \/>\n<meta name=\"author\" content=\"admin\" \/>\n<meta name=\"twitter:card\" content=\"summary_large_image\" \/>\n<meta name=\"twitter:label1\" content=\"Written by\" \/>\n\t<meta name=\"twitter:data1\" content=\"admin\" \/>\n\t<meta name=\"twitter:label2\" content=\"Est. reading time\" \/>\n\t<meta name=\"twitter:data2\" content=\"2 minutes\" \/>\n<script type=\"application\/ld+json\" class=\"yoast-schema-graph\">{\"@context\":\"https:\/\/schema.org\",\"@graph\":[{\"@type\":\"Article\",\"@id\":\"https:\/\/www.prijedordanas.com\/?p=162810#article\",\"isPartOf\":{\"@id\":\"https:\/\/www.prijedordanas.com\/?p=162810\"},\"author\":{\"name\":\"admin\",\"@id\":\"https:\/\/www.prijedordanas.com\/#\/schema\/person\/4e08ccf29b506ca916ff86d46bb700e6\"},\"headline\":\"Marina Stupar nova direktorica Mire a.d. Prijedor\",\"datePublished\":\"2021-02-20T19:44:42+00:00\",\"dateModified\":\"2021-02-20T19:47:46+00:00\",\"mainEntityOfPage\":{\"@id\":\"https:\/\/www.prijedordanas.com\/?p=162810\"},\"wordCount\":426,\"publisher\":{\"@id\":\"https:\/\/www.prijedordanas.com\/#organization\"},\"articleSection\":[\"Svakodnevno\"],\"inLanguage\":\"en-US\"},{\"@type\":\"WebPage\",\"@id\":\"https:\/\/www.prijedordanas.com\/?p=162810\",\"url\":\"https:\/\/www.prijedordanas.com\/?p=162810\",\"name\":\"Marina Stupar nova direktorica Mire a.d. Prijedor - PrijedorDanas.com - Prijedorski gradski portal\",\"isPartOf\":{\"@id\":\"https:\/\/www.prijedordanas.com\/#website\"},\"datePublished\":\"2021-02-20T19:44:42+00:00\",\"dateModified\":\"2021-02-20T19:47:46+00:00\",\"breadcrumb\":{\"@id\":\"https:\/\/www.prijedordanas.com\/?p=162810#breadcrumb\"},\"inLanguage\":\"en-US\",\"potentialAction\":[{\"@type\":\"ReadAction\",\"target\":[\"https:\/\/www.prijedordanas.com\/?p=162810\"]}]},{\"@type\":\"BreadcrumbList\",\"@id\":\"https:\/\/www.prijedordanas.com\/?p=162810#breadcrumb\",\"itemListElement\":[{\"@type\":\"ListItem\",\"position\":1,\"name\":\"Home\",\"item\":\"https:\/\/www.prijedordanas.com\/\"},{\"@type\":\"ListItem\",\"position\":2,\"name\":\"Marina Stupar nova direktorica Mire a.d. Prijedor\"}]},{\"@type\":\"WebSite\",\"@id\":\"https:\/\/www.prijedordanas.com\/#website\",\"url\":\"https:\/\/www.prijedordanas.com\/\",\"name\":\"PrijedorDanas.com - Prijedorski gradski portal\",\"description\":\"Portal o doga\u0111anjima u gradu Prijedoru\",\"publisher\":{\"@id\":\"https:\/\/www.prijedordanas.com\/#organization\"},\"potentialAction\":[{\"@type\":\"SearchAction\",\"target\":{\"@type\":\"EntryPoint\",\"urlTemplate\":\"https:\/\/www.prijedordanas.com\/?s={search_term_string}\"},\"query-input\":\"required name=search_term_string\"}],\"inLanguage\":\"en-US\"},{\"@type\":\"Organization\",\"@id\":\"https:\/\/www.prijedordanas.com\/#organization\",\"name\":\"PrijedorDanas.com\",\"url\":\"https:\/\/www.prijedordanas.com\/\",\"logo\":{\"@type\":\"ImageObject\",\"inLanguage\":\"en-US\",\"@id\":\"https:\/\/www.prijedordanas.com\/#\/schema\/logo\/image\/\",\"url\":\"http:\/\/www.prijedordanas.com\/wp-content\/uploads\/2021\/12\/logopng.png\",\"contentUrl\":\"http:\/\/www.prijedordanas.com\/wp-content\/uploads\/2021\/12\/logopng.png\",\"width\":1019,\"height\":776,\"caption\":\"PrijedorDanas.com\"},\"image\":{\"@id\":\"https:\/\/www.prijedordanas.com\/#\/schema\/logo\/image\/\"},\"sameAs\":[\"https:\/\/www.facebook.com\/PrijedorDanasCom\/\"]},{\"@type\":\"Person\",\"@id\":\"https:\/\/www.prijedordanas.com\/#\/schema\/person\/4e08ccf29b506ca916ff86d46bb700e6\",\"name\":\"admin\",\"image\":{\"@type\":\"ImageObject\",\"inLanguage\":\"en-US\",\"@id\":\"https:\/\/www.prijedordanas.com\/#\/schema\/person\/image\/\",\"url\":\"https:\/\/secure.gravatar.com\/avatar\/1d3fc949d550f0b53a5f0d51e06dfd79?s=96&d=mm&r=g\",\"contentUrl\":\"https:\/\/secure.gravatar.com\/avatar\/1d3fc949d550f0b53a5f0d51e06dfd79?s=96&d=mm&r=g\",\"caption\":\"admin\"},\"url\":\"https:\/\/www.prijedordanas.com\/?author=1\"}]}<\/script>\n<!-- \/ Yoast SEO plugin. -->","yoast_head_json":{"title":"Marina Stupar nova direktorica Mire a.d. Prijedor - PrijedorDanas.com - Prijedorski gradski portal","robots":{"index":"index","follow":"follow","max-snippet":"max-snippet:-1","max-image-preview":"max-image-preview:large","max-video-preview":"max-video-preview:-1"},"canonical":"https:\/\/www.prijedordanas.com\/?p=162810","og_locale":"en_US","og_type":"article","og_title":"Marina Stupar nova direktorica Mire a.d. Prijedor - PrijedorDanas.com - Prijedorski gradski portal","og_description":"Na sjednici Upravnog odbora Mire a.d. \u010dlanice Kra\u0161 grupe, novom je direktoricom Dru\u0161tva imenovana Marina Stupar, dosada\u0161nja pomo\u0107nica direktorice Dru\u0161tva. Na toj je poziciji bila od januara 2016., a prethodno [&hellip;]","og_url":"https:\/\/www.prijedordanas.com\/?p=162810","og_site_name":"PrijedorDanas.com - Prijedorski gradski portal","article_publisher":"https:\/\/www.facebook.com\/PrijedorDanasCom\/","article_published_time":"2021-02-20T19:44:42+00:00","article_modified_time":"2021-02-20T19:47:46+00:00","og_image":[{"url":"https:\/\/www.prijedordanas.com\/wp-content\/uploads\/2021\/02\/mira-prijedor-marina-stupar-300x225.jpg"}],"author":"admin","twitter_card":"summary_large_image","twitter_misc":{"Written by":"admin","Est. reading time":"2 minutes"},"schema":{"@context":"https:\/\/schema.org","@graph":[{"@type":"Article","@id":"https:\/\/www.prijedordanas.com\/?p=162810#article","isPartOf":{"@id":"https:\/\/www.prijedordanas.com\/?p=162810"},"author":{"name":"admin","@id":"https:\/\/www.prijedordanas.com\/#\/schema\/person\/4e08ccf29b506ca916ff86d46bb700e6"},"headline":"Marina Stupar nova direktorica Mire a.d. Prijedor","datePublished":"2021-02-20T19:44:42+00:00","dateModified":"2021-02-20T19:47:46+00:00","mainEntityOfPage":{"@id":"https:\/\/www.prijedordanas.com\/?p=162810"},"wordCount":426,"publisher":{"@id":"https:\/\/www.prijedordanas.com\/#organization"},"articleSection":["Svakodnevno"],"inLanguage":"en-US"},{"@type":"WebPage","@id":"https:\/\/www.prijedordanas.com\/?p=162810","url":"https:\/\/www.prijedordanas.com\/?p=162810","name":"Marina Stupar nova direktorica Mire a.d. Prijedor - PrijedorDanas.com - Prijedorski gradski portal","isPartOf":{"@id":"https:\/\/www.prijedordanas.com\/#website"},"datePublished":"2021-02-20T19:44:42+00:00","dateModified":"2021-02-20T19:47:46+00:00","breadcrumb":{"@id":"https:\/\/www.prijedordanas.com\/?p=162810#breadcrumb"},"inLanguage":"en-US","potentialAction":[{"@type":"ReadAction","target":["https:\/\/www.prijedordanas.com\/?p=162810"]}]},{"@type":"BreadcrumbList","@id":"https:\/\/www.prijedordanas.com\/?p=162810#breadcrumb","itemListElement":[{"@type":"ListItem","position":1,"name":"Home","item":"https:\/\/www.prijedordanas.com\/"},{"@type":"ListItem","position":2,"name":"Marina Stupar nova direktorica Mire a.d. Prijedor"}]},{"@type":"WebSite","@id":"https:\/\/www.prijedordanas.com\/#website","url":"https:\/\/www.prijedordanas.com\/","name":"PrijedorDanas.com - Prijedorski gradski portal","description":"Portal o doga\u0111anjima u gradu Prijedoru","publisher":{"@id":"https:\/\/www.prijedordanas.com\/#organization"},"potentialAction":[{"@type":"SearchAction","target":{"@type":"EntryPoint","urlTemplate":"https:\/\/www.prijedordanas.com\/?s={search_term_string}"},"query-input":"required name=search_term_string"}],"inLanguage":"en-US"},{"@type":"Organization","@id":"https:\/\/www.prijedordanas.com\/#organization","name":"PrijedorDanas.com","url":"https:\/\/www.prijedordanas.com\/","logo":{"@type":"ImageObject","inLanguage":"en-US","@id":"https:\/\/www.prijedordanas.com\/#\/schema\/logo\/image\/","url":"http:\/\/www.prijedordanas.com\/wp-content\/uploads\/2021\/12\/logopng.png","contentUrl":"http:\/\/www.prijedordanas.com\/wp-content\/uploads\/2021\/12\/logopng.png","width":1019,"height":776,"caption":"PrijedorDanas.com"},"image":{"@id":"https:\/\/www.prijedordanas.com\/#\/schema\/logo\/image\/"},"sameAs":["https:\/\/www.facebook.com\/PrijedorDanasCom\/"]},{"@type":"Person","@id":"https:\/\/www.prijedordanas.com\/#\/schema\/person\/4e08ccf29b506ca916ff86d46bb700e6","name":"admin","image":{"@type":"ImageObject","inLanguage":"en-US","@id":"https:\/\/www.prijedordanas.com\/#\/schema\/person\/image\/","url":"https:\/\/secure.gravatar.com\/avatar\/1d3fc949d550f0b53a5f0d51e06dfd79?s=96&d=mm&r=g","contentUrl":"https:\/\/secure.gravatar.com\/avatar\/1d3fc949d550f0b53a5f0d51e06dfd79?s=96&d=mm&r=g","caption":"admin"},"url":"https:\/\/www.prijedordanas.com\/?author=1"}]}},"_links":{"self":[{"href":"https:\/\/www.prijedordanas.com\/index.php?rest_route=\/wp\/v2\/posts\/162810"}],"collection":[{"href":"https:\/\/www.prijedordanas.com\/index.php?rest_route=\/wp\/v2\/posts"}],"about":[{"href":"https:\/\/www.prijedordanas.com\/index.php?rest_route=\/wp\/v2\/types\/post"}],"author":[{"embeddable":true,"href":"https:\/\/www.prijedordanas.com\/index.php?rest_route=\/wp\/v2\/users\/1"}],"replies":[{"embeddable":true,"href":"https:\/\/www.prijedordanas.com\/index.php?rest_route=%2Fwp%2Fv2%2Fcomments&post=162810"}],"version-history":[{"count":3,"href":"https:\/\/www.prijedordanas.com\/index.php?rest_route=\/wp\/v2\/posts\/162810\/revisions"}],"predecessor-version":[{"id":162815,"href":"https:\/\/www.prijedordanas.com\/index.php?rest_route=\/wp\/v2\/posts\/162810\/revisions\/162815"}],"wp:attachment":[{"href":"https:\/\/www.prijedordanas.com\/index.php?rest_route=%2Fwp%2Fv2%2Fmedia&parent=162810"}],"wp:term":[{"taxonomy":"category","embeddable":true,"href":"https:\/\/www.prijedordanas.com\/index.php?rest_route=%2Fwp%2Fv2%2Fcategories&post=162810"},{"taxonomy":"post_tag","embeddable":true,"href":"https:\/\/www.prijedordanas.com\/index.php?rest_route=%2Fwp%2Fv2%2Ftags&post=162810"}],"curies":[{"name":"wp","href":"https:\/\/api.w.org\/{rel}","templated":true}]}}