{"id":162415,"date":"2021-02-10T18:31:15","date_gmt":"2021-02-10T17:31:15","guid":{"rendered":"https:\/\/www.prijedordanas.com\/?p=162415"},"modified":"2021-02-10T18:31:15","modified_gmt":"2021-02-10T17:31:15","slug":"djeciji-vrtic-radost-ove-godine-bez-pripremnog-programa-za-predskolce","status":"publish","type":"post","link":"https:\/\/www.prijedordanas.com\/?p=162415","title":{"rendered":"Dje\u010diji vrti\u0107 &#8220;Radost&#8221;: Ove godine bez pripremnog programa za pred\u0161kolce"},"content":{"rendered":"<p><a href=\"https:\/\/www.prijedordanas.com\/wp-content\/uploads\/2020\/12\/vrtic-radost-decembar-2020.jpg\"><img loading=\"lazy\" decoding=\"async\" src=\"https:\/\/www.prijedordanas.com\/wp-content\/uploads\/2020\/12\/vrtic-radost-decembar-2020-300x225.jpg\" alt=\"\" width=\"300\" height=\"225\" class=\"alignleft size-medium wp-image-160371\" srcset=\"https:\/\/www.prijedordanas.com\/wp-content\/uploads\/2020\/12\/vrtic-radost-decembar-2020-300x225.jpg 300w, https:\/\/www.prijedordanas.com\/wp-content\/uploads\/2020\/12\/vrtic-radost-decembar-2020-640x480.jpg 640w, https:\/\/www.prijedordanas.com\/wp-content\/uploads\/2020\/12\/vrtic-radost-decembar-2020.jpg 667w\" sizes=\"(max-width: 300px) 100vw, 300px\" \/><\/a>Dje\u010diji vrti\u0107 &#8220;Radost&#8221; Prijedor obavijestio je danas roditelje djece koja u septembru sti\u010du uslov za polazak u \u0161kolu, a koja nisu poha\u0111ala cjeloviti razvojni program, da ove godine ne\u0107e biti organizovan pripremni program za pred\u0161kolce.<\/p>\n<p>&#8220;Dobili smo dopis Ministarstva prosvjete i kulture Republike Srpske u kojem je navedeno da je takva odluka donesena jer je epidemiolo\u0161ka situacija u Srpskoj i dalje pogor\u0161ana&#8221;, rekla je Srni direktor ove pred\u0161kolske ustanove Gordana Jeki\u0107.<\/p>\n<p>Za program pripreme za \u0161kolu prijavilo se 69 osnovnih \u0161kola i 38 pred\u0161kolskih ustanova. U svim vaspitno-obrazovnim ustanovama proces rada odvija se u skladu sa higijensko-epidemiolo\u0161kim mjerama, koje uklju\u010duju i prostorna i ograni\u010denja broja djece u grupama, te pod takvim uslovima pripremni program ne bi mogao biti dostupan svoj djeci.<\/p>\n<p>Ministarstvo je ovim dopisom od ustanova koje su bile prijavljene za program zatra\u017eilo da o ovoj odluci bavijeste i vaspita\u010de koji je trebalo da budu anga\u017eovani na realizaciji programa. <\/p>\n<p>SRNA<br \/>\nFoto &#8211; ilustracija<\/p>\n","protected":false},"excerpt":{"rendered":"<p>Dje\u010diji vrti\u0107 &#8220;Radost&#8221; Prijedor obavijestio je danas roditelje djece koja u septembru sti\u010du uslov za polazak u \u0161kolu, a koja nisu poha\u0111ala cjeloviti razvojni program, da ove godine ne\u0107e biti [&hellip;]<\/p>\n","protected":false},"author":1,"featured_media":0,"comment_status":"closed","ping_status":"open","sticky":false,"template":"","format":"standard","meta":{"_monsterinsights_skip_tracking":false,"_monsterinsights_sitenote_active":false,"_monsterinsights_sitenote_note":"","_monsterinsights_sitenote_category":0,"footnotes":""},"categories":[7518],"tags":[7793,1399,202],"yoast_head":"<!-- This site is optimized with the Yoast SEO plugin v21.6 - https:\/\/yoast.com\/wordpress\/plugins\/seo\/ -->\n<title>Dje\u010diji vrti\u0107 &quot;Radost&quot;: Ove godine bez pripremnog programa za pred\u0161kolce - PrijedorDanas.com - Prijedorski gradski portal<\/title>\n<meta name=\"robots\" content=\"index, follow, max-snippet:-1, max-image-preview:large, max-video-preview:-1\" \/>\n<link rel=\"canonical\" href=\"https:\/\/www.prijedordanas.com\/?p=162415\" \/>\n<meta property=\"og:locale\" content=\"en_US\" \/>\n<meta property=\"og:type\" content=\"article\" \/>\n<meta property=\"og:title\" content=\"Dje\u010diji vrti\u0107 &quot;Radost&quot;: Ove godine bez pripremnog programa za pred\u0161kolce - PrijedorDanas.com - Prijedorski gradski portal\" \/>\n<meta property=\"og:description\" content=\"Dje\u010diji vrti\u0107 &#8220;Radost&#8221; Prijedor obavijestio je danas roditelje djece koja u septembru sti\u010du uslov za polazak u \u0161kolu, a koja nisu poha\u0111ala cjeloviti razvojni program, da ove godine ne\u0107e biti [&hellip;]\" \/>\n<meta property=\"og:url\" content=\"https:\/\/www.prijedordanas.com\/?p=162415\" \/>\n<meta property=\"og:site_name\" content=\"PrijedorDanas.com - Prijedorski gradski portal\" \/>\n<meta property=\"article:publisher\" content=\"https:\/\/www.facebook.com\/PrijedorDanasCom\/\" \/>\n<meta property=\"article:published_time\" content=\"2021-02-10T17:31:15+00:00\" \/>\n<meta property=\"og:image\" content=\"https:\/\/www.prijedordanas.com\/wp-content\/uploads\/2020\/12\/vrtic-radost-decembar-2020-300x225.jpg\" \/>\n<meta name=\"author\" content=\"admin\" \/>\n<meta name=\"twitter:card\" content=\"summary_large_image\" \/>\n<meta name=\"twitter:label1\" content=\"Written by\" \/>\n\t<meta name=\"twitter:data1\" content=\"admin\" \/>\n\t<meta name=\"twitter:label2\" content=\"Est. reading time\" \/>\n\t<meta name=\"twitter:data2\" content=\"1 minute\" \/>\n<script type=\"application\/ld+json\" class=\"yoast-schema-graph\">{\"@context\":\"https:\/\/schema.org\",\"@graph\":[{\"@type\":\"Article\",\"@id\":\"https:\/\/www.prijedordanas.com\/?p=162415#article\",\"isPartOf\":{\"@id\":\"https:\/\/www.prijedordanas.com\/?p=162415\"},\"author\":{\"name\":\"admin\",\"@id\":\"https:\/\/www.prijedordanas.com\/#\/schema\/person\/4e08ccf29b506ca916ff86d46bb700e6\"},\"headline\":\"Dje\u010diji vrti\u0107 &#8220;Radost&#8221;: Ove godine bez pripremnog programa za pred\u0161kolce\",\"datePublished\":\"2021-02-10T17:31:15+00:00\",\"dateModified\":\"2021-02-10T17:31:15+00:00\",\"mainEntityOfPage\":{\"@id\":\"https:\/\/www.prijedordanas.com\/?p=162415\"},\"wordCount\":179,\"publisher\":{\"@id\":\"https:\/\/www.prijedordanas.com\/#organization\"},\"keywords\":[\"Dje\u010diji vrti\u0107 \\\"Radost\\\" Prijedor\",\"pred\u0161kolci\",\"pripremni program\"],\"articleSection\":[\"Mladi\"],\"inLanguage\":\"en-US\"},{\"@type\":\"WebPage\",\"@id\":\"https:\/\/www.prijedordanas.com\/?p=162415\",\"url\":\"https:\/\/www.prijedordanas.com\/?p=162415\",\"name\":\"Dje\u010diji vrti\u0107 \\\"Radost\\\": Ove godine bez pripremnog programa za pred\u0161kolce - PrijedorDanas.com - Prijedorski gradski portal\",\"isPartOf\":{\"@id\":\"https:\/\/www.prijedordanas.com\/#website\"},\"datePublished\":\"2021-02-10T17:31:15+00:00\",\"dateModified\":\"2021-02-10T17:31:15+00:00\",\"breadcrumb\":{\"@id\":\"https:\/\/www.prijedordanas.com\/?p=162415#breadcrumb\"},\"inLanguage\":\"en-US\",\"potentialAction\":[{\"@type\":\"ReadAction\",\"target\":[\"https:\/\/www.prijedordanas.com\/?p=162415\"]}]},{\"@type\":\"BreadcrumbList\",\"@id\":\"https:\/\/www.prijedordanas.com\/?p=162415#breadcrumb\",\"itemListElement\":[{\"@type\":\"ListItem\",\"position\":1,\"name\":\"Home\",\"item\":\"https:\/\/www.prijedordanas.com\/\"},{\"@type\":\"ListItem\",\"position\":2,\"name\":\"Dje\u010diji vrti\u0107 &#8220;Radost&#8221;: Ove godine bez pripremnog programa za pred\u0161kolce\"}]},{\"@type\":\"WebSite\",\"@id\":\"https:\/\/www.prijedordanas.com\/#website\",\"url\":\"https:\/\/www.prijedordanas.com\/\",\"name\":\"PrijedorDanas.com - Prijedorski gradski portal\",\"description\":\"Portal o doga\u0111anjima u gradu Prijedoru\",\"publisher\":{\"@id\":\"https:\/\/www.prijedordanas.com\/#organization\"},\"potentialAction\":[{\"@type\":\"SearchAction\",\"target\":{\"@type\":\"EntryPoint\",\"urlTemplate\":\"https:\/\/www.prijedordanas.com\/?s={search_term_string}\"},\"query-input\":\"required name=search_term_string\"}],\"inLanguage\":\"en-US\"},{\"@type\":\"Organization\",\"@id\":\"https:\/\/www.prijedordanas.com\/#organization\",\"name\":\"PrijedorDanas.com\",\"url\":\"https:\/\/www.prijedordanas.com\/\",\"logo\":{\"@type\":\"ImageObject\",\"inLanguage\":\"en-US\",\"@id\":\"https:\/\/www.prijedordanas.com\/#\/schema\/logo\/image\/\",\"url\":\"http:\/\/www.prijedordanas.com\/wp-content\/uploads\/2021\/12\/logopng.png\",\"contentUrl\":\"http:\/\/www.prijedordanas.com\/wp-content\/uploads\/2021\/12\/logopng.png\",\"width\":1019,\"height\":776,\"caption\":\"PrijedorDanas.com\"},\"image\":{\"@id\":\"https:\/\/www.prijedordanas.com\/#\/schema\/logo\/image\/\"},\"sameAs\":[\"https:\/\/www.facebook.com\/PrijedorDanasCom\/\"]},{\"@type\":\"Person\",\"@id\":\"https:\/\/www.prijedordanas.com\/#\/schema\/person\/4e08ccf29b506ca916ff86d46bb700e6\",\"name\":\"admin\",\"image\":{\"@type\":\"ImageObject\",\"inLanguage\":\"en-US\",\"@id\":\"https:\/\/www.prijedordanas.com\/#\/schema\/person\/image\/\",\"url\":\"https:\/\/secure.gravatar.com\/avatar\/1d3fc949d550f0b53a5f0d51e06dfd79?s=96&d=mm&r=g\",\"contentUrl\":\"https:\/\/secure.gravatar.com\/avatar\/1d3fc949d550f0b53a5f0d51e06dfd79?s=96&d=mm&r=g\",\"caption\":\"admin\"},\"url\":\"https:\/\/www.prijedordanas.com\/?author=1\"}]}<\/script>\n<!-- \/ Yoast SEO plugin. -->","yoast_head_json":{"title":"Dje\u010diji vrti\u0107 \"Radost\": Ove godine bez pripremnog programa za pred\u0161kolce - PrijedorDanas.com - Prijedorski gradski portal","robots":{"index":"index","follow":"follow","max-snippet":"max-snippet:-1","max-image-preview":"max-image-preview:large","max-video-preview":"max-video-preview:-1"},"canonical":"https:\/\/www.prijedordanas.com\/?p=162415","og_locale":"en_US","og_type":"article","og_title":"Dje\u010diji vrti\u0107 \"Radost\": Ove godine bez pripremnog programa za pred\u0161kolce - PrijedorDanas.com - Prijedorski gradski portal","og_description":"Dje\u010diji vrti\u0107 &#8220;Radost&#8221; Prijedor obavijestio je danas roditelje djece koja u septembru sti\u010du uslov za polazak u \u0161kolu, a koja nisu poha\u0111ala cjeloviti razvojni program, da ove godine ne\u0107e biti [&hellip;]","og_url":"https:\/\/www.prijedordanas.com\/?p=162415","og_site_name":"PrijedorDanas.com - Prijedorski gradski portal","article_publisher":"https:\/\/www.facebook.com\/PrijedorDanasCom\/","article_published_time":"2021-02-10T17:31:15+00:00","og_image":[{"url":"https:\/\/www.prijedordanas.com\/wp-content\/uploads\/2020\/12\/vrtic-radost-decembar-2020-300x225.jpg"}],"author":"admin","twitter_card":"summary_large_image","twitter_misc":{"Written by":"admin","Est. reading time":"1 minute"},"schema":{"@context":"https:\/\/schema.org","@graph":[{"@type":"Article","@id":"https:\/\/www.prijedordanas.com\/?p=162415#article","isPartOf":{"@id":"https:\/\/www.prijedordanas.com\/?p=162415"},"author":{"name":"admin","@id":"https:\/\/www.prijedordanas.com\/#\/schema\/person\/4e08ccf29b506ca916ff86d46bb700e6"},"headline":"Dje\u010diji vrti\u0107 &#8220;Radost&#8221;: Ove godine bez pripremnog programa za pred\u0161kolce","datePublished":"2021-02-10T17:31:15+00:00","dateModified":"2021-02-10T17:31:15+00:00","mainEntityOfPage":{"@id":"https:\/\/www.prijedordanas.com\/?p=162415"},"wordCount":179,"publisher":{"@id":"https:\/\/www.prijedordanas.com\/#organization"},"keywords":["Dje\u010diji vrti\u0107 \"Radost\" Prijedor","pred\u0161kolci","pripremni program"],"articleSection":["Mladi"],"inLanguage":"en-US"},{"@type":"WebPage","@id":"https:\/\/www.prijedordanas.com\/?p=162415","url":"https:\/\/www.prijedordanas.com\/?p=162415","name":"Dje\u010diji vrti\u0107 \"Radost\": Ove godine bez pripremnog programa za pred\u0161kolce - PrijedorDanas.com - Prijedorski gradski portal","isPartOf":{"@id":"https:\/\/www.prijedordanas.com\/#website"},"datePublished":"2021-02-10T17:31:15+00:00","dateModified":"2021-02-10T17:31:15+00:00","breadcrumb":{"@id":"https:\/\/www.prijedordanas.com\/?p=162415#breadcrumb"},"inLanguage":"en-US","potentialAction":[{"@type":"ReadAction","target":["https:\/\/www.prijedordanas.com\/?p=162415"]}]},{"@type":"BreadcrumbList","@id":"https:\/\/www.prijedordanas.com\/?p=162415#breadcrumb","itemListElement":[{"@type":"ListItem","position":1,"name":"Home","item":"https:\/\/www.prijedordanas.com\/"},{"@type":"ListItem","position":2,"name":"Dje\u010diji vrti\u0107 &#8220;Radost&#8221;: Ove godine bez pripremnog programa za pred\u0161kolce"}]},{"@type":"WebSite","@id":"https:\/\/www.prijedordanas.com\/#website","url":"https:\/\/www.prijedordanas.com\/","name":"PrijedorDanas.com - Prijedorski gradski portal","description":"Portal o doga\u0111anjima u gradu Prijedoru","publisher":{"@id":"https:\/\/www.prijedordanas.com\/#organization"},"potentialAction":[{"@type":"SearchAction","target":{"@type":"EntryPoint","urlTemplate":"https:\/\/www.prijedordanas.com\/?s={search_term_string}"},"query-input":"required name=search_term_string"}],"inLanguage":"en-US"},{"@type":"Organization","@id":"https:\/\/www.prijedordanas.com\/#organization","name":"PrijedorDanas.com","url":"https:\/\/www.prijedordanas.com\/","logo":{"@type":"ImageObject","inLanguage":"en-US","@id":"https:\/\/www.prijedordanas.com\/#\/schema\/logo\/image\/","url":"http:\/\/www.prijedordanas.com\/wp-content\/uploads\/2021\/12\/logopng.png","contentUrl":"http:\/\/www.prijedordanas.com\/wp-content\/uploads\/2021\/12\/logopng.png","width":1019,"height":776,"caption":"PrijedorDanas.com"},"image":{"@id":"https:\/\/www.prijedordanas.com\/#\/schema\/logo\/image\/"},"sameAs":["https:\/\/www.facebook.com\/PrijedorDanasCom\/"]},{"@type":"Person","@id":"https:\/\/www.prijedordanas.com\/#\/schema\/person\/4e08ccf29b506ca916ff86d46bb700e6","name":"admin","image":{"@type":"ImageObject","inLanguage":"en-US","@id":"https:\/\/www.prijedordanas.com\/#\/schema\/person\/image\/","url":"https:\/\/secure.gravatar.com\/avatar\/1d3fc949d550f0b53a5f0d51e06dfd79?s=96&d=mm&r=g","contentUrl":"https:\/\/secure.gravatar.com\/avatar\/1d3fc949d550f0b53a5f0d51e06dfd79?s=96&d=mm&r=g","caption":"admin"},"url":"https:\/\/www.prijedordanas.com\/?author=1"}]}},"_links":{"self":[{"href":"https:\/\/www.prijedordanas.com\/index.php?rest_route=\/wp\/v2\/posts\/162415"}],"collection":[{"href":"https:\/\/www.prijedordanas.com\/index.php?rest_route=\/wp\/v2\/posts"}],"about":[{"href":"https:\/\/www.prijedordanas.com\/index.php?rest_route=\/wp\/v2\/types\/post"}],"author":[{"embeddable":true,"href":"https:\/\/www.prijedordanas.com\/index.php?rest_route=\/wp\/v2\/users\/1"}],"replies":[{"embeddable":true,"href":"https:\/\/www.prijedordanas.com\/index.php?rest_route=%2Fwp%2Fv2%2Fcomments&post=162415"}],"version-history":[{"count":1,"href":"https:\/\/www.prijedordanas.com\/index.php?rest_route=\/wp\/v2\/posts\/162415\/revisions"}],"predecessor-version":[{"id":162416,"href":"https:\/\/www.prijedordanas.com\/index.php?rest_route=\/wp\/v2\/posts\/162415\/revisions\/162416"}],"wp:attachment":[{"href":"https:\/\/www.prijedordanas.com\/index.php?rest_route=%2Fwp%2Fv2%2Fmedia&parent=162415"}],"wp:term":[{"taxonomy":"category","embeddable":true,"href":"https:\/\/www.prijedordanas.com\/index.php?rest_route=%2Fwp%2Fv2%2Fcategories&post=162415"},{"taxonomy":"post_tag","embeddable":true,"href":"https:\/\/www.prijedordanas.com\/index.php?rest_route=%2Fwp%2Fv2%2Ftags&post=162415"}],"curies":[{"name":"wp","href":"https:\/\/api.w.org\/{rel}","templated":true}]}}