{"id":162402,"date":"2021-02-10T16:23:52","date_gmt":"2021-02-10T15:23:52","guid":{"rendered":"https:\/\/www.prijedordanas.com\/?p=162402"},"modified":"2021-02-10T16:23:52","modified_gmt":"2021-02-10T15:23:52","slug":"poceli-radovi-na-sanaciji-klizista-na-bukovoj-kosi-foto-video","status":"publish","type":"post","link":"https:\/\/www.prijedordanas.com\/?p=162402","title":{"rendered":"Po\u010deli radovi na sanaciji klizi\u0161ta na Bukovoj Kosi &#8211; FOTO\/VIDEO"},"content":{"rendered":"<p><a href=\"https:\/\/www.prijedordanas.com\/wp-content\/uploads\/2021\/02\/prijedorgradorg-kliziste-bukova-kosa-radovi-1.jpg\"><img loading=\"lazy\" decoding=\"async\" class=\"alignleft size-medium wp-image-162404\" src=\"https:\/\/www.prijedordanas.com\/wp-content\/uploads\/2021\/02\/prijedorgradorg-kliziste-bukova-kosa-radovi-1-300x225.jpg\" alt=\"\" width=\"300\" height=\"225\" srcset=\"https:\/\/www.prijedordanas.com\/wp-content\/uploads\/2021\/02\/prijedorgradorg-kliziste-bukova-kosa-radovi-1-300x225.jpg 300w, https:\/\/www.prijedordanas.com\/wp-content\/uploads\/2021\/02\/prijedorgradorg-kliziste-bukova-kosa-radovi-1-640x480.jpg 640w, https:\/\/www.prijedordanas.com\/wp-content\/uploads\/2021\/02\/prijedorgradorg-kliziste-bukova-kosa-radovi-1.jpg 667w\" sizes=\"(max-width: 300px) 100vw, 300px\" \/><\/a>Po\u010deli su radovi na sanaciji klizi\u0161ta na Bukovoj Kosi.<\/p>\n<p>To je zna\u010dajno za mje\u0161tane zaseoka Zavi\u0161i\u0107i, kojima je ovo jedina putna komunikacija sa Prijedorom i Kozarskom Dubicom.<\/p>\n<p>&#8211; Mnogo mi ovo zna\u010di. Nakon zemljotresa sam primjetio da se pokrenulo klizi\u0161te. Ja sam bolestan i kad krenem doktoru, nemam kuda &#8211; rekao je Novo Prerad, mje\u0161tanin zaseoka Zavi\u0161i\u0107i.<\/p>\n<p>&#8211; Problem je rije\u0161en. Ja se, u ime sela i u svoje li\u010dno ime, zahvaljujem Gradskoj upravi. Djeca ovuda idu u\u0161kolu, ljudi idu na posao, a stariji ljekaru &#8211; istakao je Radovan \u0110akovi\u0107, \u010dlan Savjeta mjesne zajednice &#8220;Dr Mladen Stojanovi\u0107&#8221; Veliko Palan\u010di\u0161te.<\/p>\n<p><a href=\"https:\/\/www.prijedordanas.com\/wp-content\/uploads\/2021\/02\/prijedorgradorg-kliziste-bukova-kosa-radovi-3.jpg\"><img loading=\"lazy\" decoding=\"async\" src=\"https:\/\/www.prijedordanas.com\/wp-content\/uploads\/2021\/02\/prijedorgradorg-kliziste-bukova-kosa-radovi-3-300x169.jpg\" alt=\"\" width=\"300\" height=\"169\" class=\"alignleft size-medium wp-image-162405\" srcset=\"https:\/\/www.prijedordanas.com\/wp-content\/uploads\/2021\/02\/prijedorgradorg-kliziste-bukova-kosa-radovi-3-300x169.jpg 300w, https:\/\/www.prijedordanas.com\/wp-content\/uploads\/2021\/02\/prijedorgradorg-kliziste-bukova-kosa-radovi-3.jpg 600w\" sizes=\"(max-width: 300px) 100vw, 300px\" \/><\/a>Posao je povjeren prijedorskom preduze\u0107u &#8220;NEK 03&#8221;, a vrijednost investicije je oko 6.000 KM.<\/p>\n<p>&#8211; Nismo radili geomehani\u010dki elaborat, jer nije bilo vremena. Uradili smo preraspodjelu masa klizi\u0161ta, dodatno optere\u0107enje klizi\u0161ta, zamjenu materijala koje je pokrenulo tijela klizi\u0161ta, kao i nasipanje i formiranje kosine klizi\u0161ta &#8211; objasnio je Bo\u0161ko Stojan\u010di\u0107, predstavnik Gradske uprave.<\/p>\n<p>Prema njegovim informacijama, na podru\u010dju grada aktivirana su jo\u0161 dva klizi\u0161ta, u Kozaru\u0161i i Bi\u0161\u0107anima.<\/p>\n<p>www.prijedorgrad.org<\/p>\n<p><iframe loading=\"lazy\" title=\"PO\u010cELI RADOVI NA SANACIJI KLIZI\u0160TA NA BUKOVOJ KOSI\" width=\"500\" height=\"281\" src=\"https:\/\/www.youtube.com\/embed\/NIzOr8-wsj8?feature=oembed\" frameborder=\"0\" allow=\"accelerometer; autoplay; clipboard-write; encrypted-media; gyroscope; picture-in-picture\" allowfullscreen><\/iframe><\/p>\n<p><a href=\"https:\/\/www.prijedordanas.com\/wp-content\/uploads\/2021\/02\/prijedorgradorg-kliziste-bukova-kosa-radovi-5.jpg\"><img loading=\"lazy\" decoding=\"async\" src=\"https:\/\/www.prijedordanas.com\/wp-content\/uploads\/2021\/02\/prijedorgradorg-kliziste-bukova-kosa-radovi-5-300x225.jpg\" alt=\"\" width=\"300\" height=\"225\" class=\"alignleft size-medium wp-image-162406\" srcset=\"https:\/\/www.prijedordanas.com\/wp-content\/uploads\/2021\/02\/prijedorgradorg-kliziste-bukova-kosa-radovi-5-300x225.jpg 300w, https:\/\/www.prijedordanas.com\/wp-content\/uploads\/2021\/02\/prijedorgradorg-kliziste-bukova-kosa-radovi-5.jpg 600w\" sizes=\"(max-width: 300px) 100vw, 300px\" \/><\/a> <a href=\"https:\/\/www.prijedordanas.com\/wp-content\/uploads\/2021\/02\/prijedorgradorg-kliziste-bukova-kosa-radovi-2.jpg\"><img loading=\"lazy\" decoding=\"async\" src=\"https:\/\/www.prijedordanas.com\/wp-content\/uploads\/2021\/02\/prijedorgradorg-kliziste-bukova-kosa-radovi-2-300x225.jpg\" alt=\"\" width=\"300\" height=\"225\" class=\"alignleft size-medium wp-image-162407\" srcset=\"https:\/\/www.prijedordanas.com\/wp-content\/uploads\/2021\/02\/prijedorgradorg-kliziste-bukova-kosa-radovi-2-300x225.jpg 300w, https:\/\/www.prijedordanas.com\/wp-content\/uploads\/2021\/02\/prijedorgradorg-kliziste-bukova-kosa-radovi-2.jpg 600w\" sizes=\"(max-width: 300px) 100vw, 300px\" \/><\/a> <a href=\"https:\/\/www.prijedordanas.com\/wp-content\/uploads\/2021\/02\/prijedorgradorg-kliziste-bukova-kosa-radovi-4.jpg\"><img loading=\"lazy\" decoding=\"async\" src=\"https:\/\/www.prijedordanas.com\/wp-content\/uploads\/2021\/02\/prijedorgradorg-kliziste-bukova-kosa-radovi-4-300x169.jpg\" alt=\"\" width=\"300\" height=\"169\" class=\"alignleft size-medium wp-image-162408\" srcset=\"https:\/\/www.prijedordanas.com\/wp-content\/uploads\/2021\/02\/prijedorgradorg-kliziste-bukova-kosa-radovi-4-300x169.jpg 300w, https:\/\/www.prijedordanas.com\/wp-content\/uploads\/2021\/02\/prijedorgradorg-kliziste-bukova-kosa-radovi-4.jpg 600w\" sizes=\"(max-width: 300px) 100vw, 300px\" \/><\/a><\/p>\n","protected":false},"excerpt":{"rendered":"<p>Po\u010deli su radovi na sanaciji klizi\u0161ta na Bukovoj Kosi. To je zna\u010dajno za mje\u0161tane zaseoka Zavi\u0161i\u0107i, kojima je ovo jedina putna komunikacija sa Prijedorom i Kozarskom Dubicom. &#8211; Mnogo mi [&hellip;]<\/p>\n","protected":false},"author":1,"featured_media":0,"comment_status":"closed","ping_status":"open","sticky":false,"template":"","format":"standard","meta":{"_monsterinsights_skip_tracking":false,"_monsterinsights_sitenote_active":false,"_monsterinsights_sitenote_note":"","_monsterinsights_sitenote_category":0,"footnotes":""},"categories":[4],"tags":[],"yoast_head":"<!-- This site is optimized with the Yoast SEO plugin v21.6 - https:\/\/yoast.com\/wordpress\/plugins\/seo\/ -->\n<title>Po\u010deli radovi na sanaciji klizi\u0161ta na Bukovoj Kosi - FOTO\/VIDEO - PrijedorDanas.com - Prijedorski gradski portal<\/title>\n<meta name=\"robots\" content=\"index, follow, max-snippet:-1, max-image-preview:large, max-video-preview:-1\" \/>\n<link rel=\"canonical\" href=\"https:\/\/www.prijedordanas.com\/?p=162402\" \/>\n<meta property=\"og:locale\" content=\"en_US\" \/>\n<meta property=\"og:type\" content=\"article\" \/>\n<meta property=\"og:title\" content=\"Po\u010deli radovi na sanaciji klizi\u0161ta na Bukovoj Kosi - FOTO\/VIDEO - PrijedorDanas.com - Prijedorski gradski portal\" \/>\n<meta property=\"og:description\" content=\"Po\u010deli su radovi na sanaciji klizi\u0161ta na Bukovoj Kosi. To je zna\u010dajno za mje\u0161tane zaseoka Zavi\u0161i\u0107i, kojima je ovo jedina putna komunikacija sa Prijedorom i Kozarskom Dubicom. &#8211; Mnogo mi [&hellip;]\" \/>\n<meta property=\"og:url\" content=\"https:\/\/www.prijedordanas.com\/?p=162402\" \/>\n<meta property=\"og:site_name\" content=\"PrijedorDanas.com - Prijedorski gradski portal\" \/>\n<meta property=\"article:publisher\" content=\"https:\/\/www.facebook.com\/PrijedorDanasCom\/\" \/>\n<meta property=\"article:published_time\" content=\"2021-02-10T15:23:52+00:00\" \/>\n<meta property=\"og:image\" content=\"https:\/\/www.prijedordanas.com\/wp-content\/uploads\/2021\/02\/prijedorgradorg-kliziste-bukova-kosa-radovi-1-300x225.jpg\" \/>\n<meta name=\"author\" content=\"admin\" \/>\n<meta name=\"twitter:card\" content=\"summary_large_image\" \/>\n<meta name=\"twitter:label1\" content=\"Written by\" \/>\n\t<meta name=\"twitter:data1\" content=\"admin\" \/>\n\t<meta name=\"twitter:label2\" content=\"Est. reading time\" \/>\n\t<meta name=\"twitter:data2\" content=\"1 minute\" \/>\n<script type=\"application\/ld+json\" class=\"yoast-schema-graph\">{\"@context\":\"https:\/\/schema.org\",\"@graph\":[{\"@type\":\"Article\",\"@id\":\"https:\/\/www.prijedordanas.com\/?p=162402#article\",\"isPartOf\":{\"@id\":\"https:\/\/www.prijedordanas.com\/?p=162402\"},\"author\":{\"name\":\"admin\",\"@id\":\"https:\/\/www.prijedordanas.com\/#\/schema\/person\/4e08ccf29b506ca916ff86d46bb700e6\"},\"headline\":\"Po\u010deli radovi na sanaciji klizi\u0161ta na Bukovoj Kosi &#8211; FOTO\/VIDEO\",\"datePublished\":\"2021-02-10T15:23:52+00:00\",\"dateModified\":\"2021-02-10T15:23:52+00:00\",\"mainEntityOfPage\":{\"@id\":\"https:\/\/www.prijedordanas.com\/?p=162402\"},\"wordCount\":215,\"publisher\":{\"@id\":\"https:\/\/www.prijedordanas.com\/#organization\"},\"articleSection\":[\"Dru\u0161tvo\"],\"inLanguage\":\"en-US\"},{\"@type\":\"WebPage\",\"@id\":\"https:\/\/www.prijedordanas.com\/?p=162402\",\"url\":\"https:\/\/www.prijedordanas.com\/?p=162402\",\"name\":\"Po\u010deli radovi na sanaciji klizi\u0161ta na Bukovoj Kosi - FOTO\/VIDEO - PrijedorDanas.com - Prijedorski gradski portal\",\"isPartOf\":{\"@id\":\"https:\/\/www.prijedordanas.com\/#website\"},\"datePublished\":\"2021-02-10T15:23:52+00:00\",\"dateModified\":\"2021-02-10T15:23:52+00:00\",\"breadcrumb\":{\"@id\":\"https:\/\/www.prijedordanas.com\/?p=162402#breadcrumb\"},\"inLanguage\":\"en-US\",\"potentialAction\":[{\"@type\":\"ReadAction\",\"target\":[\"https:\/\/www.prijedordanas.com\/?p=162402\"]}]},{\"@type\":\"BreadcrumbList\",\"@id\":\"https:\/\/www.prijedordanas.com\/?p=162402#breadcrumb\",\"itemListElement\":[{\"@type\":\"ListItem\",\"position\":1,\"name\":\"Home\",\"item\":\"https:\/\/www.prijedordanas.com\/\"},{\"@type\":\"ListItem\",\"position\":2,\"name\":\"Po\u010deli radovi na sanaciji klizi\u0161ta na Bukovoj Kosi &#8211; FOTO\/VIDEO\"}]},{\"@type\":\"WebSite\",\"@id\":\"https:\/\/www.prijedordanas.com\/#website\",\"url\":\"https:\/\/www.prijedordanas.com\/\",\"name\":\"PrijedorDanas.com - Prijedorski gradski portal\",\"description\":\"Portal o doga\u0111anjima u gradu Prijedoru\",\"publisher\":{\"@id\":\"https:\/\/www.prijedordanas.com\/#organization\"},\"potentialAction\":[{\"@type\":\"SearchAction\",\"target\":{\"@type\":\"EntryPoint\",\"urlTemplate\":\"https:\/\/www.prijedordanas.com\/?s={search_term_string}\"},\"query-input\":\"required name=search_term_string\"}],\"inLanguage\":\"en-US\"},{\"@type\":\"Organization\",\"@id\":\"https:\/\/www.prijedordanas.com\/#organization\",\"name\":\"PrijedorDanas.com\",\"url\":\"https:\/\/www.prijedordanas.com\/\",\"logo\":{\"@type\":\"ImageObject\",\"inLanguage\":\"en-US\",\"@id\":\"https:\/\/www.prijedordanas.com\/#\/schema\/logo\/image\/\",\"url\":\"http:\/\/www.prijedordanas.com\/wp-content\/uploads\/2021\/12\/logopng.png\",\"contentUrl\":\"http:\/\/www.prijedordanas.com\/wp-content\/uploads\/2021\/12\/logopng.png\",\"width\":1019,\"height\":776,\"caption\":\"PrijedorDanas.com\"},\"image\":{\"@id\":\"https:\/\/www.prijedordanas.com\/#\/schema\/logo\/image\/\"},\"sameAs\":[\"https:\/\/www.facebook.com\/PrijedorDanasCom\/\"]},{\"@type\":\"Person\",\"@id\":\"https:\/\/www.prijedordanas.com\/#\/schema\/person\/4e08ccf29b506ca916ff86d46bb700e6\",\"name\":\"admin\",\"image\":{\"@type\":\"ImageObject\",\"inLanguage\":\"en-US\",\"@id\":\"https:\/\/www.prijedordanas.com\/#\/schema\/person\/image\/\",\"url\":\"https:\/\/secure.gravatar.com\/avatar\/1d3fc949d550f0b53a5f0d51e06dfd79?s=96&d=mm&r=g\",\"contentUrl\":\"https:\/\/secure.gravatar.com\/avatar\/1d3fc949d550f0b53a5f0d51e06dfd79?s=96&d=mm&r=g\",\"caption\":\"admin\"},\"url\":\"https:\/\/www.prijedordanas.com\/?author=1\"}]}<\/script>\n<!-- \/ Yoast SEO plugin. -->","yoast_head_json":{"title":"Po\u010deli radovi na sanaciji klizi\u0161ta na Bukovoj Kosi - FOTO\/VIDEO - PrijedorDanas.com - Prijedorski gradski portal","robots":{"index":"index","follow":"follow","max-snippet":"max-snippet:-1","max-image-preview":"max-image-preview:large","max-video-preview":"max-video-preview:-1"},"canonical":"https:\/\/www.prijedordanas.com\/?p=162402","og_locale":"en_US","og_type":"article","og_title":"Po\u010deli radovi na sanaciji klizi\u0161ta na Bukovoj Kosi - FOTO\/VIDEO - PrijedorDanas.com - Prijedorski gradski portal","og_description":"Po\u010deli su radovi na sanaciji klizi\u0161ta na Bukovoj Kosi. To je zna\u010dajno za mje\u0161tane zaseoka Zavi\u0161i\u0107i, kojima je ovo jedina putna komunikacija sa Prijedorom i Kozarskom Dubicom. &#8211; Mnogo mi [&hellip;]","og_url":"https:\/\/www.prijedordanas.com\/?p=162402","og_site_name":"PrijedorDanas.com - Prijedorski gradski portal","article_publisher":"https:\/\/www.facebook.com\/PrijedorDanasCom\/","article_published_time":"2021-02-10T15:23:52+00:00","og_image":[{"url":"https:\/\/www.prijedordanas.com\/wp-content\/uploads\/2021\/02\/prijedorgradorg-kliziste-bukova-kosa-radovi-1-300x225.jpg"}],"author":"admin","twitter_card":"summary_large_image","twitter_misc":{"Written by":"admin","Est. reading time":"1 minute"},"schema":{"@context":"https:\/\/schema.org","@graph":[{"@type":"Article","@id":"https:\/\/www.prijedordanas.com\/?p=162402#article","isPartOf":{"@id":"https:\/\/www.prijedordanas.com\/?p=162402"},"author":{"name":"admin","@id":"https:\/\/www.prijedordanas.com\/#\/schema\/person\/4e08ccf29b506ca916ff86d46bb700e6"},"headline":"Po\u010deli radovi na sanaciji klizi\u0161ta na Bukovoj Kosi &#8211; FOTO\/VIDEO","datePublished":"2021-02-10T15:23:52+00:00","dateModified":"2021-02-10T15:23:52+00:00","mainEntityOfPage":{"@id":"https:\/\/www.prijedordanas.com\/?p=162402"},"wordCount":215,"publisher":{"@id":"https:\/\/www.prijedordanas.com\/#organization"},"articleSection":["Dru\u0161tvo"],"inLanguage":"en-US"},{"@type":"WebPage","@id":"https:\/\/www.prijedordanas.com\/?p=162402","url":"https:\/\/www.prijedordanas.com\/?p=162402","name":"Po\u010deli radovi na sanaciji klizi\u0161ta na Bukovoj Kosi - FOTO\/VIDEO - PrijedorDanas.com - Prijedorski gradski portal","isPartOf":{"@id":"https:\/\/www.prijedordanas.com\/#website"},"datePublished":"2021-02-10T15:23:52+00:00","dateModified":"2021-02-10T15:23:52+00:00","breadcrumb":{"@id":"https:\/\/www.prijedordanas.com\/?p=162402#breadcrumb"},"inLanguage":"en-US","potentialAction":[{"@type":"ReadAction","target":["https:\/\/www.prijedordanas.com\/?p=162402"]}]},{"@type":"BreadcrumbList","@id":"https:\/\/www.prijedordanas.com\/?p=162402#breadcrumb","itemListElement":[{"@type":"ListItem","position":1,"name":"Home","item":"https:\/\/www.prijedordanas.com\/"},{"@type":"ListItem","position":2,"name":"Po\u010deli radovi na sanaciji klizi\u0161ta na Bukovoj Kosi &#8211; FOTO\/VIDEO"}]},{"@type":"WebSite","@id":"https:\/\/www.prijedordanas.com\/#website","url":"https:\/\/www.prijedordanas.com\/","name":"PrijedorDanas.com - Prijedorski gradski portal","description":"Portal o doga\u0111anjima u gradu Prijedoru","publisher":{"@id":"https:\/\/www.prijedordanas.com\/#organization"},"potentialAction":[{"@type":"SearchAction","target":{"@type":"EntryPoint","urlTemplate":"https:\/\/www.prijedordanas.com\/?s={search_term_string}"},"query-input":"required name=search_term_string"}],"inLanguage":"en-US"},{"@type":"Organization","@id":"https:\/\/www.prijedordanas.com\/#organization","name":"PrijedorDanas.com","url":"https:\/\/www.prijedordanas.com\/","logo":{"@type":"ImageObject","inLanguage":"en-US","@id":"https:\/\/www.prijedordanas.com\/#\/schema\/logo\/image\/","url":"http:\/\/www.prijedordanas.com\/wp-content\/uploads\/2021\/12\/logopng.png","contentUrl":"http:\/\/www.prijedordanas.com\/wp-content\/uploads\/2021\/12\/logopng.png","width":1019,"height":776,"caption":"PrijedorDanas.com"},"image":{"@id":"https:\/\/www.prijedordanas.com\/#\/schema\/logo\/image\/"},"sameAs":["https:\/\/www.facebook.com\/PrijedorDanasCom\/"]},{"@type":"Person","@id":"https:\/\/www.prijedordanas.com\/#\/schema\/person\/4e08ccf29b506ca916ff86d46bb700e6","name":"admin","image":{"@type":"ImageObject","inLanguage":"en-US","@id":"https:\/\/www.prijedordanas.com\/#\/schema\/person\/image\/","url":"https:\/\/secure.gravatar.com\/avatar\/1d3fc949d550f0b53a5f0d51e06dfd79?s=96&d=mm&r=g","contentUrl":"https:\/\/secure.gravatar.com\/avatar\/1d3fc949d550f0b53a5f0d51e06dfd79?s=96&d=mm&r=g","caption":"admin"},"url":"https:\/\/www.prijedordanas.com\/?author=1"}]}},"_links":{"self":[{"href":"https:\/\/www.prijedordanas.com\/index.php?rest_route=\/wp\/v2\/posts\/162402"}],"collection":[{"href":"https:\/\/www.prijedordanas.com\/index.php?rest_route=\/wp\/v2\/posts"}],"about":[{"href":"https:\/\/www.prijedordanas.com\/index.php?rest_route=\/wp\/v2\/types\/post"}],"author":[{"embeddable":true,"href":"https:\/\/www.prijedordanas.com\/index.php?rest_route=\/wp\/v2\/users\/1"}],"replies":[{"embeddable":true,"href":"https:\/\/www.prijedordanas.com\/index.php?rest_route=%2Fwp%2Fv2%2Fcomments&post=162402"}],"version-history":[{"count":2,"href":"https:\/\/www.prijedordanas.com\/index.php?rest_route=\/wp\/v2\/posts\/162402\/revisions"}],"predecessor-version":[{"id":162410,"href":"https:\/\/www.prijedordanas.com\/index.php?rest_route=\/wp\/v2\/posts\/162402\/revisions\/162410"}],"wp:attachment":[{"href":"https:\/\/www.prijedordanas.com\/index.php?rest_route=%2Fwp%2Fv2%2Fmedia&parent=162402"}],"wp:term":[{"taxonomy":"category","embeddable":true,"href":"https:\/\/www.prijedordanas.com\/index.php?rest_route=%2Fwp%2Fv2%2Fcategories&post=162402"},{"taxonomy":"post_tag","embeddable":true,"href":"https:\/\/www.prijedordanas.com\/index.php?rest_route=%2Fwp%2Fv2%2Ftags&post=162402"}],"curies":[{"name":"wp","href":"https:\/\/api.w.org\/{rel}","templated":true}]}}