{"id":162328,"date":"2021-02-08T17:21:00","date_gmt":"2021-02-08T16:21:00","guid":{"rendered":"https:\/\/www.prijedordanas.com\/?p=162328"},"modified":"2021-02-08T17:21:00","modified_gmt":"2021-02-08T16:21:00","slug":"mjestani-protiv-predlozene-trase-auto-put-da-preko-nasih-imanja-ne-foto-video","status":"publish","type":"post","link":"https:\/\/www.prijedordanas.com\/?p=162328","title":{"rendered":"Mje\u0161tani protiv predlo\u017eene trase: &#8220;Auto-put da, preko na\u0161ih imanja ne&#8221; &#8211; FOTO\/VIDEO"},"content":{"rendered":"<p><a href=\"https:\/\/www.prijedordanas.com\/wp-content\/uploads\/2021\/02\/protest-kozarac-8februar-1.jpg\"><img loading=\"lazy\" decoding=\"async\" class=\"alignleft size-medium wp-image-162330\" src=\"https:\/\/www.prijedordanas.com\/wp-content\/uploads\/2021\/02\/protest-kozarac-8februar-1-300x225.jpg\" alt=\"\" width=\"300\" height=\"225\" srcset=\"https:\/\/www.prijedordanas.com\/wp-content\/uploads\/2021\/02\/protest-kozarac-8februar-1-300x225.jpg 300w, https:\/\/www.prijedordanas.com\/wp-content\/uploads\/2021\/02\/protest-kozarac-8februar-1-640x480.jpg 640w, https:\/\/www.prijedordanas.com\/wp-content\/uploads\/2021\/02\/protest-kozarac-8februar-1.jpg 667w\" sizes=\"(max-width: 300px) 100vw, 300px\" \/><\/a>Mje\u0161tani Kozarca, Kozaru\u0161e, Kevljana, Trnopolja, Lamovite, Bistrice i Ivanjske, danas su se okupili na mirnim protestima u Kozarcu, kako bi izrazili nezadovoljstvo predlo\u017eenom trasom auto-puta Banjaluka-Prijedor-Novi Grad. Jo\u0161 jednom su ponovili da nemaju ni\u0161ta protiv izgradnje puta, ali kako ka\u017eu, ne\u0107e dozvoliti da on ide preko njihovih ku\u0107a i imanja.<\/p>\n<p>Ugro\u017eena je i ku\u0107a Olivera Rubina iz Gornje Lamovite. Strahuje da bi se on i njegova porodica mogli na\u0107i na ulici.<\/p>\n<p>\u2013 Moja porodica i ja li\u010dno smo ugro\u017eeni. Prema sada\u0161njoj trasi, auto-put i\u0161ao bi preko moje i ku\u0107a mog oca i brata. Mi jesmo za auto-put, ali nismo za to da nam se ru\u0161e ku\u0107e, jer ne\u0107emo imati gdje da \u017eivimo \u2013 poru\u010dio je Rubin.<\/p>\n<p><a href=\"https:\/\/www.prijedordanas.com\/wp-content\/uploads\/2021\/02\/protest-kozarac-8februar-2.jpg\"><img loading=\"lazy\" decoding=\"async\" class=\"alignleft size-medium wp-image-162331\" src=\"https:\/\/www.prijedordanas.com\/wp-content\/uploads\/2021\/02\/protest-kozarac-8februar-2-300x225.jpg\" alt=\"\" width=\"300\" height=\"225\" srcset=\"https:\/\/www.prijedordanas.com\/wp-content\/uploads\/2021\/02\/protest-kozarac-8februar-2-300x225.jpg 300w, https:\/\/www.prijedordanas.com\/wp-content\/uploads\/2021\/02\/protest-kozarac-8februar-2.jpg 600w\" sizes=\"(max-width: 300px) 100vw, 300px\" \/><\/a>Nezadovoljni su i drugi mje\u0161tani Kozarca i okolnih sela. Na ovaj problem su, ka\u017eu, ukazivali i ranije. Nakon njihovih protesta, odr\u017eanih pro\u0161le godine, do\u0161lo je do odre\u0111enih izmjena trase auto-puta, ali one su, kako tvrde, bezna\u010dajne, jer i prema sada\u0161njem prijedlogu, ru\u0161enja ku\u0107a i pomo\u0107nih objekata su neizbje\u017ena.<\/p>\n<p>To, isti\u010du, ne mogu dozvoliti i poru\u010duju da \u0107e istrajati u svojoj borbi.<\/p>\n<p>\u2013 Ova trasa ne\u0107e ostati tu. Mo\u017ee jedino preko mene mrtvoga. Ona ide iznad moje ku\u0107e, odnosno preko mog imanja \u2013 istakao je Vinko Radman iz Ivanjske.<\/p>\n<p><a href=\"https:\/\/www.prijedordanas.com\/wp-content\/uploads\/2021\/02\/protest-kozarac-8februar-4.jpg\"><img loading=\"lazy\" decoding=\"async\" class=\"alignleft size-medium wp-image-162332\" src=\"https:\/\/www.prijedordanas.com\/wp-content\/uploads\/2021\/02\/protest-kozarac-8februar-4-300x225.jpg\" alt=\"\" width=\"300\" height=\"225\" srcset=\"https:\/\/www.prijedordanas.com\/wp-content\/uploads\/2021\/02\/protest-kozarac-8februar-4-300x225.jpg 300w, https:\/\/www.prijedordanas.com\/wp-content\/uploads\/2021\/02\/protest-kozarac-8februar-4-640x480.jpg 640w, https:\/\/www.prijedordanas.com\/wp-content\/uploads\/2021\/02\/protest-kozarac-8februar-4.jpg 667w\" sizes=\"(max-width: 300px) 100vw, 300px\" \/><\/a>\u2013 Ja sam predlo\u017eio da ide preko obronaka Kozare, ali oni ka\u017eu da je to skupo. Ovdje moraju biti svi zadovoljni. Mi ne damo da se sjeku polja, to jedino mogu silom, a sila ne vodi ni\u010demu \u2013 rekao je Refik Trnjanin iz Kozaru\u0161e.<\/p>\n<p>Ukoliko bi auto-put bio izgra\u0111en prema sada\u0161njem prijedlogu, to bi zna\u010dilo ru\u0161enje oko 100 objekata. Osim toga, ugro\u017eeno je i blizu 400 hektara obradivog poljoprivrednog zemlji\u0161ta. Sve to su razlozi zbog kojih se mora prona\u0107i drugo rje\u0161enje, poru\u010deno je iz Kozarca.<\/p>\n<p>\u2013 Auto-put bi trebao da pro\u0111e pored ukrajinske crkve, pored farme \u201cArifagi\u0107\u201d, preko imanja jednog poljoprivrednika koji ovdje namjerava da gradi halu. Imamo prostor izme\u0111u pruge i Ribnjaka \u201cSani\u010dani\u201d, koji svakako nije u funkciji. Ljudi ne mogu razumjeti ovakvu odluku projektanta. Tehni\u010dko rje\u0161enje sigurno postoji \u2013 tvrdi Senad Brati\u0107, poslanik u Narodnoj skup\u0161tini Republike Srpske.<\/p>\n<p><a href=\"https:\/\/www.prijedordanas.com\/wp-content\/uploads\/2021\/02\/protest-kozarac-8februar-6.jpg\"><img loading=\"lazy\" decoding=\"async\" class=\"alignleft size-medium wp-image-162333\" src=\"https:\/\/www.prijedordanas.com\/wp-content\/uploads\/2021\/02\/protest-kozarac-8februar-6-300x225.jpg\" alt=\"\" width=\"300\" height=\"225\" srcset=\"https:\/\/www.prijedordanas.com\/wp-content\/uploads\/2021\/02\/protest-kozarac-8februar-6-300x225.jpg 300w, https:\/\/www.prijedordanas.com\/wp-content\/uploads\/2021\/02\/protest-kozarac-8februar-6.jpg 600w\" sizes=\"(max-width: 300px) 100vw, 300px\" \/><\/a>\u2013 Pozivamo sve relevantne institucije da dobro razmisle prije nego \u0161to usvoje ovaj prijedlog. Mi smo spremni da, zajedno sa institucijama, dogovorimo trasu auto-puta, koja ne\u0107e i\u0107i na \u0161tetu nikome. Ukoliko to ne bude, smatramo da je ovo atak na proces povratka \u2013 rekao je Mesud Trnjanin, odbornik SDA u Skup\u0161tini grada Prijedora.<\/p>\n<p>Prijedlog odluke o usvajanju Plana parcelacije auto-puta Banjaluka-Prijedor-Novi Grad trebao se na\u0107i na jednoj od narednih sjednica Narodne skup\u0161tine Srpske, potvrdili su iz preduze\u0107a \u201cAutoputevi Republike Srpske\u201d.<\/p>\n<p>Ostali smo uskra\u0107eni za informaciju o preciznoj trasi auto-puta, jer su nas iz Ministarstva saobra\u0107aja i veza uputili na \u201cAutoputeve Srpske\u201d, a iz pomenutog preduze\u0107a na Ministarstvo za prostorno ure\u0111enje, gra\u0111evinarstvo i ekologiju, gdje smo dobili odgovor da to nije u njihovoj, ve\u0107 u nadle\u017enosti \u201cAutoputeva\u201d.<\/p>\n<p>RTV Prijedor-Kozarski vjesnik<\/p>\n<p><a href=\"https:\/\/www.prijedordanas.com\/wp-content\/uploads\/2021\/02\/protest-kozarac-8februar-3.jpg\"><img loading=\"lazy\" decoding=\"async\" class=\"alignleft size-medium wp-image-162334\" src=\"https:\/\/www.prijedordanas.com\/wp-content\/uploads\/2021\/02\/protest-kozarac-8februar-3-300x225.jpg\" alt=\"\" width=\"300\" height=\"225\" srcset=\"https:\/\/www.prijedordanas.com\/wp-content\/uploads\/2021\/02\/protest-kozarac-8februar-3-300x225.jpg 300w, https:\/\/www.prijedordanas.com\/wp-content\/uploads\/2021\/02\/protest-kozarac-8februar-3-640x480.jpg 640w, https:\/\/www.prijedordanas.com\/wp-content\/uploads\/2021\/02\/protest-kozarac-8februar-3.jpg 667w\" sizes=\"(max-width: 300px) 100vw, 300px\" \/><\/a> <a href=\"https:\/\/www.prijedordanas.com\/wp-content\/uploads\/2021\/02\/protest-kozarac-8februar-5.jpg\"><img loading=\"lazy\" decoding=\"async\" class=\"alignleft size-medium wp-image-162335\" src=\"https:\/\/www.prijedordanas.com\/wp-content\/uploads\/2021\/02\/protest-kozarac-8februar-5-300x225.jpg\" alt=\"\" width=\"300\" height=\"225\" srcset=\"https:\/\/www.prijedordanas.com\/wp-content\/uploads\/2021\/02\/protest-kozarac-8februar-5-300x225.jpg 300w, https:\/\/www.prijedordanas.com\/wp-content\/uploads\/2021\/02\/protest-kozarac-8februar-5-640x480.jpg 640w, https:\/\/www.prijedordanas.com\/wp-content\/uploads\/2021\/02\/protest-kozarac-8februar-5.jpg 667w\" sizes=\"(max-width: 300px) 100vw, 300px\" \/><\/a><\/p>\n<p><iframe loading=\"lazy\" title=\"&quot;AUTO-PUT DA, PREKO NA\u0160IH IMANJA NE&quot;\" width=\"500\" height=\"281\" src=\"https:\/\/www.youtube.com\/embed\/GEKslSZNVAI?feature=oembed\" frameborder=\"0\" allow=\"accelerometer; autoplay; clipboard-write; encrypted-media; gyroscope; picture-in-picture\" allowfullscreen><\/iframe><\/p>\n","protected":false},"excerpt":{"rendered":"<p>Mje\u0161tani Kozarca, Kozaru\u0161e, Kevljana, Trnopolja, Lamovite, Bistrice i Ivanjske, danas su se okupili na mirnim protestima u Kozarcu, kako bi izrazili nezadovoljstvo predlo\u017eenom trasom auto-puta Banjaluka-Prijedor-Novi Grad. Jo\u0161 jednom su [&hellip;]<\/p>\n","protected":false},"author":1,"featured_media":0,"comment_status":"closed","ping_status":"open","sticky":false,"template":"","format":"standard","meta":{"_monsterinsights_skip_tracking":false,"_monsterinsights_sitenote_active":false,"_monsterinsights_sitenote_note":"","_monsterinsights_sitenote_category":0,"footnotes":""},"categories":[4],"tags":[],"yoast_head":"<!-- This site is optimized with the Yoast SEO plugin v21.6 - https:\/\/yoast.com\/wordpress\/plugins\/seo\/ -->\n<title>Mje\u0161tani protiv predlo\u017eene trase: &quot;Auto-put da, preko na\u0161ih imanja ne&quot; - FOTO\/VIDEO - PrijedorDanas.com - Prijedorski gradski portal<\/title>\n<meta name=\"robots\" content=\"index, follow, max-snippet:-1, max-image-preview:large, max-video-preview:-1\" \/>\n<link rel=\"canonical\" href=\"https:\/\/www.prijedordanas.com\/?p=162328\" \/>\n<meta property=\"og:locale\" content=\"en_US\" \/>\n<meta property=\"og:type\" content=\"article\" \/>\n<meta property=\"og:title\" content=\"Mje\u0161tani protiv predlo\u017eene trase: &quot;Auto-put da, preko na\u0161ih imanja ne&quot; - FOTO\/VIDEO - PrijedorDanas.com - Prijedorski gradski portal\" \/>\n<meta property=\"og:description\" content=\"Mje\u0161tani Kozarca, Kozaru\u0161e, Kevljana, Trnopolja, Lamovite, Bistrice i Ivanjske, danas su se okupili na mirnim protestima u Kozarcu, kako bi izrazili nezadovoljstvo predlo\u017eenom trasom auto-puta Banjaluka-Prijedor-Novi Grad. Jo\u0161 jednom su [&hellip;]\" \/>\n<meta property=\"og:url\" content=\"https:\/\/www.prijedordanas.com\/?p=162328\" \/>\n<meta property=\"og:site_name\" content=\"PrijedorDanas.com - Prijedorski gradski portal\" \/>\n<meta property=\"article:publisher\" content=\"https:\/\/www.facebook.com\/PrijedorDanasCom\/\" \/>\n<meta property=\"article:published_time\" content=\"2021-02-08T16:21:00+00:00\" \/>\n<meta property=\"og:image\" content=\"https:\/\/www.prijedordanas.com\/wp-content\/uploads\/2021\/02\/protest-kozarac-8februar-1-300x225.jpg\" \/>\n<meta name=\"author\" content=\"admin\" \/>\n<meta name=\"twitter:card\" content=\"summary_large_image\" \/>\n<meta name=\"twitter:label1\" content=\"Written by\" \/>\n\t<meta name=\"twitter:data1\" content=\"admin\" \/>\n\t<meta name=\"twitter:label2\" content=\"Est. reading time\" \/>\n\t<meta name=\"twitter:data2\" content=\"3 minutes\" \/>\n<script type=\"application\/ld+json\" class=\"yoast-schema-graph\">{\"@context\":\"https:\/\/schema.org\",\"@graph\":[{\"@type\":\"Article\",\"@id\":\"https:\/\/www.prijedordanas.com\/?p=162328#article\",\"isPartOf\":{\"@id\":\"https:\/\/www.prijedordanas.com\/?p=162328\"},\"author\":{\"name\":\"admin\",\"@id\":\"https:\/\/www.prijedordanas.com\/#\/schema\/person\/4e08ccf29b506ca916ff86d46bb700e6\"},\"headline\":\"Mje\u0161tani protiv predlo\u017eene trase: &#8220;Auto-put da, preko na\u0161ih imanja ne&#8221; &#8211; FOTO\/VIDEO\",\"datePublished\":\"2021-02-08T16:21:00+00:00\",\"dateModified\":\"2021-02-08T16:21:00+00:00\",\"mainEntityOfPage\":{\"@id\":\"https:\/\/www.prijedordanas.com\/?p=162328\"},\"wordCount\":548,\"publisher\":{\"@id\":\"https:\/\/www.prijedordanas.com\/#organization\"},\"articleSection\":[\"Dru\u0161tvo\"],\"inLanguage\":\"en-US\"},{\"@type\":\"WebPage\",\"@id\":\"https:\/\/www.prijedordanas.com\/?p=162328\",\"url\":\"https:\/\/www.prijedordanas.com\/?p=162328\",\"name\":\"Mje\u0161tani protiv predlo\u017eene trase: \\\"Auto-put da, preko na\u0161ih imanja ne\\\" - FOTO\/VIDEO - PrijedorDanas.com - Prijedorski gradski portal\",\"isPartOf\":{\"@id\":\"https:\/\/www.prijedordanas.com\/#website\"},\"datePublished\":\"2021-02-08T16:21:00+00:00\",\"dateModified\":\"2021-02-08T16:21:00+00:00\",\"breadcrumb\":{\"@id\":\"https:\/\/www.prijedordanas.com\/?p=162328#breadcrumb\"},\"inLanguage\":\"en-US\",\"potentialAction\":[{\"@type\":\"ReadAction\",\"target\":[\"https:\/\/www.prijedordanas.com\/?p=162328\"]}]},{\"@type\":\"BreadcrumbList\",\"@id\":\"https:\/\/www.prijedordanas.com\/?p=162328#breadcrumb\",\"itemListElement\":[{\"@type\":\"ListItem\",\"position\":1,\"name\":\"Home\",\"item\":\"https:\/\/www.prijedordanas.com\/\"},{\"@type\":\"ListItem\",\"position\":2,\"name\":\"Mje\u0161tani protiv predlo\u017eene trase: &#8220;Auto-put da, preko na\u0161ih imanja ne&#8221; &#8211; FOTO\/VIDEO\"}]},{\"@type\":\"WebSite\",\"@id\":\"https:\/\/www.prijedordanas.com\/#website\",\"url\":\"https:\/\/www.prijedordanas.com\/\",\"name\":\"PrijedorDanas.com - Prijedorski gradski portal\",\"description\":\"Portal o doga\u0111anjima u gradu Prijedoru\",\"publisher\":{\"@id\":\"https:\/\/www.prijedordanas.com\/#organization\"},\"potentialAction\":[{\"@type\":\"SearchAction\",\"target\":{\"@type\":\"EntryPoint\",\"urlTemplate\":\"https:\/\/www.prijedordanas.com\/?s={search_term_string}\"},\"query-input\":\"required name=search_term_string\"}],\"inLanguage\":\"en-US\"},{\"@type\":\"Organization\",\"@id\":\"https:\/\/www.prijedordanas.com\/#organization\",\"name\":\"PrijedorDanas.com\",\"url\":\"https:\/\/www.prijedordanas.com\/\",\"logo\":{\"@type\":\"ImageObject\",\"inLanguage\":\"en-US\",\"@id\":\"https:\/\/www.prijedordanas.com\/#\/schema\/logo\/image\/\",\"url\":\"http:\/\/www.prijedordanas.com\/wp-content\/uploads\/2021\/12\/logopng.png\",\"contentUrl\":\"http:\/\/www.prijedordanas.com\/wp-content\/uploads\/2021\/12\/logopng.png\",\"width\":1019,\"height\":776,\"caption\":\"PrijedorDanas.com\"},\"image\":{\"@id\":\"https:\/\/www.prijedordanas.com\/#\/schema\/logo\/image\/\"},\"sameAs\":[\"https:\/\/www.facebook.com\/PrijedorDanasCom\/\"]},{\"@type\":\"Person\",\"@id\":\"https:\/\/www.prijedordanas.com\/#\/schema\/person\/4e08ccf29b506ca916ff86d46bb700e6\",\"name\":\"admin\",\"image\":{\"@type\":\"ImageObject\",\"inLanguage\":\"en-US\",\"@id\":\"https:\/\/www.prijedordanas.com\/#\/schema\/person\/image\/\",\"url\":\"https:\/\/secure.gravatar.com\/avatar\/1d3fc949d550f0b53a5f0d51e06dfd79?s=96&d=mm&r=g\",\"contentUrl\":\"https:\/\/secure.gravatar.com\/avatar\/1d3fc949d550f0b53a5f0d51e06dfd79?s=96&d=mm&r=g\",\"caption\":\"admin\"},\"url\":\"https:\/\/www.prijedordanas.com\/?author=1\"}]}<\/script>\n<!-- \/ Yoast SEO plugin. -->","yoast_head_json":{"title":"Mje\u0161tani protiv predlo\u017eene trase: \"Auto-put da, preko na\u0161ih imanja ne\" - FOTO\/VIDEO - PrijedorDanas.com - Prijedorski gradski portal","robots":{"index":"index","follow":"follow","max-snippet":"max-snippet:-1","max-image-preview":"max-image-preview:large","max-video-preview":"max-video-preview:-1"},"canonical":"https:\/\/www.prijedordanas.com\/?p=162328","og_locale":"en_US","og_type":"article","og_title":"Mje\u0161tani protiv predlo\u017eene trase: \"Auto-put da, preko na\u0161ih imanja ne\" - FOTO\/VIDEO - PrijedorDanas.com - Prijedorski gradski portal","og_description":"Mje\u0161tani Kozarca, Kozaru\u0161e, Kevljana, Trnopolja, Lamovite, Bistrice i Ivanjske, danas su se okupili na mirnim protestima u Kozarcu, kako bi izrazili nezadovoljstvo predlo\u017eenom trasom auto-puta Banjaluka-Prijedor-Novi Grad. Jo\u0161 jednom su [&hellip;]","og_url":"https:\/\/www.prijedordanas.com\/?p=162328","og_site_name":"PrijedorDanas.com - Prijedorski gradski portal","article_publisher":"https:\/\/www.facebook.com\/PrijedorDanasCom\/","article_published_time":"2021-02-08T16:21:00+00:00","og_image":[{"url":"https:\/\/www.prijedordanas.com\/wp-content\/uploads\/2021\/02\/protest-kozarac-8februar-1-300x225.jpg"}],"author":"admin","twitter_card":"summary_large_image","twitter_misc":{"Written by":"admin","Est. reading time":"3 minutes"},"schema":{"@context":"https:\/\/schema.org","@graph":[{"@type":"Article","@id":"https:\/\/www.prijedordanas.com\/?p=162328#article","isPartOf":{"@id":"https:\/\/www.prijedordanas.com\/?p=162328"},"author":{"name":"admin","@id":"https:\/\/www.prijedordanas.com\/#\/schema\/person\/4e08ccf29b506ca916ff86d46bb700e6"},"headline":"Mje\u0161tani protiv predlo\u017eene trase: &#8220;Auto-put da, preko na\u0161ih imanja ne&#8221; &#8211; FOTO\/VIDEO","datePublished":"2021-02-08T16:21:00+00:00","dateModified":"2021-02-08T16:21:00+00:00","mainEntityOfPage":{"@id":"https:\/\/www.prijedordanas.com\/?p=162328"},"wordCount":548,"publisher":{"@id":"https:\/\/www.prijedordanas.com\/#organization"},"articleSection":["Dru\u0161tvo"],"inLanguage":"en-US"},{"@type":"WebPage","@id":"https:\/\/www.prijedordanas.com\/?p=162328","url":"https:\/\/www.prijedordanas.com\/?p=162328","name":"Mje\u0161tani protiv predlo\u017eene trase: \"Auto-put da, preko na\u0161ih imanja ne\" - FOTO\/VIDEO - PrijedorDanas.com - Prijedorski gradski portal","isPartOf":{"@id":"https:\/\/www.prijedordanas.com\/#website"},"datePublished":"2021-02-08T16:21:00+00:00","dateModified":"2021-02-08T16:21:00+00:00","breadcrumb":{"@id":"https:\/\/www.prijedordanas.com\/?p=162328#breadcrumb"},"inLanguage":"en-US","potentialAction":[{"@type":"ReadAction","target":["https:\/\/www.prijedordanas.com\/?p=162328"]}]},{"@type":"BreadcrumbList","@id":"https:\/\/www.prijedordanas.com\/?p=162328#breadcrumb","itemListElement":[{"@type":"ListItem","position":1,"name":"Home","item":"https:\/\/www.prijedordanas.com\/"},{"@type":"ListItem","position":2,"name":"Mje\u0161tani protiv predlo\u017eene trase: &#8220;Auto-put da, preko na\u0161ih imanja ne&#8221; &#8211; FOTO\/VIDEO"}]},{"@type":"WebSite","@id":"https:\/\/www.prijedordanas.com\/#website","url":"https:\/\/www.prijedordanas.com\/","name":"PrijedorDanas.com - Prijedorski gradski portal","description":"Portal o doga\u0111anjima u gradu Prijedoru","publisher":{"@id":"https:\/\/www.prijedordanas.com\/#organization"},"potentialAction":[{"@type":"SearchAction","target":{"@type":"EntryPoint","urlTemplate":"https:\/\/www.prijedordanas.com\/?s={search_term_string}"},"query-input":"required name=search_term_string"}],"inLanguage":"en-US"},{"@type":"Organization","@id":"https:\/\/www.prijedordanas.com\/#organization","name":"PrijedorDanas.com","url":"https:\/\/www.prijedordanas.com\/","logo":{"@type":"ImageObject","inLanguage":"en-US","@id":"https:\/\/www.prijedordanas.com\/#\/schema\/logo\/image\/","url":"http:\/\/www.prijedordanas.com\/wp-content\/uploads\/2021\/12\/logopng.png","contentUrl":"http:\/\/www.prijedordanas.com\/wp-content\/uploads\/2021\/12\/logopng.png","width":1019,"height":776,"caption":"PrijedorDanas.com"},"image":{"@id":"https:\/\/www.prijedordanas.com\/#\/schema\/logo\/image\/"},"sameAs":["https:\/\/www.facebook.com\/PrijedorDanasCom\/"]},{"@type":"Person","@id":"https:\/\/www.prijedordanas.com\/#\/schema\/person\/4e08ccf29b506ca916ff86d46bb700e6","name":"admin","image":{"@type":"ImageObject","inLanguage":"en-US","@id":"https:\/\/www.prijedordanas.com\/#\/schema\/person\/image\/","url":"https:\/\/secure.gravatar.com\/avatar\/1d3fc949d550f0b53a5f0d51e06dfd79?s=96&d=mm&r=g","contentUrl":"https:\/\/secure.gravatar.com\/avatar\/1d3fc949d550f0b53a5f0d51e06dfd79?s=96&d=mm&r=g","caption":"admin"},"url":"https:\/\/www.prijedordanas.com\/?author=1"}]}},"_links":{"self":[{"href":"https:\/\/www.prijedordanas.com\/index.php?rest_route=\/wp\/v2\/posts\/162328"}],"collection":[{"href":"https:\/\/www.prijedordanas.com\/index.php?rest_route=\/wp\/v2\/posts"}],"about":[{"href":"https:\/\/www.prijedordanas.com\/index.php?rest_route=\/wp\/v2\/types\/post"}],"author":[{"embeddable":true,"href":"https:\/\/www.prijedordanas.com\/index.php?rest_route=\/wp\/v2\/users\/1"}],"replies":[{"embeddable":true,"href":"https:\/\/www.prijedordanas.com\/index.php?rest_route=%2Fwp%2Fv2%2Fcomments&post=162328"}],"version-history":[{"count":1,"href":"https:\/\/www.prijedordanas.com\/index.php?rest_route=\/wp\/v2\/posts\/162328\/revisions"}],"predecessor-version":[{"id":162336,"href":"https:\/\/www.prijedordanas.com\/index.php?rest_route=\/wp\/v2\/posts\/162328\/revisions\/162336"}],"wp:attachment":[{"href":"https:\/\/www.prijedordanas.com\/index.php?rest_route=%2Fwp%2Fv2%2Fmedia&parent=162328"}],"wp:term":[{"taxonomy":"category","embeddable":true,"href":"https:\/\/www.prijedordanas.com\/index.php?rest_route=%2Fwp%2Fv2%2Fcategories&post=162328"},{"taxonomy":"post_tag","embeddable":true,"href":"https:\/\/www.prijedordanas.com\/index.php?rest_route=%2Fwp%2Fv2%2Ftags&post=162328"}],"curies":[{"name":"wp","href":"https:\/\/api.w.org\/{rel}","templated":true}]}}