{"id":16229,"date":"2015-02-16T21:54:08","date_gmt":"2015-02-16T20:54:08","guid":{"rendered":"https:\/\/www.prijedordanas.com\/?p=16229"},"modified":"2015-02-16T21:54:08","modified_gmt":"2015-02-16T20:54:08","slug":"potvrdena-prvostepena-presuda-soldatu-duricu-i-babicu-za-zlocine-u-carakovu","status":"publish","type":"post","link":"https:\/\/www.prijedordanas.com\/?p=16229","title":{"rendered":"POTVR\u0110ENA PRVOSTEPENA PRESUDA SOLDATU, \u0110URI\u0106U I BABI\u0106U ZA ZLO\u010cINE U \u010cARAKOVU"},"content":{"rendered":"<p><a href=\"https:\/\/www.prijedordanas.com\/wp-content\/uploads\/2015\/02\/soldat-djuric-babic.jpg\"><img loading=\"lazy\" decoding=\"async\" src=\"https:\/\/www.prijedordanas.com\/wp-content\/uploads\/2015\/02\/soldat-djuric-babic-300x225.jpg\" alt=\"soldat-djuric-babic\" width=\"300\" height=\"225\" class=\"alignleft size-medium wp-image-16219\" \/><\/a>Apelaciono vije\u0107e Suda BiH potvrdilo je prvostepenu presudu Dragomiru Soldatu, Velemiru \u0110uri\u0107u i Zoranu Babi\u0107u koji su zbog zlo\u010dina protiv \u010dovje\u010dnosti osu\u0111eni na po 21 godinu zatvorske kazne.<\/p>\n<p>Ovom odlukom su kao neosnovane odbijene \u017ealbe Tu\u017eila\u0161tva BiH i branilaca optu\u017eenih, te je potvr\u0111ena prvostepena presuda Suda BiH od 27. marta 2014. godine, saop\u0161teno je iz Suda. <\/p>\n<p>Soldat, Babi\u0107 i \u0110uri\u0107 osu\u0111eni su zlo\u010dine po\u010dinjene u julu 1992. godine u selu \u010carakovo na podru\u010dju op\u0161tine Prijedor. <\/p>\n<p>Prvostepenom presudom Soldat i \u0110uri\u0107 su osu\u0111eni na kaznu dugotrajnog zatvora u trajanju od po 21 godinu. <\/p>\n<p>U odnosu na optu\u017eenog Babi\u0107a tada je utvr\u0111ena tako\u0111e kazna dugotrajnog zatvora u trajanju od 21 godinu, ali je uzeta u obzir i ranije utvr\u0111ena kazna dugotrajnog zatvora u trajanju od 22 godine izre\u010dena pravosna\u017enom presudom Suda BiH od 15. februara 2013. godine, pa mu je tada izre\u010dena jedinstvena kazna dugotrajnog zatvora od 35 godina. <\/p>\n<p>Optu\u017eenima Soldatu i \u0110uri\u0107u je u izre\u010denu kaznu ura\u010dunato vrijeme provedeno u pritvoru, a optu\u017eenom Babi\u0107u i vrijeme koje je proveo na izdr\u017eavanju kazne po ranijoj pravosna\u017enoj presudi. <\/p>\n<p>\u017dalbu protiv ove presude izjavilo je Tu\u017eila\u0161tvo BiH zbog odluke o krivi\u010dnopravnim sankcijama sa prijedlogom da vije\u0107e Apelacionog odjeljenja Suda BiH u cijelosti \u017ealbu prihvati kao osnovanu, te preina\u010di pobijanu presudu u odluci o kazni, tako \u0161to \u0107e optu\u017eenima Dragomiru Soldatu, Velemiru \u0110uri\u0107u i Zoranu Babi\u0107u izre\u0107i kazne dugotrajnog zatvora u du\u017eem trajanju. <\/p>\n<p>Optu\u017eeni Dragomir Soldat izjavio je \u017ealbu na presudu i to zbog bitnih povreda odredaba krivi\u010dnog postupka, pogre\u0161no i nepotpuno utvr\u0111enog \u010dinjeni\u010dnog stanja, povrede krivi\u010dnog zakona, odluke o krivi\u010dnoj sankciji, sa prijedlogom da vije\u0107e Apelacionog odjeljenja Suda BiH \u017ealbu uva\u017ei, te preina\u010di prvostepenu presudu osloba\u0111anjem optu\u017eenog, ili da osporenu prvostepenu presudu ukine i odredi odr\u017eavanje glavnog pretresa pred apelacionim vije\u0107em. <\/p>\n<p>Protiv ove presude \u017ealbu je izjavio i optu\u017eeni Velemir \u0110uri\u0107, i to zbog bitnih povreda odredaba krivi\u010dnog postupka, povrede krivi\u010dnog zakona, pogre\u0161no i nepotpuno utvr\u0111enog \u010dinjeni\u010dnog stanja, odluke o krivi\u010dno-pravnoj sankciji, sa prijedlogom da vije\u0107e Apelacionog odjeljenja Suda BiH ukine pobijanu presudu i ponovo odr\u017ei glavni pretres ili da je preina\u010di tako \u0161to \u0107e optu\u017eenog \u0110uri\u0107 Velemira osloboditi optu\u017ebe. <\/p>\n<p>Protiv ove presude \u017ealbu je izjavio i optu\u017eeni Zoran Babi\u0107, i to zbog bitnih povreda odredaba krivi\u010dnog postupka, povrede krivi\u010dnog zakona, pogre\u0161no i nepotpuno utvr\u0111enog \u010dinjeni\u010dnog stanja i odluke o krivi\u010dnoj sankciji, sa prijedlogom da vije\u0107e Apelacionog odjeljenja Suda BiH \u017ealbu uva\u017ei, te preina\u010di prvostepenu presudu i optu\u017eenog oslobodi od optu\u017ebe ili da pobijanu presudu ukine i ponovo odr\u017ei pretres. <\/p>\n<p>SRNA<br \/>\nFoto \u2013 BIRN<\/p>\n","protected":false},"excerpt":{"rendered":"<p>Apelaciono vije\u0107e Suda BiH potvrdilo je prvostepenu presudu Dragomiru Soldatu, Velemiru \u0110uri\u0107u i Zoranu Babi\u0107u koji su zbog zlo\u010dina protiv \u010dovje\u010dnosti osu\u0111eni na po 21 godinu zatvorske kazne. Ovom odlukom [&hellip;]<\/p>\n","protected":false},"author":1,"featured_media":0,"comment_status":"closed","ping_status":"open","sticky":false,"template":"","format":"standard","meta":{"_monsterinsights_skip_tracking":false,"_monsterinsights_sitenote_active":false,"_monsterinsights_sitenote_note":"","_monsterinsights_sitenote_category":0,"footnotes":""},"categories":[5],"tags":[],"yoast_head":"<!-- This site is optimized with the Yoast SEO plugin v21.6 - https:\/\/yoast.com\/wordpress\/plugins\/seo\/ -->\n<title>POTVR\u0110ENA PRVOSTEPENA PRESUDA SOLDATU, \u0110URI\u0106U I BABI\u0106U ZA ZLO\u010cINE U \u010cARAKOVU - PrijedorDanas.com - Prijedorski gradski portal<\/title>\n<meta name=\"robots\" content=\"index, follow, max-snippet:-1, max-image-preview:large, max-video-preview:-1\" \/>\n<link rel=\"canonical\" href=\"https:\/\/www.prijedordanas.com\/?p=16229\" \/>\n<meta property=\"og:locale\" content=\"en_US\" \/>\n<meta property=\"og:type\" content=\"article\" \/>\n<meta property=\"og:title\" content=\"POTVR\u0110ENA PRVOSTEPENA PRESUDA SOLDATU, \u0110URI\u0106U I BABI\u0106U ZA ZLO\u010cINE U \u010cARAKOVU - PrijedorDanas.com - Prijedorski gradski portal\" \/>\n<meta property=\"og:description\" content=\"Apelaciono vije\u0107e Suda BiH potvrdilo je prvostepenu presudu Dragomiru Soldatu, Velemiru \u0110uri\u0107u i Zoranu Babi\u0107u koji su zbog zlo\u010dina protiv \u010dovje\u010dnosti osu\u0111eni na po 21 godinu zatvorske kazne. Ovom odlukom [&hellip;]\" \/>\n<meta property=\"og:url\" content=\"https:\/\/www.prijedordanas.com\/?p=16229\" \/>\n<meta property=\"og:site_name\" content=\"PrijedorDanas.com - Prijedorski gradski portal\" \/>\n<meta property=\"article:publisher\" content=\"https:\/\/www.facebook.com\/PrijedorDanasCom\/\" \/>\n<meta property=\"article:published_time\" content=\"2015-02-16T20:54:08+00:00\" \/>\n<meta property=\"og:image\" content=\"https:\/\/www.prijedordanas.com\/wp-content\/uploads\/2015\/02\/soldat-djuric-babic-300x225.jpg\" \/>\n<meta name=\"author\" content=\"admin\" \/>\n<meta name=\"twitter:card\" content=\"summary_large_image\" \/>\n<meta name=\"twitter:label1\" content=\"Written by\" \/>\n\t<meta name=\"twitter:data1\" content=\"admin\" \/>\n\t<meta name=\"twitter:label2\" content=\"Est. reading time\" \/>\n\t<meta name=\"twitter:data2\" content=\"2 minutes\" \/>\n<script type=\"application\/ld+json\" class=\"yoast-schema-graph\">{\"@context\":\"https:\/\/schema.org\",\"@graph\":[{\"@type\":\"Article\",\"@id\":\"https:\/\/www.prijedordanas.com\/?p=16229#article\",\"isPartOf\":{\"@id\":\"https:\/\/www.prijedordanas.com\/?p=16229\"},\"author\":{\"name\":\"admin\",\"@id\":\"https:\/\/www.prijedordanas.com\/#\/schema\/person\/4e08ccf29b506ca916ff86d46bb700e6\"},\"headline\":\"POTVR\u0110ENA PRVOSTEPENA PRESUDA SOLDATU, \u0110URI\u0106U I BABI\u0106U ZA ZLO\u010cINE U \u010cARAKOVU\",\"datePublished\":\"2015-02-16T20:54:08+00:00\",\"dateModified\":\"2015-02-16T20:54:08+00:00\",\"mainEntityOfPage\":{\"@id\":\"https:\/\/www.prijedordanas.com\/?p=16229\"},\"wordCount\":496,\"publisher\":{\"@id\":\"https:\/\/www.prijedordanas.com\/#organization\"},\"articleSection\":[\"Hronika\"],\"inLanguage\":\"en-US\"},{\"@type\":\"WebPage\",\"@id\":\"https:\/\/www.prijedordanas.com\/?p=16229\",\"url\":\"https:\/\/www.prijedordanas.com\/?p=16229\",\"name\":\"POTVR\u0110ENA PRVOSTEPENA PRESUDA SOLDATU, \u0110URI\u0106U I BABI\u0106U ZA ZLO\u010cINE U \u010cARAKOVU - PrijedorDanas.com - Prijedorski gradski portal\",\"isPartOf\":{\"@id\":\"https:\/\/www.prijedordanas.com\/#website\"},\"datePublished\":\"2015-02-16T20:54:08+00:00\",\"dateModified\":\"2015-02-16T20:54:08+00:00\",\"breadcrumb\":{\"@id\":\"https:\/\/www.prijedordanas.com\/?p=16229#breadcrumb\"},\"inLanguage\":\"en-US\",\"potentialAction\":[{\"@type\":\"ReadAction\",\"target\":[\"https:\/\/www.prijedordanas.com\/?p=16229\"]}]},{\"@type\":\"BreadcrumbList\",\"@id\":\"https:\/\/www.prijedordanas.com\/?p=16229#breadcrumb\",\"itemListElement\":[{\"@type\":\"ListItem\",\"position\":1,\"name\":\"Home\",\"item\":\"https:\/\/www.prijedordanas.com\/\"},{\"@type\":\"ListItem\",\"position\":2,\"name\":\"POTVR\u0110ENA PRVOSTEPENA PRESUDA SOLDATU, \u0110URI\u0106U I BABI\u0106U ZA ZLO\u010cINE U \u010cARAKOVU\"}]},{\"@type\":\"WebSite\",\"@id\":\"https:\/\/www.prijedordanas.com\/#website\",\"url\":\"https:\/\/www.prijedordanas.com\/\",\"name\":\"PrijedorDanas.com - Prijedorski gradski portal\",\"description\":\"Portal o doga\u0111anjima u gradu Prijedoru\",\"publisher\":{\"@id\":\"https:\/\/www.prijedordanas.com\/#organization\"},\"potentialAction\":[{\"@type\":\"SearchAction\",\"target\":{\"@type\":\"EntryPoint\",\"urlTemplate\":\"https:\/\/www.prijedordanas.com\/?s={search_term_string}\"},\"query-input\":\"required name=search_term_string\"}],\"inLanguage\":\"en-US\"},{\"@type\":\"Organization\",\"@id\":\"https:\/\/www.prijedordanas.com\/#organization\",\"name\":\"PrijedorDanas.com\",\"url\":\"https:\/\/www.prijedordanas.com\/\",\"logo\":{\"@type\":\"ImageObject\",\"inLanguage\":\"en-US\",\"@id\":\"https:\/\/www.prijedordanas.com\/#\/schema\/logo\/image\/\",\"url\":\"http:\/\/www.prijedordanas.com\/wp-content\/uploads\/2021\/12\/logopng.png\",\"contentUrl\":\"http:\/\/www.prijedordanas.com\/wp-content\/uploads\/2021\/12\/logopng.png\",\"width\":1019,\"height\":776,\"caption\":\"PrijedorDanas.com\"},\"image\":{\"@id\":\"https:\/\/www.prijedordanas.com\/#\/schema\/logo\/image\/\"},\"sameAs\":[\"https:\/\/www.facebook.com\/PrijedorDanasCom\/\"]},{\"@type\":\"Person\",\"@id\":\"https:\/\/www.prijedordanas.com\/#\/schema\/person\/4e08ccf29b506ca916ff86d46bb700e6\",\"name\":\"admin\",\"image\":{\"@type\":\"ImageObject\",\"inLanguage\":\"en-US\",\"@id\":\"https:\/\/www.prijedordanas.com\/#\/schema\/person\/image\/\",\"url\":\"https:\/\/secure.gravatar.com\/avatar\/1d3fc949d550f0b53a5f0d51e06dfd79?s=96&d=mm&r=g\",\"contentUrl\":\"https:\/\/secure.gravatar.com\/avatar\/1d3fc949d550f0b53a5f0d51e06dfd79?s=96&d=mm&r=g\",\"caption\":\"admin\"},\"url\":\"https:\/\/www.prijedordanas.com\/?author=1\"}]}<\/script>\n<!-- \/ Yoast SEO plugin. -->","yoast_head_json":{"title":"POTVR\u0110ENA PRVOSTEPENA PRESUDA SOLDATU, \u0110URI\u0106U I BABI\u0106U ZA ZLO\u010cINE U \u010cARAKOVU - PrijedorDanas.com - Prijedorski gradski portal","robots":{"index":"index","follow":"follow","max-snippet":"max-snippet:-1","max-image-preview":"max-image-preview:large","max-video-preview":"max-video-preview:-1"},"canonical":"https:\/\/www.prijedordanas.com\/?p=16229","og_locale":"en_US","og_type":"article","og_title":"POTVR\u0110ENA PRVOSTEPENA PRESUDA SOLDATU, \u0110URI\u0106U I BABI\u0106U ZA ZLO\u010cINE U \u010cARAKOVU - PrijedorDanas.com - Prijedorski gradski portal","og_description":"Apelaciono vije\u0107e Suda BiH potvrdilo je prvostepenu presudu Dragomiru Soldatu, Velemiru \u0110uri\u0107u i Zoranu Babi\u0107u koji su zbog zlo\u010dina protiv \u010dovje\u010dnosti osu\u0111eni na po 21 godinu zatvorske kazne. Ovom odlukom [&hellip;]","og_url":"https:\/\/www.prijedordanas.com\/?p=16229","og_site_name":"PrijedorDanas.com - Prijedorski gradski portal","article_publisher":"https:\/\/www.facebook.com\/PrijedorDanasCom\/","article_published_time":"2015-02-16T20:54:08+00:00","og_image":[{"url":"https:\/\/www.prijedordanas.com\/wp-content\/uploads\/2015\/02\/soldat-djuric-babic-300x225.jpg"}],"author":"admin","twitter_card":"summary_large_image","twitter_misc":{"Written by":"admin","Est. reading time":"2 minutes"},"schema":{"@context":"https:\/\/schema.org","@graph":[{"@type":"Article","@id":"https:\/\/www.prijedordanas.com\/?p=16229#article","isPartOf":{"@id":"https:\/\/www.prijedordanas.com\/?p=16229"},"author":{"name":"admin","@id":"https:\/\/www.prijedordanas.com\/#\/schema\/person\/4e08ccf29b506ca916ff86d46bb700e6"},"headline":"POTVR\u0110ENA PRVOSTEPENA PRESUDA SOLDATU, \u0110URI\u0106U I BABI\u0106U ZA ZLO\u010cINE U \u010cARAKOVU","datePublished":"2015-02-16T20:54:08+00:00","dateModified":"2015-02-16T20:54:08+00:00","mainEntityOfPage":{"@id":"https:\/\/www.prijedordanas.com\/?p=16229"},"wordCount":496,"publisher":{"@id":"https:\/\/www.prijedordanas.com\/#organization"},"articleSection":["Hronika"],"inLanguage":"en-US"},{"@type":"WebPage","@id":"https:\/\/www.prijedordanas.com\/?p=16229","url":"https:\/\/www.prijedordanas.com\/?p=16229","name":"POTVR\u0110ENA PRVOSTEPENA PRESUDA SOLDATU, \u0110URI\u0106U I BABI\u0106U ZA ZLO\u010cINE U \u010cARAKOVU - PrijedorDanas.com - Prijedorski gradski portal","isPartOf":{"@id":"https:\/\/www.prijedordanas.com\/#website"},"datePublished":"2015-02-16T20:54:08+00:00","dateModified":"2015-02-16T20:54:08+00:00","breadcrumb":{"@id":"https:\/\/www.prijedordanas.com\/?p=16229#breadcrumb"},"inLanguage":"en-US","potentialAction":[{"@type":"ReadAction","target":["https:\/\/www.prijedordanas.com\/?p=16229"]}]},{"@type":"BreadcrumbList","@id":"https:\/\/www.prijedordanas.com\/?p=16229#breadcrumb","itemListElement":[{"@type":"ListItem","position":1,"name":"Home","item":"https:\/\/www.prijedordanas.com\/"},{"@type":"ListItem","position":2,"name":"POTVR\u0110ENA PRVOSTEPENA PRESUDA SOLDATU, \u0110URI\u0106U I BABI\u0106U ZA ZLO\u010cINE U \u010cARAKOVU"}]},{"@type":"WebSite","@id":"https:\/\/www.prijedordanas.com\/#website","url":"https:\/\/www.prijedordanas.com\/","name":"PrijedorDanas.com - Prijedorski gradski portal","description":"Portal o doga\u0111anjima u gradu Prijedoru","publisher":{"@id":"https:\/\/www.prijedordanas.com\/#organization"},"potentialAction":[{"@type":"SearchAction","target":{"@type":"EntryPoint","urlTemplate":"https:\/\/www.prijedordanas.com\/?s={search_term_string}"},"query-input":"required name=search_term_string"}],"inLanguage":"en-US"},{"@type":"Organization","@id":"https:\/\/www.prijedordanas.com\/#organization","name":"PrijedorDanas.com","url":"https:\/\/www.prijedordanas.com\/","logo":{"@type":"ImageObject","inLanguage":"en-US","@id":"https:\/\/www.prijedordanas.com\/#\/schema\/logo\/image\/","url":"http:\/\/www.prijedordanas.com\/wp-content\/uploads\/2021\/12\/logopng.png","contentUrl":"http:\/\/www.prijedordanas.com\/wp-content\/uploads\/2021\/12\/logopng.png","width":1019,"height":776,"caption":"PrijedorDanas.com"},"image":{"@id":"https:\/\/www.prijedordanas.com\/#\/schema\/logo\/image\/"},"sameAs":["https:\/\/www.facebook.com\/PrijedorDanasCom\/"]},{"@type":"Person","@id":"https:\/\/www.prijedordanas.com\/#\/schema\/person\/4e08ccf29b506ca916ff86d46bb700e6","name":"admin","image":{"@type":"ImageObject","inLanguage":"en-US","@id":"https:\/\/www.prijedordanas.com\/#\/schema\/person\/image\/","url":"https:\/\/secure.gravatar.com\/avatar\/1d3fc949d550f0b53a5f0d51e06dfd79?s=96&d=mm&r=g","contentUrl":"https:\/\/secure.gravatar.com\/avatar\/1d3fc949d550f0b53a5f0d51e06dfd79?s=96&d=mm&r=g","caption":"admin"},"url":"https:\/\/www.prijedordanas.com\/?author=1"}]}},"_links":{"self":[{"href":"https:\/\/www.prijedordanas.com\/index.php?rest_route=\/wp\/v2\/posts\/16229"}],"collection":[{"href":"https:\/\/www.prijedordanas.com\/index.php?rest_route=\/wp\/v2\/posts"}],"about":[{"href":"https:\/\/www.prijedordanas.com\/index.php?rest_route=\/wp\/v2\/types\/post"}],"author":[{"embeddable":true,"href":"https:\/\/www.prijedordanas.com\/index.php?rest_route=\/wp\/v2\/users\/1"}],"replies":[{"embeddable":true,"href":"https:\/\/www.prijedordanas.com\/index.php?rest_route=%2Fwp%2Fv2%2Fcomments&post=16229"}],"version-history":[{"count":1,"href":"https:\/\/www.prijedordanas.com\/index.php?rest_route=\/wp\/v2\/posts\/16229\/revisions"}],"predecessor-version":[{"id":16230,"href":"https:\/\/www.prijedordanas.com\/index.php?rest_route=\/wp\/v2\/posts\/16229\/revisions\/16230"}],"wp:attachment":[{"href":"https:\/\/www.prijedordanas.com\/index.php?rest_route=%2Fwp%2Fv2%2Fmedia&parent=16229"}],"wp:term":[{"taxonomy":"category","embeddable":true,"href":"https:\/\/www.prijedordanas.com\/index.php?rest_route=%2Fwp%2Fv2%2Fcategories&post=16229"},{"taxonomy":"post_tag","embeddable":true,"href":"https:\/\/www.prijedordanas.com\/index.php?rest_route=%2Fwp%2Fv2%2Ftags&post=16229"}],"curies":[{"name":"wp","href":"https:\/\/api.w.org\/{rel}","templated":true}]}}