{"id":162214,"date":"2021-02-05T16:58:57","date_gmt":"2021-02-05T15:58:57","guid":{"rendered":"https:\/\/www.prijedordanas.com\/?p=162214"},"modified":"2021-02-05T16:58:57","modified_gmt":"2021-02-05T15:58:57","slug":"sds-tvrdi-da-je-pavlovic-odbornici-pokazao-srednji-prst-on-negira-video","status":"publish","type":"post","link":"https:\/\/www.prijedordanas.com\/?p=162214","title":{"rendered":"SDS tvrdi da je Pavlovi\u0107 odbornici pokazao srednji prst, on negira &#8211; VIDEO"},"content":{"rendered":"<p><a href=\"https:\/\/www.prijedordanas.com\/wp-content\/uploads\/2021\/02\/pavlovic-printskrin-youtube.jpg\"><img loading=\"lazy\" decoding=\"async\" src=\"https:\/\/www.prijedordanas.com\/wp-content\/uploads\/2021\/02\/pavlovic-printskrin-youtube-300x225.jpg\" alt=\"\" width=\"300\" height=\"225\" class=\"alignleft size-medium wp-image-162216\" srcset=\"https:\/\/www.prijedordanas.com\/wp-content\/uploads\/2021\/02\/pavlovic-printskrin-youtube-300x225.jpg 300w, https:\/\/www.prijedordanas.com\/wp-content\/uploads\/2021\/02\/pavlovic-printskrin-youtube-640x480.jpg 640w, https:\/\/www.prijedordanas.com\/wp-content\/uploads\/2021\/02\/pavlovic-printskrin-youtube.jpg 667w\" sizes=\"(max-width: 300px) 100vw, 300px\" \/><\/a>Predsjednica Aktiva \u017eena SDS Vesna Adamovi\u0107 zatra\u017eila je od Skup\u0161tine grada Prijedora da izrekne sankcije prvom \u010dovjeku tog grada Daliboru Pavlovi\u0107u zbog neprimjerenog pona\u0161anja, odnosno pokazivanja srednjeg prsta na sjednici gradske skup\u0161tine.<\/p>\n<p>Vesna Adamovi\u0107, predsjednik Aktiva \u017eena SDS-a, zatra\u017eila je sankcije za Dalibora Pavlovi\u0107a, gradona\u010delnika Prijedora za kojeg tvrdi da je kao podr\u0161ku replici svog strana\u010dkog kolege odbornici SDS-a Biljani Kne\u017eevi\u0107, gestikulirao krajnje vulgarno pokazuju\u0107i srednji prst.<\/p>\n<p>&#8220;Ovakav postupak, nije samo za osudu, ve\u0107 bi trebao da za sobom povu\u010de sankcije prijedorske skup\u0161tine. U zadnje vrijeme sve su \u010de\u0161\u0107i neprimjereni istupi prema \u017eenama koje aktivno u\u010destvuju u politi\u010dkom \u017eivotu&#8221;, rekla je Adamovi\u0107eva.<\/p>\n<p>Ona ka\u017ee da Pavlovi\u0107ev postupak pokazuje koliko oni koji su izabrani i rade vrlo odgovorne poslove, uva\u017eavaju \u017eene, majke, supruge i djevojke.<\/p>\n<p>&#8220;Ali vi\u0161e govore o sebi samima, da nisu uspjeli usvojiti osnovne norme kulturnog pona\u0161anja. Aktiv \u017eena SDS daje punu podr\u0161ku svojoj odbornici Biljani Kne\u017eevi\u0107 i tra\u017ei od Skup\u0161tine grada Prijedora da gradona\u010delnik bude sankcionisan u skladu sa Pravilnikom o radu Skup\u0161tine grada Prijedora&#8221;, navodi se u saop\u0161tenju SDS-a, koja je opoziciona partija u gradu na Sani.<\/p>\n<p>S druge strane, Pavlovi\u0107 isti\u010de da nema govora o tome da je bilo kome pokazivao srednji prst te da to nije njegov stil i na\u010din komuniciranja, pogotovo sa \u017eenama.<\/p>\n<p>&#8220;Sa uva\u017eavanjem se odnosim prema svima, posebno prema pripadnicama suprotnog pola. Nema govora da sam pokazivao srednji prst i jednako po\u0161tujem sve \u017eene u gradskoj skup\u0161tini&#8221;, rekao je Pavlovi\u0107.<\/p>\n<p>Na konstataciju da postoji snimak, Pavlovi\u0107 isti\u010de da u ruci dr\u017ei olovku i razgovara sa zamjenikom koji sjedi pored njega.<\/p>\n<p><a href=\"https:\/\/www.nezavisne.com\/novosti\/bih\/SDS-tvrdi-da-je-Pavlovic-odbornici-pokazao-srednji-prst-on-negira\/644811\" rel=\"noopener\" target=\"_blank\">nezavisne.com<\/a><\/p>\n<p><iframe loading=\"lazy\" title=\"Gradona\u010delnik Dalibor Pavlovi\u0107 pokazuje srednji prst kolegama u skup\u0161tini\" width=\"500\" height=\"281\" src=\"https:\/\/www.youtube.com\/embed\/I5H2ObqVOso?feature=oembed\" frameborder=\"0\" allow=\"accelerometer; autoplay; clipboard-write; encrypted-media; gyroscope; picture-in-picture\" allowfullscreen><\/iframe><\/p>\n","protected":false},"excerpt":{"rendered":"<p>Predsjednica Aktiva \u017eena SDS Vesna Adamovi\u0107 zatra\u017eila je od Skup\u0161tine grada Prijedora da izrekne sankcije prvom \u010dovjeku tog grada Daliboru Pavlovi\u0107u zbog neprimjerenog pona\u0161anja, odnosno pokazivanja srednjeg prsta na sjednici [&hellip;]<\/p>\n","protected":false},"author":1,"featured_media":0,"comment_status":"closed","ping_status":"open","sticky":false,"template":"","format":"standard","meta":{"_monsterinsights_skip_tracking":false,"_monsterinsights_sitenote_active":false,"_monsterinsights_sitenote_note":"","_monsterinsights_sitenote_category":0,"footnotes":""},"categories":[8],"tags":[],"yoast_head":"<!-- This site is optimized with the Yoast SEO plugin v21.6 - https:\/\/yoast.com\/wordpress\/plugins\/seo\/ -->\n<title>SDS tvrdi da je Pavlovi\u0107 odbornici pokazao srednji prst, on negira - VIDEO - PrijedorDanas.com - Prijedorski gradski portal<\/title>\n<meta name=\"robots\" content=\"index, follow, max-snippet:-1, max-image-preview:large, max-video-preview:-1\" \/>\n<link rel=\"canonical\" href=\"https:\/\/www.prijedordanas.com\/?p=162214\" \/>\n<meta property=\"og:locale\" content=\"en_US\" \/>\n<meta property=\"og:type\" content=\"article\" \/>\n<meta property=\"og:title\" content=\"SDS tvrdi da je Pavlovi\u0107 odbornici pokazao srednji prst, on negira - VIDEO - PrijedorDanas.com - Prijedorski gradski portal\" \/>\n<meta property=\"og:description\" content=\"Predsjednica Aktiva \u017eena SDS Vesna Adamovi\u0107 zatra\u017eila je od Skup\u0161tine grada Prijedora da izrekne sankcije prvom \u010dovjeku tog grada Daliboru Pavlovi\u0107u zbog neprimjerenog pona\u0161anja, odnosno pokazivanja srednjeg prsta na sjednici [&hellip;]\" \/>\n<meta property=\"og:url\" content=\"https:\/\/www.prijedordanas.com\/?p=162214\" \/>\n<meta property=\"og:site_name\" content=\"PrijedorDanas.com - Prijedorski gradski portal\" \/>\n<meta property=\"article:publisher\" content=\"https:\/\/www.facebook.com\/PrijedorDanasCom\/\" \/>\n<meta property=\"article:published_time\" content=\"2021-02-05T15:58:57+00:00\" \/>\n<meta property=\"og:image\" content=\"https:\/\/www.prijedordanas.com\/wp-content\/uploads\/2021\/02\/pavlovic-printskrin-youtube-300x225.jpg\" \/>\n<meta name=\"author\" content=\"admin\" \/>\n<meta name=\"twitter:card\" content=\"summary_large_image\" \/>\n<meta name=\"twitter:label1\" content=\"Written by\" \/>\n\t<meta name=\"twitter:data1\" content=\"admin\" \/>\n\t<meta name=\"twitter:label2\" content=\"Est. reading time\" \/>\n\t<meta name=\"twitter:data2\" content=\"2 minutes\" \/>\n<script type=\"application\/ld+json\" class=\"yoast-schema-graph\">{\"@context\":\"https:\/\/schema.org\",\"@graph\":[{\"@type\":\"Article\",\"@id\":\"https:\/\/www.prijedordanas.com\/?p=162214#article\",\"isPartOf\":{\"@id\":\"https:\/\/www.prijedordanas.com\/?p=162214\"},\"author\":{\"name\":\"admin\",\"@id\":\"https:\/\/www.prijedordanas.com\/#\/schema\/person\/4e08ccf29b506ca916ff86d46bb700e6\"},\"headline\":\"SDS tvrdi da je Pavlovi\u0107 odbornici pokazao srednji prst, on negira &#8211; VIDEO\",\"datePublished\":\"2021-02-05T15:58:57+00:00\",\"dateModified\":\"2021-02-05T15:58:57+00:00\",\"mainEntityOfPage\":{\"@id\":\"https:\/\/www.prijedordanas.com\/?p=162214\"},\"wordCount\":316,\"publisher\":{\"@id\":\"https:\/\/www.prijedordanas.com\/#organization\"},\"articleSection\":[\"Svakodnevno\"],\"inLanguage\":\"en-US\"},{\"@type\":\"WebPage\",\"@id\":\"https:\/\/www.prijedordanas.com\/?p=162214\",\"url\":\"https:\/\/www.prijedordanas.com\/?p=162214\",\"name\":\"SDS tvrdi da je Pavlovi\u0107 odbornici pokazao srednji prst, on negira - VIDEO - PrijedorDanas.com - Prijedorski gradski portal\",\"isPartOf\":{\"@id\":\"https:\/\/www.prijedordanas.com\/#website\"},\"datePublished\":\"2021-02-05T15:58:57+00:00\",\"dateModified\":\"2021-02-05T15:58:57+00:00\",\"breadcrumb\":{\"@id\":\"https:\/\/www.prijedordanas.com\/?p=162214#breadcrumb\"},\"inLanguage\":\"en-US\",\"potentialAction\":[{\"@type\":\"ReadAction\",\"target\":[\"https:\/\/www.prijedordanas.com\/?p=162214\"]}]},{\"@type\":\"BreadcrumbList\",\"@id\":\"https:\/\/www.prijedordanas.com\/?p=162214#breadcrumb\",\"itemListElement\":[{\"@type\":\"ListItem\",\"position\":1,\"name\":\"Home\",\"item\":\"https:\/\/www.prijedordanas.com\/\"},{\"@type\":\"ListItem\",\"position\":2,\"name\":\"SDS tvrdi da je Pavlovi\u0107 odbornici pokazao srednji prst, on negira &#8211; VIDEO\"}]},{\"@type\":\"WebSite\",\"@id\":\"https:\/\/www.prijedordanas.com\/#website\",\"url\":\"https:\/\/www.prijedordanas.com\/\",\"name\":\"PrijedorDanas.com - Prijedorski gradski portal\",\"description\":\"Portal o doga\u0111anjima u gradu Prijedoru\",\"publisher\":{\"@id\":\"https:\/\/www.prijedordanas.com\/#organization\"},\"potentialAction\":[{\"@type\":\"SearchAction\",\"target\":{\"@type\":\"EntryPoint\",\"urlTemplate\":\"https:\/\/www.prijedordanas.com\/?s={search_term_string}\"},\"query-input\":\"required name=search_term_string\"}],\"inLanguage\":\"en-US\"},{\"@type\":\"Organization\",\"@id\":\"https:\/\/www.prijedordanas.com\/#organization\",\"name\":\"PrijedorDanas.com\",\"url\":\"https:\/\/www.prijedordanas.com\/\",\"logo\":{\"@type\":\"ImageObject\",\"inLanguage\":\"en-US\",\"@id\":\"https:\/\/www.prijedordanas.com\/#\/schema\/logo\/image\/\",\"url\":\"http:\/\/www.prijedordanas.com\/wp-content\/uploads\/2021\/12\/logopng.png\",\"contentUrl\":\"http:\/\/www.prijedordanas.com\/wp-content\/uploads\/2021\/12\/logopng.png\",\"width\":1019,\"height\":776,\"caption\":\"PrijedorDanas.com\"},\"image\":{\"@id\":\"https:\/\/www.prijedordanas.com\/#\/schema\/logo\/image\/\"},\"sameAs\":[\"https:\/\/www.facebook.com\/PrijedorDanasCom\/\"]},{\"@type\":\"Person\",\"@id\":\"https:\/\/www.prijedordanas.com\/#\/schema\/person\/4e08ccf29b506ca916ff86d46bb700e6\",\"name\":\"admin\",\"image\":{\"@type\":\"ImageObject\",\"inLanguage\":\"en-US\",\"@id\":\"https:\/\/www.prijedordanas.com\/#\/schema\/person\/image\/\",\"url\":\"https:\/\/secure.gravatar.com\/avatar\/1d3fc949d550f0b53a5f0d51e06dfd79?s=96&d=mm&r=g\",\"contentUrl\":\"https:\/\/secure.gravatar.com\/avatar\/1d3fc949d550f0b53a5f0d51e06dfd79?s=96&d=mm&r=g\",\"caption\":\"admin\"},\"url\":\"https:\/\/www.prijedordanas.com\/?author=1\"}]}<\/script>\n<!-- \/ Yoast SEO plugin. -->","yoast_head_json":{"title":"SDS tvrdi da je Pavlovi\u0107 odbornici pokazao srednji prst, on negira - VIDEO - PrijedorDanas.com - Prijedorski gradski portal","robots":{"index":"index","follow":"follow","max-snippet":"max-snippet:-1","max-image-preview":"max-image-preview:large","max-video-preview":"max-video-preview:-1"},"canonical":"https:\/\/www.prijedordanas.com\/?p=162214","og_locale":"en_US","og_type":"article","og_title":"SDS tvrdi da je Pavlovi\u0107 odbornici pokazao srednji prst, on negira - VIDEO - PrijedorDanas.com - Prijedorski gradski portal","og_description":"Predsjednica Aktiva \u017eena SDS Vesna Adamovi\u0107 zatra\u017eila je od Skup\u0161tine grada Prijedora da izrekne sankcije prvom \u010dovjeku tog grada Daliboru Pavlovi\u0107u zbog neprimjerenog pona\u0161anja, odnosno pokazivanja srednjeg prsta na sjednici [&hellip;]","og_url":"https:\/\/www.prijedordanas.com\/?p=162214","og_site_name":"PrijedorDanas.com - Prijedorski gradski portal","article_publisher":"https:\/\/www.facebook.com\/PrijedorDanasCom\/","article_published_time":"2021-02-05T15:58:57+00:00","og_image":[{"url":"https:\/\/www.prijedordanas.com\/wp-content\/uploads\/2021\/02\/pavlovic-printskrin-youtube-300x225.jpg"}],"author":"admin","twitter_card":"summary_large_image","twitter_misc":{"Written by":"admin","Est. reading time":"2 minutes"},"schema":{"@context":"https:\/\/schema.org","@graph":[{"@type":"Article","@id":"https:\/\/www.prijedordanas.com\/?p=162214#article","isPartOf":{"@id":"https:\/\/www.prijedordanas.com\/?p=162214"},"author":{"name":"admin","@id":"https:\/\/www.prijedordanas.com\/#\/schema\/person\/4e08ccf29b506ca916ff86d46bb700e6"},"headline":"SDS tvrdi da je Pavlovi\u0107 odbornici pokazao srednji prst, on negira &#8211; VIDEO","datePublished":"2021-02-05T15:58:57+00:00","dateModified":"2021-02-05T15:58:57+00:00","mainEntityOfPage":{"@id":"https:\/\/www.prijedordanas.com\/?p=162214"},"wordCount":316,"publisher":{"@id":"https:\/\/www.prijedordanas.com\/#organization"},"articleSection":["Svakodnevno"],"inLanguage":"en-US"},{"@type":"WebPage","@id":"https:\/\/www.prijedordanas.com\/?p=162214","url":"https:\/\/www.prijedordanas.com\/?p=162214","name":"SDS tvrdi da je Pavlovi\u0107 odbornici pokazao srednji prst, on negira - VIDEO - PrijedorDanas.com - Prijedorski gradski portal","isPartOf":{"@id":"https:\/\/www.prijedordanas.com\/#website"},"datePublished":"2021-02-05T15:58:57+00:00","dateModified":"2021-02-05T15:58:57+00:00","breadcrumb":{"@id":"https:\/\/www.prijedordanas.com\/?p=162214#breadcrumb"},"inLanguage":"en-US","potentialAction":[{"@type":"ReadAction","target":["https:\/\/www.prijedordanas.com\/?p=162214"]}]},{"@type":"BreadcrumbList","@id":"https:\/\/www.prijedordanas.com\/?p=162214#breadcrumb","itemListElement":[{"@type":"ListItem","position":1,"name":"Home","item":"https:\/\/www.prijedordanas.com\/"},{"@type":"ListItem","position":2,"name":"SDS tvrdi da je Pavlovi\u0107 odbornici pokazao srednji prst, on negira &#8211; VIDEO"}]},{"@type":"WebSite","@id":"https:\/\/www.prijedordanas.com\/#website","url":"https:\/\/www.prijedordanas.com\/","name":"PrijedorDanas.com - Prijedorski gradski portal","description":"Portal o doga\u0111anjima u gradu Prijedoru","publisher":{"@id":"https:\/\/www.prijedordanas.com\/#organization"},"potentialAction":[{"@type":"SearchAction","target":{"@type":"EntryPoint","urlTemplate":"https:\/\/www.prijedordanas.com\/?s={search_term_string}"},"query-input":"required name=search_term_string"}],"inLanguage":"en-US"},{"@type":"Organization","@id":"https:\/\/www.prijedordanas.com\/#organization","name":"PrijedorDanas.com","url":"https:\/\/www.prijedordanas.com\/","logo":{"@type":"ImageObject","inLanguage":"en-US","@id":"https:\/\/www.prijedordanas.com\/#\/schema\/logo\/image\/","url":"http:\/\/www.prijedordanas.com\/wp-content\/uploads\/2021\/12\/logopng.png","contentUrl":"http:\/\/www.prijedordanas.com\/wp-content\/uploads\/2021\/12\/logopng.png","width":1019,"height":776,"caption":"PrijedorDanas.com"},"image":{"@id":"https:\/\/www.prijedordanas.com\/#\/schema\/logo\/image\/"},"sameAs":["https:\/\/www.facebook.com\/PrijedorDanasCom\/"]},{"@type":"Person","@id":"https:\/\/www.prijedordanas.com\/#\/schema\/person\/4e08ccf29b506ca916ff86d46bb700e6","name":"admin","image":{"@type":"ImageObject","inLanguage":"en-US","@id":"https:\/\/www.prijedordanas.com\/#\/schema\/person\/image\/","url":"https:\/\/secure.gravatar.com\/avatar\/1d3fc949d550f0b53a5f0d51e06dfd79?s=96&d=mm&r=g","contentUrl":"https:\/\/secure.gravatar.com\/avatar\/1d3fc949d550f0b53a5f0d51e06dfd79?s=96&d=mm&r=g","caption":"admin"},"url":"https:\/\/www.prijedordanas.com\/?author=1"}]}},"_links":{"self":[{"href":"https:\/\/www.prijedordanas.com\/index.php?rest_route=\/wp\/v2\/posts\/162214"}],"collection":[{"href":"https:\/\/www.prijedordanas.com\/index.php?rest_route=\/wp\/v2\/posts"}],"about":[{"href":"https:\/\/www.prijedordanas.com\/index.php?rest_route=\/wp\/v2\/types\/post"}],"author":[{"embeddable":true,"href":"https:\/\/www.prijedordanas.com\/index.php?rest_route=\/wp\/v2\/users\/1"}],"replies":[{"embeddable":true,"href":"https:\/\/www.prijedordanas.com\/index.php?rest_route=%2Fwp%2Fv2%2Fcomments&post=162214"}],"version-history":[{"count":1,"href":"https:\/\/www.prijedordanas.com\/index.php?rest_route=\/wp\/v2\/posts\/162214\/revisions"}],"predecessor-version":[{"id":162217,"href":"https:\/\/www.prijedordanas.com\/index.php?rest_route=\/wp\/v2\/posts\/162214\/revisions\/162217"}],"wp:attachment":[{"href":"https:\/\/www.prijedordanas.com\/index.php?rest_route=%2Fwp%2Fv2%2Fmedia&parent=162214"}],"wp:term":[{"taxonomy":"category","embeddable":true,"href":"https:\/\/www.prijedordanas.com\/index.php?rest_route=%2Fwp%2Fv2%2Fcategories&post=162214"},{"taxonomy":"post_tag","embeddable":true,"href":"https:\/\/www.prijedordanas.com\/index.php?rest_route=%2Fwp%2Fv2%2Ftags&post=162214"}],"curies":[{"name":"wp","href":"https:\/\/api.w.org\/{rel}","templated":true}]}}