{"id":162148,"date":"2021-02-03T16:35:54","date_gmt":"2021-02-03T15:35:54","guid":{"rendered":"https:\/\/www.prijedordanas.com\/?p=162148"},"modified":"2021-02-03T16:35:54","modified_gmt":"2021-02-03T15:35:54","slug":"podrzala-ga-22-odbornika-dragoslav-kabic-novi-nacelnik-odjeljenja-za-saobracaj-u-prijedoru","status":"publish","type":"post","link":"https:\/\/www.prijedordanas.com\/?p=162148","title":{"rendered":"Podr\u017eala ga 22 odbornika: Dragoslav Kabi\u0107 novi na\u010delnik Odjeljenja za saobra\u0107aj u Prijedoru"},"content":{"rendered":"<p><a href=\"https:\/\/www.prijedordanas.com\/wp-content\/uploads\/2021\/02\/skupstina-3februar-1.jpg\"><img loading=\"lazy\" decoding=\"async\" class=\"alignleft size-medium wp-image-162149\" src=\"https:\/\/www.prijedordanas.com\/wp-content\/uploads\/2021\/02\/skupstina-3februar-1-300x225.jpg\" alt=\"\" width=\"300\" height=\"225\" srcset=\"https:\/\/www.prijedordanas.com\/wp-content\/uploads\/2021\/02\/skupstina-3februar-1-300x225.jpg 300w, https:\/\/www.prijedordanas.com\/wp-content\/uploads\/2021\/02\/skupstina-3februar-1-640x480.jpg 640w, https:\/\/www.prijedordanas.com\/wp-content\/uploads\/2021\/02\/skupstina-3februar-1.jpg 667w\" sizes=\"(max-width: 300px) 100vw, 300px\" \/><\/a>Odbornici Skup\u0161tine grada Prijedora izabrali su Dragoslava Kabi\u0107a za vr\u0161ioca du\u017enosti na\u010delnika Odjeljenja za saobra\u0107aj, komunalne poslove, za\u0161titu \u017eivotne sredine i imovinsko &#8211; stambene poslove u Gradskoj upravi.<\/p>\n<p>Ovu odluku podr\u017eala su 22 odbornika, \u010detiri su bila protiv, a tri suzdr\u017eana.<\/p>\n<p>U usvojenoj odluci je navedeno da Kabi\u0107 ovu funkciju mo\u017ee da obavlja u periodu do 90 dana.<\/p>\n<p>Kabi\u0107 je trenutno narodni poslanik ispred SNSD.<\/p>\n<p><a href=\"https:\/\/www.prijedordanas.com\/wp-content\/uploads\/2021\/01\/blic-kabic.jpg\"><img loading=\"lazy\" decoding=\"async\" class=\"alignleft size-medium wp-image-161941\" src=\"https:\/\/www.prijedordanas.com\/wp-content\/uploads\/2021\/01\/blic-kabic-300x225.jpg\" alt=\"\" width=\"300\" height=\"225\" srcset=\"https:\/\/www.prijedordanas.com\/wp-content\/uploads\/2021\/01\/blic-kabic-300x225.jpg 300w, https:\/\/www.prijedordanas.com\/wp-content\/uploads\/2021\/01\/blic-kabic-640x480.jpg 640w, https:\/\/www.prijedordanas.com\/wp-content\/uploads\/2021\/01\/blic-kabic.jpg 667w\" sizes=\"(max-width: 300px) 100vw, 300px\" \/><\/a>On je master gra\u0111evine, a od 2008. je zaposlen u prijedorskom Vodovodu.<\/p>\n<p>Ranije je bio dva mandata i odbornik u Skup\u0161tini grada Prijedora.<\/p>\n<p>Gradona\u010delnik Prijedora Dalibor Pavlovi\u0107 osim odluke o nacrtu bud\u017eeta, povukao je sa dana\u0161njeg dnevnog reda i ta\u010dku o subvencionisanju rate kredita Toplane iz Prijedora.<\/p>\n<p>\u2013 Razlog je \u0161to smo u razgovoru sa direktorom Toplane dobili informaciju da im treba rata 1.250.000 KM. On je tra\u017eio jo\u0161 pola miliona maraka da bi Toplana mogla uspje\u0161no zavr\u0161iti sezonu grijanja i izmiriti obaveze prema dobavlja\u010dima \u2013 izjavio je Pavlovi\u0107.<\/p>\n<p><a href=\"https:\/\/www.prijedordanas.com\/wp-content\/uploads\/2021\/02\/skupstina-3februar-3.jpg\"><img loading=\"lazy\" decoding=\"async\" class=\"alignleft size-medium wp-image-162150\" src=\"https:\/\/www.prijedordanas.com\/wp-content\/uploads\/2021\/02\/skupstina-3februar-3-300x225.jpg\" alt=\"\" width=\"300\" height=\"225\" srcset=\"https:\/\/www.prijedordanas.com\/wp-content\/uploads\/2021\/02\/skupstina-3februar-3-300x225.jpg 300w, https:\/\/www.prijedordanas.com\/wp-content\/uploads\/2021\/02\/skupstina-3februar-3-640x480.jpg 640w, https:\/\/www.prijedordanas.com\/wp-content\/uploads\/2021\/02\/skupstina-3februar-3.jpg 667w\" sizes=\"(max-width: 300px) 100vw, 300px\" \/><\/a>On je dodao da je deficit u bud\u017eetu za 2020. evidentan.<\/p>\n<p>\u2013 Pla\u0161imo se da je cifra mnogo ve\u0107i od one koju sada imamo \u2013 rekao je on.<\/p>\n<p>Poru\u010dio je da biti analizirano stanje u svim preduze\u0107ima.<\/p>\n<p>\u2013 Ne samo gdje su kadrovi DNS, ve\u0107 iz bilo koje politi\u010dke partije i ako ne budu imali dobre rezultate bi\u0107e smijenjeni \u2013 istakao je on.<\/p>\n<p>Odbornik DNS Goran Predojevi\u0107 smatra da ni\u0161ta nije sporno u odluci o subvencionisanju Toplane.<\/p>\n<p><a href=\"https:\/\/www.prijedordanas.com\/wp-content\/uploads\/2021\/02\/skupstina-3februar-14.jpg\"><img loading=\"lazy\" decoding=\"async\" src=\"https:\/\/www.prijedordanas.com\/wp-content\/uploads\/2021\/02\/skupstina-3februar-14-300x200.jpg\" alt=\"\" width=\"300\" height=\"200\" class=\"alignleft size-medium wp-image-162151\" srcset=\"https:\/\/www.prijedordanas.com\/wp-content\/uploads\/2021\/02\/skupstina-3februar-14-300x200.jpg 300w, https:\/\/www.prijedordanas.com\/wp-content\/uploads\/2021\/02\/skupstina-3februar-14-480x320.jpg 480w, https:\/\/www.prijedordanas.com\/wp-content\/uploads\/2021\/02\/skupstina-3februar-14.jpg 600w\" sizes=\"(max-width: 300px) 100vw, 300px\" \/><\/a>\u2013 Ovo smo radili svih pro\u0161lih godina, to je pomo\u0107 Toplani bez koje ona ne mo\u017ee da funkcioni\u0161e \u2013 izjavio je Predojevi\u0107.<\/p>\n<p>Odbornik SNSD Sa\u0161a Bursa\u0107 ka\u017ee da podr\u017eava odluku gradona\u010delnika o povla\u010denju ove ta\u010dke sa dnevnog reda.<\/p>\n<p>\u2013 Oko Toplane de\u0161avaju se \u010dudne stvari, ona ne mo\u017ee na brzinu da uzme ovako 1.250.000 maraka, ovo je ozbiljan saziv i mislim da je gradona\u010delnik dobro postupio \u2013 rekao je Bursa\u0107.<\/p>\n<p>srpskainfo.com<\/p>\n<p><a href=\"https:\/\/www.prijedordanas.com\/wp-content\/uploads\/2021\/02\/skupstina-3februar-15.jpg\"><img loading=\"lazy\" decoding=\"async\" src=\"https:\/\/www.prijedordanas.com\/wp-content\/uploads\/2021\/02\/skupstina-3februar-15-300x200.jpg\" alt=\"\" width=\"300\" height=\"200\" class=\"alignleft size-medium wp-image-162152\" srcset=\"https:\/\/www.prijedordanas.com\/wp-content\/uploads\/2021\/02\/skupstina-3februar-15-300x200.jpg 300w, https:\/\/www.prijedordanas.com\/wp-content\/uploads\/2021\/02\/skupstina-3februar-15-480x320.jpg 480w, https:\/\/www.prijedordanas.com\/wp-content\/uploads\/2021\/02\/skupstina-3februar-15.jpg 600w\" sizes=\"(max-width: 300px) 100vw, 300px\" \/><\/a><\/p>\n","protected":false},"excerpt":{"rendered":"<p>Odbornici Skup\u0161tine grada Prijedora izabrali su Dragoslava Kabi\u0107a za vr\u0161ioca du\u017enosti na\u010delnika Odjeljenja za saobra\u0107aj, komunalne poslove, za\u0161titu \u017eivotne sredine i imovinsko &#8211; stambene poslove u Gradskoj upravi. Ovu odluku [&hellip;]<\/p>\n","protected":false},"author":1,"featured_media":0,"comment_status":"closed","ping_status":"open","sticky":false,"template":"","format":"standard","meta":{"_monsterinsights_skip_tracking":false,"_monsterinsights_sitenote_active":false,"_monsterinsights_sitenote_note":"","_monsterinsights_sitenote_category":0,"footnotes":""},"categories":[4],"tags":[],"yoast_head":"<!-- This site is optimized with the Yoast SEO plugin v21.6 - https:\/\/yoast.com\/wordpress\/plugins\/seo\/ -->\n<title>Podr\u017eala ga 22 odbornika: Dragoslav Kabi\u0107 novi na\u010delnik Odjeljenja za saobra\u0107aj u Prijedoru - PrijedorDanas.com - Prijedorski gradski portal<\/title>\n<meta name=\"robots\" content=\"index, follow, max-snippet:-1, max-image-preview:large, max-video-preview:-1\" \/>\n<link rel=\"canonical\" href=\"https:\/\/www.prijedordanas.com\/?p=162148\" \/>\n<meta property=\"og:locale\" content=\"en_US\" \/>\n<meta property=\"og:type\" content=\"article\" \/>\n<meta property=\"og:title\" content=\"Podr\u017eala ga 22 odbornika: Dragoslav Kabi\u0107 novi na\u010delnik Odjeljenja za saobra\u0107aj u Prijedoru - PrijedorDanas.com - Prijedorski gradski portal\" \/>\n<meta property=\"og:description\" content=\"Odbornici Skup\u0161tine grada Prijedora izabrali su Dragoslava Kabi\u0107a za vr\u0161ioca du\u017enosti na\u010delnika Odjeljenja za saobra\u0107aj, komunalne poslove, za\u0161titu \u017eivotne sredine i imovinsko &#8211; stambene poslove u Gradskoj upravi. Ovu odluku [&hellip;]\" \/>\n<meta property=\"og:url\" content=\"https:\/\/www.prijedordanas.com\/?p=162148\" \/>\n<meta property=\"og:site_name\" content=\"PrijedorDanas.com - Prijedorski gradski portal\" \/>\n<meta property=\"article:publisher\" content=\"https:\/\/www.facebook.com\/PrijedorDanasCom\/\" \/>\n<meta property=\"article:published_time\" content=\"2021-02-03T15:35:54+00:00\" \/>\n<meta property=\"og:image\" content=\"https:\/\/www.prijedordanas.com\/wp-content\/uploads\/2021\/02\/skupstina-3februar-1-300x225.jpg\" \/>\n<meta name=\"author\" content=\"admin\" \/>\n<meta name=\"twitter:card\" content=\"summary_large_image\" \/>\n<meta name=\"twitter:label1\" content=\"Written by\" \/>\n\t<meta name=\"twitter:data1\" content=\"admin\" \/>\n\t<meta name=\"twitter:label2\" content=\"Est. reading time\" \/>\n\t<meta name=\"twitter:data2\" content=\"2 minutes\" \/>\n<script type=\"application\/ld+json\" class=\"yoast-schema-graph\">{\"@context\":\"https:\/\/schema.org\",\"@graph\":[{\"@type\":\"Article\",\"@id\":\"https:\/\/www.prijedordanas.com\/?p=162148#article\",\"isPartOf\":{\"@id\":\"https:\/\/www.prijedordanas.com\/?p=162148\"},\"author\":{\"name\":\"admin\",\"@id\":\"https:\/\/www.prijedordanas.com\/#\/schema\/person\/4e08ccf29b506ca916ff86d46bb700e6\"},\"headline\":\"Podr\u017eala ga 22 odbornika: Dragoslav Kabi\u0107 novi na\u010delnik Odjeljenja za saobra\u0107aj u Prijedoru\",\"datePublished\":\"2021-02-03T15:35:54+00:00\",\"dateModified\":\"2021-02-03T15:35:54+00:00\",\"mainEntityOfPage\":{\"@id\":\"https:\/\/www.prijedordanas.com\/?p=162148\"},\"wordCount\":342,\"publisher\":{\"@id\":\"https:\/\/www.prijedordanas.com\/#organization\"},\"articleSection\":[\"Dru\u0161tvo\"],\"inLanguage\":\"en-US\"},{\"@type\":\"WebPage\",\"@id\":\"https:\/\/www.prijedordanas.com\/?p=162148\",\"url\":\"https:\/\/www.prijedordanas.com\/?p=162148\",\"name\":\"Podr\u017eala ga 22 odbornika: Dragoslav Kabi\u0107 novi na\u010delnik Odjeljenja za saobra\u0107aj u Prijedoru - PrijedorDanas.com - Prijedorski gradski portal\",\"isPartOf\":{\"@id\":\"https:\/\/www.prijedordanas.com\/#website\"},\"datePublished\":\"2021-02-03T15:35:54+00:00\",\"dateModified\":\"2021-02-03T15:35:54+00:00\",\"breadcrumb\":{\"@id\":\"https:\/\/www.prijedordanas.com\/?p=162148#breadcrumb\"},\"inLanguage\":\"en-US\",\"potentialAction\":[{\"@type\":\"ReadAction\",\"target\":[\"https:\/\/www.prijedordanas.com\/?p=162148\"]}]},{\"@type\":\"BreadcrumbList\",\"@id\":\"https:\/\/www.prijedordanas.com\/?p=162148#breadcrumb\",\"itemListElement\":[{\"@type\":\"ListItem\",\"position\":1,\"name\":\"Home\",\"item\":\"https:\/\/www.prijedordanas.com\/\"},{\"@type\":\"ListItem\",\"position\":2,\"name\":\"Podr\u017eala ga 22 odbornika: Dragoslav Kabi\u0107 novi na\u010delnik Odjeljenja za saobra\u0107aj u Prijedoru\"}]},{\"@type\":\"WebSite\",\"@id\":\"https:\/\/www.prijedordanas.com\/#website\",\"url\":\"https:\/\/www.prijedordanas.com\/\",\"name\":\"PrijedorDanas.com - Prijedorski gradski portal\",\"description\":\"Portal o doga\u0111anjima u gradu Prijedoru\",\"publisher\":{\"@id\":\"https:\/\/www.prijedordanas.com\/#organization\"},\"potentialAction\":[{\"@type\":\"SearchAction\",\"target\":{\"@type\":\"EntryPoint\",\"urlTemplate\":\"https:\/\/www.prijedordanas.com\/?s={search_term_string}\"},\"query-input\":\"required name=search_term_string\"}],\"inLanguage\":\"en-US\"},{\"@type\":\"Organization\",\"@id\":\"https:\/\/www.prijedordanas.com\/#organization\",\"name\":\"PrijedorDanas.com\",\"url\":\"https:\/\/www.prijedordanas.com\/\",\"logo\":{\"@type\":\"ImageObject\",\"inLanguage\":\"en-US\",\"@id\":\"https:\/\/www.prijedordanas.com\/#\/schema\/logo\/image\/\",\"url\":\"http:\/\/www.prijedordanas.com\/wp-content\/uploads\/2021\/12\/logopng.png\",\"contentUrl\":\"http:\/\/www.prijedordanas.com\/wp-content\/uploads\/2021\/12\/logopng.png\",\"width\":1019,\"height\":776,\"caption\":\"PrijedorDanas.com\"},\"image\":{\"@id\":\"https:\/\/www.prijedordanas.com\/#\/schema\/logo\/image\/\"},\"sameAs\":[\"https:\/\/www.facebook.com\/PrijedorDanasCom\/\"]},{\"@type\":\"Person\",\"@id\":\"https:\/\/www.prijedordanas.com\/#\/schema\/person\/4e08ccf29b506ca916ff86d46bb700e6\",\"name\":\"admin\",\"image\":{\"@type\":\"ImageObject\",\"inLanguage\":\"en-US\",\"@id\":\"https:\/\/www.prijedordanas.com\/#\/schema\/person\/image\/\",\"url\":\"https:\/\/secure.gravatar.com\/avatar\/1d3fc949d550f0b53a5f0d51e06dfd79?s=96&d=mm&r=g\",\"contentUrl\":\"https:\/\/secure.gravatar.com\/avatar\/1d3fc949d550f0b53a5f0d51e06dfd79?s=96&d=mm&r=g\",\"caption\":\"admin\"},\"url\":\"https:\/\/www.prijedordanas.com\/?author=1\"}]}<\/script>\n<!-- \/ Yoast SEO plugin. -->","yoast_head_json":{"title":"Podr\u017eala ga 22 odbornika: Dragoslav Kabi\u0107 novi na\u010delnik Odjeljenja za saobra\u0107aj u Prijedoru - PrijedorDanas.com - Prijedorski gradski portal","robots":{"index":"index","follow":"follow","max-snippet":"max-snippet:-1","max-image-preview":"max-image-preview:large","max-video-preview":"max-video-preview:-1"},"canonical":"https:\/\/www.prijedordanas.com\/?p=162148","og_locale":"en_US","og_type":"article","og_title":"Podr\u017eala ga 22 odbornika: Dragoslav Kabi\u0107 novi na\u010delnik Odjeljenja za saobra\u0107aj u Prijedoru - PrijedorDanas.com - Prijedorski gradski portal","og_description":"Odbornici Skup\u0161tine grada Prijedora izabrali su Dragoslava Kabi\u0107a za vr\u0161ioca du\u017enosti na\u010delnika Odjeljenja za saobra\u0107aj, komunalne poslove, za\u0161titu \u017eivotne sredine i imovinsko &#8211; stambene poslove u Gradskoj upravi. Ovu odluku [&hellip;]","og_url":"https:\/\/www.prijedordanas.com\/?p=162148","og_site_name":"PrijedorDanas.com - Prijedorski gradski portal","article_publisher":"https:\/\/www.facebook.com\/PrijedorDanasCom\/","article_published_time":"2021-02-03T15:35:54+00:00","og_image":[{"url":"https:\/\/www.prijedordanas.com\/wp-content\/uploads\/2021\/02\/skupstina-3februar-1-300x225.jpg"}],"author":"admin","twitter_card":"summary_large_image","twitter_misc":{"Written by":"admin","Est. reading time":"2 minutes"},"schema":{"@context":"https:\/\/schema.org","@graph":[{"@type":"Article","@id":"https:\/\/www.prijedordanas.com\/?p=162148#article","isPartOf":{"@id":"https:\/\/www.prijedordanas.com\/?p=162148"},"author":{"name":"admin","@id":"https:\/\/www.prijedordanas.com\/#\/schema\/person\/4e08ccf29b506ca916ff86d46bb700e6"},"headline":"Podr\u017eala ga 22 odbornika: Dragoslav Kabi\u0107 novi na\u010delnik Odjeljenja za saobra\u0107aj u Prijedoru","datePublished":"2021-02-03T15:35:54+00:00","dateModified":"2021-02-03T15:35:54+00:00","mainEntityOfPage":{"@id":"https:\/\/www.prijedordanas.com\/?p=162148"},"wordCount":342,"publisher":{"@id":"https:\/\/www.prijedordanas.com\/#organization"},"articleSection":["Dru\u0161tvo"],"inLanguage":"en-US"},{"@type":"WebPage","@id":"https:\/\/www.prijedordanas.com\/?p=162148","url":"https:\/\/www.prijedordanas.com\/?p=162148","name":"Podr\u017eala ga 22 odbornika: Dragoslav Kabi\u0107 novi na\u010delnik Odjeljenja za saobra\u0107aj u Prijedoru - PrijedorDanas.com - Prijedorski gradski portal","isPartOf":{"@id":"https:\/\/www.prijedordanas.com\/#website"},"datePublished":"2021-02-03T15:35:54+00:00","dateModified":"2021-02-03T15:35:54+00:00","breadcrumb":{"@id":"https:\/\/www.prijedordanas.com\/?p=162148#breadcrumb"},"inLanguage":"en-US","potentialAction":[{"@type":"ReadAction","target":["https:\/\/www.prijedordanas.com\/?p=162148"]}]},{"@type":"BreadcrumbList","@id":"https:\/\/www.prijedordanas.com\/?p=162148#breadcrumb","itemListElement":[{"@type":"ListItem","position":1,"name":"Home","item":"https:\/\/www.prijedordanas.com\/"},{"@type":"ListItem","position":2,"name":"Podr\u017eala ga 22 odbornika: Dragoslav Kabi\u0107 novi na\u010delnik Odjeljenja za saobra\u0107aj u Prijedoru"}]},{"@type":"WebSite","@id":"https:\/\/www.prijedordanas.com\/#website","url":"https:\/\/www.prijedordanas.com\/","name":"PrijedorDanas.com - Prijedorski gradski portal","description":"Portal o doga\u0111anjima u gradu Prijedoru","publisher":{"@id":"https:\/\/www.prijedordanas.com\/#organization"},"potentialAction":[{"@type":"SearchAction","target":{"@type":"EntryPoint","urlTemplate":"https:\/\/www.prijedordanas.com\/?s={search_term_string}"},"query-input":"required name=search_term_string"}],"inLanguage":"en-US"},{"@type":"Organization","@id":"https:\/\/www.prijedordanas.com\/#organization","name":"PrijedorDanas.com","url":"https:\/\/www.prijedordanas.com\/","logo":{"@type":"ImageObject","inLanguage":"en-US","@id":"https:\/\/www.prijedordanas.com\/#\/schema\/logo\/image\/","url":"http:\/\/www.prijedordanas.com\/wp-content\/uploads\/2021\/12\/logopng.png","contentUrl":"http:\/\/www.prijedordanas.com\/wp-content\/uploads\/2021\/12\/logopng.png","width":1019,"height":776,"caption":"PrijedorDanas.com"},"image":{"@id":"https:\/\/www.prijedordanas.com\/#\/schema\/logo\/image\/"},"sameAs":["https:\/\/www.facebook.com\/PrijedorDanasCom\/"]},{"@type":"Person","@id":"https:\/\/www.prijedordanas.com\/#\/schema\/person\/4e08ccf29b506ca916ff86d46bb700e6","name":"admin","image":{"@type":"ImageObject","inLanguage":"en-US","@id":"https:\/\/www.prijedordanas.com\/#\/schema\/person\/image\/","url":"https:\/\/secure.gravatar.com\/avatar\/1d3fc949d550f0b53a5f0d51e06dfd79?s=96&d=mm&r=g","contentUrl":"https:\/\/secure.gravatar.com\/avatar\/1d3fc949d550f0b53a5f0d51e06dfd79?s=96&d=mm&r=g","caption":"admin"},"url":"https:\/\/www.prijedordanas.com\/?author=1"}]}},"_links":{"self":[{"href":"https:\/\/www.prijedordanas.com\/index.php?rest_route=\/wp\/v2\/posts\/162148"}],"collection":[{"href":"https:\/\/www.prijedordanas.com\/index.php?rest_route=\/wp\/v2\/posts"}],"about":[{"href":"https:\/\/www.prijedordanas.com\/index.php?rest_route=\/wp\/v2\/types\/post"}],"author":[{"embeddable":true,"href":"https:\/\/www.prijedordanas.com\/index.php?rest_route=\/wp\/v2\/users\/1"}],"replies":[{"embeddable":true,"href":"https:\/\/www.prijedordanas.com\/index.php?rest_route=%2Fwp%2Fv2%2Fcomments&post=162148"}],"version-history":[{"count":1,"href":"https:\/\/www.prijedordanas.com\/index.php?rest_route=\/wp\/v2\/posts\/162148\/revisions"}],"predecessor-version":[{"id":162153,"href":"https:\/\/www.prijedordanas.com\/index.php?rest_route=\/wp\/v2\/posts\/162148\/revisions\/162153"}],"wp:attachment":[{"href":"https:\/\/www.prijedordanas.com\/index.php?rest_route=%2Fwp%2Fv2%2Fmedia&parent=162148"}],"wp:term":[{"taxonomy":"category","embeddable":true,"href":"https:\/\/www.prijedordanas.com\/index.php?rest_route=%2Fwp%2Fv2%2Fcategories&post=162148"},{"taxonomy":"post_tag","embeddable":true,"href":"https:\/\/www.prijedordanas.com\/index.php?rest_route=%2Fwp%2Fv2%2Ftags&post=162148"}],"curies":[{"name":"wp","href":"https:\/\/api.w.org\/{rel}","templated":true}]}}