{"id":162104,"date":"2021-02-02T19:42:06","date_gmt":"2021-02-02T18:42:06","guid":{"rendered":"https:\/\/www.prijedordanas.com\/?p=162104"},"modified":"2021-02-02T19:42:06","modified_gmt":"2021-02-02T18:42:06","slug":"nema-ni-cupka-u-naselju-pecani-u-prijedoru-uklonjena-kucica-za-psa-foto","status":"publish","type":"post","link":"https:\/\/www.prijedordanas.com\/?p=162104","title":{"rendered":"Nema ni \u010cupka: U naselju Pe\u0107ani u Prijedoru uklonjena ku\u0107ica za psa &#8211; FOTO"},"content":{"rendered":"<p><a href=\"https:\/\/www.prijedordanas.com\/wp-content\/uploads\/2021\/02\/blic-kucica.jpg\"><img loading=\"lazy\" decoding=\"async\" class=\"alignleft size-medium wp-image-162105\" src=\"https:\/\/www.prijedordanas.com\/wp-content\/uploads\/2021\/02\/blic-kucica-300x225.jpg\" alt=\"\" width=\"300\" height=\"225\" srcset=\"https:\/\/www.prijedordanas.com\/wp-content\/uploads\/2021\/02\/blic-kucica-300x225.jpg 300w, https:\/\/www.prijedordanas.com\/wp-content\/uploads\/2021\/02\/blic-kucica-640x480.jpg 640w, https:\/\/www.prijedordanas.com\/wp-content\/uploads\/2021\/02\/blic-kucica.jpg 667w\" sizes=\"(max-width: 300px) 100vw, 300px\" \/><\/a>Ku\u0107ica za starog psa \u010cupka danas je uklonjena na Pe\u0107anima u Prijedoru.<\/p>\n<p>Mje\u0161tani ovog naselja ka\u017eu da ispred zgrade nema ni \u010cupka.<\/p>\n<p><strong><a href=\"https:\/\/www.prijedordanas.com\/?p=162021\" target=\"_blank\" rel=\"noopener\">\u010cupko podijelio kom\u0161iluk: Psu izgradili dom me\u0111u zgradama u Prijedoru, ali neki misle da mu tu nije mjesto \u2013 FOTO<\/a><\/strong><\/p>\n<p>Stanari su u na zelenoj povr\u0161ini izme\u0111u H zgrada postavili ku\u0107u za psa u kojoj je nekoliko mjeseci bio smje\u0161ten \u010cupko. Oni su ga i hranili i brinuli o njemu.<\/p>\n<p><a href=\"https:\/\/www.prijedordanas.com\/wp-content\/uploads\/2021\/01\/blic-pecani-pas-kucica-4.jpg\"><img loading=\"lazy\" decoding=\"async\" src=\"https:\/\/www.prijedordanas.com\/wp-content\/uploads\/2021\/01\/blic-pecani-pas-kucica-4-300x225.jpg\" alt=\"\" width=\"300\" height=\"225\" class=\"alignleft size-medium wp-image-162024\" srcset=\"https:\/\/www.prijedordanas.com\/wp-content\/uploads\/2021\/01\/blic-pecani-pas-kucica-4-300x225.jpg 300w, https:\/\/www.prijedordanas.com\/wp-content\/uploads\/2021\/01\/blic-pecani-pas-kucica-4-640x480.jpg 640w, https:\/\/www.prijedordanas.com\/wp-content\/uploads\/2021\/01\/blic-pecani-pas-kucica-4.jpg 667w\" sizes=\"(max-width: 300px) 100vw, 300px\" \/><\/a>Me\u0111utim, nekim stanarima nije odgovaralo \u0161to je ispod njihovih prozora ku\u0107ica za pse.<\/p>\n<p>\u017dalili su se Gradskoj upravi 26. januara. Ju\u010de su na ovu prijavu mje\u0161tana koja je na servisu 48 sati odgovorili nadle\u017eni iz lokalne uprave.<\/p>\n<p>\u2013 Obavje\u0161tavamo Vas da je po va\u0161oj prijavi ovaj organ pokrenuo postupak, te \u0107e u kratkom roku navedeni problem biti rije\u0161en \u2013 navedeno je u odgovoru.<\/p>\n<p>Na mjestu gdje je bila ku\u0107ica ostao je samo bijeli pijesak koji su stanari posuli da se ne pravi blato.<\/p>\n<p>srpskainfo.com<\/p>\n<p><a href=\"https:\/\/www.prijedordanas.com\/wp-content\/uploads\/2021\/01\/blic-pecani-pas-kucica-1.jpg\"><img loading=\"lazy\" decoding=\"async\" src=\"https:\/\/www.prijedordanas.com\/wp-content\/uploads\/2021\/01\/blic-pecani-pas-kucica-1-300x225.jpg\" alt=\"\" width=\"300\" height=\"225\" class=\"alignleft size-medium wp-image-162023\" srcset=\"https:\/\/www.prijedordanas.com\/wp-content\/uploads\/2021\/01\/blic-pecani-pas-kucica-1-300x225.jpg 300w, https:\/\/www.prijedordanas.com\/wp-content\/uploads\/2021\/01\/blic-pecani-pas-kucica-1-640x480.jpg 640w, https:\/\/www.prijedordanas.com\/wp-content\/uploads\/2021\/01\/blic-pecani-pas-kucica-1.jpg 667w\" sizes=\"(max-width: 300px) 100vw, 300px\" \/><\/a><\/p>\n","protected":false},"excerpt":{"rendered":"<p>Ku\u0107ica za starog psa \u010cupka danas je uklonjena na Pe\u0107anima u Prijedoru. Mje\u0161tani ovog naselja ka\u017eu da ispred zgrade nema ni \u010cupka. \u010cupko podijelio kom\u0161iluk: Psu izgradili dom me\u0111u zgradama [&hellip;]<\/p>\n","protected":false},"author":1,"featured_media":0,"comment_status":"closed","ping_status":"open","sticky":false,"template":"","format":"standard","meta":{"_monsterinsights_skip_tracking":false,"_monsterinsights_sitenote_active":false,"_monsterinsights_sitenote_note":"","_monsterinsights_sitenote_category":0,"footnotes":""},"categories":[3],"tags":[],"yoast_head":"<!-- This site is optimized with the Yoast SEO plugin v21.6 - https:\/\/yoast.com\/wordpress\/plugins\/seo\/ -->\n<title>Nema ni \u010cupka: U naselju Pe\u0107ani u Prijedoru uklonjena ku\u0107ica za psa - FOTO - PrijedorDanas.com - Prijedorski gradski portal<\/title>\n<meta name=\"robots\" content=\"index, follow, max-snippet:-1, max-image-preview:large, max-video-preview:-1\" \/>\n<link rel=\"canonical\" href=\"https:\/\/www.prijedordanas.com\/?p=162104\" \/>\n<meta property=\"og:locale\" content=\"en_US\" \/>\n<meta property=\"og:type\" content=\"article\" \/>\n<meta property=\"og:title\" content=\"Nema ni \u010cupka: U naselju Pe\u0107ani u Prijedoru uklonjena ku\u0107ica za psa - FOTO - PrijedorDanas.com - Prijedorski gradski portal\" \/>\n<meta property=\"og:description\" content=\"Ku\u0107ica za starog psa \u010cupka danas je uklonjena na Pe\u0107anima u Prijedoru. Mje\u0161tani ovog naselja ka\u017eu da ispred zgrade nema ni \u010cupka. \u010cupko podijelio kom\u0161iluk: Psu izgradili dom me\u0111u zgradama [&hellip;]\" \/>\n<meta property=\"og:url\" content=\"https:\/\/www.prijedordanas.com\/?p=162104\" \/>\n<meta property=\"og:site_name\" content=\"PrijedorDanas.com - Prijedorski gradski portal\" \/>\n<meta property=\"article:publisher\" content=\"https:\/\/www.facebook.com\/PrijedorDanasCom\/\" \/>\n<meta property=\"article:published_time\" content=\"2021-02-02T18:42:06+00:00\" \/>\n<meta property=\"og:image\" content=\"https:\/\/www.prijedordanas.com\/wp-content\/uploads\/2021\/02\/blic-kucica-300x225.jpg\" \/>\n<meta name=\"author\" content=\"admin\" \/>\n<meta name=\"twitter:card\" content=\"summary_large_image\" \/>\n<meta name=\"twitter:label1\" content=\"Written by\" \/>\n\t<meta name=\"twitter:data1\" content=\"admin\" \/>\n\t<meta name=\"twitter:label2\" content=\"Est. reading time\" \/>\n\t<meta name=\"twitter:data2\" content=\"1 minute\" \/>\n<script type=\"application\/ld+json\" class=\"yoast-schema-graph\">{\"@context\":\"https:\/\/schema.org\",\"@graph\":[{\"@type\":\"Article\",\"@id\":\"https:\/\/www.prijedordanas.com\/?p=162104#article\",\"isPartOf\":{\"@id\":\"https:\/\/www.prijedordanas.com\/?p=162104\"},\"author\":{\"name\":\"admin\",\"@id\":\"https:\/\/www.prijedordanas.com\/#\/schema\/person\/4e08ccf29b506ca916ff86d46bb700e6\"},\"headline\":\"Nema ni \u010cupka: U naselju Pe\u0107ani u Prijedoru uklonjena ku\u0107ica za psa &#8211; FOTO\",\"datePublished\":\"2021-02-02T18:42:06+00:00\",\"dateModified\":\"2021-02-02T18:42:06+00:00\",\"mainEntityOfPage\":{\"@id\":\"https:\/\/www.prijedordanas.com\/?p=162104\"},\"wordCount\":187,\"publisher\":{\"@id\":\"https:\/\/www.prijedordanas.com\/#organization\"},\"articleSection\":[\"\u017divot\"],\"inLanguage\":\"en-US\"},{\"@type\":\"WebPage\",\"@id\":\"https:\/\/www.prijedordanas.com\/?p=162104\",\"url\":\"https:\/\/www.prijedordanas.com\/?p=162104\",\"name\":\"Nema ni \u010cupka: U naselju Pe\u0107ani u Prijedoru uklonjena ku\u0107ica za psa - FOTO - PrijedorDanas.com - Prijedorski gradski portal\",\"isPartOf\":{\"@id\":\"https:\/\/www.prijedordanas.com\/#website\"},\"datePublished\":\"2021-02-02T18:42:06+00:00\",\"dateModified\":\"2021-02-02T18:42:06+00:00\",\"breadcrumb\":{\"@id\":\"https:\/\/www.prijedordanas.com\/?p=162104#breadcrumb\"},\"inLanguage\":\"en-US\",\"potentialAction\":[{\"@type\":\"ReadAction\",\"target\":[\"https:\/\/www.prijedordanas.com\/?p=162104\"]}]},{\"@type\":\"BreadcrumbList\",\"@id\":\"https:\/\/www.prijedordanas.com\/?p=162104#breadcrumb\",\"itemListElement\":[{\"@type\":\"ListItem\",\"position\":1,\"name\":\"Home\",\"item\":\"https:\/\/www.prijedordanas.com\/\"},{\"@type\":\"ListItem\",\"position\":2,\"name\":\"Nema ni \u010cupka: U naselju Pe\u0107ani u Prijedoru uklonjena ku\u0107ica za psa &#8211; FOTO\"}]},{\"@type\":\"WebSite\",\"@id\":\"https:\/\/www.prijedordanas.com\/#website\",\"url\":\"https:\/\/www.prijedordanas.com\/\",\"name\":\"PrijedorDanas.com - Prijedorski gradski portal\",\"description\":\"Portal o doga\u0111anjima u gradu Prijedoru\",\"publisher\":{\"@id\":\"https:\/\/www.prijedordanas.com\/#organization\"},\"potentialAction\":[{\"@type\":\"SearchAction\",\"target\":{\"@type\":\"EntryPoint\",\"urlTemplate\":\"https:\/\/www.prijedordanas.com\/?s={search_term_string}\"},\"query-input\":\"required name=search_term_string\"}],\"inLanguage\":\"en-US\"},{\"@type\":\"Organization\",\"@id\":\"https:\/\/www.prijedordanas.com\/#organization\",\"name\":\"PrijedorDanas.com\",\"url\":\"https:\/\/www.prijedordanas.com\/\",\"logo\":{\"@type\":\"ImageObject\",\"inLanguage\":\"en-US\",\"@id\":\"https:\/\/www.prijedordanas.com\/#\/schema\/logo\/image\/\",\"url\":\"http:\/\/www.prijedordanas.com\/wp-content\/uploads\/2021\/12\/logopng.png\",\"contentUrl\":\"http:\/\/www.prijedordanas.com\/wp-content\/uploads\/2021\/12\/logopng.png\",\"width\":1019,\"height\":776,\"caption\":\"PrijedorDanas.com\"},\"image\":{\"@id\":\"https:\/\/www.prijedordanas.com\/#\/schema\/logo\/image\/\"},\"sameAs\":[\"https:\/\/www.facebook.com\/PrijedorDanasCom\/\"]},{\"@type\":\"Person\",\"@id\":\"https:\/\/www.prijedordanas.com\/#\/schema\/person\/4e08ccf29b506ca916ff86d46bb700e6\",\"name\":\"admin\",\"image\":{\"@type\":\"ImageObject\",\"inLanguage\":\"en-US\",\"@id\":\"https:\/\/www.prijedordanas.com\/#\/schema\/person\/image\/\",\"url\":\"https:\/\/secure.gravatar.com\/avatar\/1d3fc949d550f0b53a5f0d51e06dfd79?s=96&d=mm&r=g\",\"contentUrl\":\"https:\/\/secure.gravatar.com\/avatar\/1d3fc949d550f0b53a5f0d51e06dfd79?s=96&d=mm&r=g\",\"caption\":\"admin\"},\"url\":\"https:\/\/www.prijedordanas.com\/?author=1\"}]}<\/script>\n<!-- \/ Yoast SEO plugin. -->","yoast_head_json":{"title":"Nema ni \u010cupka: U naselju Pe\u0107ani u Prijedoru uklonjena ku\u0107ica za psa - FOTO - PrijedorDanas.com - Prijedorski gradski portal","robots":{"index":"index","follow":"follow","max-snippet":"max-snippet:-1","max-image-preview":"max-image-preview:large","max-video-preview":"max-video-preview:-1"},"canonical":"https:\/\/www.prijedordanas.com\/?p=162104","og_locale":"en_US","og_type":"article","og_title":"Nema ni \u010cupka: U naselju Pe\u0107ani u Prijedoru uklonjena ku\u0107ica za psa - FOTO - PrijedorDanas.com - Prijedorski gradski portal","og_description":"Ku\u0107ica za starog psa \u010cupka danas je uklonjena na Pe\u0107anima u Prijedoru. Mje\u0161tani ovog naselja ka\u017eu da ispred zgrade nema ni \u010cupka. \u010cupko podijelio kom\u0161iluk: Psu izgradili dom me\u0111u zgradama [&hellip;]","og_url":"https:\/\/www.prijedordanas.com\/?p=162104","og_site_name":"PrijedorDanas.com - Prijedorski gradski portal","article_publisher":"https:\/\/www.facebook.com\/PrijedorDanasCom\/","article_published_time":"2021-02-02T18:42:06+00:00","og_image":[{"url":"https:\/\/www.prijedordanas.com\/wp-content\/uploads\/2021\/02\/blic-kucica-300x225.jpg"}],"author":"admin","twitter_card":"summary_large_image","twitter_misc":{"Written by":"admin","Est. reading time":"1 minute"},"schema":{"@context":"https:\/\/schema.org","@graph":[{"@type":"Article","@id":"https:\/\/www.prijedordanas.com\/?p=162104#article","isPartOf":{"@id":"https:\/\/www.prijedordanas.com\/?p=162104"},"author":{"name":"admin","@id":"https:\/\/www.prijedordanas.com\/#\/schema\/person\/4e08ccf29b506ca916ff86d46bb700e6"},"headline":"Nema ni \u010cupka: U naselju Pe\u0107ani u Prijedoru uklonjena ku\u0107ica za psa &#8211; FOTO","datePublished":"2021-02-02T18:42:06+00:00","dateModified":"2021-02-02T18:42:06+00:00","mainEntityOfPage":{"@id":"https:\/\/www.prijedordanas.com\/?p=162104"},"wordCount":187,"publisher":{"@id":"https:\/\/www.prijedordanas.com\/#organization"},"articleSection":["\u017divot"],"inLanguage":"en-US"},{"@type":"WebPage","@id":"https:\/\/www.prijedordanas.com\/?p=162104","url":"https:\/\/www.prijedordanas.com\/?p=162104","name":"Nema ni \u010cupka: U naselju Pe\u0107ani u Prijedoru uklonjena ku\u0107ica za psa - FOTO - PrijedorDanas.com - Prijedorski gradski portal","isPartOf":{"@id":"https:\/\/www.prijedordanas.com\/#website"},"datePublished":"2021-02-02T18:42:06+00:00","dateModified":"2021-02-02T18:42:06+00:00","breadcrumb":{"@id":"https:\/\/www.prijedordanas.com\/?p=162104#breadcrumb"},"inLanguage":"en-US","potentialAction":[{"@type":"ReadAction","target":["https:\/\/www.prijedordanas.com\/?p=162104"]}]},{"@type":"BreadcrumbList","@id":"https:\/\/www.prijedordanas.com\/?p=162104#breadcrumb","itemListElement":[{"@type":"ListItem","position":1,"name":"Home","item":"https:\/\/www.prijedordanas.com\/"},{"@type":"ListItem","position":2,"name":"Nema ni \u010cupka: U naselju Pe\u0107ani u Prijedoru uklonjena ku\u0107ica za psa &#8211; FOTO"}]},{"@type":"WebSite","@id":"https:\/\/www.prijedordanas.com\/#website","url":"https:\/\/www.prijedordanas.com\/","name":"PrijedorDanas.com - Prijedorski gradski portal","description":"Portal o doga\u0111anjima u gradu Prijedoru","publisher":{"@id":"https:\/\/www.prijedordanas.com\/#organization"},"potentialAction":[{"@type":"SearchAction","target":{"@type":"EntryPoint","urlTemplate":"https:\/\/www.prijedordanas.com\/?s={search_term_string}"},"query-input":"required name=search_term_string"}],"inLanguage":"en-US"},{"@type":"Organization","@id":"https:\/\/www.prijedordanas.com\/#organization","name":"PrijedorDanas.com","url":"https:\/\/www.prijedordanas.com\/","logo":{"@type":"ImageObject","inLanguage":"en-US","@id":"https:\/\/www.prijedordanas.com\/#\/schema\/logo\/image\/","url":"http:\/\/www.prijedordanas.com\/wp-content\/uploads\/2021\/12\/logopng.png","contentUrl":"http:\/\/www.prijedordanas.com\/wp-content\/uploads\/2021\/12\/logopng.png","width":1019,"height":776,"caption":"PrijedorDanas.com"},"image":{"@id":"https:\/\/www.prijedordanas.com\/#\/schema\/logo\/image\/"},"sameAs":["https:\/\/www.facebook.com\/PrijedorDanasCom\/"]},{"@type":"Person","@id":"https:\/\/www.prijedordanas.com\/#\/schema\/person\/4e08ccf29b506ca916ff86d46bb700e6","name":"admin","image":{"@type":"ImageObject","inLanguage":"en-US","@id":"https:\/\/www.prijedordanas.com\/#\/schema\/person\/image\/","url":"https:\/\/secure.gravatar.com\/avatar\/1d3fc949d550f0b53a5f0d51e06dfd79?s=96&d=mm&r=g","contentUrl":"https:\/\/secure.gravatar.com\/avatar\/1d3fc949d550f0b53a5f0d51e06dfd79?s=96&d=mm&r=g","caption":"admin"},"url":"https:\/\/www.prijedordanas.com\/?author=1"}]}},"_links":{"self":[{"href":"https:\/\/www.prijedordanas.com\/index.php?rest_route=\/wp\/v2\/posts\/162104"}],"collection":[{"href":"https:\/\/www.prijedordanas.com\/index.php?rest_route=\/wp\/v2\/posts"}],"about":[{"href":"https:\/\/www.prijedordanas.com\/index.php?rest_route=\/wp\/v2\/types\/post"}],"author":[{"embeddable":true,"href":"https:\/\/www.prijedordanas.com\/index.php?rest_route=\/wp\/v2\/users\/1"}],"replies":[{"embeddable":true,"href":"https:\/\/www.prijedordanas.com\/index.php?rest_route=%2Fwp%2Fv2%2Fcomments&post=162104"}],"version-history":[{"count":1,"href":"https:\/\/www.prijedordanas.com\/index.php?rest_route=\/wp\/v2\/posts\/162104\/revisions"}],"predecessor-version":[{"id":162106,"href":"https:\/\/www.prijedordanas.com\/index.php?rest_route=\/wp\/v2\/posts\/162104\/revisions\/162106"}],"wp:attachment":[{"href":"https:\/\/www.prijedordanas.com\/index.php?rest_route=%2Fwp%2Fv2%2Fmedia&parent=162104"}],"wp:term":[{"taxonomy":"category","embeddable":true,"href":"https:\/\/www.prijedordanas.com\/index.php?rest_route=%2Fwp%2Fv2%2Fcategories&post=162104"},{"taxonomy":"post_tag","embeddable":true,"href":"https:\/\/www.prijedordanas.com\/index.php?rest_route=%2Fwp%2Fv2%2Ftags&post=162104"}],"curies":[{"name":"wp","href":"https:\/\/api.w.org\/{rel}","templated":true}]}}