{"id":162099,"date":"2021-02-02T19:06:51","date_gmt":"2021-02-02T18:06:51","guid":{"rendered":"https:\/\/www.prijedordanas.com\/?p=162099"},"modified":"2021-02-02T19:06:51","modified_gmt":"2021-02-02T18:06:51","slug":"preda-pd-dodijeljena-zastitna-sredstva-za-18-malih-i-srednjih-preduzeca","status":"publish","type":"post","link":"https:\/\/www.prijedordanas.com\/?p=162099","title":{"rendered":"PREDA-PD: Dodijeljena za\u0161titna sredstva za 18 malih i srednjih preduze\u0107a"},"content":{"rendered":"<p><a href=\"https:\/\/www.prijedordanas.com\/wp-content\/uploads\/2021\/02\/predapd-zastitna-sredstva-mala-i-srednja-preduzeca-1.jpg\"><img loading=\"lazy\" decoding=\"async\" class=\"alignleft size-medium wp-image-162100\" src=\"https:\/\/www.prijedordanas.com\/wp-content\/uploads\/2021\/02\/predapd-zastitna-sredstva-mala-i-srednja-preduzeca-1-261x300.jpg\" alt=\"\" width=\"261\" height=\"300\" srcset=\"https:\/\/www.prijedordanas.com\/wp-content\/uploads\/2021\/02\/predapd-zastitna-sredstva-mala-i-srednja-preduzeca-1-261x300.jpg 261w, https:\/\/www.prijedordanas.com\/wp-content\/uploads\/2021\/02\/predapd-zastitna-sredstva-mala-i-srednja-preduzeca-1.jpg 522w\" sizes=\"(max-width: 261px) 100vw, 261px\" \/><\/a>U okviru projekta \u201eREPRO \u2013 Obezbje\u0111ivanje podr\u0161ke poslovanju i izvozu kompanija iz drvoprera\u0111iva\u010dkog sektora u prijedorskoj regiji kroz kreiranje resursnog centra\u201c, koji ima za cilj ja\u010danje konkurentnosti drvoprera\u0111iva\u010dkog sektora na podru\u010dju grada Prijedora, 18 malih i srednjih preduze\u0107a je dobilo pakete sa za\u0161titnim sredstvima, koja \u0107e omogu\u0107iti sigurnije izvr\u0161enje radnih obaveza tokom pandemije koronavirusa.<\/p>\n<p>Paketi sadr\u017ee setove dezinfekcijskih sredstava, maske i rukavice.<\/p>\n<p>Kako je rekao Branislav Vujasin, projektni menad\u017eer u Agenciji za ekonomski razvoj grada Prijedora \u201ePREDA-PD\u201c koja realizuje ovaj projekat: \u201eCilj projekta je ja\u010danje konkurentnosti drvoprera\u0111iva\u010dkog sektora na podru\u010dju Prijedora, kroz inovativne pristupe i unaprje\u0111ivanje poslovne saradnje i umre\u017eavanja. Projekat uvodi nove tehnologije i IKT alate u poslovanju ciljanih kompanija, a aktivnosti se fokusiraju na ja\u010danje kapaciteta ciljanih kompanija i poslovnog udru\u017eenja Klaster \u201eDRVO Prijedor\u201c. Dostavljena dezinfekciona sredstva \u0107e omogu\u0107iti preduze\u0107ima da sigurnije nastave sa proizvodnjom i odgovore na visoke higijenske standarde u za\u0161titi zaposlenih radnika\u201c.<\/p>\n<p><a href=\"https:\/\/www.prijedordanas.com\/wp-content\/uploads\/2021\/02\/predapd-zastitna-sredstva-mala-i-srednja-preduzeca-2.jpg\"><img loading=\"lazy\" decoding=\"async\" src=\"https:\/\/www.prijedordanas.com\/wp-content\/uploads\/2021\/02\/predapd-zastitna-sredstva-mala-i-srednja-preduzeca-2-300x150.jpg\" alt=\"\" width=\"300\" height=\"150\" class=\"alignleft size-medium wp-image-162101\" srcset=\"https:\/\/www.prijedordanas.com\/wp-content\/uploads\/2021\/02\/predapd-zastitna-sredstva-mala-i-srednja-preduzeca-2-300x150.jpg 300w, https:\/\/www.prijedordanas.com\/wp-content\/uploads\/2021\/02\/predapd-zastitna-sredstva-mala-i-srednja-preduzeca-2.jpg 600w\" sizes=\"(max-width: 300px) 100vw, 300px\" \/><\/a>Ukupna vrijednost ovog projekta je preko 374.000 KM, od \u010dega je Evropska unija kroz EU4Business osigurala bespovratna sredstva u iznosu od gotovo 300.000 KM.<\/p>\n<p>Realizuje ga Agencija za ekonomski razvoj grada Prijedora \u201ePREDA-PD\u201c, u partnerstvu sa Klasterom \u201eDRVO-PD\u201c i preduze\u0107em \u201eGavranovi\u0107\u201c d.o.o. Prijedor.<\/p>\n<p>EU4Business je projekat Evropske unije koji s ciljem ja\u010danja ekonomije BiH podsti\u010de razvoj preduzetni\u0161tva, izvozno orijentisanih sektora, turizma i poljoprivrede, kao i ruralni razvoj. Projekat je vrijedan 16,1 miliona eura, a zajedni\u010dki ga finansiraju Evropska unija (15 miliona eura) i Savezna Republika Njema\u010dka (1,1 miliona eura). Projekat zajedno provode GIZ, ILO i UNDP, od aprila 2018. godine do marta 2022. godine. EU4Business je dio Programa lokalne samouprave i ekonomskog razvoja u BiH koji podr\u017eava SR Njema\u010dka. Za vi\u0161e informacija o EU4Business projektu posjetite: www.eu4business.ba.<\/p>\n<p>predaprijedor.com<\/p>\n<p><a href=\"https:\/\/www.prijedordanas.com\/wp-content\/uploads\/2021\/02\/predapd-zastitna-sredstva-mala-i-srednja-preduzeca-3.jpg\"><img loading=\"lazy\" decoding=\"async\" src=\"https:\/\/www.prijedordanas.com\/wp-content\/uploads\/2021\/02\/predapd-zastitna-sredstva-mala-i-srednja-preduzeca-3-300x225.jpg\" alt=\"\" width=\"300\" height=\"225\" class=\"alignleft size-medium wp-image-162102\" srcset=\"https:\/\/www.prijedordanas.com\/wp-content\/uploads\/2021\/02\/predapd-zastitna-sredstva-mala-i-srednja-preduzeca-3-300x225.jpg 300w, https:\/\/www.prijedordanas.com\/wp-content\/uploads\/2021\/02\/predapd-zastitna-sredstva-mala-i-srednja-preduzeca-3.jpg 600w\" sizes=\"(max-width: 300px) 100vw, 300px\" \/><\/a><\/p>\n","protected":false},"excerpt":{"rendered":"<p>U okviru projekta \u201eREPRO \u2013 Obezbje\u0111ivanje podr\u0161ke poslovanju i izvozu kompanija iz drvoprera\u0111iva\u010dkog sektora u prijedorskoj regiji kroz kreiranje resursnog centra\u201c, koji ima za cilj ja\u010danje konkurentnosti drvoprera\u0111iva\u010dkog sektora na [&hellip;]<\/p>\n","protected":false},"author":1,"featured_media":0,"comment_status":"closed","ping_status":"open","sticky":false,"template":"","format":"standard","meta":{"_monsterinsights_skip_tracking":false,"_monsterinsights_sitenote_active":false,"_monsterinsights_sitenote_note":"","_monsterinsights_sitenote_category":0,"footnotes":""},"categories":[8],"tags":[],"yoast_head":"<!-- This site is optimized with the Yoast SEO plugin v21.6 - https:\/\/yoast.com\/wordpress\/plugins\/seo\/ -->\n<title>PREDA-PD: Dodijeljena za\u0161titna sredstva za 18 malih i srednjih preduze\u0107a - PrijedorDanas.com - Prijedorski gradski portal<\/title>\n<meta name=\"robots\" content=\"index, follow, max-snippet:-1, max-image-preview:large, max-video-preview:-1\" \/>\n<link rel=\"canonical\" href=\"https:\/\/www.prijedordanas.com\/?p=162099\" \/>\n<meta property=\"og:locale\" content=\"en_US\" \/>\n<meta property=\"og:type\" content=\"article\" \/>\n<meta property=\"og:title\" content=\"PREDA-PD: Dodijeljena za\u0161titna sredstva za 18 malih i srednjih preduze\u0107a - PrijedorDanas.com - Prijedorski gradski portal\" \/>\n<meta property=\"og:description\" content=\"U okviru projekta \u201eREPRO \u2013 Obezbje\u0111ivanje podr\u0161ke poslovanju i izvozu kompanija iz drvoprera\u0111iva\u010dkog sektora u prijedorskoj regiji kroz kreiranje resursnog centra\u201c, koji ima za cilj ja\u010danje konkurentnosti drvoprera\u0111iva\u010dkog sektora na [&hellip;]\" \/>\n<meta property=\"og:url\" content=\"https:\/\/www.prijedordanas.com\/?p=162099\" \/>\n<meta property=\"og:site_name\" content=\"PrijedorDanas.com - Prijedorski gradski portal\" \/>\n<meta property=\"article:publisher\" content=\"https:\/\/www.facebook.com\/PrijedorDanasCom\/\" \/>\n<meta property=\"article:published_time\" content=\"2021-02-02T18:06:51+00:00\" \/>\n<meta property=\"og:image\" content=\"https:\/\/www.prijedordanas.com\/wp-content\/uploads\/2021\/02\/predapd-zastitna-sredstva-mala-i-srednja-preduzeca-1-261x300.jpg\" \/>\n<meta name=\"author\" content=\"admin\" \/>\n<meta name=\"twitter:card\" content=\"summary_large_image\" \/>\n<meta name=\"twitter:label1\" content=\"Written by\" \/>\n\t<meta name=\"twitter:data1\" content=\"admin\" \/>\n\t<meta name=\"twitter:label2\" content=\"Est. reading time\" \/>\n\t<meta name=\"twitter:data2\" content=\"2 minutes\" \/>\n<script type=\"application\/ld+json\" class=\"yoast-schema-graph\">{\"@context\":\"https:\/\/schema.org\",\"@graph\":[{\"@type\":\"Article\",\"@id\":\"https:\/\/www.prijedordanas.com\/?p=162099#article\",\"isPartOf\":{\"@id\":\"https:\/\/www.prijedordanas.com\/?p=162099\"},\"author\":{\"name\":\"admin\",\"@id\":\"https:\/\/www.prijedordanas.com\/#\/schema\/person\/4e08ccf29b506ca916ff86d46bb700e6\"},\"headline\":\"PREDA-PD: Dodijeljena za\u0161titna sredstva za 18 malih i srednjih preduze\u0107a\",\"datePublished\":\"2021-02-02T18:06:51+00:00\",\"dateModified\":\"2021-02-02T18:06:51+00:00\",\"mainEntityOfPage\":{\"@id\":\"https:\/\/www.prijedordanas.com\/?p=162099\"},\"wordCount\":321,\"publisher\":{\"@id\":\"https:\/\/www.prijedordanas.com\/#organization\"},\"articleSection\":[\"Svakodnevno\"],\"inLanguage\":\"en-US\"},{\"@type\":\"WebPage\",\"@id\":\"https:\/\/www.prijedordanas.com\/?p=162099\",\"url\":\"https:\/\/www.prijedordanas.com\/?p=162099\",\"name\":\"PREDA-PD: Dodijeljena za\u0161titna sredstva za 18 malih i srednjih preduze\u0107a - PrijedorDanas.com - Prijedorski gradski portal\",\"isPartOf\":{\"@id\":\"https:\/\/www.prijedordanas.com\/#website\"},\"datePublished\":\"2021-02-02T18:06:51+00:00\",\"dateModified\":\"2021-02-02T18:06:51+00:00\",\"breadcrumb\":{\"@id\":\"https:\/\/www.prijedordanas.com\/?p=162099#breadcrumb\"},\"inLanguage\":\"en-US\",\"potentialAction\":[{\"@type\":\"ReadAction\",\"target\":[\"https:\/\/www.prijedordanas.com\/?p=162099\"]}]},{\"@type\":\"BreadcrumbList\",\"@id\":\"https:\/\/www.prijedordanas.com\/?p=162099#breadcrumb\",\"itemListElement\":[{\"@type\":\"ListItem\",\"position\":1,\"name\":\"Home\",\"item\":\"https:\/\/www.prijedordanas.com\/\"},{\"@type\":\"ListItem\",\"position\":2,\"name\":\"PREDA-PD: Dodijeljena za\u0161titna sredstva za 18 malih i srednjih preduze\u0107a\"}]},{\"@type\":\"WebSite\",\"@id\":\"https:\/\/www.prijedordanas.com\/#website\",\"url\":\"https:\/\/www.prijedordanas.com\/\",\"name\":\"PrijedorDanas.com - Prijedorski gradski portal\",\"description\":\"Portal o doga\u0111anjima u gradu Prijedoru\",\"publisher\":{\"@id\":\"https:\/\/www.prijedordanas.com\/#organization\"},\"potentialAction\":[{\"@type\":\"SearchAction\",\"target\":{\"@type\":\"EntryPoint\",\"urlTemplate\":\"https:\/\/www.prijedordanas.com\/?s={search_term_string}\"},\"query-input\":\"required name=search_term_string\"}],\"inLanguage\":\"en-US\"},{\"@type\":\"Organization\",\"@id\":\"https:\/\/www.prijedordanas.com\/#organization\",\"name\":\"PrijedorDanas.com\",\"url\":\"https:\/\/www.prijedordanas.com\/\",\"logo\":{\"@type\":\"ImageObject\",\"inLanguage\":\"en-US\",\"@id\":\"https:\/\/www.prijedordanas.com\/#\/schema\/logo\/image\/\",\"url\":\"http:\/\/www.prijedordanas.com\/wp-content\/uploads\/2021\/12\/logopng.png\",\"contentUrl\":\"http:\/\/www.prijedordanas.com\/wp-content\/uploads\/2021\/12\/logopng.png\",\"width\":1019,\"height\":776,\"caption\":\"PrijedorDanas.com\"},\"image\":{\"@id\":\"https:\/\/www.prijedordanas.com\/#\/schema\/logo\/image\/\"},\"sameAs\":[\"https:\/\/www.facebook.com\/PrijedorDanasCom\/\"]},{\"@type\":\"Person\",\"@id\":\"https:\/\/www.prijedordanas.com\/#\/schema\/person\/4e08ccf29b506ca916ff86d46bb700e6\",\"name\":\"admin\",\"image\":{\"@type\":\"ImageObject\",\"inLanguage\":\"en-US\",\"@id\":\"https:\/\/www.prijedordanas.com\/#\/schema\/person\/image\/\",\"url\":\"https:\/\/secure.gravatar.com\/avatar\/1d3fc949d550f0b53a5f0d51e06dfd79?s=96&d=mm&r=g\",\"contentUrl\":\"https:\/\/secure.gravatar.com\/avatar\/1d3fc949d550f0b53a5f0d51e06dfd79?s=96&d=mm&r=g\",\"caption\":\"admin\"},\"url\":\"https:\/\/www.prijedordanas.com\/?author=1\"}]}<\/script>\n<!-- \/ Yoast SEO plugin. -->","yoast_head_json":{"title":"PREDA-PD: Dodijeljena za\u0161titna sredstva za 18 malih i srednjih preduze\u0107a - PrijedorDanas.com - Prijedorski gradski portal","robots":{"index":"index","follow":"follow","max-snippet":"max-snippet:-1","max-image-preview":"max-image-preview:large","max-video-preview":"max-video-preview:-1"},"canonical":"https:\/\/www.prijedordanas.com\/?p=162099","og_locale":"en_US","og_type":"article","og_title":"PREDA-PD: Dodijeljena za\u0161titna sredstva za 18 malih i srednjih preduze\u0107a - PrijedorDanas.com - Prijedorski gradski portal","og_description":"U okviru projekta \u201eREPRO \u2013 Obezbje\u0111ivanje podr\u0161ke poslovanju i izvozu kompanija iz drvoprera\u0111iva\u010dkog sektora u prijedorskoj regiji kroz kreiranje resursnog centra\u201c, koji ima za cilj ja\u010danje konkurentnosti drvoprera\u0111iva\u010dkog sektora na [&hellip;]","og_url":"https:\/\/www.prijedordanas.com\/?p=162099","og_site_name":"PrijedorDanas.com - Prijedorski gradski portal","article_publisher":"https:\/\/www.facebook.com\/PrijedorDanasCom\/","article_published_time":"2021-02-02T18:06:51+00:00","og_image":[{"url":"https:\/\/www.prijedordanas.com\/wp-content\/uploads\/2021\/02\/predapd-zastitna-sredstva-mala-i-srednja-preduzeca-1-261x300.jpg"}],"author":"admin","twitter_card":"summary_large_image","twitter_misc":{"Written by":"admin","Est. reading time":"2 minutes"},"schema":{"@context":"https:\/\/schema.org","@graph":[{"@type":"Article","@id":"https:\/\/www.prijedordanas.com\/?p=162099#article","isPartOf":{"@id":"https:\/\/www.prijedordanas.com\/?p=162099"},"author":{"name":"admin","@id":"https:\/\/www.prijedordanas.com\/#\/schema\/person\/4e08ccf29b506ca916ff86d46bb700e6"},"headline":"PREDA-PD: Dodijeljena za\u0161titna sredstva za 18 malih i srednjih preduze\u0107a","datePublished":"2021-02-02T18:06:51+00:00","dateModified":"2021-02-02T18:06:51+00:00","mainEntityOfPage":{"@id":"https:\/\/www.prijedordanas.com\/?p=162099"},"wordCount":321,"publisher":{"@id":"https:\/\/www.prijedordanas.com\/#organization"},"articleSection":["Svakodnevno"],"inLanguage":"en-US"},{"@type":"WebPage","@id":"https:\/\/www.prijedordanas.com\/?p=162099","url":"https:\/\/www.prijedordanas.com\/?p=162099","name":"PREDA-PD: Dodijeljena za\u0161titna sredstva za 18 malih i srednjih preduze\u0107a - PrijedorDanas.com - Prijedorski gradski portal","isPartOf":{"@id":"https:\/\/www.prijedordanas.com\/#website"},"datePublished":"2021-02-02T18:06:51+00:00","dateModified":"2021-02-02T18:06:51+00:00","breadcrumb":{"@id":"https:\/\/www.prijedordanas.com\/?p=162099#breadcrumb"},"inLanguage":"en-US","potentialAction":[{"@type":"ReadAction","target":["https:\/\/www.prijedordanas.com\/?p=162099"]}]},{"@type":"BreadcrumbList","@id":"https:\/\/www.prijedordanas.com\/?p=162099#breadcrumb","itemListElement":[{"@type":"ListItem","position":1,"name":"Home","item":"https:\/\/www.prijedordanas.com\/"},{"@type":"ListItem","position":2,"name":"PREDA-PD: Dodijeljena za\u0161titna sredstva za 18 malih i srednjih preduze\u0107a"}]},{"@type":"WebSite","@id":"https:\/\/www.prijedordanas.com\/#website","url":"https:\/\/www.prijedordanas.com\/","name":"PrijedorDanas.com - Prijedorski gradski portal","description":"Portal o doga\u0111anjima u gradu Prijedoru","publisher":{"@id":"https:\/\/www.prijedordanas.com\/#organization"},"potentialAction":[{"@type":"SearchAction","target":{"@type":"EntryPoint","urlTemplate":"https:\/\/www.prijedordanas.com\/?s={search_term_string}"},"query-input":"required name=search_term_string"}],"inLanguage":"en-US"},{"@type":"Organization","@id":"https:\/\/www.prijedordanas.com\/#organization","name":"PrijedorDanas.com","url":"https:\/\/www.prijedordanas.com\/","logo":{"@type":"ImageObject","inLanguage":"en-US","@id":"https:\/\/www.prijedordanas.com\/#\/schema\/logo\/image\/","url":"http:\/\/www.prijedordanas.com\/wp-content\/uploads\/2021\/12\/logopng.png","contentUrl":"http:\/\/www.prijedordanas.com\/wp-content\/uploads\/2021\/12\/logopng.png","width":1019,"height":776,"caption":"PrijedorDanas.com"},"image":{"@id":"https:\/\/www.prijedordanas.com\/#\/schema\/logo\/image\/"},"sameAs":["https:\/\/www.facebook.com\/PrijedorDanasCom\/"]},{"@type":"Person","@id":"https:\/\/www.prijedordanas.com\/#\/schema\/person\/4e08ccf29b506ca916ff86d46bb700e6","name":"admin","image":{"@type":"ImageObject","inLanguage":"en-US","@id":"https:\/\/www.prijedordanas.com\/#\/schema\/person\/image\/","url":"https:\/\/secure.gravatar.com\/avatar\/1d3fc949d550f0b53a5f0d51e06dfd79?s=96&d=mm&r=g","contentUrl":"https:\/\/secure.gravatar.com\/avatar\/1d3fc949d550f0b53a5f0d51e06dfd79?s=96&d=mm&r=g","caption":"admin"},"url":"https:\/\/www.prijedordanas.com\/?author=1"}]}},"_links":{"self":[{"href":"https:\/\/www.prijedordanas.com\/index.php?rest_route=\/wp\/v2\/posts\/162099"}],"collection":[{"href":"https:\/\/www.prijedordanas.com\/index.php?rest_route=\/wp\/v2\/posts"}],"about":[{"href":"https:\/\/www.prijedordanas.com\/index.php?rest_route=\/wp\/v2\/types\/post"}],"author":[{"embeddable":true,"href":"https:\/\/www.prijedordanas.com\/index.php?rest_route=\/wp\/v2\/users\/1"}],"replies":[{"embeddable":true,"href":"https:\/\/www.prijedordanas.com\/index.php?rest_route=%2Fwp%2Fv2%2Fcomments&post=162099"}],"version-history":[{"count":1,"href":"https:\/\/www.prijedordanas.com\/index.php?rest_route=\/wp\/v2\/posts\/162099\/revisions"}],"predecessor-version":[{"id":162103,"href":"https:\/\/www.prijedordanas.com\/index.php?rest_route=\/wp\/v2\/posts\/162099\/revisions\/162103"}],"wp:attachment":[{"href":"https:\/\/www.prijedordanas.com\/index.php?rest_route=%2Fwp%2Fv2%2Fmedia&parent=162099"}],"wp:term":[{"taxonomy":"category","embeddable":true,"href":"https:\/\/www.prijedordanas.com\/index.php?rest_route=%2Fwp%2Fv2%2Fcategories&post=162099"},{"taxonomy":"post_tag","embeddable":true,"href":"https:\/\/www.prijedordanas.com\/index.php?rest_route=%2Fwp%2Fv2%2Ftags&post=162099"}],"curies":[{"name":"wp","href":"https:\/\/api.w.org\/{rel}","templated":true}]}}