{"id":162095,"date":"2021-02-02T18:34:54","date_gmt":"2021-02-02T17:34:54","guid":{"rendered":"https:\/\/www.prijedordanas.com\/?p=162095"},"modified":"2021-02-02T18:34:54","modified_gmt":"2021-02-02T17:34:54","slug":"cetiri-radnika-doma-zdravlja-prijedor-idu-na-edukaciju-za-vakcinaciju-protiv-kovida-19","status":"publish","type":"post","link":"https:\/\/www.prijedordanas.com\/?p=162095","title":{"rendered":"\u010cetiri radnika Doma zdravlja Prijedor idu na edukaciju za vakcinaciju protiv kovida 19"},"content":{"rendered":"<p><a href=\"https:\/\/www.prijedordanas.com\/wp-content\/uploads\/2021\/02\/stab-2februar-1.jpg\"><img loading=\"lazy\" decoding=\"async\" src=\"https:\/\/www.prijedordanas.com\/wp-content\/uploads\/2021\/02\/stab-2februar-1-300x225.jpg\" alt=\"\" width=\"300\" height=\"225\" class=\"alignleft size-medium wp-image-162096\" srcset=\"https:\/\/www.prijedordanas.com\/wp-content\/uploads\/2021\/02\/stab-2februar-1-300x225.jpg 300w, https:\/\/www.prijedordanas.com\/wp-content\/uploads\/2021\/02\/stab-2februar-1-640x480.jpg 640w, https:\/\/www.prijedordanas.com\/wp-content\/uploads\/2021\/02\/stab-2februar-1.jpg 667w\" sizes=\"(max-width: 300px) 100vw, 300px\" \/><\/a>Na\u010delnik Higijensko-epidemiolo\u0161ke slu\u017ebe \/HES\/ Doma zdravlja Prijedor Milica Otkovi\u0107 najavila je da \u0107e \u010detiri zdravstvena radnika ove ustanove i\u0107i na edukaciju za vakcinisanje protiv kovida 19 koja bi za primarni nivo zdravstvene za\u0161tite trebalo da po\u010dne idu\u0107e sedmice u Banjaluci.<\/p>\n<p>&#8220;Nema potrebe zbog epidemiolo\u0161kih uslova da ide 10 ljudi, ali ako se bude vakcinisalo stanovni\u0161tvo, naravno da ta \u010detiri \u010dovjeka iz Doma zdravlja ne\u0107e biti dovoljna, nego \u0107e i\u0107i 20, 30 i vi\u0161e&#8221;, rekla je Otkovi\u0107eva novinarima u Prijedoru nakon sjednice Gradskog \u0161taba za vanredne situacije.<\/p>\n<p>Ona je izrazila uvjerenje da \u0107e primarni nivo, odnosno HES-ovi, biti nosioci posla za vakcinaciju zdravstvenih radnika i, eventualno, ako se bude \u0161irio dalje plan na stanovni\u0161tvo, i za ostale kategorije.<\/p>\n<p>&#8220;Sekundarni nivo nadam se da \u0107e do\u0107i kasnije i da \u0107e to biti za njihove zaposlene i, eventualno, njihove hospitalizovane pacijente koji ispunjavaju uslove za vakcinu, a nisu u mogu\u0107nosti do\u0107i kod nas. Mislim da \u0107e u prvom krugu i\u0107i zdravstveni radnici i njegovatelji u domovima&#8221;, navela je Otkovi\u0107eva.<\/p>\n<p><a href=\"https:\/\/www.prijedordanas.com\/wp-content\/uploads\/2021\/02\/stab-2februar-4.jpg\"><img loading=\"lazy\" decoding=\"async\" src=\"https:\/\/www.prijedordanas.com\/wp-content\/uploads\/2021\/02\/stab-2februar-4-300x225.jpg\" alt=\"\" width=\"300\" height=\"225\" class=\"alignleft size-medium wp-image-162097\" srcset=\"https:\/\/www.prijedordanas.com\/wp-content\/uploads\/2021\/02\/stab-2februar-4-300x225.jpg 300w, https:\/\/www.prijedordanas.com\/wp-content\/uploads\/2021\/02\/stab-2februar-4.jpg 600w\" sizes=\"(max-width: 300px) 100vw, 300px\" \/><\/a>Ona je precizirala da je broj lica sa pozitivnim pi-si-ar testom 56, da je 127 lica u ku\u0107noj izolaciji, 5.721 lice iza\u0161lo je iz zdravstvenog nadzora, a ukupan broj oporavljenih je 1.016. Do sada je preminulo 70 lica.<\/p>\n<p>&#8220;Epidemiolo\u0161ka situacija u Prijedoru je zadovoljavaju\u0107a. Nadamo se da ide nabolje. Priliv pacijenata u ambulante za respiratorni infekcije je smanjen. Testiranje se obavlja redovno i nema zastoja&#8221;, istakla je Otkovi\u0107eva.<\/p>\n<p>Pomo\u0107nik direktora Bolnice &#8220;Doktor Mladen Stojanovi\u0107&#8221; Prijedor za ljudske resurse Aleksandar Kesi\u0107 izjavio je da je u bolnici stanje redovno.<\/p>\n<p>&#8220;Ne mo\u017eemo re\u0107i da imamo drasti\u010dno pove\u0107an broj pacijenata. On se kre\u0107e od 45 do 50, za razliku od prethodna dva-tri mjeseca kada smo imali i po vi\u0161e od 90&#8221;, rekao je Kesi\u0107.<\/p>\n<p>Na kovid odjeljenju u glavnom objektu bolnice su 24 pacijenta, a u kovid bolnici 25. Na neinvazivnoj ventilaciji je jedan pacijent, a 28 na kiseoniku.<\/p>\n<p>&#8220;Iz Prijedora su 33 pacijenta, iz Novog Grada \u0161est, iz Kozarske Dubice pet, iz O\u0161tre Luke \u010detiri i iz Krupe na Uni jedan. U posljednja 24 \u010dasa imamo jednog preminulog pacijenta&#8221;, naveo je Kesi\u0107.<\/p>\n<p>On je dodao da je devet radnika bolnice pozitivno na virus korona. <\/p>\n<p>SRNA<\/p>\n","protected":false},"excerpt":{"rendered":"<p>Na\u010delnik Higijensko-epidemiolo\u0161ke slu\u017ebe \/HES\/ Doma zdravlja Prijedor Milica Otkovi\u0107 najavila je da \u0107e \u010detiri zdravstvena radnika ove ustanove i\u0107i na edukaciju za vakcinisanje protiv kovida 19 koja bi za primarni [&hellip;]<\/p>\n","protected":false},"author":1,"featured_media":0,"comment_status":"closed","ping_status":"open","sticky":false,"template":"","format":"standard","meta":{"_monsterinsights_skip_tracking":false,"_monsterinsights_sitenote_active":false,"_monsterinsights_sitenote_note":"","_monsterinsights_sitenote_category":0,"footnotes":""},"categories":[4],"tags":[],"yoast_head":"<!-- This site is optimized with the Yoast SEO plugin v21.6 - https:\/\/yoast.com\/wordpress\/plugins\/seo\/ -->\n<title>\u010cetiri radnika Doma zdravlja Prijedor idu na edukaciju za vakcinaciju protiv kovida 19 - PrijedorDanas.com - Prijedorski gradski portal<\/title>\n<meta name=\"robots\" content=\"index, follow, max-snippet:-1, max-image-preview:large, max-video-preview:-1\" \/>\n<link rel=\"canonical\" href=\"https:\/\/www.prijedordanas.com\/?p=162095\" \/>\n<meta property=\"og:locale\" content=\"en_US\" \/>\n<meta property=\"og:type\" content=\"article\" \/>\n<meta property=\"og:title\" content=\"\u010cetiri radnika Doma zdravlja Prijedor idu na edukaciju za vakcinaciju protiv kovida 19 - PrijedorDanas.com - Prijedorski gradski portal\" \/>\n<meta property=\"og:description\" content=\"Na\u010delnik Higijensko-epidemiolo\u0161ke slu\u017ebe \/HES\/ Doma zdravlja Prijedor Milica Otkovi\u0107 najavila je da \u0107e \u010detiri zdravstvena radnika ove ustanove i\u0107i na edukaciju za vakcinisanje protiv kovida 19 koja bi za primarni [&hellip;]\" \/>\n<meta property=\"og:url\" content=\"https:\/\/www.prijedordanas.com\/?p=162095\" \/>\n<meta property=\"og:site_name\" content=\"PrijedorDanas.com - Prijedorski gradski portal\" \/>\n<meta property=\"article:publisher\" content=\"https:\/\/www.facebook.com\/PrijedorDanasCom\/\" \/>\n<meta property=\"article:published_time\" content=\"2021-02-02T17:34:54+00:00\" \/>\n<meta property=\"og:image\" content=\"https:\/\/www.prijedordanas.com\/wp-content\/uploads\/2021\/02\/stab-2februar-1-300x225.jpg\" \/>\n<meta name=\"author\" content=\"admin\" \/>\n<meta name=\"twitter:card\" content=\"summary_large_image\" \/>\n<meta name=\"twitter:label1\" content=\"Written by\" \/>\n\t<meta name=\"twitter:data1\" content=\"admin\" \/>\n\t<meta name=\"twitter:label2\" content=\"Est. reading time\" \/>\n\t<meta name=\"twitter:data2\" content=\"2 minutes\" \/>\n<script type=\"application\/ld+json\" class=\"yoast-schema-graph\">{\"@context\":\"https:\/\/schema.org\",\"@graph\":[{\"@type\":\"Article\",\"@id\":\"https:\/\/www.prijedordanas.com\/?p=162095#article\",\"isPartOf\":{\"@id\":\"https:\/\/www.prijedordanas.com\/?p=162095\"},\"author\":{\"name\":\"admin\",\"@id\":\"https:\/\/www.prijedordanas.com\/#\/schema\/person\/4e08ccf29b506ca916ff86d46bb700e6\"},\"headline\":\"\u010cetiri radnika Doma zdravlja Prijedor idu na edukaciju za vakcinaciju protiv kovida 19\",\"datePublished\":\"2021-02-02T17:34:54+00:00\",\"dateModified\":\"2021-02-02T17:34:54+00:00\",\"mainEntityOfPage\":{\"@id\":\"https:\/\/www.prijedordanas.com\/?p=162095\"},\"wordCount\":386,\"publisher\":{\"@id\":\"https:\/\/www.prijedordanas.com\/#organization\"},\"articleSection\":[\"Dru\u0161tvo\"],\"inLanguage\":\"en-US\"},{\"@type\":\"WebPage\",\"@id\":\"https:\/\/www.prijedordanas.com\/?p=162095\",\"url\":\"https:\/\/www.prijedordanas.com\/?p=162095\",\"name\":\"\u010cetiri radnika Doma zdravlja Prijedor idu na edukaciju za vakcinaciju protiv kovida 19 - PrijedorDanas.com - Prijedorski gradski portal\",\"isPartOf\":{\"@id\":\"https:\/\/www.prijedordanas.com\/#website\"},\"datePublished\":\"2021-02-02T17:34:54+00:00\",\"dateModified\":\"2021-02-02T17:34:54+00:00\",\"breadcrumb\":{\"@id\":\"https:\/\/www.prijedordanas.com\/?p=162095#breadcrumb\"},\"inLanguage\":\"en-US\",\"potentialAction\":[{\"@type\":\"ReadAction\",\"target\":[\"https:\/\/www.prijedordanas.com\/?p=162095\"]}]},{\"@type\":\"BreadcrumbList\",\"@id\":\"https:\/\/www.prijedordanas.com\/?p=162095#breadcrumb\",\"itemListElement\":[{\"@type\":\"ListItem\",\"position\":1,\"name\":\"Home\",\"item\":\"https:\/\/www.prijedordanas.com\/\"},{\"@type\":\"ListItem\",\"position\":2,\"name\":\"\u010cetiri radnika Doma zdravlja Prijedor idu na edukaciju za vakcinaciju protiv kovida 19\"}]},{\"@type\":\"WebSite\",\"@id\":\"https:\/\/www.prijedordanas.com\/#website\",\"url\":\"https:\/\/www.prijedordanas.com\/\",\"name\":\"PrijedorDanas.com - Prijedorski gradski portal\",\"description\":\"Portal o doga\u0111anjima u gradu Prijedoru\",\"publisher\":{\"@id\":\"https:\/\/www.prijedordanas.com\/#organization\"},\"potentialAction\":[{\"@type\":\"SearchAction\",\"target\":{\"@type\":\"EntryPoint\",\"urlTemplate\":\"https:\/\/www.prijedordanas.com\/?s={search_term_string}\"},\"query-input\":\"required name=search_term_string\"}],\"inLanguage\":\"en-US\"},{\"@type\":\"Organization\",\"@id\":\"https:\/\/www.prijedordanas.com\/#organization\",\"name\":\"PrijedorDanas.com\",\"url\":\"https:\/\/www.prijedordanas.com\/\",\"logo\":{\"@type\":\"ImageObject\",\"inLanguage\":\"en-US\",\"@id\":\"https:\/\/www.prijedordanas.com\/#\/schema\/logo\/image\/\",\"url\":\"http:\/\/www.prijedordanas.com\/wp-content\/uploads\/2021\/12\/logopng.png\",\"contentUrl\":\"http:\/\/www.prijedordanas.com\/wp-content\/uploads\/2021\/12\/logopng.png\",\"width\":1019,\"height\":776,\"caption\":\"PrijedorDanas.com\"},\"image\":{\"@id\":\"https:\/\/www.prijedordanas.com\/#\/schema\/logo\/image\/\"},\"sameAs\":[\"https:\/\/www.facebook.com\/PrijedorDanasCom\/\"]},{\"@type\":\"Person\",\"@id\":\"https:\/\/www.prijedordanas.com\/#\/schema\/person\/4e08ccf29b506ca916ff86d46bb700e6\",\"name\":\"admin\",\"image\":{\"@type\":\"ImageObject\",\"inLanguage\":\"en-US\",\"@id\":\"https:\/\/www.prijedordanas.com\/#\/schema\/person\/image\/\",\"url\":\"https:\/\/secure.gravatar.com\/avatar\/1d3fc949d550f0b53a5f0d51e06dfd79?s=96&d=mm&r=g\",\"contentUrl\":\"https:\/\/secure.gravatar.com\/avatar\/1d3fc949d550f0b53a5f0d51e06dfd79?s=96&d=mm&r=g\",\"caption\":\"admin\"},\"url\":\"https:\/\/www.prijedordanas.com\/?author=1\"}]}<\/script>\n<!-- \/ Yoast SEO plugin. -->","yoast_head_json":{"title":"\u010cetiri radnika Doma zdravlja Prijedor idu na edukaciju za vakcinaciju protiv kovida 19 - PrijedorDanas.com - Prijedorski gradski portal","robots":{"index":"index","follow":"follow","max-snippet":"max-snippet:-1","max-image-preview":"max-image-preview:large","max-video-preview":"max-video-preview:-1"},"canonical":"https:\/\/www.prijedordanas.com\/?p=162095","og_locale":"en_US","og_type":"article","og_title":"\u010cetiri radnika Doma zdravlja Prijedor idu na edukaciju za vakcinaciju protiv kovida 19 - PrijedorDanas.com - Prijedorski gradski portal","og_description":"Na\u010delnik Higijensko-epidemiolo\u0161ke slu\u017ebe \/HES\/ Doma zdravlja Prijedor Milica Otkovi\u0107 najavila je da \u0107e \u010detiri zdravstvena radnika ove ustanove i\u0107i na edukaciju za vakcinisanje protiv kovida 19 koja bi za primarni [&hellip;]","og_url":"https:\/\/www.prijedordanas.com\/?p=162095","og_site_name":"PrijedorDanas.com - Prijedorski gradski portal","article_publisher":"https:\/\/www.facebook.com\/PrijedorDanasCom\/","article_published_time":"2021-02-02T17:34:54+00:00","og_image":[{"url":"https:\/\/www.prijedordanas.com\/wp-content\/uploads\/2021\/02\/stab-2februar-1-300x225.jpg"}],"author":"admin","twitter_card":"summary_large_image","twitter_misc":{"Written by":"admin","Est. reading time":"2 minutes"},"schema":{"@context":"https:\/\/schema.org","@graph":[{"@type":"Article","@id":"https:\/\/www.prijedordanas.com\/?p=162095#article","isPartOf":{"@id":"https:\/\/www.prijedordanas.com\/?p=162095"},"author":{"name":"admin","@id":"https:\/\/www.prijedordanas.com\/#\/schema\/person\/4e08ccf29b506ca916ff86d46bb700e6"},"headline":"\u010cetiri radnika Doma zdravlja Prijedor idu na edukaciju za vakcinaciju protiv kovida 19","datePublished":"2021-02-02T17:34:54+00:00","dateModified":"2021-02-02T17:34:54+00:00","mainEntityOfPage":{"@id":"https:\/\/www.prijedordanas.com\/?p=162095"},"wordCount":386,"publisher":{"@id":"https:\/\/www.prijedordanas.com\/#organization"},"articleSection":["Dru\u0161tvo"],"inLanguage":"en-US"},{"@type":"WebPage","@id":"https:\/\/www.prijedordanas.com\/?p=162095","url":"https:\/\/www.prijedordanas.com\/?p=162095","name":"\u010cetiri radnika Doma zdravlja Prijedor idu na edukaciju za vakcinaciju protiv kovida 19 - PrijedorDanas.com - Prijedorski gradski portal","isPartOf":{"@id":"https:\/\/www.prijedordanas.com\/#website"},"datePublished":"2021-02-02T17:34:54+00:00","dateModified":"2021-02-02T17:34:54+00:00","breadcrumb":{"@id":"https:\/\/www.prijedordanas.com\/?p=162095#breadcrumb"},"inLanguage":"en-US","potentialAction":[{"@type":"ReadAction","target":["https:\/\/www.prijedordanas.com\/?p=162095"]}]},{"@type":"BreadcrumbList","@id":"https:\/\/www.prijedordanas.com\/?p=162095#breadcrumb","itemListElement":[{"@type":"ListItem","position":1,"name":"Home","item":"https:\/\/www.prijedordanas.com\/"},{"@type":"ListItem","position":2,"name":"\u010cetiri radnika Doma zdravlja Prijedor idu na edukaciju za vakcinaciju protiv kovida 19"}]},{"@type":"WebSite","@id":"https:\/\/www.prijedordanas.com\/#website","url":"https:\/\/www.prijedordanas.com\/","name":"PrijedorDanas.com - Prijedorski gradski portal","description":"Portal o doga\u0111anjima u gradu Prijedoru","publisher":{"@id":"https:\/\/www.prijedordanas.com\/#organization"},"potentialAction":[{"@type":"SearchAction","target":{"@type":"EntryPoint","urlTemplate":"https:\/\/www.prijedordanas.com\/?s={search_term_string}"},"query-input":"required name=search_term_string"}],"inLanguage":"en-US"},{"@type":"Organization","@id":"https:\/\/www.prijedordanas.com\/#organization","name":"PrijedorDanas.com","url":"https:\/\/www.prijedordanas.com\/","logo":{"@type":"ImageObject","inLanguage":"en-US","@id":"https:\/\/www.prijedordanas.com\/#\/schema\/logo\/image\/","url":"http:\/\/www.prijedordanas.com\/wp-content\/uploads\/2021\/12\/logopng.png","contentUrl":"http:\/\/www.prijedordanas.com\/wp-content\/uploads\/2021\/12\/logopng.png","width":1019,"height":776,"caption":"PrijedorDanas.com"},"image":{"@id":"https:\/\/www.prijedordanas.com\/#\/schema\/logo\/image\/"},"sameAs":["https:\/\/www.facebook.com\/PrijedorDanasCom\/"]},{"@type":"Person","@id":"https:\/\/www.prijedordanas.com\/#\/schema\/person\/4e08ccf29b506ca916ff86d46bb700e6","name":"admin","image":{"@type":"ImageObject","inLanguage":"en-US","@id":"https:\/\/www.prijedordanas.com\/#\/schema\/person\/image\/","url":"https:\/\/secure.gravatar.com\/avatar\/1d3fc949d550f0b53a5f0d51e06dfd79?s=96&d=mm&r=g","contentUrl":"https:\/\/secure.gravatar.com\/avatar\/1d3fc949d550f0b53a5f0d51e06dfd79?s=96&d=mm&r=g","caption":"admin"},"url":"https:\/\/www.prijedordanas.com\/?author=1"}]}},"_links":{"self":[{"href":"https:\/\/www.prijedordanas.com\/index.php?rest_route=\/wp\/v2\/posts\/162095"}],"collection":[{"href":"https:\/\/www.prijedordanas.com\/index.php?rest_route=\/wp\/v2\/posts"}],"about":[{"href":"https:\/\/www.prijedordanas.com\/index.php?rest_route=\/wp\/v2\/types\/post"}],"author":[{"embeddable":true,"href":"https:\/\/www.prijedordanas.com\/index.php?rest_route=\/wp\/v2\/users\/1"}],"replies":[{"embeddable":true,"href":"https:\/\/www.prijedordanas.com\/index.php?rest_route=%2Fwp%2Fv2%2Fcomments&post=162095"}],"version-history":[{"count":1,"href":"https:\/\/www.prijedordanas.com\/index.php?rest_route=\/wp\/v2\/posts\/162095\/revisions"}],"predecessor-version":[{"id":162098,"href":"https:\/\/www.prijedordanas.com\/index.php?rest_route=\/wp\/v2\/posts\/162095\/revisions\/162098"}],"wp:attachment":[{"href":"https:\/\/www.prijedordanas.com\/index.php?rest_route=%2Fwp%2Fv2%2Fmedia&parent=162095"}],"wp:term":[{"taxonomy":"category","embeddable":true,"href":"https:\/\/www.prijedordanas.com\/index.php?rest_route=%2Fwp%2Fv2%2Fcategories&post=162095"},{"taxonomy":"post_tag","embeddable":true,"href":"https:\/\/www.prijedordanas.com\/index.php?rest_route=%2Fwp%2Fv2%2Ftags&post=162095"}],"curies":[{"name":"wp","href":"https:\/\/api.w.org\/{rel}","templated":true}]}}