{"id":161793,"date":"2021-01-26T22:17:49","date_gmt":"2021-01-26T21:17:49","guid":{"rendered":"https:\/\/www.prijedordanas.com\/?p=161793"},"modified":"2021-01-26T22:17:49","modified_gmt":"2021-01-26T21:17:49","slug":"prijedor-najvise-osteceno-kuca-u-selu-marini-foto-video","status":"publish","type":"post","link":"https:\/\/www.prijedordanas.com\/?p=161793","title":{"rendered":"Prijedor: Najvi\u0161e o\u0161te\u0107eno ku\u0107a u selu Marini &#8211; FOTO\/VIDEO"},"content":{"rendered":"<p><a href=\"https:\/\/www.prijedordanas.com\/wp-content\/uploads\/2021\/01\/zemljotres-ostecena-kuca-karlica-marini-1.jpg\"><img loading=\"lazy\" decoding=\"async\" class=\"alignleft size-medium wp-image-161795\" src=\"https:\/\/www.prijedordanas.com\/wp-content\/uploads\/2021\/01\/zemljotres-ostecena-kuca-karlica-marini-1-225x300.jpg\" alt=\"\" width=\"225\" height=\"300\" srcset=\"https:\/\/www.prijedordanas.com\/wp-content\/uploads\/2021\/01\/zemljotres-ostecena-kuca-karlica-marini-1-225x300.jpg 225w, https:\/\/www.prijedordanas.com\/wp-content\/uploads\/2021\/01\/zemljotres-ostecena-kuca-karlica-marini-1.jpg 450w\" sizes=\"(max-width: 225px) 100vw, 225px\" \/><\/a>Na podru\u010dju Prijedora najvi\u0161e ku\u0107a o\u0161te\u0107enih u zemljotresu je u selu Marini koje je svega dvadesetak kilometara udaljeno od Kostajnice, izjavio je danas predsjednik Komisije za procjenu \u0161tete od zemljotresa Bo\u0161ko Stojan\u010di\u0107.<\/p>\n<p>&#8220;U ovom selu imamo vi\u0161e objekata \u010dija je konstrukcija uni\u0161tena, tako da oni ne ispunjavaju uslove za stanovanje&#8221;, rekao je Stojan\u010di\u0107 novinarima u Prijedoru nakon obilaska nekoliko pogo\u0111enih doma\u0107instava u selima Marini i Veliko Palan\u010di\u0161te.<\/p>\n<p>Prema njegovim rije\u010dima, rano je govoriti o tome da li ima objekata za ru\u0161enje, a nema ni preciznih informacija o pomo\u0107i onima \u010dije su ku\u0107e o\u0161te\u0107ene, budu\u0107i da komisija i dalje radi posao na terenu.<\/p>\n<p>Na ku\u0107i Milana Karlice iz sela Marini zidovi i dimnjak su popucali, ve\u0107ina stvari je o\u0161te\u0107ena, ali on i njegova porodica i dalje \u017eive u njoj.<\/p>\n<p><a href=\"https:\/\/www.prijedordanas.com\/wp-content\/uploads\/2021\/01\/zemljotres-ostecena-kuca-karlica-marini-3.jpg\"><img loading=\"lazy\" decoding=\"async\" src=\"https:\/\/www.prijedordanas.com\/wp-content\/uploads\/2021\/01\/zemljotres-ostecena-kuca-karlica-marini-3-169x300.jpg\" alt=\"\" width=\"169\" height=\"300\" class=\"alignleft size-medium wp-image-161800\" srcset=\"https:\/\/www.prijedordanas.com\/wp-content\/uploads\/2021\/01\/zemljotres-ostecena-kuca-karlica-marini-3-169x300.jpg 169w, https:\/\/www.prijedordanas.com\/wp-content\/uploads\/2021\/01\/zemljotres-ostecena-kuca-karlica-marini-3.jpg 338w\" sizes=\"(max-width: 169px) 100vw, 169px\" \/><\/a>&#8220;Zemlja se dizala i spu\u0161tala. Ku\u0107a se pomjerala. Imao sam osje\u0107aj da neki podmukao zvuk izlazi iz dubine zemlje. Kada sam shvatio da je potres, poku\u0161ao sam da zovem svoje uku\u0107ane da iza\u0111u iz ku\u0107e, ali nisam se mogao kretati. U \u017eelucu sam osje\u0107ao muku. Sat vremena nismo u\u0161li u ku\u0107i, a kada smo u\u0161li zatekli smo haos&#8221;, prisje\u0107a se on tog 29. decembra.<\/p>\n<p>Rajko Stegi\u0107 iz Velikog Palan\u010di\u0161ta se nakon zemljotresa preselio kod sina i snahe, a njegova supruga Slavica kod k\u0107erke. Sve \u0161to su decenijama stvarali uni\u0161teno je za nekoliko sekundi.<\/p>\n<p>&#8220;Kada se to desilo oni su bili u ku\u0107i. Svekrva je polupokretna i svekar ju je jedva izvukao iz ku\u0107e. To je bilo stra\u0161no za njih. Ku\u0107a je, kao \u0161to vidite, neuslovna za \u017eivot. Nama su iz inspekcije rekli da je ku\u0107a za ru\u0161enje&#8221;, govori njihova snaha Tamara.<\/p>\n<p>Komisija je zaprimila 450 prijava i od do sada pregledanih 170 ustanovila da deset stambenih objekata ne ispunjava uslove za stanovanje, uglavnom starije gradnje.<\/p>\n<p>SRNA<\/p>\n<p><a href=\"https:\/\/www.prijedordanas.com\/wp-content\/uploads\/2021\/01\/zemljotres-ostecena-kuca-karlica-marini-2.jpg\"><img loading=\"lazy\" decoding=\"async\" class=\"alignleft size-medium wp-image-161796\" src=\"https:\/\/www.prijedordanas.com\/wp-content\/uploads\/2021\/01\/zemljotres-ostecena-kuca-karlica-marini-2-300x169.jpg\" alt=\"\" width=\"300\" height=\"169\" srcset=\"https:\/\/www.prijedordanas.com\/wp-content\/uploads\/2021\/01\/zemljotres-ostecena-kuca-karlica-marini-2-300x169.jpg 300w, https:\/\/www.prijedordanas.com\/wp-content\/uploads\/2021\/01\/zemljotres-ostecena-kuca-karlica-marini-2.jpg 600w\" sizes=\"(max-width: 300px) 100vw, 300px\" \/><\/a> <a href=\"https:\/\/www.prijedordanas.com\/wp-content\/uploads\/2021\/01\/zemljotres-ostecena-kuca-stegic-veliko-palanciste-2.jpg\"><img loading=\"lazy\" decoding=\"async\" class=\"alignleft size-medium wp-image-161797\" src=\"https:\/\/www.prijedordanas.com\/wp-content\/uploads\/2021\/01\/zemljotres-ostecena-kuca-stegic-veliko-palanciste-2-300x169.jpg\" alt=\"\" width=\"300\" height=\"169\" srcset=\"https:\/\/www.prijedordanas.com\/wp-content\/uploads\/2021\/01\/zemljotres-ostecena-kuca-stegic-veliko-palanciste-2-300x169.jpg 300w, https:\/\/www.prijedordanas.com\/wp-content\/uploads\/2021\/01\/zemljotres-ostecena-kuca-stegic-veliko-palanciste-2.jpg 600w\" sizes=\"(max-width: 300px) 100vw, 300px\" \/><\/a> <a href=\"https:\/\/www.prijedordanas.com\/wp-content\/uploads\/2021\/01\/zemljotres-ostecena-kuca-stegic-veliko-palanciste-3.jpg\"><img loading=\"lazy\" decoding=\"async\" class=\"alignleft size-medium wp-image-161798\" src=\"https:\/\/www.prijedordanas.com\/wp-content\/uploads\/2021\/01\/zemljotres-ostecena-kuca-stegic-veliko-palanciste-3-300x169.jpg\" alt=\"\" width=\"300\" height=\"169\" srcset=\"https:\/\/www.prijedordanas.com\/wp-content\/uploads\/2021\/01\/zemljotres-ostecena-kuca-stegic-veliko-palanciste-3-300x169.jpg 300w, https:\/\/www.prijedordanas.com\/wp-content\/uploads\/2021\/01\/zemljotres-ostecena-kuca-stegic-veliko-palanciste-3.jpg 600w\" sizes=\"(max-width: 300px) 100vw, 300px\" \/><\/a> <a href=\"https:\/\/www.prijedordanas.com\/wp-content\/uploads\/2021\/01\/zemljotres-ostecena-kuca-stegic-veliko-palanciste-4.jpg\"><img loading=\"lazy\" decoding=\"async\" class=\"alignleft size-medium wp-image-161799\" src=\"https:\/\/www.prijedordanas.com\/wp-content\/uploads\/2021\/01\/zemljotres-ostecena-kuca-stegic-veliko-palanciste-4-300x169.jpg\" alt=\"\" width=\"300\" height=\"169\" srcset=\"https:\/\/www.prijedordanas.com\/wp-content\/uploads\/2021\/01\/zemljotres-ostecena-kuca-stegic-veliko-palanciste-4-300x169.jpg 300w, https:\/\/www.prijedordanas.com\/wp-content\/uploads\/2021\/01\/zemljotres-ostecena-kuca-stegic-veliko-palanciste-4.jpg 600w\" sizes=\"(max-width: 300px) 100vw, 300px\" \/><\/a> <a href=\"https:\/\/www.prijedordanas.com\/wp-content\/uploads\/2021\/01\/zemljotres-ostecena-kuca-stegic-veliko-palanciste-1.jpg\"><img loading=\"lazy\" decoding=\"async\" src=\"https:\/\/www.prijedordanas.com\/wp-content\/uploads\/2021\/01\/zemljotres-ostecena-kuca-stegic-veliko-palanciste-1-169x300.jpg\" alt=\"\" width=\"169\" height=\"300\" class=\"alignleft size-medium wp-image-161801\" srcset=\"https:\/\/www.prijedordanas.com\/wp-content\/uploads\/2021\/01\/zemljotres-ostecena-kuca-stegic-veliko-palanciste-1-169x300.jpg 169w, https:\/\/www.prijedordanas.com\/wp-content\/uploads\/2021\/01\/zemljotres-ostecena-kuca-stegic-veliko-palanciste-1.jpg 338w\" sizes=\"(max-width: 169px) 100vw, 169px\" \/><\/a><\/p>\n<p><iframe loading=\"lazy\" title=\"NA PODRU\u010cJU PRIJEDORA DESET OBJEKATA NE ISPUNJAVA USLOVE ZA STANOVANJE\" width=\"500\" height=\"281\" src=\"https:\/\/www.youtube.com\/embed\/88zbMWHYuaE?feature=oembed\" frameborder=\"0\" allow=\"accelerometer; autoplay; clipboard-write; encrypted-media; gyroscope; picture-in-picture\" allowfullscreen><\/iframe><\/p>\n","protected":false},"excerpt":{"rendered":"<p>Na podru\u010dju Prijedora najvi\u0161e ku\u0107a o\u0161te\u0107enih u zemljotresu je u selu Marini koje je svega dvadesetak kilometara udaljeno od Kostajnice, izjavio je danas predsjednik Komisije za procjenu \u0161tete od zemljotresa [&hellip;]<\/p>\n","protected":false},"author":1,"featured_media":0,"comment_status":"closed","ping_status":"open","sticky":false,"template":"","format":"standard","meta":{"_monsterinsights_skip_tracking":false,"_monsterinsights_sitenote_active":false,"_monsterinsights_sitenote_note":"","_monsterinsights_sitenote_category":0,"footnotes":""},"categories":[4],"tags":[11442,269],"yoast_head":"<!-- This site is optimized with the Yoast SEO plugin v21.6 - https:\/\/yoast.com\/wordpress\/plugins\/seo\/ -->\n<title>Prijedor: Najvi\u0161e o\u0161te\u0107eno ku\u0107a u selu Marini - FOTO\/VIDEO - PrijedorDanas.com - Prijedorski gradski portal<\/title>\n<meta name=\"robots\" content=\"index, follow, max-snippet:-1, max-image-preview:large, max-video-preview:-1\" \/>\n<link rel=\"canonical\" href=\"https:\/\/www.prijedordanas.com\/?p=161793\" \/>\n<meta property=\"og:locale\" content=\"en_US\" \/>\n<meta property=\"og:type\" content=\"article\" \/>\n<meta property=\"og:title\" content=\"Prijedor: Najvi\u0161e o\u0161te\u0107eno ku\u0107a u selu Marini - FOTO\/VIDEO - PrijedorDanas.com - Prijedorski gradski portal\" \/>\n<meta property=\"og:description\" content=\"Na podru\u010dju Prijedora najvi\u0161e ku\u0107a o\u0161te\u0107enih u zemljotresu je u selu Marini koje je svega dvadesetak kilometara udaljeno od Kostajnice, izjavio je danas predsjednik Komisije za procjenu \u0161tete od zemljotresa [&hellip;]\" \/>\n<meta property=\"og:url\" content=\"https:\/\/www.prijedordanas.com\/?p=161793\" \/>\n<meta property=\"og:site_name\" content=\"PrijedorDanas.com - Prijedorski gradski portal\" \/>\n<meta property=\"article:publisher\" content=\"https:\/\/www.facebook.com\/PrijedorDanasCom\/\" \/>\n<meta property=\"article:published_time\" content=\"2021-01-26T21:17:49+00:00\" \/>\n<meta property=\"og:image\" content=\"https:\/\/www.prijedordanas.com\/wp-content\/uploads\/2021\/01\/zemljotres-ostecena-kuca-karlica-marini-1-225x300.jpg\" \/>\n<meta name=\"author\" content=\"admin\" \/>\n<meta name=\"twitter:card\" content=\"summary_large_image\" \/>\n<meta name=\"twitter:label1\" content=\"Written by\" \/>\n\t<meta name=\"twitter:data1\" content=\"admin\" \/>\n\t<meta name=\"twitter:label2\" content=\"Est. reading time\" \/>\n\t<meta name=\"twitter:data2\" content=\"2 minutes\" \/>\n<script type=\"application\/ld+json\" class=\"yoast-schema-graph\">{\"@context\":\"https:\/\/schema.org\",\"@graph\":[{\"@type\":\"Article\",\"@id\":\"https:\/\/www.prijedordanas.com\/?p=161793#article\",\"isPartOf\":{\"@id\":\"https:\/\/www.prijedordanas.com\/?p=161793\"},\"author\":{\"name\":\"admin\",\"@id\":\"https:\/\/www.prijedordanas.com\/#\/schema\/person\/4e08ccf29b506ca916ff86d46bb700e6\"},\"headline\":\"Prijedor: Najvi\u0161e o\u0161te\u0107eno ku\u0107a u selu Marini &#8211; FOTO\/VIDEO\",\"datePublished\":\"2021-01-26T21:17:49+00:00\",\"dateModified\":\"2021-01-26T21:17:49+00:00\",\"mainEntityOfPage\":{\"@id\":\"https:\/\/www.prijedordanas.com\/?p=161793\"},\"wordCount\":356,\"publisher\":{\"@id\":\"https:\/\/www.prijedordanas.com\/#organization\"},\"keywords\":[\"o\u0161te\u0107ene ku\u0107e\",\"zemljotres\"],\"articleSection\":[\"Dru\u0161tvo\"],\"inLanguage\":\"en-US\"},{\"@type\":\"WebPage\",\"@id\":\"https:\/\/www.prijedordanas.com\/?p=161793\",\"url\":\"https:\/\/www.prijedordanas.com\/?p=161793\",\"name\":\"Prijedor: Najvi\u0161e o\u0161te\u0107eno ku\u0107a u selu Marini - FOTO\/VIDEO - PrijedorDanas.com - Prijedorski gradski portal\",\"isPartOf\":{\"@id\":\"https:\/\/www.prijedordanas.com\/#website\"},\"datePublished\":\"2021-01-26T21:17:49+00:00\",\"dateModified\":\"2021-01-26T21:17:49+00:00\",\"breadcrumb\":{\"@id\":\"https:\/\/www.prijedordanas.com\/?p=161793#breadcrumb\"},\"inLanguage\":\"en-US\",\"potentialAction\":[{\"@type\":\"ReadAction\",\"target\":[\"https:\/\/www.prijedordanas.com\/?p=161793\"]}]},{\"@type\":\"BreadcrumbList\",\"@id\":\"https:\/\/www.prijedordanas.com\/?p=161793#breadcrumb\",\"itemListElement\":[{\"@type\":\"ListItem\",\"position\":1,\"name\":\"Home\",\"item\":\"https:\/\/www.prijedordanas.com\/\"},{\"@type\":\"ListItem\",\"position\":2,\"name\":\"Prijedor: Najvi\u0161e o\u0161te\u0107eno ku\u0107a u selu Marini &#8211; FOTO\/VIDEO\"}]},{\"@type\":\"WebSite\",\"@id\":\"https:\/\/www.prijedordanas.com\/#website\",\"url\":\"https:\/\/www.prijedordanas.com\/\",\"name\":\"PrijedorDanas.com - Prijedorski gradski portal\",\"description\":\"Portal o doga\u0111anjima u gradu Prijedoru\",\"publisher\":{\"@id\":\"https:\/\/www.prijedordanas.com\/#organization\"},\"potentialAction\":[{\"@type\":\"SearchAction\",\"target\":{\"@type\":\"EntryPoint\",\"urlTemplate\":\"https:\/\/www.prijedordanas.com\/?s={search_term_string}\"},\"query-input\":\"required name=search_term_string\"}],\"inLanguage\":\"en-US\"},{\"@type\":\"Organization\",\"@id\":\"https:\/\/www.prijedordanas.com\/#organization\",\"name\":\"PrijedorDanas.com\",\"url\":\"https:\/\/www.prijedordanas.com\/\",\"logo\":{\"@type\":\"ImageObject\",\"inLanguage\":\"en-US\",\"@id\":\"https:\/\/www.prijedordanas.com\/#\/schema\/logo\/image\/\",\"url\":\"http:\/\/www.prijedordanas.com\/wp-content\/uploads\/2021\/12\/logopng.png\",\"contentUrl\":\"http:\/\/www.prijedordanas.com\/wp-content\/uploads\/2021\/12\/logopng.png\",\"width\":1019,\"height\":776,\"caption\":\"PrijedorDanas.com\"},\"image\":{\"@id\":\"https:\/\/www.prijedordanas.com\/#\/schema\/logo\/image\/\"},\"sameAs\":[\"https:\/\/www.facebook.com\/PrijedorDanasCom\/\"]},{\"@type\":\"Person\",\"@id\":\"https:\/\/www.prijedordanas.com\/#\/schema\/person\/4e08ccf29b506ca916ff86d46bb700e6\",\"name\":\"admin\",\"image\":{\"@type\":\"ImageObject\",\"inLanguage\":\"en-US\",\"@id\":\"https:\/\/www.prijedordanas.com\/#\/schema\/person\/image\/\",\"url\":\"https:\/\/secure.gravatar.com\/avatar\/1d3fc949d550f0b53a5f0d51e06dfd79?s=96&d=mm&r=g\",\"contentUrl\":\"https:\/\/secure.gravatar.com\/avatar\/1d3fc949d550f0b53a5f0d51e06dfd79?s=96&d=mm&r=g\",\"caption\":\"admin\"},\"url\":\"https:\/\/www.prijedordanas.com\/?author=1\"}]}<\/script>\n<!-- \/ Yoast SEO plugin. -->","yoast_head_json":{"title":"Prijedor: Najvi\u0161e o\u0161te\u0107eno ku\u0107a u selu Marini - FOTO\/VIDEO - PrijedorDanas.com - Prijedorski gradski portal","robots":{"index":"index","follow":"follow","max-snippet":"max-snippet:-1","max-image-preview":"max-image-preview:large","max-video-preview":"max-video-preview:-1"},"canonical":"https:\/\/www.prijedordanas.com\/?p=161793","og_locale":"en_US","og_type":"article","og_title":"Prijedor: Najvi\u0161e o\u0161te\u0107eno ku\u0107a u selu Marini - FOTO\/VIDEO - PrijedorDanas.com - Prijedorski gradski portal","og_description":"Na podru\u010dju Prijedora najvi\u0161e ku\u0107a o\u0161te\u0107enih u zemljotresu je u selu Marini koje je svega dvadesetak kilometara udaljeno od Kostajnice, izjavio je danas predsjednik Komisije za procjenu \u0161tete od zemljotresa [&hellip;]","og_url":"https:\/\/www.prijedordanas.com\/?p=161793","og_site_name":"PrijedorDanas.com - Prijedorski gradski portal","article_publisher":"https:\/\/www.facebook.com\/PrijedorDanasCom\/","article_published_time":"2021-01-26T21:17:49+00:00","og_image":[{"url":"https:\/\/www.prijedordanas.com\/wp-content\/uploads\/2021\/01\/zemljotres-ostecena-kuca-karlica-marini-1-225x300.jpg"}],"author":"admin","twitter_card":"summary_large_image","twitter_misc":{"Written by":"admin","Est. reading time":"2 minutes"},"schema":{"@context":"https:\/\/schema.org","@graph":[{"@type":"Article","@id":"https:\/\/www.prijedordanas.com\/?p=161793#article","isPartOf":{"@id":"https:\/\/www.prijedordanas.com\/?p=161793"},"author":{"name":"admin","@id":"https:\/\/www.prijedordanas.com\/#\/schema\/person\/4e08ccf29b506ca916ff86d46bb700e6"},"headline":"Prijedor: Najvi\u0161e o\u0161te\u0107eno ku\u0107a u selu Marini &#8211; FOTO\/VIDEO","datePublished":"2021-01-26T21:17:49+00:00","dateModified":"2021-01-26T21:17:49+00:00","mainEntityOfPage":{"@id":"https:\/\/www.prijedordanas.com\/?p=161793"},"wordCount":356,"publisher":{"@id":"https:\/\/www.prijedordanas.com\/#organization"},"keywords":["o\u0161te\u0107ene ku\u0107e","zemljotres"],"articleSection":["Dru\u0161tvo"],"inLanguage":"en-US"},{"@type":"WebPage","@id":"https:\/\/www.prijedordanas.com\/?p=161793","url":"https:\/\/www.prijedordanas.com\/?p=161793","name":"Prijedor: Najvi\u0161e o\u0161te\u0107eno ku\u0107a u selu Marini - FOTO\/VIDEO - PrijedorDanas.com - Prijedorski gradski portal","isPartOf":{"@id":"https:\/\/www.prijedordanas.com\/#website"},"datePublished":"2021-01-26T21:17:49+00:00","dateModified":"2021-01-26T21:17:49+00:00","breadcrumb":{"@id":"https:\/\/www.prijedordanas.com\/?p=161793#breadcrumb"},"inLanguage":"en-US","potentialAction":[{"@type":"ReadAction","target":["https:\/\/www.prijedordanas.com\/?p=161793"]}]},{"@type":"BreadcrumbList","@id":"https:\/\/www.prijedordanas.com\/?p=161793#breadcrumb","itemListElement":[{"@type":"ListItem","position":1,"name":"Home","item":"https:\/\/www.prijedordanas.com\/"},{"@type":"ListItem","position":2,"name":"Prijedor: Najvi\u0161e o\u0161te\u0107eno ku\u0107a u selu Marini &#8211; FOTO\/VIDEO"}]},{"@type":"WebSite","@id":"https:\/\/www.prijedordanas.com\/#website","url":"https:\/\/www.prijedordanas.com\/","name":"PrijedorDanas.com - Prijedorski gradski portal","description":"Portal o doga\u0111anjima u gradu Prijedoru","publisher":{"@id":"https:\/\/www.prijedordanas.com\/#organization"},"potentialAction":[{"@type":"SearchAction","target":{"@type":"EntryPoint","urlTemplate":"https:\/\/www.prijedordanas.com\/?s={search_term_string}"},"query-input":"required name=search_term_string"}],"inLanguage":"en-US"},{"@type":"Organization","@id":"https:\/\/www.prijedordanas.com\/#organization","name":"PrijedorDanas.com","url":"https:\/\/www.prijedordanas.com\/","logo":{"@type":"ImageObject","inLanguage":"en-US","@id":"https:\/\/www.prijedordanas.com\/#\/schema\/logo\/image\/","url":"http:\/\/www.prijedordanas.com\/wp-content\/uploads\/2021\/12\/logopng.png","contentUrl":"http:\/\/www.prijedordanas.com\/wp-content\/uploads\/2021\/12\/logopng.png","width":1019,"height":776,"caption":"PrijedorDanas.com"},"image":{"@id":"https:\/\/www.prijedordanas.com\/#\/schema\/logo\/image\/"},"sameAs":["https:\/\/www.facebook.com\/PrijedorDanasCom\/"]},{"@type":"Person","@id":"https:\/\/www.prijedordanas.com\/#\/schema\/person\/4e08ccf29b506ca916ff86d46bb700e6","name":"admin","image":{"@type":"ImageObject","inLanguage":"en-US","@id":"https:\/\/www.prijedordanas.com\/#\/schema\/person\/image\/","url":"https:\/\/secure.gravatar.com\/avatar\/1d3fc949d550f0b53a5f0d51e06dfd79?s=96&d=mm&r=g","contentUrl":"https:\/\/secure.gravatar.com\/avatar\/1d3fc949d550f0b53a5f0d51e06dfd79?s=96&d=mm&r=g","caption":"admin"},"url":"https:\/\/www.prijedordanas.com\/?author=1"}]}},"_links":{"self":[{"href":"https:\/\/www.prijedordanas.com\/index.php?rest_route=\/wp\/v2\/posts\/161793"}],"collection":[{"href":"https:\/\/www.prijedordanas.com\/index.php?rest_route=\/wp\/v2\/posts"}],"about":[{"href":"https:\/\/www.prijedordanas.com\/index.php?rest_route=\/wp\/v2\/types\/post"}],"author":[{"embeddable":true,"href":"https:\/\/www.prijedordanas.com\/index.php?rest_route=\/wp\/v2\/users\/1"}],"replies":[{"embeddable":true,"href":"https:\/\/www.prijedordanas.com\/index.php?rest_route=%2Fwp%2Fv2%2Fcomments&post=161793"}],"version-history":[{"count":1,"href":"https:\/\/www.prijedordanas.com\/index.php?rest_route=\/wp\/v2\/posts\/161793\/revisions"}],"predecessor-version":[{"id":161802,"href":"https:\/\/www.prijedordanas.com\/index.php?rest_route=\/wp\/v2\/posts\/161793\/revisions\/161802"}],"wp:attachment":[{"href":"https:\/\/www.prijedordanas.com\/index.php?rest_route=%2Fwp%2Fv2%2Fmedia&parent=161793"}],"wp:term":[{"taxonomy":"category","embeddable":true,"href":"https:\/\/www.prijedordanas.com\/index.php?rest_route=%2Fwp%2Fv2%2Fcategories&post=161793"},{"taxonomy":"post_tag","embeddable":true,"href":"https:\/\/www.prijedordanas.com\/index.php?rest_route=%2Fwp%2Fv2%2Ftags&post=161793"}],"curies":[{"name":"wp","href":"https:\/\/api.w.org\/{rel}","templated":true}]}}