{"id":161738,"date":"2021-01-25T18:13:42","date_gmt":"2021-01-25T17:13:42","guid":{"rendered":"https:\/\/www.prijedordanas.com\/?p=161738"},"modified":"2021-01-25T18:13:42","modified_gmt":"2021-01-25T17:13:42","slug":"prijedor-porodicno-i-nasilje-nad-zenama-multisektorski-tim-upoznat-sa-novim-pravilnikom-o-procjeni-rizika","status":"publish","type":"post","link":"https:\/\/www.prijedordanas.com\/?p=161738","title":{"rendered":"Prijedor &#8211; porodi\u010dno i nasilje nad \u017eenama: Multisektorski tim upoznat sa novim pravilnikom o procjeni rizika"},"content":{"rendered":"<p><a href=\"https:\/\/www.prijedordanas.com\/wp-content\/uploads\/2021\/01\/multisektorski-tim-za-prevenciju-i-borbu-protiv-porodicnog-nasilja-1.jpg\"><img loading=\"lazy\" decoding=\"async\" class=\"alignleft size-medium wp-image-161739\" src=\"https:\/\/www.prijedordanas.com\/wp-content\/uploads\/2021\/01\/multisektorski-tim-za-prevenciju-i-borbu-protiv-porodicnog-nasilja-1-300x225.jpg\" alt=\"\" width=\"300\" height=\"225\" srcset=\"https:\/\/www.prijedordanas.com\/wp-content\/uploads\/2021\/01\/multisektorski-tim-za-prevenciju-i-borbu-protiv-porodicnog-nasilja-1-300x225.jpg 300w, https:\/\/www.prijedordanas.com\/wp-content\/uploads\/2021\/01\/multisektorski-tim-za-prevenciju-i-borbu-protiv-porodicnog-nasilja-1-640x480.jpg 640w, https:\/\/www.prijedordanas.com\/wp-content\/uploads\/2021\/01\/multisektorski-tim-za-prevenciju-i-borbu-protiv-porodicnog-nasilja-1.jpg 667w\" sizes=\"(max-width: 300px) 100vw, 300px\" \/><\/a>Multisektorski tim za prevenciju i borbu protiv porodi\u010dnog i nasilja nad \u017eenama grada Prijedora upoznao se danas sa Pravilnikom o postupku i na\u010dinu sprovo\u0111enja procjene rizika &#8211; aktom Ministarstva unutra\u0161njih poslova Republike Srpske koji je proiza\u0161ao iz novog Zakona o za\u0161titi od nasilja u porodici Srpske, a koji je od ovog mjeseca stupio na snagu.<\/p>\n<p>Pomo\u0107nik na\u010delnika Policijske uprave Prijedor Zoran In\u0111i\u0107 pozvao je sve subjekte za\u0161tite da se upoznaju sa novim aktom i da svako doprinese njegovom za\u017eivljavanju, isti\u010du\u0107i da je policija i do sada obavljala takve aktivnosti i sprovodila obuke policijskih slu\u017ebenika jo\u0161 od 2003. godine za rad u ovoj osjetljivoj oblasti, a da su sada postupci detaljno formalizovani i uniformni, te da se o\u010dekuje dodatna obuka zbog novina u zakonskim i podzakonskim aktima.<\/p>\n<p>&#8220;Predla\u017eem timu da se zapisnici sa ovih redovnih sastanaka proslje\u0111uju u roku ne du\u017eem od dva-tri dana, da se na narednim sastancima sumiraju i informacije \u0161ta je od zabilje\u017eenih slu\u010dajeva oti\u0161lo ka tu\u017eila\u0161tvu, a \u0161ta, eventualno, iz tu\u017eila\u0161tva obustavljeno, kao i da se odr\u017ei zajedni\u010dki sastanak sa predstavnicima sudova i tu\u017eila\u0161tva&#8221;, rekao je In\u0111i\u0107.<\/p>\n<p><a href=\"https:\/\/www.prijedordanas.com\/wp-content\/uploads\/2021\/01\/multisektorski-tim-za-prevenciju-i-borbu-protiv-porodicnog-nasilja-2.jpg\"><img loading=\"lazy\" decoding=\"async\" src=\"https:\/\/www.prijedordanas.com\/wp-content\/uploads\/2021\/01\/multisektorski-tim-za-prevenciju-i-borbu-protiv-porodicnog-nasilja-2-300x225.jpg\" alt=\"\" width=\"300\" height=\"225\" class=\"alignleft size-medium wp-image-161740\" srcset=\"https:\/\/www.prijedordanas.com\/wp-content\/uploads\/2021\/01\/multisektorski-tim-za-prevenciju-i-borbu-protiv-porodicnog-nasilja-2-300x225.jpg 300w, https:\/\/www.prijedordanas.com\/wp-content\/uploads\/2021\/01\/multisektorski-tim-za-prevenciju-i-borbu-protiv-porodicnog-nasilja-2-640x480.jpg 640w, https:\/\/www.prijedordanas.com\/wp-content\/uploads\/2021\/01\/multisektorski-tim-za-prevenciju-i-borbu-protiv-porodicnog-nasilja-2.jpg 667w\" sizes=\"(max-width: 300px) 100vw, 300px\" \/><\/a>Psihijatar iz Centra za mentalno zdravlje Prijedor primarijus doktor Goran Ra\u010detovi\u0107, koji je koordinator Doma zdravlja za ova pitanja, rekao je da je novi akt o procjeni rizika dobar za policijske slu\u017ebenike koji rade na terenu, na prvoj liniji i kojima je to u opisu posla.<\/p>\n<p>&#8220;Oni kao profesionalci mogu biti rastere\u0107eni da li su uradili ne\u0161to adekvatno ili nisu po ovom pitanju, a to je da kroz set jednostavnih pitanja mogu sami procijeniti da li postoji odre\u0111eni stepen rizika, tako da se uz pomo\u0107 toga mo\u017ee lak\u0161e do\u0107i do nekih mehanizama za\u0161tite \u017ertava nasilja, uz sve druge mogu\u0107nosti koje zakon nudi&#8221;, naveo je Ra\u010detovi\u0107.<\/p>\n<p>On je naglasio da ovo nije specifi\u010dna, medicinska procjena li\u010dnosti po\u010dinioca nasilja, za \u0161ta bi bile potrebne druge profesije i znatno du\u017ei period, ve\u0107 osnovna procjena rizika &#8211; da li se ne\u0161to mo\u017ee dogoditi, ponoviti ili iskomplikovati.<\/p>\n<p>&#8220;Na taj na\u010din, a u komunikaciji sa licem za koje se rizik procjenjuje, kao i sa licima iz njegovog okru\u017eenja, dolazi se do procjene stepena rizika, da li je nizak, umjeren ili visok&#8221;, dodao je Ra\u010detovi\u0107.<\/p>\n<p>Centar za socijalni rad Prijedor u decembru je zabilje\u017eio osam prijava nasilja u porodici, Policijska uprava \u0161est, Dom zdravlja jedan, dok ostali subjekti za\u0161tite \u017ertava porodi\u010dnog nasilja nisu imali evidentiranih prijava u decembru. Brojevi se ne podudaraju, niti se njihovim zbrajanjem dobija precizan ukupan broj, a to je zbog toga \u0161to svaka institucija ima svoju metodologiju evidencije.<\/p>\n<p>Redovni mjese\u010dni sastanak tima odr\u017ean je danas u prostorijama Policijske uprave Prijedor, a prisustvovali su mu \u010dlanovi iz svih sedam subjekata koji su potpisnici Protokola o postupanju s ciljem za\u0161tite i zbrinjavanja \u017ertava porodi\u010dnog nasilja, akta koji grad Prijedor ima od 2010. godine.<\/p>\n<p>Tim \u010dine predstavnici Policijske uprave Prijedor, Centra za socijalni rad, Doma zdravlja, bolnice &#8220;Dr Mladen Stojanovi\u0107&#8221;, Centra &#8220;Sunce&#8221; i aktiva direktora osnovnih i srednjih \u0161kola.<\/p>\n<p>Povremeno sastancima prisustvuju predstavnici Tu\u017eila\u0161tva, a od danas je \u010dlan tima i jedan predstavnik medijske zajednice, zahvaljuju\u0107i projektu &#8220;Lokalno novinarstvo i izvje\u0161tavanje o nasilju nad \u017eenama i nasilju u porodici&#8221;, koji Agencija UN za rodnu ravnopravnost i osna\u017eivanje \u017eena i Medija centar Sarajevo realizuju u Prijedoru i u jo\u0161 deset lokalnih zajednica u BiH.<\/p>\n<p>SRNA<\/p>\n","protected":false},"excerpt":{"rendered":"<p>Multisektorski tim za prevenciju i borbu protiv porodi\u010dnog i nasilja nad \u017eenama grada Prijedora upoznao se danas sa Pravilnikom o postupku i na\u010dinu sprovo\u0111enja procjene rizika &#8211; aktom Ministarstva unutra\u0161njih [&hellip;]<\/p>\n","protected":false},"author":1,"featured_media":0,"comment_status":"closed","ping_status":"open","sticky":false,"template":"","format":"standard","meta":{"_monsterinsights_skip_tracking":false,"_monsterinsights_sitenote_active":false,"_monsterinsights_sitenote_note":"","_monsterinsights_sitenote_category":0,"footnotes":""},"categories":[8],"tags":[],"yoast_head":"<!-- This site is optimized with the Yoast SEO plugin v21.6 - https:\/\/yoast.com\/wordpress\/plugins\/seo\/ -->\n<title>Prijedor - porodi\u010dno i nasilje nad \u017eenama: Multisektorski tim upoznat sa novim pravilnikom o procjeni rizika - PrijedorDanas.com - Prijedorski gradski portal<\/title>\n<meta name=\"robots\" content=\"index, follow, max-snippet:-1, max-image-preview:large, max-video-preview:-1\" \/>\n<link rel=\"canonical\" href=\"https:\/\/www.prijedordanas.com\/?p=161738\" \/>\n<meta property=\"og:locale\" content=\"en_US\" \/>\n<meta property=\"og:type\" content=\"article\" \/>\n<meta property=\"og:title\" content=\"Prijedor - porodi\u010dno i nasilje nad \u017eenama: Multisektorski tim upoznat sa novim pravilnikom o procjeni rizika - PrijedorDanas.com - Prijedorski gradski portal\" \/>\n<meta property=\"og:description\" content=\"Multisektorski tim za prevenciju i borbu protiv porodi\u010dnog i nasilja nad \u017eenama grada Prijedora upoznao se danas sa Pravilnikom o postupku i na\u010dinu sprovo\u0111enja procjene rizika &#8211; aktom Ministarstva unutra\u0161njih [&hellip;]\" \/>\n<meta property=\"og:url\" content=\"https:\/\/www.prijedordanas.com\/?p=161738\" \/>\n<meta property=\"og:site_name\" content=\"PrijedorDanas.com - Prijedorski gradski portal\" \/>\n<meta property=\"article:publisher\" content=\"https:\/\/www.facebook.com\/PrijedorDanasCom\/\" \/>\n<meta property=\"article:published_time\" content=\"2021-01-25T17:13:42+00:00\" \/>\n<meta property=\"og:image\" content=\"https:\/\/www.prijedordanas.com\/wp-content\/uploads\/2021\/01\/multisektorski-tim-za-prevenciju-i-borbu-protiv-porodicnog-nasilja-1-300x225.jpg\" \/>\n<meta name=\"author\" content=\"admin\" \/>\n<meta name=\"twitter:card\" content=\"summary_large_image\" \/>\n<meta name=\"twitter:label1\" content=\"Written by\" \/>\n\t<meta name=\"twitter:data1\" content=\"admin\" \/>\n\t<meta name=\"twitter:label2\" content=\"Est. reading time\" \/>\n\t<meta name=\"twitter:data2\" content=\"3 minutes\" \/>\n<script type=\"application\/ld+json\" class=\"yoast-schema-graph\">{\"@context\":\"https:\/\/schema.org\",\"@graph\":[{\"@type\":\"Article\",\"@id\":\"https:\/\/www.prijedordanas.com\/?p=161738#article\",\"isPartOf\":{\"@id\":\"https:\/\/www.prijedordanas.com\/?p=161738\"},\"author\":{\"name\":\"admin\",\"@id\":\"https:\/\/www.prijedordanas.com\/#\/schema\/person\/4e08ccf29b506ca916ff86d46bb700e6\"},\"headline\":\"Prijedor &#8211; porodi\u010dno i nasilje nad \u017eenama: Multisektorski tim upoznat sa novim pravilnikom o procjeni rizika\",\"datePublished\":\"2021-01-25T17:13:42+00:00\",\"dateModified\":\"2021-01-25T17:13:42+00:00\",\"mainEntityOfPage\":{\"@id\":\"https:\/\/www.prijedordanas.com\/?p=161738\"},\"wordCount\":615,\"publisher\":{\"@id\":\"https:\/\/www.prijedordanas.com\/#organization\"},\"articleSection\":[\"Svakodnevno\"],\"inLanguage\":\"en-US\"},{\"@type\":\"WebPage\",\"@id\":\"https:\/\/www.prijedordanas.com\/?p=161738\",\"url\":\"https:\/\/www.prijedordanas.com\/?p=161738\",\"name\":\"Prijedor - porodi\u010dno i nasilje nad \u017eenama: Multisektorski tim upoznat sa novim pravilnikom o procjeni rizika - PrijedorDanas.com - Prijedorski gradski portal\",\"isPartOf\":{\"@id\":\"https:\/\/www.prijedordanas.com\/#website\"},\"datePublished\":\"2021-01-25T17:13:42+00:00\",\"dateModified\":\"2021-01-25T17:13:42+00:00\",\"breadcrumb\":{\"@id\":\"https:\/\/www.prijedordanas.com\/?p=161738#breadcrumb\"},\"inLanguage\":\"en-US\",\"potentialAction\":[{\"@type\":\"ReadAction\",\"target\":[\"https:\/\/www.prijedordanas.com\/?p=161738\"]}]},{\"@type\":\"BreadcrumbList\",\"@id\":\"https:\/\/www.prijedordanas.com\/?p=161738#breadcrumb\",\"itemListElement\":[{\"@type\":\"ListItem\",\"position\":1,\"name\":\"Home\",\"item\":\"https:\/\/www.prijedordanas.com\/\"},{\"@type\":\"ListItem\",\"position\":2,\"name\":\"Prijedor &#8211; porodi\u010dno i nasilje nad \u017eenama: Multisektorski tim upoznat sa novim pravilnikom o procjeni rizika\"}]},{\"@type\":\"WebSite\",\"@id\":\"https:\/\/www.prijedordanas.com\/#website\",\"url\":\"https:\/\/www.prijedordanas.com\/\",\"name\":\"PrijedorDanas.com - Prijedorski gradski portal\",\"description\":\"Portal o doga\u0111anjima u gradu Prijedoru\",\"publisher\":{\"@id\":\"https:\/\/www.prijedordanas.com\/#organization\"},\"potentialAction\":[{\"@type\":\"SearchAction\",\"target\":{\"@type\":\"EntryPoint\",\"urlTemplate\":\"https:\/\/www.prijedordanas.com\/?s={search_term_string}\"},\"query-input\":\"required name=search_term_string\"}],\"inLanguage\":\"en-US\"},{\"@type\":\"Organization\",\"@id\":\"https:\/\/www.prijedordanas.com\/#organization\",\"name\":\"PrijedorDanas.com\",\"url\":\"https:\/\/www.prijedordanas.com\/\",\"logo\":{\"@type\":\"ImageObject\",\"inLanguage\":\"en-US\",\"@id\":\"https:\/\/www.prijedordanas.com\/#\/schema\/logo\/image\/\",\"url\":\"http:\/\/www.prijedordanas.com\/wp-content\/uploads\/2021\/12\/logopng.png\",\"contentUrl\":\"http:\/\/www.prijedordanas.com\/wp-content\/uploads\/2021\/12\/logopng.png\",\"width\":1019,\"height\":776,\"caption\":\"PrijedorDanas.com\"},\"image\":{\"@id\":\"https:\/\/www.prijedordanas.com\/#\/schema\/logo\/image\/\"},\"sameAs\":[\"https:\/\/www.facebook.com\/PrijedorDanasCom\/\"]},{\"@type\":\"Person\",\"@id\":\"https:\/\/www.prijedordanas.com\/#\/schema\/person\/4e08ccf29b506ca916ff86d46bb700e6\",\"name\":\"admin\",\"image\":{\"@type\":\"ImageObject\",\"inLanguage\":\"en-US\",\"@id\":\"https:\/\/www.prijedordanas.com\/#\/schema\/person\/image\/\",\"url\":\"https:\/\/secure.gravatar.com\/avatar\/1d3fc949d550f0b53a5f0d51e06dfd79?s=96&d=mm&r=g\",\"contentUrl\":\"https:\/\/secure.gravatar.com\/avatar\/1d3fc949d550f0b53a5f0d51e06dfd79?s=96&d=mm&r=g\",\"caption\":\"admin\"},\"url\":\"https:\/\/www.prijedordanas.com\/?author=1\"}]}<\/script>\n<!-- \/ Yoast SEO plugin. -->","yoast_head_json":{"title":"Prijedor - porodi\u010dno i nasilje nad \u017eenama: Multisektorski tim upoznat sa novim pravilnikom o procjeni rizika - PrijedorDanas.com - Prijedorski gradski portal","robots":{"index":"index","follow":"follow","max-snippet":"max-snippet:-1","max-image-preview":"max-image-preview:large","max-video-preview":"max-video-preview:-1"},"canonical":"https:\/\/www.prijedordanas.com\/?p=161738","og_locale":"en_US","og_type":"article","og_title":"Prijedor - porodi\u010dno i nasilje nad \u017eenama: Multisektorski tim upoznat sa novim pravilnikom o procjeni rizika - PrijedorDanas.com - Prijedorski gradski portal","og_description":"Multisektorski tim za prevenciju i borbu protiv porodi\u010dnog i nasilja nad \u017eenama grada Prijedora upoznao se danas sa Pravilnikom o postupku i na\u010dinu sprovo\u0111enja procjene rizika &#8211; aktom Ministarstva unutra\u0161njih [&hellip;]","og_url":"https:\/\/www.prijedordanas.com\/?p=161738","og_site_name":"PrijedorDanas.com - Prijedorski gradski portal","article_publisher":"https:\/\/www.facebook.com\/PrijedorDanasCom\/","article_published_time":"2021-01-25T17:13:42+00:00","og_image":[{"url":"https:\/\/www.prijedordanas.com\/wp-content\/uploads\/2021\/01\/multisektorski-tim-za-prevenciju-i-borbu-protiv-porodicnog-nasilja-1-300x225.jpg"}],"author":"admin","twitter_card":"summary_large_image","twitter_misc":{"Written by":"admin","Est. reading time":"3 minutes"},"schema":{"@context":"https:\/\/schema.org","@graph":[{"@type":"Article","@id":"https:\/\/www.prijedordanas.com\/?p=161738#article","isPartOf":{"@id":"https:\/\/www.prijedordanas.com\/?p=161738"},"author":{"name":"admin","@id":"https:\/\/www.prijedordanas.com\/#\/schema\/person\/4e08ccf29b506ca916ff86d46bb700e6"},"headline":"Prijedor &#8211; porodi\u010dno i nasilje nad \u017eenama: Multisektorski tim upoznat sa novim pravilnikom o procjeni rizika","datePublished":"2021-01-25T17:13:42+00:00","dateModified":"2021-01-25T17:13:42+00:00","mainEntityOfPage":{"@id":"https:\/\/www.prijedordanas.com\/?p=161738"},"wordCount":615,"publisher":{"@id":"https:\/\/www.prijedordanas.com\/#organization"},"articleSection":["Svakodnevno"],"inLanguage":"en-US"},{"@type":"WebPage","@id":"https:\/\/www.prijedordanas.com\/?p=161738","url":"https:\/\/www.prijedordanas.com\/?p=161738","name":"Prijedor - porodi\u010dno i nasilje nad \u017eenama: Multisektorski tim upoznat sa novim pravilnikom o procjeni rizika - PrijedorDanas.com - Prijedorski gradski portal","isPartOf":{"@id":"https:\/\/www.prijedordanas.com\/#website"},"datePublished":"2021-01-25T17:13:42+00:00","dateModified":"2021-01-25T17:13:42+00:00","breadcrumb":{"@id":"https:\/\/www.prijedordanas.com\/?p=161738#breadcrumb"},"inLanguage":"en-US","potentialAction":[{"@type":"ReadAction","target":["https:\/\/www.prijedordanas.com\/?p=161738"]}]},{"@type":"BreadcrumbList","@id":"https:\/\/www.prijedordanas.com\/?p=161738#breadcrumb","itemListElement":[{"@type":"ListItem","position":1,"name":"Home","item":"https:\/\/www.prijedordanas.com\/"},{"@type":"ListItem","position":2,"name":"Prijedor &#8211; porodi\u010dno i nasilje nad \u017eenama: Multisektorski tim upoznat sa novim pravilnikom o procjeni rizika"}]},{"@type":"WebSite","@id":"https:\/\/www.prijedordanas.com\/#website","url":"https:\/\/www.prijedordanas.com\/","name":"PrijedorDanas.com - Prijedorski gradski portal","description":"Portal o doga\u0111anjima u gradu Prijedoru","publisher":{"@id":"https:\/\/www.prijedordanas.com\/#organization"},"potentialAction":[{"@type":"SearchAction","target":{"@type":"EntryPoint","urlTemplate":"https:\/\/www.prijedordanas.com\/?s={search_term_string}"},"query-input":"required name=search_term_string"}],"inLanguage":"en-US"},{"@type":"Organization","@id":"https:\/\/www.prijedordanas.com\/#organization","name":"PrijedorDanas.com","url":"https:\/\/www.prijedordanas.com\/","logo":{"@type":"ImageObject","inLanguage":"en-US","@id":"https:\/\/www.prijedordanas.com\/#\/schema\/logo\/image\/","url":"http:\/\/www.prijedordanas.com\/wp-content\/uploads\/2021\/12\/logopng.png","contentUrl":"http:\/\/www.prijedordanas.com\/wp-content\/uploads\/2021\/12\/logopng.png","width":1019,"height":776,"caption":"PrijedorDanas.com"},"image":{"@id":"https:\/\/www.prijedordanas.com\/#\/schema\/logo\/image\/"},"sameAs":["https:\/\/www.facebook.com\/PrijedorDanasCom\/"]},{"@type":"Person","@id":"https:\/\/www.prijedordanas.com\/#\/schema\/person\/4e08ccf29b506ca916ff86d46bb700e6","name":"admin","image":{"@type":"ImageObject","inLanguage":"en-US","@id":"https:\/\/www.prijedordanas.com\/#\/schema\/person\/image\/","url":"https:\/\/secure.gravatar.com\/avatar\/1d3fc949d550f0b53a5f0d51e06dfd79?s=96&d=mm&r=g","contentUrl":"https:\/\/secure.gravatar.com\/avatar\/1d3fc949d550f0b53a5f0d51e06dfd79?s=96&d=mm&r=g","caption":"admin"},"url":"https:\/\/www.prijedordanas.com\/?author=1"}]}},"_links":{"self":[{"href":"https:\/\/www.prijedordanas.com\/index.php?rest_route=\/wp\/v2\/posts\/161738"}],"collection":[{"href":"https:\/\/www.prijedordanas.com\/index.php?rest_route=\/wp\/v2\/posts"}],"about":[{"href":"https:\/\/www.prijedordanas.com\/index.php?rest_route=\/wp\/v2\/types\/post"}],"author":[{"embeddable":true,"href":"https:\/\/www.prijedordanas.com\/index.php?rest_route=\/wp\/v2\/users\/1"}],"replies":[{"embeddable":true,"href":"https:\/\/www.prijedordanas.com\/index.php?rest_route=%2Fwp%2Fv2%2Fcomments&post=161738"}],"version-history":[{"count":1,"href":"https:\/\/www.prijedordanas.com\/index.php?rest_route=\/wp\/v2\/posts\/161738\/revisions"}],"predecessor-version":[{"id":161741,"href":"https:\/\/www.prijedordanas.com\/index.php?rest_route=\/wp\/v2\/posts\/161738\/revisions\/161741"}],"wp:attachment":[{"href":"https:\/\/www.prijedordanas.com\/index.php?rest_route=%2Fwp%2Fv2%2Fmedia&parent=161738"}],"wp:term":[{"taxonomy":"category","embeddable":true,"href":"https:\/\/www.prijedordanas.com\/index.php?rest_route=%2Fwp%2Fv2%2Fcategories&post=161738"},{"taxonomy":"post_tag","embeddable":true,"href":"https:\/\/www.prijedordanas.com\/index.php?rest_route=%2Fwp%2Fv2%2Ftags&post=161738"}],"curies":[{"name":"wp","href":"https:\/\/api.w.org\/{rel}","templated":true}]}}