{"id":161670,"date":"2021-01-24T13:23:49","date_gmt":"2021-01-24T12:23:49","guid":{"rendered":"https:\/\/www.prijedordanas.com\/?p=161670"},"modified":"2021-01-24T13:23:49","modified_gmt":"2021-01-24T12:23:49","slug":"kozara-prvi-put-dobija-velnes-i-spa-sadrzaje","status":"publish","type":"post","link":"https:\/\/www.prijedordanas.com\/?p=161670","title":{"rendered":"Kozara prvi put dobija velnes i spa sadr\u017eaje"},"content":{"rendered":"<p><a href=\"https:\/\/www.prijedordanas.com\/wp-content\/uploads\/2021\/01\/motel-bijele-vode.jpg\"><img loading=\"lazy\" decoding=\"async\" src=\"https:\/\/www.prijedordanas.com\/wp-content\/uploads\/2021\/01\/motel-bijele-vode-300x225.jpg\" alt=\"\" width=\"300\" height=\"225\" class=\"alignleft size-medium wp-image-161671\" srcset=\"https:\/\/www.prijedordanas.com\/wp-content\/uploads\/2021\/01\/motel-bijele-vode-300x225.jpg 300w, https:\/\/www.prijedordanas.com\/wp-content\/uploads\/2021\/01\/motel-bijele-vode-640x480.jpg 640w, https:\/\/www.prijedordanas.com\/wp-content\/uploads\/2021\/01\/motel-bijele-vode.jpg 667w\" sizes=\"(max-width: 300px) 100vw, 300px\" \/><\/a>Planinski motel &#8220;Bijele vode&#8221; u srcu Nacionalnog parka &#8220;Kozara&#8221; planira da pro\u0161iri smje\u0161tajne kapacitete sa sada\u0161njih 11 soba na oko 60 le\u017eaja, te da uvede nove sadr\u017eaje, poput zatvorenog bazena, dok \u0107e restoranski kapacitet ostati isti &#8211; do stotinu gostiju.<\/p>\n<p>&#8211; Namjera nam je da prerastemo u butik-hotel \u010dija je prednost u intimnijoj atmosferi i gdje se svakom gostu poklanja pa\u017enja. Osim novih sadr\u017eaja za velnes i spa, ima\u0107e i konferencijsku salu za taj broj ljudi &#8211; rekao je Srni rukovodilac marketinga u ovom motelu Vladislav Mirkovi\u0107.<\/p>\n<p>On je naveo da je po\u010detak gradnje bio planiran za mart pro\u0161le godine, ali ga je odgodila epidemija virusa korona, te da, prema sada\u0161njim planovima, radovi treba da po\u010dnu u ovoj, a zavr\u0161e se u idu\u0107oj godini, ako ne bi bilo nepredvi\u0111enih okolnosti.<\/p>\n<p>&#8211; Mi ne idemo na brojnost, mi idemo na kvalitet i svojim gostima nudimo moderan smje\u0161taj i vrhunsku nacionalnu kuhinju, a sada i kvalitetne prate\u0107e sadr\u017eaje. Kroz ovu investiciju, ali i kroz u\u010de\u0161\u0107e u projektima poput aktuelnog `Fil Kozara`, razvijamo turizam kao primarnu, a ne tercijarnu djelatnost, i to na na\u010din da insistiramo na ponudi turisti\u010dkih proizvoda 365 dana u godini, a ne samo vikendom i ne samo sezonski &#8211; istakao je Mirkovi\u0107.<\/p>\n<p>Projekat &#8220;Fil Kozara&#8221; iz programa &#8220;EU for biznis&#8221; vrijedan je vi\u0161e od 450.000 KM, a partneri su Agencija za ekonomski razvoj grada Prijedora &#8220;PREDA-PD&#8221;, Nacionalni park &#8220;Kozara&#8221;, Turisti\u010dka organizacija grada Prijedora, Biciklisti\u010dki klub &#8220;Prosajkling&#8221;, Planinarsko dru\u0161tvo &#8220;Klekova\u010da&#8221;, motel &#8220;Bijele vode&#8221; i &#8220;Elta medija&#8221; Banjaluka.<\/p>\n<p>&#8211; Masovne posjete Kozari, kakve smo imali pro\u0161log vikenda kada je bilo skijanja, ali isto tako i u vikende bez snijega, nisu pravilo nego izuzetak uslovljen pandemijom. I dobro je da nisu pravilo jer bi to bio prevelik pritisak na planinu, a tu ne smije biti kompromisa &#8211; smatra Mirkovi\u0107.<\/p>\n<p>Prema njegovim rije\u010dima, omasovljavanje ne smije biti strate\u0161ki cilj jer je Kozara nacionalni park i turisti\u010dka ponuda mora biti uravnote\u017eena sa prirodnim i kulturno-istorijskim naslje\u0111em i treba se razvijati na na\u010din da bude umjereno posje\u0107ena \u0161to ve\u0107i broj radnih dana u godini, te u jesen i prolje\u0107e jednako kao zimi i ljeti.<\/p>\n<p>&#8211; Ova planina ne mo\u017ee biti kao olimpijska \u0408ahorina jer sa oko 800 metara nadmorske visine u protekloj deceniji ima 18 skija\u0161kih dana godi\u0161nje, a ne mo\u017ee biti ni kao Tesli\u0107 jer je tamo banjski turizam duga tradicija. Tokom pandemije sva doma\u0107a izleti\u0161ta jesu zabilje\u017eila ve\u0107i broj posjeta, ali to ne mo\u017ee biti parametar za dugoro\u010dno planiranje jer je pandemija privremenog karaktera &#8211; ocijenio je Mirkovi\u0107.<\/p>\n<p>SRNA<br \/>\nFoto &#8211; Motel Bijele vode<\/p>\n","protected":false},"excerpt":{"rendered":"<p>Planinski motel &#8220;Bijele vode&#8221; u srcu Nacionalnog parka &#8220;Kozara&#8221; planira da pro\u0161iri smje\u0161tajne kapacitete sa sada\u0161njih 11 soba na oko 60 le\u017eaja, te da uvede nove sadr\u017eaje, poput zatvorenog bazena, [&hellip;]<\/p>\n","protected":false},"author":1,"featured_media":0,"comment_status":"closed","ping_status":"open","sticky":false,"template":"","format":"standard","meta":{"_monsterinsights_skip_tracking":false,"_monsterinsights_sitenote_active":false,"_monsterinsights_sitenote_note":"","_monsterinsights_sitenote_category":0,"footnotes":""},"categories":[3],"tags":[427],"yoast_head":"<!-- This site is optimized with the Yoast SEO plugin v21.6 - https:\/\/yoast.com\/wordpress\/plugins\/seo\/ -->\n<title>Kozara prvi put dobija velnes i spa sadr\u017eaje - PrijedorDanas.com - Prijedorski gradski portal<\/title>\n<meta name=\"robots\" content=\"index, follow, max-snippet:-1, max-image-preview:large, max-video-preview:-1\" \/>\n<link rel=\"canonical\" href=\"https:\/\/www.prijedordanas.com\/?p=161670\" \/>\n<meta property=\"og:locale\" content=\"en_US\" \/>\n<meta property=\"og:type\" content=\"article\" \/>\n<meta property=\"og:title\" content=\"Kozara prvi put dobija velnes i spa sadr\u017eaje - PrijedorDanas.com - Prijedorski gradski portal\" \/>\n<meta property=\"og:description\" content=\"Planinski motel &#8220;Bijele vode&#8221; u srcu Nacionalnog parka &#8220;Kozara&#8221; planira da pro\u0161iri smje\u0161tajne kapacitete sa sada\u0161njih 11 soba na oko 60 le\u017eaja, te da uvede nove sadr\u017eaje, poput zatvorenog bazena, [&hellip;]\" \/>\n<meta property=\"og:url\" content=\"https:\/\/www.prijedordanas.com\/?p=161670\" \/>\n<meta property=\"og:site_name\" content=\"PrijedorDanas.com - Prijedorski gradski portal\" \/>\n<meta property=\"article:publisher\" content=\"https:\/\/www.facebook.com\/PrijedorDanasCom\/\" \/>\n<meta property=\"article:published_time\" content=\"2021-01-24T12:23:49+00:00\" \/>\n<meta property=\"og:image\" content=\"https:\/\/www.prijedordanas.com\/wp-content\/uploads\/2021\/01\/motel-bijele-vode-300x225.jpg\" \/>\n<meta name=\"author\" content=\"admin\" \/>\n<meta name=\"twitter:card\" content=\"summary_large_image\" \/>\n<meta name=\"twitter:label1\" content=\"Written by\" \/>\n\t<meta name=\"twitter:data1\" content=\"admin\" \/>\n\t<meta name=\"twitter:label2\" content=\"Est. reading time\" \/>\n\t<meta name=\"twitter:data2\" content=\"2 minutes\" \/>\n<script type=\"application\/ld+json\" class=\"yoast-schema-graph\">{\"@context\":\"https:\/\/schema.org\",\"@graph\":[{\"@type\":\"Article\",\"@id\":\"https:\/\/www.prijedordanas.com\/?p=161670#article\",\"isPartOf\":{\"@id\":\"https:\/\/www.prijedordanas.com\/?p=161670\"},\"author\":{\"name\":\"admin\",\"@id\":\"https:\/\/www.prijedordanas.com\/#\/schema\/person\/4e08ccf29b506ca916ff86d46bb700e6\"},\"headline\":\"Kozara prvi put dobija velnes i spa sadr\u017eaje\",\"datePublished\":\"2021-01-24T12:23:49+00:00\",\"dateModified\":\"2021-01-24T12:23:49+00:00\",\"mainEntityOfPage\":{\"@id\":\"https:\/\/www.prijedordanas.com\/?p=161670\"},\"wordCount\":471,\"publisher\":{\"@id\":\"https:\/\/www.prijedordanas.com\/#organization\"},\"keywords\":[\"Kozara\"],\"articleSection\":[\"\u017divot\"],\"inLanguage\":\"en-US\"},{\"@type\":\"WebPage\",\"@id\":\"https:\/\/www.prijedordanas.com\/?p=161670\",\"url\":\"https:\/\/www.prijedordanas.com\/?p=161670\",\"name\":\"Kozara prvi put dobija velnes i spa sadr\u017eaje - PrijedorDanas.com - Prijedorski gradski portal\",\"isPartOf\":{\"@id\":\"https:\/\/www.prijedordanas.com\/#website\"},\"datePublished\":\"2021-01-24T12:23:49+00:00\",\"dateModified\":\"2021-01-24T12:23:49+00:00\",\"breadcrumb\":{\"@id\":\"https:\/\/www.prijedordanas.com\/?p=161670#breadcrumb\"},\"inLanguage\":\"en-US\",\"potentialAction\":[{\"@type\":\"ReadAction\",\"target\":[\"https:\/\/www.prijedordanas.com\/?p=161670\"]}]},{\"@type\":\"BreadcrumbList\",\"@id\":\"https:\/\/www.prijedordanas.com\/?p=161670#breadcrumb\",\"itemListElement\":[{\"@type\":\"ListItem\",\"position\":1,\"name\":\"Home\",\"item\":\"https:\/\/www.prijedordanas.com\/\"},{\"@type\":\"ListItem\",\"position\":2,\"name\":\"Kozara prvi put dobija velnes i spa sadr\u017eaje\"}]},{\"@type\":\"WebSite\",\"@id\":\"https:\/\/www.prijedordanas.com\/#website\",\"url\":\"https:\/\/www.prijedordanas.com\/\",\"name\":\"PrijedorDanas.com - Prijedorski gradski portal\",\"description\":\"Portal o doga\u0111anjima u gradu Prijedoru\",\"publisher\":{\"@id\":\"https:\/\/www.prijedordanas.com\/#organization\"},\"potentialAction\":[{\"@type\":\"SearchAction\",\"target\":{\"@type\":\"EntryPoint\",\"urlTemplate\":\"https:\/\/www.prijedordanas.com\/?s={search_term_string}\"},\"query-input\":\"required name=search_term_string\"}],\"inLanguage\":\"en-US\"},{\"@type\":\"Organization\",\"@id\":\"https:\/\/www.prijedordanas.com\/#organization\",\"name\":\"PrijedorDanas.com\",\"url\":\"https:\/\/www.prijedordanas.com\/\",\"logo\":{\"@type\":\"ImageObject\",\"inLanguage\":\"en-US\",\"@id\":\"https:\/\/www.prijedordanas.com\/#\/schema\/logo\/image\/\",\"url\":\"http:\/\/www.prijedordanas.com\/wp-content\/uploads\/2021\/12\/logopng.png\",\"contentUrl\":\"http:\/\/www.prijedordanas.com\/wp-content\/uploads\/2021\/12\/logopng.png\",\"width\":1019,\"height\":776,\"caption\":\"PrijedorDanas.com\"},\"image\":{\"@id\":\"https:\/\/www.prijedordanas.com\/#\/schema\/logo\/image\/\"},\"sameAs\":[\"https:\/\/www.facebook.com\/PrijedorDanasCom\/\"]},{\"@type\":\"Person\",\"@id\":\"https:\/\/www.prijedordanas.com\/#\/schema\/person\/4e08ccf29b506ca916ff86d46bb700e6\",\"name\":\"admin\",\"image\":{\"@type\":\"ImageObject\",\"inLanguage\":\"en-US\",\"@id\":\"https:\/\/www.prijedordanas.com\/#\/schema\/person\/image\/\",\"url\":\"https:\/\/secure.gravatar.com\/avatar\/1d3fc949d550f0b53a5f0d51e06dfd79?s=96&d=mm&r=g\",\"contentUrl\":\"https:\/\/secure.gravatar.com\/avatar\/1d3fc949d550f0b53a5f0d51e06dfd79?s=96&d=mm&r=g\",\"caption\":\"admin\"},\"url\":\"https:\/\/www.prijedordanas.com\/?author=1\"}]}<\/script>\n<!-- \/ Yoast SEO plugin. -->","yoast_head_json":{"title":"Kozara prvi put dobija velnes i spa sadr\u017eaje - PrijedorDanas.com - Prijedorski gradski portal","robots":{"index":"index","follow":"follow","max-snippet":"max-snippet:-1","max-image-preview":"max-image-preview:large","max-video-preview":"max-video-preview:-1"},"canonical":"https:\/\/www.prijedordanas.com\/?p=161670","og_locale":"en_US","og_type":"article","og_title":"Kozara prvi put dobija velnes i spa sadr\u017eaje - PrijedorDanas.com - Prijedorski gradski portal","og_description":"Planinski motel &#8220;Bijele vode&#8221; u srcu Nacionalnog parka &#8220;Kozara&#8221; planira da pro\u0161iri smje\u0161tajne kapacitete sa sada\u0161njih 11 soba na oko 60 le\u017eaja, te da uvede nove sadr\u017eaje, poput zatvorenog bazena, [&hellip;]","og_url":"https:\/\/www.prijedordanas.com\/?p=161670","og_site_name":"PrijedorDanas.com - Prijedorski gradski portal","article_publisher":"https:\/\/www.facebook.com\/PrijedorDanasCom\/","article_published_time":"2021-01-24T12:23:49+00:00","og_image":[{"url":"https:\/\/www.prijedordanas.com\/wp-content\/uploads\/2021\/01\/motel-bijele-vode-300x225.jpg"}],"author":"admin","twitter_card":"summary_large_image","twitter_misc":{"Written by":"admin","Est. reading time":"2 minutes"},"schema":{"@context":"https:\/\/schema.org","@graph":[{"@type":"Article","@id":"https:\/\/www.prijedordanas.com\/?p=161670#article","isPartOf":{"@id":"https:\/\/www.prijedordanas.com\/?p=161670"},"author":{"name":"admin","@id":"https:\/\/www.prijedordanas.com\/#\/schema\/person\/4e08ccf29b506ca916ff86d46bb700e6"},"headline":"Kozara prvi put dobija velnes i spa sadr\u017eaje","datePublished":"2021-01-24T12:23:49+00:00","dateModified":"2021-01-24T12:23:49+00:00","mainEntityOfPage":{"@id":"https:\/\/www.prijedordanas.com\/?p=161670"},"wordCount":471,"publisher":{"@id":"https:\/\/www.prijedordanas.com\/#organization"},"keywords":["Kozara"],"articleSection":["\u017divot"],"inLanguage":"en-US"},{"@type":"WebPage","@id":"https:\/\/www.prijedordanas.com\/?p=161670","url":"https:\/\/www.prijedordanas.com\/?p=161670","name":"Kozara prvi put dobija velnes i spa sadr\u017eaje - PrijedorDanas.com - Prijedorski gradski portal","isPartOf":{"@id":"https:\/\/www.prijedordanas.com\/#website"},"datePublished":"2021-01-24T12:23:49+00:00","dateModified":"2021-01-24T12:23:49+00:00","breadcrumb":{"@id":"https:\/\/www.prijedordanas.com\/?p=161670#breadcrumb"},"inLanguage":"en-US","potentialAction":[{"@type":"ReadAction","target":["https:\/\/www.prijedordanas.com\/?p=161670"]}]},{"@type":"BreadcrumbList","@id":"https:\/\/www.prijedordanas.com\/?p=161670#breadcrumb","itemListElement":[{"@type":"ListItem","position":1,"name":"Home","item":"https:\/\/www.prijedordanas.com\/"},{"@type":"ListItem","position":2,"name":"Kozara prvi put dobija velnes i spa sadr\u017eaje"}]},{"@type":"WebSite","@id":"https:\/\/www.prijedordanas.com\/#website","url":"https:\/\/www.prijedordanas.com\/","name":"PrijedorDanas.com - Prijedorski gradski portal","description":"Portal o doga\u0111anjima u gradu Prijedoru","publisher":{"@id":"https:\/\/www.prijedordanas.com\/#organization"},"potentialAction":[{"@type":"SearchAction","target":{"@type":"EntryPoint","urlTemplate":"https:\/\/www.prijedordanas.com\/?s={search_term_string}"},"query-input":"required name=search_term_string"}],"inLanguage":"en-US"},{"@type":"Organization","@id":"https:\/\/www.prijedordanas.com\/#organization","name":"PrijedorDanas.com","url":"https:\/\/www.prijedordanas.com\/","logo":{"@type":"ImageObject","inLanguage":"en-US","@id":"https:\/\/www.prijedordanas.com\/#\/schema\/logo\/image\/","url":"http:\/\/www.prijedordanas.com\/wp-content\/uploads\/2021\/12\/logopng.png","contentUrl":"http:\/\/www.prijedordanas.com\/wp-content\/uploads\/2021\/12\/logopng.png","width":1019,"height":776,"caption":"PrijedorDanas.com"},"image":{"@id":"https:\/\/www.prijedordanas.com\/#\/schema\/logo\/image\/"},"sameAs":["https:\/\/www.facebook.com\/PrijedorDanasCom\/"]},{"@type":"Person","@id":"https:\/\/www.prijedordanas.com\/#\/schema\/person\/4e08ccf29b506ca916ff86d46bb700e6","name":"admin","image":{"@type":"ImageObject","inLanguage":"en-US","@id":"https:\/\/www.prijedordanas.com\/#\/schema\/person\/image\/","url":"https:\/\/secure.gravatar.com\/avatar\/1d3fc949d550f0b53a5f0d51e06dfd79?s=96&d=mm&r=g","contentUrl":"https:\/\/secure.gravatar.com\/avatar\/1d3fc949d550f0b53a5f0d51e06dfd79?s=96&d=mm&r=g","caption":"admin"},"url":"https:\/\/www.prijedordanas.com\/?author=1"}]}},"_links":{"self":[{"href":"https:\/\/www.prijedordanas.com\/index.php?rest_route=\/wp\/v2\/posts\/161670"}],"collection":[{"href":"https:\/\/www.prijedordanas.com\/index.php?rest_route=\/wp\/v2\/posts"}],"about":[{"href":"https:\/\/www.prijedordanas.com\/index.php?rest_route=\/wp\/v2\/types\/post"}],"author":[{"embeddable":true,"href":"https:\/\/www.prijedordanas.com\/index.php?rest_route=\/wp\/v2\/users\/1"}],"replies":[{"embeddable":true,"href":"https:\/\/www.prijedordanas.com\/index.php?rest_route=%2Fwp%2Fv2%2Fcomments&post=161670"}],"version-history":[{"count":1,"href":"https:\/\/www.prijedordanas.com\/index.php?rest_route=\/wp\/v2\/posts\/161670\/revisions"}],"predecessor-version":[{"id":161672,"href":"https:\/\/www.prijedordanas.com\/index.php?rest_route=\/wp\/v2\/posts\/161670\/revisions\/161672"}],"wp:attachment":[{"href":"https:\/\/www.prijedordanas.com\/index.php?rest_route=%2Fwp%2Fv2%2Fmedia&parent=161670"}],"wp:term":[{"taxonomy":"category","embeddable":true,"href":"https:\/\/www.prijedordanas.com\/index.php?rest_route=%2Fwp%2Fv2%2Fcategories&post=161670"},{"taxonomy":"post_tag","embeddable":true,"href":"https:\/\/www.prijedordanas.com\/index.php?rest_route=%2Fwp%2Fv2%2Ftags&post=161670"}],"curies":[{"name":"wp","href":"https:\/\/api.w.org\/{rel}","templated":true}]}}