{"id":161550,"date":"2021-01-21T16:24:52","date_gmt":"2021-01-21T15:24:52","guid":{"rendered":"https:\/\/www.prijedordanas.com\/?p=161550"},"modified":"2021-01-21T16:24:52","modified_gmt":"2021-01-21T15:24:52","slug":"knezevina-dospjela-u-svijet-simo-brdar-ovjekovjecio-mastovite-dragotinjce-kroz-knjige-i-film","status":"publish","type":"post","link":"https:\/\/www.prijedordanas.com\/?p=161550","title":{"rendered":"Kne\u017eevina dospjela u svijet: Simo Brdar ovjekovje\u010dio ma\u0161tovite Dragotinjce kroz knjige i film"},"content":{"rendered":"<p><a href=\"https:\/\/www.prijedordanas.com\/wp-content\/uploads\/2021\/01\/blic-dragotinjski-knez-ostoja-knezevic-1.jpg\"><img loading=\"lazy\" decoding=\"async\" class=\"alignleft size-medium wp-image-161551\" src=\"https:\/\/www.prijedordanas.com\/wp-content\/uploads\/2021\/01\/blic-dragotinjski-knez-ostoja-knezevic-1-300x225.jpg\" alt=\"\" width=\"300\" height=\"225\" srcset=\"https:\/\/www.prijedordanas.com\/wp-content\/uploads\/2021\/01\/blic-dragotinjski-knez-ostoja-knezevic-1-300x225.jpg 300w, https:\/\/www.prijedordanas.com\/wp-content\/uploads\/2021\/01\/blic-dragotinjski-knez-ostoja-knezevic-1-640x480.jpg 640w, https:\/\/www.prijedordanas.com\/wp-content\/uploads\/2021\/01\/blic-dragotinjski-knez-ostoja-knezevic-1.jpg 667w\" sizes=\"(max-width: 300px) 100vw, 300px\" \/><\/a>Rodnu Gornju Dragotinju, \u017eivopisno naselje na pola puta izme\u0111u Prijedora i Novog Grada, sa statusom kne\u017eevine i ma\u0161tovitim stanovnicima, ovjekovije\u010dio je Simo Brdar, scenarista, re\u017eiser i knji\u017eevnik.<\/p>\n<p>Simo je uspomene preto\u010dio u pjesme i pripovijetke, a svoje zemljake, te\u017eake, radnike i ratnike smjestio u dokumentarne filmove koji putuju svijetom i pronose pri\u010du o Dragotinji i Dragotinjcima.<\/p>\n<p>Moje pri\u010de su serije \u017eivota, ka\u017ee Simo Brdar, tamo gdje se odbacuju predmeti, ljudi i doga\u0111aji, gdje, naizgled ozbiljan svijet ne vidi ni\u0161ta, a kamoli da navra\u0107a tamo.<\/p>\n<p>U svom selu nalazim, \u010duvam i \u0161aljem u svijet obilje pri\u010da, koje privla\u010de pa\u017enju, \u010dak i stranaca. Dragotinjci, utvr\u0111uje Simo karakter svojih zemljaka, imaju jasne stavove, svoju kulturu, filozofiju, navike i obi\u010daje koji se po mnogo \u010demu razlikuju od drugih mjesta u pitomom Potkozarju. O svojim Dragotinjcima uvijek rado govori izazivaju\u0107i nevjerovatnu znati\u017eelju slu\u0161alaca.<\/p>\n<p><a href=\"https:\/\/www.prijedordanas.com\/wp-content\/uploads\/2021\/01\/blic-simo-brdar.jpg\"><img loading=\"lazy\" decoding=\"async\" src=\"https:\/\/www.prijedordanas.com\/wp-content\/uploads\/2021\/01\/blic-simo-brdar-300x225.jpg\" alt=\"\" width=\"300\" height=\"225\" class=\"alignleft size-medium wp-image-161552\" srcset=\"https:\/\/www.prijedordanas.com\/wp-content\/uploads\/2021\/01\/blic-simo-brdar-300x225.jpg 300w, https:\/\/www.prijedordanas.com\/wp-content\/uploads\/2021\/01\/blic-simo-brdar-640x480.jpg 640w, https:\/\/www.prijedordanas.com\/wp-content\/uploads\/2021\/01\/blic-simo-brdar.jpg 667w\" sizes=\"(max-width: 300px) 100vw, 300px\" \/><\/a>Litvanija<\/p>\n<p>U gimnaziji \u201eAleksandar Seregejevi\u0107 Pu\u0161kin\u201c u Kaunasu, u Litvaniji, predstavljena je Simina pri\u010da \u201eSo i mjese\u010dina\u201c.<\/p>\n<p>\u2013 Djed i unuk imali su mlinsku, vodeni\u010dku smjenu; bio je njihov red, tako se govorilo u Dragotinji. Do\u0161li su no\u0107u, djed je nosio vre\u0107u, unuk vre\u0107icu, djed sjekiru, on sjekiricu. Zasuli su \u017eito u ko\u0161, usitnili drva i nalo\u017eili vatru. Od prve \u0161ake kukuruzovog bra\u0161na napravili su kola\u010d. Starina je ponio malo rakije, rakijice \u0161ljivovice da se ugrije, da rastjera san i stravinje. Kada su po\u010deli da jedu, re\u017eu\u0107i tablu slanine na drvenom panju, shvati\u0161e da ni\u0161ta nije slano, a so nisu ponijeli. No\u0107 je bila okupana srebrom od mjese\u010dine, kroz vrh brvna na vodenici padao je snop svjetlosti. Djed je, \u0107utke i bez obja\u0161njenja, otkinuo komadi\u0107 toplog kukuruzovog kola\u010da opojnog mirisa, umo\u010dio u mjese\u010dinu, a isto je uradio i unuk. Pogledali su u nevjerici jedan drugoga, a kada su stavili zalogaj u usta u\u010dinilo im se da je slano, slanije nego ikada prije. Slatko su jeli i o tome poslije godinama pri\u010dali u svome selu, mada im je malo ko vjerovao \u2013 rekao nam je Simo.<\/p>\n<p>Ipak, daleko od Dragotinje, u sasvim novo vrijeme, pri\u010da je dobila druga\u010diju dimenziju.<\/p>\n<p>\u2013 Reakcije u\u010denika, gimnazijalaca u Kaunasu, na ovu pri\u010du bile su veoma zanimljive. Oni su razvili razli\u010dite teorije o djedu i unuku, govore\u0107i \u010dak da je sve to sasvim mogu\u0107e. Tvrdili su da, po zakonima fizike, Mjesec uti\u010de na morske plime, podsje\u0107ali da je more slano i da je, po logici, i mjese\u010deva sjenka slana. Mjesec se napije morske vode, a mjese\u010dinom so prosipa svuda, pa i u dragotinjsku vodenicu, stvaraju\u0107i \u010dudesnu romantiku \u2013 pohvalio se Simo, sre\u0107an \u0161to glas o njegovom selu leti kao ptica, na sve meridijane svijeta, na istok, na zapad, ali i hladni sjever.<\/p>\n<p><a href=\"https:\/\/www.prijedordanas.com\/wp-content\/uploads\/2021\/01\/blic-kozaracko-kolo-dragotinja.jpg\"><img loading=\"lazy\" decoding=\"async\" src=\"https:\/\/www.prijedordanas.com\/wp-content\/uploads\/2021\/01\/blic-kozaracko-kolo-dragotinja-300x225.jpg\" alt=\"\" width=\"300\" height=\"225\" class=\"alignleft size-medium wp-image-161553\" srcset=\"https:\/\/www.prijedordanas.com\/wp-content\/uploads\/2021\/01\/blic-kozaracko-kolo-dragotinja-300x225.jpg 300w, https:\/\/www.prijedordanas.com\/wp-content\/uploads\/2021\/01\/blic-kozaracko-kolo-dragotinja-640x480.jpg 640w, https:\/\/www.prijedordanas.com\/wp-content\/uploads\/2021\/01\/blic-kozaracko-kolo-dragotinja.jpg 667w\" sizes=\"(max-width: 300px) 100vw, 300px\" \/><\/a>Geteborg<\/p>\n<p>\u2013 Sjetio sam se svoga djeda, nedavno u Muzeju savremene umjetnosti u Geteborgu, razgledaju\u0107i bicikl s prenosom na oba to\u010dka. O ne\u010dem takvom ma\u0161tao je i on, tra\u017ee\u0107i moj stav i mi\u0161ljenje. Poku\u0161avao je napraviti identi\u010dan bicikl, ubije\u0111en da \u0107e prenos biti duplo bolji, da \u0107e lak\u0161e i\u0107i uzbrdo. Nikada nije dobio priliku da prakti\u010dno oproba svoje ma\u0161tarije. Vidjev\u0161i muzejski primjerak shvatio sam da je djedov plan imao smisla, ali nema funkciju \u2013 opisuje Simo svoga djeda, koji je tako\u0111e, svakim potezom raspaljivao ma\u0161tu najbli\u017eih, ponajvi\u0161e djece.<\/p>\n<p>\u2013 Dragotinjsko groblje, osim moga djeda, \u010duva uspomenu na mnoge mje\u0161tane koji su tu sahranjeni. Jedan od njih, da mu ne pominjem ime, za \u017eivota je na\u0161ao spl\u0458o\u0161ten kamen, koji je pri vrhu imao rupu. Smatrao je ovaj kamen sasvim primjerenim za svoju nadgrobnu plo\u010du i vje\u010dno po\u010divali\u0161te. Godinama je s velikom pa\u017enjom, da \u0161togod ne pokvari, obra\u0111ivao rupu u kamenu, da dobije potpuni krug. Kasnije je kamen postavio na seosko groblje, na kojem je i sahranjen. \u010cesto je govorio da kroz tu rupu najbolje vidi mjese\u010dinu nad Dragotinjom \u2013 pripovijeda Simo, beskrajno lijepe, istovremeno tu\u017ene i vesele pri\u010de svoga zavi\u010daja.<\/p>\n<p><a href=\"https:\/\/www.prijedordanas.com\/wp-content\/uploads\/2021\/01\/blic-dragotinjski-knez-ostoja-knezevic-2.jpg\"><img loading=\"lazy\" decoding=\"async\" src=\"https:\/\/www.prijedordanas.com\/wp-content\/uploads\/2021\/01\/blic-dragotinjski-knez-ostoja-knezevic-2-300x210.jpg\" alt=\"\" width=\"300\" height=\"210\" class=\"alignleft size-medium wp-image-161554\" srcset=\"https:\/\/www.prijedordanas.com\/wp-content\/uploads\/2021\/01\/blic-dragotinjski-knez-ostoja-knezevic-2-300x210.jpg 300w, https:\/\/www.prijedordanas.com\/wp-content\/uploads\/2021\/01\/blic-dragotinjski-knez-ostoja-knezevic-2.jpg 600w\" sizes=\"(max-width: 300px) 100vw, 300px\" \/><\/a>Himna kne\u017eevine<\/p>\n<p>Progla\u0161enjem Gornje Dragotinje za kne\u017eevinu hjeli smo da joj udahnemo novi \u017eivot, smisao postojanja i zalog za ljep\u0161u budu\u0107nost, podsjetio nas je Simo na iskrenu namjeru za spas Dragotinje. O njoj brinu knez, kne\u017eeva garda, po\u010dasni gra\u0111ani i ambasadori.<\/p>\n<p>\u2013 Htjeli smo da ovo selo \u017eivi, da sa\u010duva prirodu, rje\u010dice, potoke, vodenice, njive i pa\u0161njake, svoju istoriju i vatru na ognji\u0161tima \u2013 pri\u010dao je Ostoja Kne\u017eevi\u0107, jedan od dragotinjskih kne\u017eeva.<\/p>\n<p>Ovdje su ponosni na ostav\u0161tinu dragotinjskih slikara Branka Milju\u0161a i Sa\u0161e Mili\u0107a.<\/p>\n<p>Imaju i svoju himnu:<\/p>\n<p>Dragotinjo, dragostinjo moja, rano ljuta iz ljutoga boja,<br \/>\nZoro rana u svakome danu, kapi rose na maj\u010dinom dlanu,<br \/>\nDu\u0161o moja nemira i mira, pri\u010do stara \u0107a\u0107inog \u0161e\u0161ira.<br \/>\nDragotinjci i na kraju svijeta, opri\u010dajte dragotinjska ljeta,<br \/>\nopri\u010dajte i k\u0107eri i sinu, dragotinjske pjesme i ti\u0161inu.<\/p>\n<p>srpskainfo.com<\/p>\n","protected":false},"excerpt":{"rendered":"<p>Rodnu Gornju Dragotinju, \u017eivopisno naselje na pola puta izme\u0111u Prijedora i Novog Grada, sa statusom kne\u017eevine i ma\u0161tovitim stanovnicima, ovjekovije\u010dio je Simo Brdar, scenarista, re\u017eiser i knji\u017eevnik. Simo je uspomene [&hellip;]<\/p>\n","protected":false},"author":1,"featured_media":0,"comment_status":"closed","ping_status":"open","sticky":false,"template":"","format":"standard","meta":{"_monsterinsights_skip_tracking":false,"_monsterinsights_sitenote_active":false,"_monsterinsights_sitenote_note":"","_monsterinsights_sitenote_category":0,"footnotes":""},"categories":[3],"tags":[4589,11441],"yoast_head":"<!-- This site is optimized with the Yoast SEO plugin v21.6 - https:\/\/yoast.com\/wordpress\/plugins\/seo\/ -->\n<title>Kne\u017eevina dospjela u svijet: Simo Brdar ovjekovje\u010dio ma\u0161tovite Dragotinjce kroz knjige i film - PrijedorDanas.com - Prijedorski gradski portal<\/title>\n<meta name=\"robots\" content=\"index, follow, max-snippet:-1, max-image-preview:large, max-video-preview:-1\" \/>\n<link rel=\"canonical\" href=\"https:\/\/www.prijedordanas.com\/?p=161550\" \/>\n<meta property=\"og:locale\" content=\"en_US\" \/>\n<meta property=\"og:type\" content=\"article\" \/>\n<meta property=\"og:title\" content=\"Kne\u017eevina dospjela u svijet: Simo Brdar ovjekovje\u010dio ma\u0161tovite Dragotinjce kroz knjige i film - PrijedorDanas.com - Prijedorski gradski portal\" \/>\n<meta property=\"og:description\" content=\"Rodnu Gornju Dragotinju, \u017eivopisno naselje na pola puta izme\u0111u Prijedora i Novog Grada, sa statusom kne\u017eevine i ma\u0161tovitim stanovnicima, ovjekovije\u010dio je Simo Brdar, scenarista, re\u017eiser i knji\u017eevnik. Simo je uspomene [&hellip;]\" \/>\n<meta property=\"og:url\" content=\"https:\/\/www.prijedordanas.com\/?p=161550\" \/>\n<meta property=\"og:site_name\" content=\"PrijedorDanas.com - Prijedorski gradski portal\" \/>\n<meta property=\"article:publisher\" content=\"https:\/\/www.facebook.com\/PrijedorDanasCom\/\" \/>\n<meta property=\"article:published_time\" content=\"2021-01-21T15:24:52+00:00\" \/>\n<meta property=\"og:image\" content=\"https:\/\/www.prijedordanas.com\/wp-content\/uploads\/2021\/01\/blic-dragotinjski-knez-ostoja-knezevic-1-300x225.jpg\" \/>\n<meta name=\"author\" content=\"admin\" \/>\n<meta name=\"twitter:card\" content=\"summary_large_image\" \/>\n<meta name=\"twitter:label1\" content=\"Written by\" \/>\n\t<meta name=\"twitter:data1\" content=\"admin\" \/>\n\t<meta name=\"twitter:label2\" content=\"Est. reading time\" \/>\n\t<meta name=\"twitter:data2\" content=\"4 minutes\" \/>\n<script type=\"application\/ld+json\" class=\"yoast-schema-graph\">{\"@context\":\"https:\/\/schema.org\",\"@graph\":[{\"@type\":\"Article\",\"@id\":\"https:\/\/www.prijedordanas.com\/?p=161550#article\",\"isPartOf\":{\"@id\":\"https:\/\/www.prijedordanas.com\/?p=161550\"},\"author\":{\"name\":\"admin\",\"@id\":\"https:\/\/www.prijedordanas.com\/#\/schema\/person\/4e08ccf29b506ca916ff86d46bb700e6\"},\"headline\":\"Kne\u017eevina dospjela u svijet: Simo Brdar ovjekovje\u010dio ma\u0161tovite Dragotinjce kroz knjige i film\",\"datePublished\":\"2021-01-21T15:24:52+00:00\",\"dateModified\":\"2021-01-21T15:24:52+00:00\",\"mainEntityOfPage\":{\"@id\":\"https:\/\/www.prijedordanas.com\/?p=161550\"},\"wordCount\":881,\"publisher\":{\"@id\":\"https:\/\/www.prijedordanas.com\/#organization\"},\"keywords\":[\"Kne\u017eevina Gornja Dragotinja\",\"Simo Brdar\"],\"articleSection\":[\"\u017divot\"],\"inLanguage\":\"en-US\"},{\"@type\":\"WebPage\",\"@id\":\"https:\/\/www.prijedordanas.com\/?p=161550\",\"url\":\"https:\/\/www.prijedordanas.com\/?p=161550\",\"name\":\"Kne\u017eevina dospjela u svijet: Simo Brdar ovjekovje\u010dio ma\u0161tovite Dragotinjce kroz knjige i film - PrijedorDanas.com - Prijedorski gradski portal\",\"isPartOf\":{\"@id\":\"https:\/\/www.prijedordanas.com\/#website\"},\"datePublished\":\"2021-01-21T15:24:52+00:00\",\"dateModified\":\"2021-01-21T15:24:52+00:00\",\"breadcrumb\":{\"@id\":\"https:\/\/www.prijedordanas.com\/?p=161550#breadcrumb\"},\"inLanguage\":\"en-US\",\"potentialAction\":[{\"@type\":\"ReadAction\",\"target\":[\"https:\/\/www.prijedordanas.com\/?p=161550\"]}]},{\"@type\":\"BreadcrumbList\",\"@id\":\"https:\/\/www.prijedordanas.com\/?p=161550#breadcrumb\",\"itemListElement\":[{\"@type\":\"ListItem\",\"position\":1,\"name\":\"Home\",\"item\":\"https:\/\/www.prijedordanas.com\/\"},{\"@type\":\"ListItem\",\"position\":2,\"name\":\"Kne\u017eevina dospjela u svijet: Simo Brdar ovjekovje\u010dio ma\u0161tovite Dragotinjce kroz knjige i film\"}]},{\"@type\":\"WebSite\",\"@id\":\"https:\/\/www.prijedordanas.com\/#website\",\"url\":\"https:\/\/www.prijedordanas.com\/\",\"name\":\"PrijedorDanas.com - Prijedorski gradski portal\",\"description\":\"Portal o doga\u0111anjima u gradu Prijedoru\",\"publisher\":{\"@id\":\"https:\/\/www.prijedordanas.com\/#organization\"},\"potentialAction\":[{\"@type\":\"SearchAction\",\"target\":{\"@type\":\"EntryPoint\",\"urlTemplate\":\"https:\/\/www.prijedordanas.com\/?s={search_term_string}\"},\"query-input\":\"required name=search_term_string\"}],\"inLanguage\":\"en-US\"},{\"@type\":\"Organization\",\"@id\":\"https:\/\/www.prijedordanas.com\/#organization\",\"name\":\"PrijedorDanas.com\",\"url\":\"https:\/\/www.prijedordanas.com\/\",\"logo\":{\"@type\":\"ImageObject\",\"inLanguage\":\"en-US\",\"@id\":\"https:\/\/www.prijedordanas.com\/#\/schema\/logo\/image\/\",\"url\":\"http:\/\/www.prijedordanas.com\/wp-content\/uploads\/2021\/12\/logopng.png\",\"contentUrl\":\"http:\/\/www.prijedordanas.com\/wp-content\/uploads\/2021\/12\/logopng.png\",\"width\":1019,\"height\":776,\"caption\":\"PrijedorDanas.com\"},\"image\":{\"@id\":\"https:\/\/www.prijedordanas.com\/#\/schema\/logo\/image\/\"},\"sameAs\":[\"https:\/\/www.facebook.com\/PrijedorDanasCom\/\"]},{\"@type\":\"Person\",\"@id\":\"https:\/\/www.prijedordanas.com\/#\/schema\/person\/4e08ccf29b506ca916ff86d46bb700e6\",\"name\":\"admin\",\"image\":{\"@type\":\"ImageObject\",\"inLanguage\":\"en-US\",\"@id\":\"https:\/\/www.prijedordanas.com\/#\/schema\/person\/image\/\",\"url\":\"https:\/\/secure.gravatar.com\/avatar\/1d3fc949d550f0b53a5f0d51e06dfd79?s=96&d=mm&r=g\",\"contentUrl\":\"https:\/\/secure.gravatar.com\/avatar\/1d3fc949d550f0b53a5f0d51e06dfd79?s=96&d=mm&r=g\",\"caption\":\"admin\"},\"url\":\"https:\/\/www.prijedordanas.com\/?author=1\"}]}<\/script>\n<!-- \/ Yoast SEO plugin. -->","yoast_head_json":{"title":"Kne\u017eevina dospjela u svijet: Simo Brdar ovjekovje\u010dio ma\u0161tovite Dragotinjce kroz knjige i film - PrijedorDanas.com - Prijedorski gradski portal","robots":{"index":"index","follow":"follow","max-snippet":"max-snippet:-1","max-image-preview":"max-image-preview:large","max-video-preview":"max-video-preview:-1"},"canonical":"https:\/\/www.prijedordanas.com\/?p=161550","og_locale":"en_US","og_type":"article","og_title":"Kne\u017eevina dospjela u svijet: Simo Brdar ovjekovje\u010dio ma\u0161tovite Dragotinjce kroz knjige i film - PrijedorDanas.com - Prijedorski gradski portal","og_description":"Rodnu Gornju Dragotinju, \u017eivopisno naselje na pola puta izme\u0111u Prijedora i Novog Grada, sa statusom kne\u017eevine i ma\u0161tovitim stanovnicima, ovjekovije\u010dio je Simo Brdar, scenarista, re\u017eiser i knji\u017eevnik. Simo je uspomene [&hellip;]","og_url":"https:\/\/www.prijedordanas.com\/?p=161550","og_site_name":"PrijedorDanas.com - Prijedorski gradski portal","article_publisher":"https:\/\/www.facebook.com\/PrijedorDanasCom\/","article_published_time":"2021-01-21T15:24:52+00:00","og_image":[{"url":"https:\/\/www.prijedordanas.com\/wp-content\/uploads\/2021\/01\/blic-dragotinjski-knez-ostoja-knezevic-1-300x225.jpg"}],"author":"admin","twitter_card":"summary_large_image","twitter_misc":{"Written by":"admin","Est. reading time":"4 minutes"},"schema":{"@context":"https:\/\/schema.org","@graph":[{"@type":"Article","@id":"https:\/\/www.prijedordanas.com\/?p=161550#article","isPartOf":{"@id":"https:\/\/www.prijedordanas.com\/?p=161550"},"author":{"name":"admin","@id":"https:\/\/www.prijedordanas.com\/#\/schema\/person\/4e08ccf29b506ca916ff86d46bb700e6"},"headline":"Kne\u017eevina dospjela u svijet: Simo Brdar ovjekovje\u010dio ma\u0161tovite Dragotinjce kroz knjige i film","datePublished":"2021-01-21T15:24:52+00:00","dateModified":"2021-01-21T15:24:52+00:00","mainEntityOfPage":{"@id":"https:\/\/www.prijedordanas.com\/?p=161550"},"wordCount":881,"publisher":{"@id":"https:\/\/www.prijedordanas.com\/#organization"},"keywords":["Kne\u017eevina Gornja Dragotinja","Simo Brdar"],"articleSection":["\u017divot"],"inLanguage":"en-US"},{"@type":"WebPage","@id":"https:\/\/www.prijedordanas.com\/?p=161550","url":"https:\/\/www.prijedordanas.com\/?p=161550","name":"Kne\u017eevina dospjela u svijet: Simo Brdar ovjekovje\u010dio ma\u0161tovite Dragotinjce kroz knjige i film - PrijedorDanas.com - Prijedorski gradski portal","isPartOf":{"@id":"https:\/\/www.prijedordanas.com\/#website"},"datePublished":"2021-01-21T15:24:52+00:00","dateModified":"2021-01-21T15:24:52+00:00","breadcrumb":{"@id":"https:\/\/www.prijedordanas.com\/?p=161550#breadcrumb"},"inLanguage":"en-US","potentialAction":[{"@type":"ReadAction","target":["https:\/\/www.prijedordanas.com\/?p=161550"]}]},{"@type":"BreadcrumbList","@id":"https:\/\/www.prijedordanas.com\/?p=161550#breadcrumb","itemListElement":[{"@type":"ListItem","position":1,"name":"Home","item":"https:\/\/www.prijedordanas.com\/"},{"@type":"ListItem","position":2,"name":"Kne\u017eevina dospjela u svijet: Simo Brdar ovjekovje\u010dio ma\u0161tovite Dragotinjce kroz knjige i film"}]},{"@type":"WebSite","@id":"https:\/\/www.prijedordanas.com\/#website","url":"https:\/\/www.prijedordanas.com\/","name":"PrijedorDanas.com - Prijedorski gradski portal","description":"Portal o doga\u0111anjima u gradu Prijedoru","publisher":{"@id":"https:\/\/www.prijedordanas.com\/#organization"},"potentialAction":[{"@type":"SearchAction","target":{"@type":"EntryPoint","urlTemplate":"https:\/\/www.prijedordanas.com\/?s={search_term_string}"},"query-input":"required name=search_term_string"}],"inLanguage":"en-US"},{"@type":"Organization","@id":"https:\/\/www.prijedordanas.com\/#organization","name":"PrijedorDanas.com","url":"https:\/\/www.prijedordanas.com\/","logo":{"@type":"ImageObject","inLanguage":"en-US","@id":"https:\/\/www.prijedordanas.com\/#\/schema\/logo\/image\/","url":"http:\/\/www.prijedordanas.com\/wp-content\/uploads\/2021\/12\/logopng.png","contentUrl":"http:\/\/www.prijedordanas.com\/wp-content\/uploads\/2021\/12\/logopng.png","width":1019,"height":776,"caption":"PrijedorDanas.com"},"image":{"@id":"https:\/\/www.prijedordanas.com\/#\/schema\/logo\/image\/"},"sameAs":["https:\/\/www.facebook.com\/PrijedorDanasCom\/"]},{"@type":"Person","@id":"https:\/\/www.prijedordanas.com\/#\/schema\/person\/4e08ccf29b506ca916ff86d46bb700e6","name":"admin","image":{"@type":"ImageObject","inLanguage":"en-US","@id":"https:\/\/www.prijedordanas.com\/#\/schema\/person\/image\/","url":"https:\/\/secure.gravatar.com\/avatar\/1d3fc949d550f0b53a5f0d51e06dfd79?s=96&d=mm&r=g","contentUrl":"https:\/\/secure.gravatar.com\/avatar\/1d3fc949d550f0b53a5f0d51e06dfd79?s=96&d=mm&r=g","caption":"admin"},"url":"https:\/\/www.prijedordanas.com\/?author=1"}]}},"_links":{"self":[{"href":"https:\/\/www.prijedordanas.com\/index.php?rest_route=\/wp\/v2\/posts\/161550"}],"collection":[{"href":"https:\/\/www.prijedordanas.com\/index.php?rest_route=\/wp\/v2\/posts"}],"about":[{"href":"https:\/\/www.prijedordanas.com\/index.php?rest_route=\/wp\/v2\/types\/post"}],"author":[{"embeddable":true,"href":"https:\/\/www.prijedordanas.com\/index.php?rest_route=\/wp\/v2\/users\/1"}],"replies":[{"embeddable":true,"href":"https:\/\/www.prijedordanas.com\/index.php?rest_route=%2Fwp%2Fv2%2Fcomments&post=161550"}],"version-history":[{"count":1,"href":"https:\/\/www.prijedordanas.com\/index.php?rest_route=\/wp\/v2\/posts\/161550\/revisions"}],"predecessor-version":[{"id":161555,"href":"https:\/\/www.prijedordanas.com\/index.php?rest_route=\/wp\/v2\/posts\/161550\/revisions\/161555"}],"wp:attachment":[{"href":"https:\/\/www.prijedordanas.com\/index.php?rest_route=%2Fwp%2Fv2%2Fmedia&parent=161550"}],"wp:term":[{"taxonomy":"category","embeddable":true,"href":"https:\/\/www.prijedordanas.com\/index.php?rest_route=%2Fwp%2Fv2%2Fcategories&post=161550"},{"taxonomy":"post_tag","embeddable":true,"href":"https:\/\/www.prijedordanas.com\/index.php?rest_route=%2Fwp%2Fv2%2Ftags&post=161550"}],"curies":[{"name":"wp","href":"https:\/\/api.w.org\/{rel}","templated":true}]}}