{"id":161379,"date":"2021-01-18T18:50:44","date_gmt":"2021-01-18T17:50:44","guid":{"rendered":"https:\/\/www.prijedordanas.com\/?p=161379"},"modified":"2021-01-18T18:50:44","modified_gmt":"2021-01-18T17:50:44","slug":"prijedor-za-bogojavljensko-plivanje-za-casni-krst-prijavljeno-48-muskaraca-i-jedna-zena-foto","status":"publish","type":"post","link":"https:\/\/www.prijedordanas.com\/?p=161379","title":{"rendered":"Prijedor: Za bogojavljensko plivanje za \u010casni krst prijavljeno 48 mu\u0161karaca i jedna \u017eena &#8211; FOTO"},"content":{"rendered":"<p><a href=\"https:\/\/www.prijedordanas.com\/wp-content\/uploads\/2021\/01\/bogojavljenje-2021-vecernja-sluzba-1.jpg\"><img loading=\"lazy\" decoding=\"async\" class=\"alignleft size-medium wp-image-161380\" src=\"https:\/\/www.prijedordanas.com\/wp-content\/uploads\/2021\/01\/bogojavljenje-2021-vecernja-sluzba-1-300x225.jpg\" alt=\"\" width=\"300\" height=\"225\" srcset=\"https:\/\/www.prijedordanas.com\/wp-content\/uploads\/2021\/01\/bogojavljenje-2021-vecernja-sluzba-1-300x225.jpg 300w, https:\/\/www.prijedordanas.com\/wp-content\/uploads\/2021\/01\/bogojavljenje-2021-vecernja-sluzba-1-640x480.jpg 640w, https:\/\/www.prijedordanas.com\/wp-content\/uploads\/2021\/01\/bogojavljenje-2021-vecernja-sluzba-1.jpg 667w\" sizes=\"(max-width: 300px) 100vw, 300px\" \/><\/a>U Prijedoru se za sutra\u0161nje bogojavljensko plivanje za \u010dasni krst u rijeci Sani prijavilo 48 mu\u0161karaca i jedna \u017eena.<\/p>\n<p>Gradona\u010delnik Prijedora Dalibor Pavlovi\u0107 rekao je da je bitno da se tradicija ne prekine, te zamolio gra\u0111ane da dr\u017ee distancu ukoliko do\u0111u da posmatraju plivanje i litiju , zbog pandemije virusa korona.<\/p>\n<p>&#8220;Ve\u0107 sljede\u0107e godine to \u0107emo uraditi kako treba, uz veliku organizaciju&#8221;, rekao je Pavlovi\u0107 novinarima u Prijedoru.<\/p>\n<p>Protonamjesnik Dragan Hrva\u0107anin rekao je da od ove godine, prema odluci organizacionog odbora, lanjski pobjednik ima \u010dast da zajedno sa sve\u0161tenikom i gradona\u010delnikom Prijedora do\u010dekuje pliva\u010de sa druge strane i pola\u017ee krst u vodu, a idu\u0107e godine mo\u017ee ponovo da u\u010destvuje u plivanju.<\/p>\n<p><a href=\"https:\/\/www.prijedordanas.com\/wp-content\/uploads\/2021\/01\/bogojavljenje-2021-vecernja-sluzba-2.jpg\"><img loading=\"lazy\" decoding=\"async\" src=\"https:\/\/www.prijedordanas.com\/wp-content\/uploads\/2021\/01\/bogojavljenje-2021-vecernja-sluzba-2-300x225.jpg\" alt=\"\" width=\"300\" height=\"225\" class=\"alignleft size-medium wp-image-161381\" srcset=\"https:\/\/www.prijedordanas.com\/wp-content\/uploads\/2021\/01\/bogojavljenje-2021-vecernja-sluzba-2-300x225.jpg 300w, https:\/\/www.prijedordanas.com\/wp-content\/uploads\/2021\/01\/bogojavljenje-2021-vecernja-sluzba-2-640x480.jpg 640w, https:\/\/www.prijedordanas.com\/wp-content\/uploads\/2021\/01\/bogojavljenje-2021-vecernja-sluzba-2.jpg 667w\" sizes=\"(max-width: 300px) 100vw, 300px\" \/><\/a>On je napomenuo da je ve\u010deras bogoslu\u017eenje i potpisivanje svih pliva\u010da koji su se prijavili.<\/p>\n<p>Sutra je litrugija u 9.00 \u010dasova, a oko 11.00 \u010dasova, poslije velikog vodoosve\u0107nja, organizuje se sve\u010dana litija koja \u0107e pro\u0107i ulicama grada, dok je plivanje planirano oko 11.30 \u010dasova.<\/p>\n<p>&#8220;Sve\u010danu litiju \u0107emo smanjiti na 50 lica i ispo\u0161tva\u0107emo i razmak, vi\u0161e od potrebnih dva metra&#8221;, rekao Hrva\u0107anin.<\/p>\n<p>Dvadesetosmogodi\u0161nja Nevena Ron\u010devi\u0107 sutra \u0107e za \u010dasni krst plivati tre\u0107i put. NJena majka ima 58 godina, plivala je do sada tri puta, a ove godine ne\u0107e.<\/p>\n<p>Tradicija plivanja za \u010dasni krst o Bogojavljenu u gradu Prijedoru obnovljena je prije osam godina i od tada se odr\u017eava u kontinuitetu.<\/p>\n<p>SRNA<\/p>\n<p><a href=\"https:\/\/www.prijedordanas.com\/wp-content\/uploads\/2021\/01\/bogojavljenje-2021-vecernja-sluzba-3.jpg\"><img loading=\"lazy\" decoding=\"async\" src=\"https:\/\/www.prijedordanas.com\/wp-content\/uploads\/2021\/01\/bogojavljenje-2021-vecernja-sluzba-3-300x200.jpg\" alt=\"\" width=\"300\" height=\"200\" class=\"alignleft size-medium wp-image-161382\" srcset=\"https:\/\/www.prijedordanas.com\/wp-content\/uploads\/2021\/01\/bogojavljenje-2021-vecernja-sluzba-3-300x200.jpg 300w, https:\/\/www.prijedordanas.com\/wp-content\/uploads\/2021\/01\/bogojavljenje-2021-vecernja-sluzba-3-480x320.jpg 480w, https:\/\/www.prijedordanas.com\/wp-content\/uploads\/2021\/01\/bogojavljenje-2021-vecernja-sluzba-3.jpg 600w\" sizes=\"(max-width: 300px) 100vw, 300px\" \/><\/a> <a href=\"https:\/\/www.prijedordanas.com\/wp-content\/uploads\/2021\/01\/bogojavljenje-2021-vecernja-sluzba-4.jpg\"><img loading=\"lazy\" decoding=\"async\" src=\"https:\/\/www.prijedordanas.com\/wp-content\/uploads\/2021\/01\/bogojavljenje-2021-vecernja-sluzba-4-300x200.jpg\" alt=\"\" width=\"300\" height=\"200\" class=\"alignleft size-medium wp-image-161383\" srcset=\"https:\/\/www.prijedordanas.com\/wp-content\/uploads\/2021\/01\/bogojavljenje-2021-vecernja-sluzba-4-300x200.jpg 300w, https:\/\/www.prijedordanas.com\/wp-content\/uploads\/2021\/01\/bogojavljenje-2021-vecernja-sluzba-4-480x320.jpg 480w, https:\/\/www.prijedordanas.com\/wp-content\/uploads\/2021\/01\/bogojavljenje-2021-vecernja-sluzba-4.jpg 600w\" sizes=\"(max-width: 300px) 100vw, 300px\" \/><\/a> <a href=\"https:\/\/www.prijedordanas.com\/wp-content\/uploads\/2021\/01\/bogojavljenje-2021-vecernja-sluzba-5.jpg\"><img loading=\"lazy\" decoding=\"async\" src=\"https:\/\/www.prijedordanas.com\/wp-content\/uploads\/2021\/01\/bogojavljenje-2021-vecernja-sluzba-5-300x200.jpg\" alt=\"\" width=\"300\" height=\"200\" class=\"alignleft size-medium wp-image-161384\" srcset=\"https:\/\/www.prijedordanas.com\/wp-content\/uploads\/2021\/01\/bogojavljenje-2021-vecernja-sluzba-5-300x200.jpg 300w, https:\/\/www.prijedordanas.com\/wp-content\/uploads\/2021\/01\/bogojavljenje-2021-vecernja-sluzba-5-480x320.jpg 480w, https:\/\/www.prijedordanas.com\/wp-content\/uploads\/2021\/01\/bogojavljenje-2021-vecernja-sluzba-5.jpg 600w\" sizes=\"(max-width: 300px) 100vw, 300px\" \/><\/a> <a href=\"https:\/\/www.prijedordanas.com\/wp-content\/uploads\/2021\/01\/bogojavljenje-2021-vecernja-sluzba-6.jpg\"><img loading=\"lazy\" decoding=\"async\" src=\"https:\/\/www.prijedordanas.com\/wp-content\/uploads\/2021\/01\/bogojavljenje-2021-vecernja-sluzba-6-300x200.jpg\" alt=\"\" width=\"300\" height=\"200\" class=\"alignleft size-medium wp-image-161385\" srcset=\"https:\/\/www.prijedordanas.com\/wp-content\/uploads\/2021\/01\/bogojavljenje-2021-vecernja-sluzba-6-300x200.jpg 300w, https:\/\/www.prijedordanas.com\/wp-content\/uploads\/2021\/01\/bogojavljenje-2021-vecernja-sluzba-6-480x320.jpg 480w, https:\/\/www.prijedordanas.com\/wp-content\/uploads\/2021\/01\/bogojavljenje-2021-vecernja-sluzba-6.jpg 600w\" sizes=\"(max-width: 300px) 100vw, 300px\" \/><\/a> <a href=\"https:\/\/www.prijedordanas.com\/wp-content\/uploads\/2021\/01\/bogojavljenje-2021-vecernja-sluzba-7.jpg\"><img loading=\"lazy\" decoding=\"async\" src=\"https:\/\/www.prijedordanas.com\/wp-content\/uploads\/2021\/01\/bogojavljenje-2021-vecernja-sluzba-7-300x200.jpg\" alt=\"\" width=\"300\" height=\"200\" class=\"alignleft size-medium wp-image-161386\" srcset=\"https:\/\/www.prijedordanas.com\/wp-content\/uploads\/2021\/01\/bogojavljenje-2021-vecernja-sluzba-7-300x200.jpg 300w, https:\/\/www.prijedordanas.com\/wp-content\/uploads\/2021\/01\/bogojavljenje-2021-vecernja-sluzba-7-480x320.jpg 480w, https:\/\/www.prijedordanas.com\/wp-content\/uploads\/2021\/01\/bogojavljenje-2021-vecernja-sluzba-7.jpg 600w\" sizes=\"(max-width: 300px) 100vw, 300px\" \/><\/a> <a href=\"https:\/\/www.prijedordanas.com\/wp-content\/uploads\/2021\/01\/bogojavljenje-2021-vecernja-sluzba-8.jpg\"><img loading=\"lazy\" decoding=\"async\" src=\"https:\/\/www.prijedordanas.com\/wp-content\/uploads\/2021\/01\/bogojavljenje-2021-vecernja-sluzba-8-300x200.jpg\" alt=\"\" width=\"300\" height=\"200\" class=\"alignleft size-medium wp-image-161387\" srcset=\"https:\/\/www.prijedordanas.com\/wp-content\/uploads\/2021\/01\/bogojavljenje-2021-vecernja-sluzba-8-300x200.jpg 300w, https:\/\/www.prijedordanas.com\/wp-content\/uploads\/2021\/01\/bogojavljenje-2021-vecernja-sluzba-8-480x320.jpg 480w, https:\/\/www.prijedordanas.com\/wp-content\/uploads\/2021\/01\/bogojavljenje-2021-vecernja-sluzba-8.jpg 600w\" sizes=\"(max-width: 300px) 100vw, 300px\" \/><\/a> <a href=\"https:\/\/www.prijedordanas.com\/wp-content\/uploads\/2021\/01\/bogojavljenje-2021-vecernja-sluzba-9.jpg\"><img loading=\"lazy\" decoding=\"async\" src=\"https:\/\/www.prijedordanas.com\/wp-content\/uploads\/2021\/01\/bogojavljenje-2021-vecernja-sluzba-9-300x200.jpg\" alt=\"\" width=\"300\" height=\"200\" class=\"alignleft size-medium wp-image-161388\" srcset=\"https:\/\/www.prijedordanas.com\/wp-content\/uploads\/2021\/01\/bogojavljenje-2021-vecernja-sluzba-9-300x200.jpg 300w, https:\/\/www.prijedordanas.com\/wp-content\/uploads\/2021\/01\/bogojavljenje-2021-vecernja-sluzba-9-480x320.jpg 480w, https:\/\/www.prijedordanas.com\/wp-content\/uploads\/2021\/01\/bogojavljenje-2021-vecernja-sluzba-9.jpg 600w\" sizes=\"(max-width: 300px) 100vw, 300px\" \/><\/a> <a href=\"https:\/\/www.prijedordanas.com\/wp-content\/uploads\/2021\/01\/bogojavljenje-2021-vecernja-sluzba-10.jpg\"><img loading=\"lazy\" decoding=\"async\" src=\"https:\/\/www.prijedordanas.com\/wp-content\/uploads\/2021\/01\/bogojavljenje-2021-vecernja-sluzba-10-300x200.jpg\" alt=\"\" width=\"300\" height=\"200\" class=\"alignleft size-medium wp-image-161389\" srcset=\"https:\/\/www.prijedordanas.com\/wp-content\/uploads\/2021\/01\/bogojavljenje-2021-vecernja-sluzba-10-300x200.jpg 300w, https:\/\/www.prijedordanas.com\/wp-content\/uploads\/2021\/01\/bogojavljenje-2021-vecernja-sluzba-10-480x320.jpg 480w, https:\/\/www.prijedordanas.com\/wp-content\/uploads\/2021\/01\/bogojavljenje-2021-vecernja-sluzba-10.jpg 600w\" sizes=\"(max-width: 300px) 100vw, 300px\" \/><\/a> <a href=\"https:\/\/www.prijedordanas.com\/wp-content\/uploads\/2021\/01\/bogojavljenje-2021-vecernja-sluzba-11.jpg\"><img loading=\"lazy\" decoding=\"async\" src=\"https:\/\/www.prijedordanas.com\/wp-content\/uploads\/2021\/01\/bogojavljenje-2021-vecernja-sluzba-11-300x200.jpg\" alt=\"\" width=\"300\" height=\"200\" class=\"alignleft size-medium wp-image-161390\" srcset=\"https:\/\/www.prijedordanas.com\/wp-content\/uploads\/2021\/01\/bogojavljenje-2021-vecernja-sluzba-11-300x200.jpg 300w, https:\/\/www.prijedordanas.com\/wp-content\/uploads\/2021\/01\/bogojavljenje-2021-vecernja-sluzba-11-480x320.jpg 480w, https:\/\/www.prijedordanas.com\/wp-content\/uploads\/2021\/01\/bogojavljenje-2021-vecernja-sluzba-11.jpg 600w\" sizes=\"(max-width: 300px) 100vw, 300px\" \/><\/a> <a href=\"https:\/\/www.prijedordanas.com\/wp-content\/uploads\/2021\/01\/bogojavljenje-2021-vecernja-sluzba-12.jpg\"><img loading=\"lazy\" decoding=\"async\" src=\"https:\/\/www.prijedordanas.com\/wp-content\/uploads\/2021\/01\/bogojavljenje-2021-vecernja-sluzba-12-300x200.jpg\" alt=\"\" width=\"300\" height=\"200\" class=\"alignleft size-medium wp-image-161391\" srcset=\"https:\/\/www.prijedordanas.com\/wp-content\/uploads\/2021\/01\/bogojavljenje-2021-vecernja-sluzba-12-300x200.jpg 300w, https:\/\/www.prijedordanas.com\/wp-content\/uploads\/2021\/01\/bogojavljenje-2021-vecernja-sluzba-12-480x320.jpg 480w, https:\/\/www.prijedordanas.com\/wp-content\/uploads\/2021\/01\/bogojavljenje-2021-vecernja-sluzba-12.jpg 600w\" sizes=\"(max-width: 300px) 100vw, 300px\" \/><\/a> <a href=\"https:\/\/www.prijedordanas.com\/wp-content\/uploads\/2021\/01\/bogojavljenje-2021-velika-1.jpg\"><img loading=\"lazy\" decoding=\"async\" src=\"https:\/\/www.prijedordanas.com\/wp-content\/uploads\/2021\/01\/bogojavljenje-2021-velika-1-300x225.jpg\" alt=\"\" width=\"300\" height=\"225\" class=\"alignleft size-medium wp-image-161392\" srcset=\"https:\/\/www.prijedordanas.com\/wp-content\/uploads\/2021\/01\/bogojavljenje-2021-velika-1-300x225.jpg 300w, https:\/\/www.prijedordanas.com\/wp-content\/uploads\/2021\/01\/bogojavljenje-2021-velika-1-1024x767.jpg 1024w, https:\/\/www.prijedordanas.com\/wp-content\/uploads\/2021\/01\/bogojavljenje-2021-velika-1-768x576.jpg 768w, https:\/\/www.prijedordanas.com\/wp-content\/uploads\/2021\/01\/bogojavljenje-2021-velika-1-640x480.jpg 640w, https:\/\/www.prijedordanas.com\/wp-content\/uploads\/2021\/01\/bogojavljenje-2021-velika-1.jpg 1521w\" sizes=\"(max-width: 300px) 100vw, 300px\" \/><\/a><\/p>\n","protected":false},"excerpt":{"rendered":"<p>U Prijedoru se za sutra\u0161nje bogojavljensko plivanje za \u010dasni krst u rijeci Sani prijavilo 48 mu\u0161karaca i jedna \u017eena. Gradona\u010delnik Prijedora Dalibor Pavlovi\u0107 rekao je da je bitno da se [&hellip;]<\/p>\n","protected":false},"author":1,"featured_media":0,"comment_status":"closed","ping_status":"open","sticky":false,"template":"","format":"standard","meta":{"_monsterinsights_skip_tracking":false,"_monsterinsights_sitenote_active":false,"_monsterinsights_sitenote_note":"","_monsterinsights_sitenote_category":0,"footnotes":""},"categories":[4],"tags":[2934,6537,6495,2933],"yoast_head":"<!-- This site is optimized with the Yoast SEO plugin v21.6 - https:\/\/yoast.com\/wordpress\/plugins\/seo\/ -->\n<title>Prijedor: Za bogojavljensko plivanje za \u010casni krst prijavljeno 48 mu\u0161karaca i jedna \u017eena - FOTO - PrijedorDanas.com - Prijedorski gradski portal<\/title>\n<meta name=\"robots\" content=\"index, follow, max-snippet:-1, max-image-preview:large, max-video-preview:-1\" \/>\n<link rel=\"canonical\" href=\"https:\/\/www.prijedordanas.com\/?p=161379\" \/>\n<meta property=\"og:locale\" content=\"en_US\" \/>\n<meta property=\"og:type\" content=\"article\" \/>\n<meta property=\"og:title\" content=\"Prijedor: Za bogojavljensko plivanje za \u010casni krst prijavljeno 48 mu\u0161karaca i jedna \u017eena - FOTO - PrijedorDanas.com - Prijedorski gradski portal\" \/>\n<meta property=\"og:description\" content=\"U Prijedoru se za sutra\u0161nje bogojavljensko plivanje za \u010dasni krst u rijeci Sani prijavilo 48 mu\u0161karaca i jedna \u017eena. Gradona\u010delnik Prijedora Dalibor Pavlovi\u0107 rekao je da je bitno da se [&hellip;]\" \/>\n<meta property=\"og:url\" content=\"https:\/\/www.prijedordanas.com\/?p=161379\" \/>\n<meta property=\"og:site_name\" content=\"PrijedorDanas.com - Prijedorski gradski portal\" \/>\n<meta property=\"article:publisher\" content=\"https:\/\/www.facebook.com\/PrijedorDanasCom\/\" \/>\n<meta property=\"article:published_time\" content=\"2021-01-18T17:50:44+00:00\" \/>\n<meta property=\"og:image\" content=\"https:\/\/www.prijedordanas.com\/wp-content\/uploads\/2021\/01\/bogojavljenje-2021-vecernja-sluzba-1-300x225.jpg\" \/>\n<meta name=\"author\" content=\"admin\" \/>\n<meta name=\"twitter:card\" content=\"summary_large_image\" \/>\n<meta name=\"twitter:label1\" content=\"Written by\" \/>\n\t<meta name=\"twitter:data1\" content=\"admin\" \/>\n\t<meta name=\"twitter:label2\" content=\"Est. reading time\" \/>\n\t<meta name=\"twitter:data2\" content=\"1 minute\" \/>\n<script type=\"application\/ld+json\" class=\"yoast-schema-graph\">{\"@context\":\"https:\/\/schema.org\",\"@graph\":[{\"@type\":\"Article\",\"@id\":\"https:\/\/www.prijedordanas.com\/?p=161379#article\",\"isPartOf\":{\"@id\":\"https:\/\/www.prijedordanas.com\/?p=161379\"},\"author\":{\"name\":\"admin\",\"@id\":\"https:\/\/www.prijedordanas.com\/#\/schema\/person\/4e08ccf29b506ca916ff86d46bb700e6\"},\"headline\":\"Prijedor: Za bogojavljensko plivanje za \u010casni krst prijavljeno 48 mu\u0161karaca i jedna \u017eena &#8211; FOTO\",\"datePublished\":\"2021-01-18T17:50:44+00:00\",\"dateModified\":\"2021-01-18T17:50:44+00:00\",\"mainEntityOfPage\":{\"@id\":\"https:\/\/www.prijedordanas.com\/?p=161379\"},\"wordCount\":262,\"publisher\":{\"@id\":\"https:\/\/www.prijedordanas.com\/#organization\"},\"keywords\":[\"Bogojavljenje\",\"Bogojavljenska litija\",\"\u010casni krst\",\"plivanje\"],\"articleSection\":[\"Dru\u0161tvo\"],\"inLanguage\":\"en-US\"},{\"@type\":\"WebPage\",\"@id\":\"https:\/\/www.prijedordanas.com\/?p=161379\",\"url\":\"https:\/\/www.prijedordanas.com\/?p=161379\",\"name\":\"Prijedor: Za bogojavljensko plivanje za \u010casni krst prijavljeno 48 mu\u0161karaca i jedna \u017eena - FOTO - PrijedorDanas.com - Prijedorski gradski portal\",\"isPartOf\":{\"@id\":\"https:\/\/www.prijedordanas.com\/#website\"},\"datePublished\":\"2021-01-18T17:50:44+00:00\",\"dateModified\":\"2021-01-18T17:50:44+00:00\",\"breadcrumb\":{\"@id\":\"https:\/\/www.prijedordanas.com\/?p=161379#breadcrumb\"},\"inLanguage\":\"en-US\",\"potentialAction\":[{\"@type\":\"ReadAction\",\"target\":[\"https:\/\/www.prijedordanas.com\/?p=161379\"]}]},{\"@type\":\"BreadcrumbList\",\"@id\":\"https:\/\/www.prijedordanas.com\/?p=161379#breadcrumb\",\"itemListElement\":[{\"@type\":\"ListItem\",\"position\":1,\"name\":\"Home\",\"item\":\"https:\/\/www.prijedordanas.com\/\"},{\"@type\":\"ListItem\",\"position\":2,\"name\":\"Prijedor: Za bogojavljensko plivanje za \u010casni krst prijavljeno 48 mu\u0161karaca i jedna \u017eena &#8211; FOTO\"}]},{\"@type\":\"WebSite\",\"@id\":\"https:\/\/www.prijedordanas.com\/#website\",\"url\":\"https:\/\/www.prijedordanas.com\/\",\"name\":\"PrijedorDanas.com - Prijedorski gradski portal\",\"description\":\"Portal o doga\u0111anjima u gradu Prijedoru\",\"publisher\":{\"@id\":\"https:\/\/www.prijedordanas.com\/#organization\"},\"potentialAction\":[{\"@type\":\"SearchAction\",\"target\":{\"@type\":\"EntryPoint\",\"urlTemplate\":\"https:\/\/www.prijedordanas.com\/?s={search_term_string}\"},\"query-input\":\"required name=search_term_string\"}],\"inLanguage\":\"en-US\"},{\"@type\":\"Organization\",\"@id\":\"https:\/\/www.prijedordanas.com\/#organization\",\"name\":\"PrijedorDanas.com\",\"url\":\"https:\/\/www.prijedordanas.com\/\",\"logo\":{\"@type\":\"ImageObject\",\"inLanguage\":\"en-US\",\"@id\":\"https:\/\/www.prijedordanas.com\/#\/schema\/logo\/image\/\",\"url\":\"http:\/\/www.prijedordanas.com\/wp-content\/uploads\/2021\/12\/logopng.png\",\"contentUrl\":\"http:\/\/www.prijedordanas.com\/wp-content\/uploads\/2021\/12\/logopng.png\",\"width\":1019,\"height\":776,\"caption\":\"PrijedorDanas.com\"},\"image\":{\"@id\":\"https:\/\/www.prijedordanas.com\/#\/schema\/logo\/image\/\"},\"sameAs\":[\"https:\/\/www.facebook.com\/PrijedorDanasCom\/\"]},{\"@type\":\"Person\",\"@id\":\"https:\/\/www.prijedordanas.com\/#\/schema\/person\/4e08ccf29b506ca916ff86d46bb700e6\",\"name\":\"admin\",\"image\":{\"@type\":\"ImageObject\",\"inLanguage\":\"en-US\",\"@id\":\"https:\/\/www.prijedordanas.com\/#\/schema\/person\/image\/\",\"url\":\"https:\/\/secure.gravatar.com\/avatar\/1d3fc949d550f0b53a5f0d51e06dfd79?s=96&d=mm&r=g\",\"contentUrl\":\"https:\/\/secure.gravatar.com\/avatar\/1d3fc949d550f0b53a5f0d51e06dfd79?s=96&d=mm&r=g\",\"caption\":\"admin\"},\"url\":\"https:\/\/www.prijedordanas.com\/?author=1\"}]}<\/script>\n<!-- \/ Yoast SEO plugin. -->","yoast_head_json":{"title":"Prijedor: Za bogojavljensko plivanje za \u010casni krst prijavljeno 48 mu\u0161karaca i jedna \u017eena - FOTO - PrijedorDanas.com - Prijedorski gradski portal","robots":{"index":"index","follow":"follow","max-snippet":"max-snippet:-1","max-image-preview":"max-image-preview:large","max-video-preview":"max-video-preview:-1"},"canonical":"https:\/\/www.prijedordanas.com\/?p=161379","og_locale":"en_US","og_type":"article","og_title":"Prijedor: Za bogojavljensko plivanje za \u010casni krst prijavljeno 48 mu\u0161karaca i jedna \u017eena - FOTO - PrijedorDanas.com - Prijedorski gradski portal","og_description":"U Prijedoru se za sutra\u0161nje bogojavljensko plivanje za \u010dasni krst u rijeci Sani prijavilo 48 mu\u0161karaca i jedna \u017eena. Gradona\u010delnik Prijedora Dalibor Pavlovi\u0107 rekao je da je bitno da se [&hellip;]","og_url":"https:\/\/www.prijedordanas.com\/?p=161379","og_site_name":"PrijedorDanas.com - Prijedorski gradski portal","article_publisher":"https:\/\/www.facebook.com\/PrijedorDanasCom\/","article_published_time":"2021-01-18T17:50:44+00:00","og_image":[{"url":"https:\/\/www.prijedordanas.com\/wp-content\/uploads\/2021\/01\/bogojavljenje-2021-vecernja-sluzba-1-300x225.jpg"}],"author":"admin","twitter_card":"summary_large_image","twitter_misc":{"Written by":"admin","Est. reading time":"1 minute"},"schema":{"@context":"https:\/\/schema.org","@graph":[{"@type":"Article","@id":"https:\/\/www.prijedordanas.com\/?p=161379#article","isPartOf":{"@id":"https:\/\/www.prijedordanas.com\/?p=161379"},"author":{"name":"admin","@id":"https:\/\/www.prijedordanas.com\/#\/schema\/person\/4e08ccf29b506ca916ff86d46bb700e6"},"headline":"Prijedor: Za bogojavljensko plivanje za \u010casni krst prijavljeno 48 mu\u0161karaca i jedna \u017eena &#8211; FOTO","datePublished":"2021-01-18T17:50:44+00:00","dateModified":"2021-01-18T17:50:44+00:00","mainEntityOfPage":{"@id":"https:\/\/www.prijedordanas.com\/?p=161379"},"wordCount":262,"publisher":{"@id":"https:\/\/www.prijedordanas.com\/#organization"},"keywords":["Bogojavljenje","Bogojavljenska litija","\u010casni krst","plivanje"],"articleSection":["Dru\u0161tvo"],"inLanguage":"en-US"},{"@type":"WebPage","@id":"https:\/\/www.prijedordanas.com\/?p=161379","url":"https:\/\/www.prijedordanas.com\/?p=161379","name":"Prijedor: Za bogojavljensko plivanje za \u010casni krst prijavljeno 48 mu\u0161karaca i jedna \u017eena - FOTO - PrijedorDanas.com - Prijedorski gradski portal","isPartOf":{"@id":"https:\/\/www.prijedordanas.com\/#website"},"datePublished":"2021-01-18T17:50:44+00:00","dateModified":"2021-01-18T17:50:44+00:00","breadcrumb":{"@id":"https:\/\/www.prijedordanas.com\/?p=161379#breadcrumb"},"inLanguage":"en-US","potentialAction":[{"@type":"ReadAction","target":["https:\/\/www.prijedordanas.com\/?p=161379"]}]},{"@type":"BreadcrumbList","@id":"https:\/\/www.prijedordanas.com\/?p=161379#breadcrumb","itemListElement":[{"@type":"ListItem","position":1,"name":"Home","item":"https:\/\/www.prijedordanas.com\/"},{"@type":"ListItem","position":2,"name":"Prijedor: Za bogojavljensko plivanje za \u010casni krst prijavljeno 48 mu\u0161karaca i jedna \u017eena &#8211; FOTO"}]},{"@type":"WebSite","@id":"https:\/\/www.prijedordanas.com\/#website","url":"https:\/\/www.prijedordanas.com\/","name":"PrijedorDanas.com - Prijedorski gradski portal","description":"Portal o doga\u0111anjima u gradu Prijedoru","publisher":{"@id":"https:\/\/www.prijedordanas.com\/#organization"},"potentialAction":[{"@type":"SearchAction","target":{"@type":"EntryPoint","urlTemplate":"https:\/\/www.prijedordanas.com\/?s={search_term_string}"},"query-input":"required name=search_term_string"}],"inLanguage":"en-US"},{"@type":"Organization","@id":"https:\/\/www.prijedordanas.com\/#organization","name":"PrijedorDanas.com","url":"https:\/\/www.prijedordanas.com\/","logo":{"@type":"ImageObject","inLanguage":"en-US","@id":"https:\/\/www.prijedordanas.com\/#\/schema\/logo\/image\/","url":"http:\/\/www.prijedordanas.com\/wp-content\/uploads\/2021\/12\/logopng.png","contentUrl":"http:\/\/www.prijedordanas.com\/wp-content\/uploads\/2021\/12\/logopng.png","width":1019,"height":776,"caption":"PrijedorDanas.com"},"image":{"@id":"https:\/\/www.prijedordanas.com\/#\/schema\/logo\/image\/"},"sameAs":["https:\/\/www.facebook.com\/PrijedorDanasCom\/"]},{"@type":"Person","@id":"https:\/\/www.prijedordanas.com\/#\/schema\/person\/4e08ccf29b506ca916ff86d46bb700e6","name":"admin","image":{"@type":"ImageObject","inLanguage":"en-US","@id":"https:\/\/www.prijedordanas.com\/#\/schema\/person\/image\/","url":"https:\/\/secure.gravatar.com\/avatar\/1d3fc949d550f0b53a5f0d51e06dfd79?s=96&d=mm&r=g","contentUrl":"https:\/\/secure.gravatar.com\/avatar\/1d3fc949d550f0b53a5f0d51e06dfd79?s=96&d=mm&r=g","caption":"admin"},"url":"https:\/\/www.prijedordanas.com\/?author=1"}]}},"_links":{"self":[{"href":"https:\/\/www.prijedordanas.com\/index.php?rest_route=\/wp\/v2\/posts\/161379"}],"collection":[{"href":"https:\/\/www.prijedordanas.com\/index.php?rest_route=\/wp\/v2\/posts"}],"about":[{"href":"https:\/\/www.prijedordanas.com\/index.php?rest_route=\/wp\/v2\/types\/post"}],"author":[{"embeddable":true,"href":"https:\/\/www.prijedordanas.com\/index.php?rest_route=\/wp\/v2\/users\/1"}],"replies":[{"embeddable":true,"href":"https:\/\/www.prijedordanas.com\/index.php?rest_route=%2Fwp%2Fv2%2Fcomments&post=161379"}],"version-history":[{"count":1,"href":"https:\/\/www.prijedordanas.com\/index.php?rest_route=\/wp\/v2\/posts\/161379\/revisions"}],"predecessor-version":[{"id":161393,"href":"https:\/\/www.prijedordanas.com\/index.php?rest_route=\/wp\/v2\/posts\/161379\/revisions\/161393"}],"wp:attachment":[{"href":"https:\/\/www.prijedordanas.com\/index.php?rest_route=%2Fwp%2Fv2%2Fmedia&parent=161379"}],"wp:term":[{"taxonomy":"category","embeddable":true,"href":"https:\/\/www.prijedordanas.com\/index.php?rest_route=%2Fwp%2Fv2%2Fcategories&post=161379"},{"taxonomy":"post_tag","embeddable":true,"href":"https:\/\/www.prijedordanas.com\/index.php?rest_route=%2Fwp%2Fv2%2Ftags&post=161379"}],"curies":[{"name":"wp","href":"https:\/\/api.w.org\/{rel}","templated":true}]}}