{"id":161150,"date":"2021-01-13T18:51:46","date_gmt":"2021-01-13T17:51:46","guid":{"rendered":"https:\/\/www.prijedordanas.com\/?p=161150"},"modified":"2021-01-13T18:51:46","modified_gmt":"2021-01-13T17:51:46","slug":"sezona-na-kozari-otvorena-besplatnim-nocnim-skijanjem-video","status":"publish","type":"post","link":"https:\/\/www.prijedordanas.com\/?p=161150","title":{"rendered":"Sezona na Kozari otvorena besplatnim no\u0107nim skijanjem &#8211; VIDEO"},"content":{"rendered":"<p><a href=\"https:\/\/www.prijedordanas.com\/wp-content\/uploads\/2021\/01\/rtrs-skijanje-mrakovica-januar-2020.jpg\"><img loading=\"lazy\" decoding=\"async\" src=\"https:\/\/www.prijedordanas.com\/wp-content\/uploads\/2021\/01\/rtrs-skijanje-mrakovica-januar-2020-300x225.jpg\" alt=\"\" width=\"300\" height=\"225\" class=\"alignleft size-medium wp-image-161148\" srcset=\"https:\/\/www.prijedordanas.com\/wp-content\/uploads\/2021\/01\/rtrs-skijanje-mrakovica-januar-2020-300x225.jpg 300w, https:\/\/www.prijedordanas.com\/wp-content\/uploads\/2021\/01\/rtrs-skijanje-mrakovica-januar-2020-640x480.jpg 640w, https:\/\/www.prijedordanas.com\/wp-content\/uploads\/2021\/01\/rtrs-skijanje-mrakovica-januar-2020.jpg 666w\" sizes=\"(max-width: 300px) 100vw, 300px\" \/><\/a>Skija\u0161ka sezona na Kozari otvorena je sino\u0107, besplatnim no\u0107nim skijanjem. Za sada ljubitelji zimskih sportova mogu skijati na stazi Kozara 1, a otvorena je i staza za djecu.<\/p>\n<p>Vremenski uslovi omogu\u0107ili su rad dje\u010dije staze u toku dana i no\u0107no skijanje za odrasle od 18 do 21 \u010das. Zaljubljenici u zimske sportove sa odu\u0161evljenjem su do\u010dekali po\u010detak rada skijali\u0161ta.<\/p>\n<p>&#8211; Napokon da otvorimo ovu skija\u0161ku sezonu na Kozari da se malo i podru\u017eimo, da nije sve korona. Kozara jje na\u0161a ljepotica, odli\u010dna je staza- ka\u017ee Prijedor\u010danin Darko Dragi\u0107.<\/p>\n<p>&#8211; Iskreno sam se iznenadio brojem ljudi koji su ovdje prisutni. To je dokaz da ljudi njeguju planinu Kozaru i skijanje kao sport i u\u017eivaju u lijepom vazduhu i skijanju naravno &#8211; dodaje Dragan Do\u0161en.<\/p>\n<p>Kozara ima tri staze, a u funkciji su i oba lifta za skija\u0161e.<\/p>\n<p>&#8211; Za sada je bila izvrsna saradnja sa planinarskim dru\u0161tvom i nadam se da \u0107e i tako i dalje ostati. Radi\u0107emo na pro\u0161irenju kapaciteta i da afirmi\u0161emo Kozaru u turisti\u010dkom smislu &#8211; naglasio je Bo\u017eidar Nikoleti\u0107, v.d. direktora Nacionalnog parka Kozara.<\/p>\n<p>Po\u0161tovanje epidemiolo\u0161kih mjera obavezno je i na Kozari.<\/p>\n<p>Bo\u017eo Grbi\u0107, predsjednik Planinarsko-skija\u0161kog dru\u0161tva &#8220;Ljubijski rudar&#8221; ka\u017ee da insistiraju na po\u0161tovanju mjera.<\/p>\n<p>&#8211; Na sve strane smo postavili upozorenja. Imamo de\u017eurne na stazama koji upozoravaju na no\u0161enje bilo obi\u010dne maske ili bandos maske &#8211; dodaje Grbi\u0107.<\/p>\n<p>U narednom periodu, ukoliko vremenski uslovi dozvole, bi\u0107e otvorena i staza duga 850 metara. Do tada, skijanje na Kozari je svakodnevno od 11 do 16 \u010dasova, i no\u0107no od 18 do 21 \u010das.<\/p>\n<p>RTRS<\/p>\n<div style=\"width: 640px;\" class=\"wp-video\"><!--[if lt IE 9]><script>document.createElement('video');<\/script><![endif]-->\n<video class=\"wp-video-shortcode\" id=\"video-161150-1\" width=\"640\" height=\"360\" preload=\"metadata\" controls=\"controls\"><source type=\"video\/mp4\" src=\"https:\/\/arh4.rtrs.tv\/arhiva\/2021\/01\/13\/tvclip045787.mp4?_=1\" \/><a href=\"https:\/\/arh4.rtrs.tv\/arhiva\/2021\/01\/13\/tvclip045787.mp4\">https:\/\/arh4.rtrs.tv\/arhiva\/2021\/01\/13\/tvclip045787.mp4<\/a><\/video><\/div>\n","protected":false},"excerpt":{"rendered":"<p>Skija\u0161ka sezona na Kozari otvorena je sino\u0107, besplatnim no\u0107nim skijanjem. Za sada ljubitelji zimskih sportova mogu skijati na stazi Kozara 1, a otvorena je i staza za djecu. Vremenski uslovi [&hellip;]<\/p>\n","protected":false},"author":1,"featured_media":0,"comment_status":"closed","ping_status":"open","sticky":false,"template":"","format":"standard","meta":{"_monsterinsights_skip_tracking":false,"_monsterinsights_sitenote_active":false,"_monsterinsights_sitenote_note":"","_monsterinsights_sitenote_category":0,"footnotes":""},"categories":[3],"tags":[427,2900],"yoast_head":"<!-- This site is optimized with the Yoast SEO plugin v21.6 - https:\/\/yoast.com\/wordpress\/plugins\/seo\/ -->\n<title>Sezona na Kozari otvorena besplatnim no\u0107nim skijanjem - VIDEO - PrijedorDanas.com - Prijedorski gradski portal<\/title>\n<meta name=\"robots\" content=\"index, follow, max-snippet:-1, max-image-preview:large, max-video-preview:-1\" \/>\n<link rel=\"canonical\" href=\"https:\/\/www.prijedordanas.com\/?p=161150\" \/>\n<meta property=\"og:locale\" content=\"en_US\" \/>\n<meta property=\"og:type\" content=\"article\" \/>\n<meta property=\"og:title\" content=\"Sezona na Kozari otvorena besplatnim no\u0107nim skijanjem - VIDEO - PrijedorDanas.com - Prijedorski gradski portal\" \/>\n<meta property=\"og:description\" content=\"Skija\u0161ka sezona na Kozari otvorena je sino\u0107, besplatnim no\u0107nim skijanjem. Za sada ljubitelji zimskih sportova mogu skijati na stazi Kozara 1, a otvorena je i staza za djecu. Vremenski uslovi [&hellip;]\" \/>\n<meta property=\"og:url\" content=\"https:\/\/www.prijedordanas.com\/?p=161150\" \/>\n<meta property=\"og:site_name\" content=\"PrijedorDanas.com - Prijedorski gradski portal\" \/>\n<meta property=\"article:publisher\" content=\"https:\/\/www.facebook.com\/PrijedorDanasCom\/\" \/>\n<meta property=\"article:published_time\" content=\"2021-01-13T17:51:46+00:00\" \/>\n<meta property=\"og:image\" content=\"https:\/\/www.prijedordanas.com\/wp-content\/uploads\/2021\/01\/rtrs-skijanje-mrakovica-januar-2020-300x225.jpg\" \/>\n<meta name=\"author\" content=\"admin\" \/>\n<meta name=\"twitter:card\" content=\"summary_large_image\" \/>\n<meta name=\"twitter:label1\" content=\"Written by\" \/>\n\t<meta name=\"twitter:data1\" content=\"admin\" \/>\n\t<meta name=\"twitter:label2\" content=\"Est. reading time\" \/>\n\t<meta name=\"twitter:data2\" content=\"1 minute\" \/>\n<script type=\"application\/ld+json\" class=\"yoast-schema-graph\">{\"@context\":\"https:\/\/schema.org\",\"@graph\":[{\"@type\":\"Article\",\"@id\":\"https:\/\/www.prijedordanas.com\/?p=161150#article\",\"isPartOf\":{\"@id\":\"https:\/\/www.prijedordanas.com\/?p=161150\"},\"author\":{\"name\":\"admin\",\"@id\":\"https:\/\/www.prijedordanas.com\/#\/schema\/person\/4e08ccf29b506ca916ff86d46bb700e6\"},\"headline\":\"Sezona na Kozari otvorena besplatnim no\u0107nim skijanjem &#8211; VIDEO\",\"datePublished\":\"2021-01-13T17:51:46+00:00\",\"dateModified\":\"2021-01-13T17:51:46+00:00\",\"mainEntityOfPage\":{\"@id\":\"https:\/\/www.prijedordanas.com\/?p=161150\"},\"wordCount\":302,\"publisher\":{\"@id\":\"https:\/\/www.prijedordanas.com\/#organization\"},\"keywords\":[\"Kozara\",\"skijanje\"],\"articleSection\":[\"\u017divot\"],\"inLanguage\":\"en-US\"},{\"@type\":\"WebPage\",\"@id\":\"https:\/\/www.prijedordanas.com\/?p=161150\",\"url\":\"https:\/\/www.prijedordanas.com\/?p=161150\",\"name\":\"Sezona na Kozari otvorena besplatnim no\u0107nim skijanjem - VIDEO - PrijedorDanas.com - Prijedorski gradski portal\",\"isPartOf\":{\"@id\":\"https:\/\/www.prijedordanas.com\/#website\"},\"datePublished\":\"2021-01-13T17:51:46+00:00\",\"dateModified\":\"2021-01-13T17:51:46+00:00\",\"breadcrumb\":{\"@id\":\"https:\/\/www.prijedordanas.com\/?p=161150#breadcrumb\"},\"inLanguage\":\"en-US\",\"potentialAction\":[{\"@type\":\"ReadAction\",\"target\":[\"https:\/\/www.prijedordanas.com\/?p=161150\"]}]},{\"@type\":\"BreadcrumbList\",\"@id\":\"https:\/\/www.prijedordanas.com\/?p=161150#breadcrumb\",\"itemListElement\":[{\"@type\":\"ListItem\",\"position\":1,\"name\":\"Home\",\"item\":\"https:\/\/www.prijedordanas.com\/\"},{\"@type\":\"ListItem\",\"position\":2,\"name\":\"Sezona na Kozari otvorena besplatnim no\u0107nim skijanjem &#8211; VIDEO\"}]},{\"@type\":\"WebSite\",\"@id\":\"https:\/\/www.prijedordanas.com\/#website\",\"url\":\"https:\/\/www.prijedordanas.com\/\",\"name\":\"PrijedorDanas.com - Prijedorski gradski portal\",\"description\":\"Portal o doga\u0111anjima u gradu Prijedoru\",\"publisher\":{\"@id\":\"https:\/\/www.prijedordanas.com\/#organization\"},\"potentialAction\":[{\"@type\":\"SearchAction\",\"target\":{\"@type\":\"EntryPoint\",\"urlTemplate\":\"https:\/\/www.prijedordanas.com\/?s={search_term_string}\"},\"query-input\":\"required name=search_term_string\"}],\"inLanguage\":\"en-US\"},{\"@type\":\"Organization\",\"@id\":\"https:\/\/www.prijedordanas.com\/#organization\",\"name\":\"PrijedorDanas.com\",\"url\":\"https:\/\/www.prijedordanas.com\/\",\"logo\":{\"@type\":\"ImageObject\",\"inLanguage\":\"en-US\",\"@id\":\"https:\/\/www.prijedordanas.com\/#\/schema\/logo\/image\/\",\"url\":\"http:\/\/www.prijedordanas.com\/wp-content\/uploads\/2021\/12\/logopng.png\",\"contentUrl\":\"http:\/\/www.prijedordanas.com\/wp-content\/uploads\/2021\/12\/logopng.png\",\"width\":1019,\"height\":776,\"caption\":\"PrijedorDanas.com\"},\"image\":{\"@id\":\"https:\/\/www.prijedordanas.com\/#\/schema\/logo\/image\/\"},\"sameAs\":[\"https:\/\/www.facebook.com\/PrijedorDanasCom\/\"]},{\"@type\":\"Person\",\"@id\":\"https:\/\/www.prijedordanas.com\/#\/schema\/person\/4e08ccf29b506ca916ff86d46bb700e6\",\"name\":\"admin\",\"image\":{\"@type\":\"ImageObject\",\"inLanguage\":\"en-US\",\"@id\":\"https:\/\/www.prijedordanas.com\/#\/schema\/person\/image\/\",\"url\":\"https:\/\/secure.gravatar.com\/avatar\/1d3fc949d550f0b53a5f0d51e06dfd79?s=96&d=mm&r=g\",\"contentUrl\":\"https:\/\/secure.gravatar.com\/avatar\/1d3fc949d550f0b53a5f0d51e06dfd79?s=96&d=mm&r=g\",\"caption\":\"admin\"},\"url\":\"https:\/\/www.prijedordanas.com\/?author=1\"}]}<\/script>\n<!-- \/ Yoast SEO plugin. -->","yoast_head_json":{"title":"Sezona na Kozari otvorena besplatnim no\u0107nim skijanjem - VIDEO - PrijedorDanas.com - Prijedorski gradski portal","robots":{"index":"index","follow":"follow","max-snippet":"max-snippet:-1","max-image-preview":"max-image-preview:large","max-video-preview":"max-video-preview:-1"},"canonical":"https:\/\/www.prijedordanas.com\/?p=161150","og_locale":"en_US","og_type":"article","og_title":"Sezona na Kozari otvorena besplatnim no\u0107nim skijanjem - VIDEO - PrijedorDanas.com - Prijedorski gradski portal","og_description":"Skija\u0161ka sezona na Kozari otvorena je sino\u0107, besplatnim no\u0107nim skijanjem. Za sada ljubitelji zimskih sportova mogu skijati na stazi Kozara 1, a otvorena je i staza za djecu. Vremenski uslovi [&hellip;]","og_url":"https:\/\/www.prijedordanas.com\/?p=161150","og_site_name":"PrijedorDanas.com - Prijedorski gradski portal","article_publisher":"https:\/\/www.facebook.com\/PrijedorDanasCom\/","article_published_time":"2021-01-13T17:51:46+00:00","og_image":[{"url":"https:\/\/www.prijedordanas.com\/wp-content\/uploads\/2021\/01\/rtrs-skijanje-mrakovica-januar-2020-300x225.jpg"}],"author":"admin","twitter_card":"summary_large_image","twitter_misc":{"Written by":"admin","Est. reading time":"1 minute"},"schema":{"@context":"https:\/\/schema.org","@graph":[{"@type":"Article","@id":"https:\/\/www.prijedordanas.com\/?p=161150#article","isPartOf":{"@id":"https:\/\/www.prijedordanas.com\/?p=161150"},"author":{"name":"admin","@id":"https:\/\/www.prijedordanas.com\/#\/schema\/person\/4e08ccf29b506ca916ff86d46bb700e6"},"headline":"Sezona na Kozari otvorena besplatnim no\u0107nim skijanjem &#8211; VIDEO","datePublished":"2021-01-13T17:51:46+00:00","dateModified":"2021-01-13T17:51:46+00:00","mainEntityOfPage":{"@id":"https:\/\/www.prijedordanas.com\/?p=161150"},"wordCount":302,"publisher":{"@id":"https:\/\/www.prijedordanas.com\/#organization"},"keywords":["Kozara","skijanje"],"articleSection":["\u017divot"],"inLanguage":"en-US"},{"@type":"WebPage","@id":"https:\/\/www.prijedordanas.com\/?p=161150","url":"https:\/\/www.prijedordanas.com\/?p=161150","name":"Sezona na Kozari otvorena besplatnim no\u0107nim skijanjem - VIDEO - PrijedorDanas.com - Prijedorski gradski portal","isPartOf":{"@id":"https:\/\/www.prijedordanas.com\/#website"},"datePublished":"2021-01-13T17:51:46+00:00","dateModified":"2021-01-13T17:51:46+00:00","breadcrumb":{"@id":"https:\/\/www.prijedordanas.com\/?p=161150#breadcrumb"},"inLanguage":"en-US","potentialAction":[{"@type":"ReadAction","target":["https:\/\/www.prijedordanas.com\/?p=161150"]}]},{"@type":"BreadcrumbList","@id":"https:\/\/www.prijedordanas.com\/?p=161150#breadcrumb","itemListElement":[{"@type":"ListItem","position":1,"name":"Home","item":"https:\/\/www.prijedordanas.com\/"},{"@type":"ListItem","position":2,"name":"Sezona na Kozari otvorena besplatnim no\u0107nim skijanjem &#8211; VIDEO"}]},{"@type":"WebSite","@id":"https:\/\/www.prijedordanas.com\/#website","url":"https:\/\/www.prijedordanas.com\/","name":"PrijedorDanas.com - Prijedorski gradski portal","description":"Portal o doga\u0111anjima u gradu Prijedoru","publisher":{"@id":"https:\/\/www.prijedordanas.com\/#organization"},"potentialAction":[{"@type":"SearchAction","target":{"@type":"EntryPoint","urlTemplate":"https:\/\/www.prijedordanas.com\/?s={search_term_string}"},"query-input":"required name=search_term_string"}],"inLanguage":"en-US"},{"@type":"Organization","@id":"https:\/\/www.prijedordanas.com\/#organization","name":"PrijedorDanas.com","url":"https:\/\/www.prijedordanas.com\/","logo":{"@type":"ImageObject","inLanguage":"en-US","@id":"https:\/\/www.prijedordanas.com\/#\/schema\/logo\/image\/","url":"http:\/\/www.prijedordanas.com\/wp-content\/uploads\/2021\/12\/logopng.png","contentUrl":"http:\/\/www.prijedordanas.com\/wp-content\/uploads\/2021\/12\/logopng.png","width":1019,"height":776,"caption":"PrijedorDanas.com"},"image":{"@id":"https:\/\/www.prijedordanas.com\/#\/schema\/logo\/image\/"},"sameAs":["https:\/\/www.facebook.com\/PrijedorDanasCom\/"]},{"@type":"Person","@id":"https:\/\/www.prijedordanas.com\/#\/schema\/person\/4e08ccf29b506ca916ff86d46bb700e6","name":"admin","image":{"@type":"ImageObject","inLanguage":"en-US","@id":"https:\/\/www.prijedordanas.com\/#\/schema\/person\/image\/","url":"https:\/\/secure.gravatar.com\/avatar\/1d3fc949d550f0b53a5f0d51e06dfd79?s=96&d=mm&r=g","contentUrl":"https:\/\/secure.gravatar.com\/avatar\/1d3fc949d550f0b53a5f0d51e06dfd79?s=96&d=mm&r=g","caption":"admin"},"url":"https:\/\/www.prijedordanas.com\/?author=1"}]}},"_links":{"self":[{"href":"https:\/\/www.prijedordanas.com\/index.php?rest_route=\/wp\/v2\/posts\/161150"}],"collection":[{"href":"https:\/\/www.prijedordanas.com\/index.php?rest_route=\/wp\/v2\/posts"}],"about":[{"href":"https:\/\/www.prijedordanas.com\/index.php?rest_route=\/wp\/v2\/types\/post"}],"author":[{"embeddable":true,"href":"https:\/\/www.prijedordanas.com\/index.php?rest_route=\/wp\/v2\/users\/1"}],"replies":[{"embeddable":true,"href":"https:\/\/www.prijedordanas.com\/index.php?rest_route=%2Fwp%2Fv2%2Fcomments&post=161150"}],"version-history":[{"count":1,"href":"https:\/\/www.prijedordanas.com\/index.php?rest_route=\/wp\/v2\/posts\/161150\/revisions"}],"predecessor-version":[{"id":161151,"href":"https:\/\/www.prijedordanas.com\/index.php?rest_route=\/wp\/v2\/posts\/161150\/revisions\/161151"}],"wp:attachment":[{"href":"https:\/\/www.prijedordanas.com\/index.php?rest_route=%2Fwp%2Fv2%2Fmedia&parent=161150"}],"wp:term":[{"taxonomy":"category","embeddable":true,"href":"https:\/\/www.prijedordanas.com\/index.php?rest_route=%2Fwp%2Fv2%2Fcategories&post=161150"},{"taxonomy":"post_tag","embeddable":true,"href":"https:\/\/www.prijedordanas.com\/index.php?rest_route=%2Fwp%2Fv2%2Ftags&post=161150"}],"curies":[{"name":"wp","href":"https:\/\/api.w.org\/{rel}","templated":true}]}}