{"id":161119,"date":"2021-01-13T10:59:14","date_gmt":"2021-01-13T09:59:14","guid":{"rendered":"https:\/\/www.prijedordanas.com\/?p=161119"},"modified":"2021-01-13T10:59:14","modified_gmt":"2021-01-13T09:59:14","slug":"nema-dana-da-ga-ne-privedu-u-banjaluci-ponovo-uhapsen-serijski-lopov-iz-prijedora","status":"publish","type":"post","link":"https:\/\/www.prijedordanas.com\/?p=161119","title":{"rendered":"Nema dana da ga ne privedu: U Banjaluci ponovo uhap\u0161en serijski lopov iz Prijedora"},"content":{"rendered":"<p><a href=\"https:\/\/www.prijedordanas.com\/wp-content\/uploads\/2020\/08\/banja-luka-kradja-lutke-iz-butika-2.jpg\"><img loading=\"lazy\" decoding=\"async\" class=\"alignleft size-medium wp-image-152746\" src=\"https:\/\/www.prijedordanas.com\/wp-content\/uploads\/2020\/08\/banja-luka-kradja-lutke-iz-butika-2-244x300.jpg\" alt=\"\" width=\"244\" height=\"300\" srcset=\"https:\/\/www.prijedordanas.com\/wp-content\/uploads\/2020\/08\/banja-luka-kradja-lutke-iz-butika-2-244x300.jpg 244w, https:\/\/www.prijedordanas.com\/wp-content\/uploads\/2020\/08\/banja-luka-kradja-lutke-iz-butika-2.jpg 487w\" sizes=\"(max-width: 244px) 100vw, 244px\" \/><\/a>Banjalu\u010dka policija ponovo je uhapsila Ranka Raki\u0107a, serijskog lopova koji je do danas skupio vi\u0161e desetina prijava zbog plja\u010dki. Ovoga puta, Raki\u0107 je uhap\u0161en po potrazi koju je raspisala Policijska uprava Prijedor.<\/p>\n<p>Nakon hap\u0161enja Raki\u0107 je predan policijskim slu\u017ebenicima u Prijedoru.<\/p>\n<p>Raki\u0107 je do sada hap\u0161en u vi\u0161e navrata zbog razli\u010ditih krivi\u010dnih djela. Osim policije, Raki\u0107a su \u201chapsili\u201d i gra\u0111ani. Tako \u0107e ovaj serijski lopov dugo pamtiti provalu i poku\u0161aj plja\u010dke porodi\u010dne ku\u0107e u Banjaluci u novembru pro\u0161le godine.<\/p>\n<p>Raki\u0107 je u porodi\u010dnu ku\u0107u o\u0161te\u0107enog upao oko 23.35 \u010dasova, ne slute\u0107i da je vlasnik unutra.<\/p>\n<p>\u2013 Kada je vlasnik primjetio lopova, nije dugo oklijevao, ve\u0107 je odmah krenuo u akciju. Uslijedilo je par trenutaka \u201cprevaspitanja\u201d, a zatim je obavijestio policiju \u2013 ispri\u010dao je ranije izvor Srpskainfo iz Policijske uprave Banjaluka.<\/p>\n<p>Prema podacima policijskih uprava Prijedor i Banjaluka, Raki\u0107 je prijavljivan zbog kra\u0111a automobila, oduzimanja i o\u0161te\u0107enja tu\u0111e stvari, te\u0161kih kra\u0111a, te\u0161kih tjelesnih povreda, kra\u0111a i drugih djela.<\/p>\n<p>U Banjaluci je snimljen kako plja\u010dka butik.<\/p>\n<p>Ranko Raki\u0107 je tra\u017een i u Njema\u010dkoj.<\/p>\n<p>Raki\u0107, koji je ina\u010de ro\u0111en u Bohumu, u periodu od 2008. do 2016. godine po\u010dinio je 36 krivi\u010dnih djela u ovoj zapadnoevropskoj dr\u017eavi.<\/p>\n<p>Posebno se isti\u010du krivi\u010dna djela povezana s narkoticima, zatim pronevjere novca, kra\u0111e, provale i druga krivi\u010dna djela.<\/p>\n<p>srpskainfo.com<\/p>\n","protected":false},"excerpt":{"rendered":"<p>Banjalu\u010dka policija ponovo je uhapsila Ranka Raki\u0107a, serijskog lopova koji je do danas skupio vi\u0161e desetina prijava zbog plja\u010dki. Ovoga puta, Raki\u0107 je uhap\u0161en po potrazi koju je raspisala Policijska [&hellip;]<\/p>\n","protected":false},"author":1,"featured_media":0,"comment_status":"closed","ping_status":"open","sticky":false,"template":"","format":"standard","meta":{"_monsterinsights_skip_tracking":false,"_monsterinsights_sitenote_active":false,"_monsterinsights_sitenote_note":"","_monsterinsights_sitenote_category":0,"footnotes":""},"categories":[5],"tags":[],"yoast_head":"<!-- This site is optimized with the Yoast SEO plugin v21.6 - https:\/\/yoast.com\/wordpress\/plugins\/seo\/ -->\n<title>Nema dana da ga ne privedu: U Banjaluci ponovo uhap\u0161en serijski lopov iz Prijedora - PrijedorDanas.com - Prijedorski gradski portal<\/title>\n<meta name=\"robots\" content=\"index, follow, max-snippet:-1, max-image-preview:large, max-video-preview:-1\" \/>\n<link rel=\"canonical\" href=\"https:\/\/www.prijedordanas.com\/?p=161119\" \/>\n<meta property=\"og:locale\" content=\"en_US\" \/>\n<meta property=\"og:type\" content=\"article\" \/>\n<meta property=\"og:title\" content=\"Nema dana da ga ne privedu: U Banjaluci ponovo uhap\u0161en serijski lopov iz Prijedora - PrijedorDanas.com - Prijedorski gradski portal\" \/>\n<meta property=\"og:description\" content=\"Banjalu\u010dka policija ponovo je uhapsila Ranka Raki\u0107a, serijskog lopova koji je do danas skupio vi\u0161e desetina prijava zbog plja\u010dki. Ovoga puta, Raki\u0107 je uhap\u0161en po potrazi koju je raspisala Policijska [&hellip;]\" \/>\n<meta property=\"og:url\" content=\"https:\/\/www.prijedordanas.com\/?p=161119\" \/>\n<meta property=\"og:site_name\" content=\"PrijedorDanas.com - Prijedorski gradski portal\" \/>\n<meta property=\"article:publisher\" content=\"https:\/\/www.facebook.com\/PrijedorDanasCom\/\" \/>\n<meta property=\"article:published_time\" content=\"2021-01-13T09:59:14+00:00\" \/>\n<meta property=\"og:image\" content=\"https:\/\/www.prijedordanas.com\/wp-content\/uploads\/2020\/08\/banja-luka-kradja-lutke-iz-butika-2-244x300.jpg\" \/>\n<meta name=\"author\" content=\"admin\" \/>\n<meta name=\"twitter:card\" content=\"summary_large_image\" \/>\n<meta name=\"twitter:label1\" content=\"Written by\" \/>\n\t<meta name=\"twitter:data1\" content=\"admin\" \/>\n\t<meta name=\"twitter:label2\" content=\"Est. reading time\" \/>\n\t<meta name=\"twitter:data2\" content=\"1 minute\" \/>\n<script type=\"application\/ld+json\" class=\"yoast-schema-graph\">{\"@context\":\"https:\/\/schema.org\",\"@graph\":[{\"@type\":\"Article\",\"@id\":\"https:\/\/www.prijedordanas.com\/?p=161119#article\",\"isPartOf\":{\"@id\":\"https:\/\/www.prijedordanas.com\/?p=161119\"},\"author\":{\"name\":\"admin\",\"@id\":\"https:\/\/www.prijedordanas.com\/#\/schema\/person\/4e08ccf29b506ca916ff86d46bb700e6\"},\"headline\":\"Nema dana da ga ne privedu: U Banjaluci ponovo uhap\u0161en serijski lopov iz Prijedora\",\"datePublished\":\"2021-01-13T09:59:14+00:00\",\"dateModified\":\"2021-01-13T09:59:14+00:00\",\"mainEntityOfPage\":{\"@id\":\"https:\/\/www.prijedordanas.com\/?p=161119\"},\"wordCount\":266,\"publisher\":{\"@id\":\"https:\/\/www.prijedordanas.com\/#organization\"},\"articleSection\":[\"Hronika\"],\"inLanguage\":\"en-US\"},{\"@type\":\"WebPage\",\"@id\":\"https:\/\/www.prijedordanas.com\/?p=161119\",\"url\":\"https:\/\/www.prijedordanas.com\/?p=161119\",\"name\":\"Nema dana da ga ne privedu: U Banjaluci ponovo uhap\u0161en serijski lopov iz Prijedora - PrijedorDanas.com - Prijedorski gradski portal\",\"isPartOf\":{\"@id\":\"https:\/\/www.prijedordanas.com\/#website\"},\"datePublished\":\"2021-01-13T09:59:14+00:00\",\"dateModified\":\"2021-01-13T09:59:14+00:00\",\"breadcrumb\":{\"@id\":\"https:\/\/www.prijedordanas.com\/?p=161119#breadcrumb\"},\"inLanguage\":\"en-US\",\"potentialAction\":[{\"@type\":\"ReadAction\",\"target\":[\"https:\/\/www.prijedordanas.com\/?p=161119\"]}]},{\"@type\":\"BreadcrumbList\",\"@id\":\"https:\/\/www.prijedordanas.com\/?p=161119#breadcrumb\",\"itemListElement\":[{\"@type\":\"ListItem\",\"position\":1,\"name\":\"Home\",\"item\":\"https:\/\/www.prijedordanas.com\/\"},{\"@type\":\"ListItem\",\"position\":2,\"name\":\"Nema dana da ga ne privedu: U Banjaluci ponovo uhap\u0161en serijski lopov iz Prijedora\"}]},{\"@type\":\"WebSite\",\"@id\":\"https:\/\/www.prijedordanas.com\/#website\",\"url\":\"https:\/\/www.prijedordanas.com\/\",\"name\":\"PrijedorDanas.com - Prijedorski gradski portal\",\"description\":\"Portal o doga\u0111anjima u gradu Prijedoru\",\"publisher\":{\"@id\":\"https:\/\/www.prijedordanas.com\/#organization\"},\"potentialAction\":[{\"@type\":\"SearchAction\",\"target\":{\"@type\":\"EntryPoint\",\"urlTemplate\":\"https:\/\/www.prijedordanas.com\/?s={search_term_string}\"},\"query-input\":\"required name=search_term_string\"}],\"inLanguage\":\"en-US\"},{\"@type\":\"Organization\",\"@id\":\"https:\/\/www.prijedordanas.com\/#organization\",\"name\":\"PrijedorDanas.com\",\"url\":\"https:\/\/www.prijedordanas.com\/\",\"logo\":{\"@type\":\"ImageObject\",\"inLanguage\":\"en-US\",\"@id\":\"https:\/\/www.prijedordanas.com\/#\/schema\/logo\/image\/\",\"url\":\"http:\/\/www.prijedordanas.com\/wp-content\/uploads\/2021\/12\/logopng.png\",\"contentUrl\":\"http:\/\/www.prijedordanas.com\/wp-content\/uploads\/2021\/12\/logopng.png\",\"width\":1019,\"height\":776,\"caption\":\"PrijedorDanas.com\"},\"image\":{\"@id\":\"https:\/\/www.prijedordanas.com\/#\/schema\/logo\/image\/\"},\"sameAs\":[\"https:\/\/www.facebook.com\/PrijedorDanasCom\/\"]},{\"@type\":\"Person\",\"@id\":\"https:\/\/www.prijedordanas.com\/#\/schema\/person\/4e08ccf29b506ca916ff86d46bb700e6\",\"name\":\"admin\",\"image\":{\"@type\":\"ImageObject\",\"inLanguage\":\"en-US\",\"@id\":\"https:\/\/www.prijedordanas.com\/#\/schema\/person\/image\/\",\"url\":\"https:\/\/secure.gravatar.com\/avatar\/1d3fc949d550f0b53a5f0d51e06dfd79?s=96&d=mm&r=g\",\"contentUrl\":\"https:\/\/secure.gravatar.com\/avatar\/1d3fc949d550f0b53a5f0d51e06dfd79?s=96&d=mm&r=g\",\"caption\":\"admin\"},\"url\":\"https:\/\/www.prijedordanas.com\/?author=1\"}]}<\/script>\n<!-- \/ Yoast SEO plugin. -->","yoast_head_json":{"title":"Nema dana da ga ne privedu: U Banjaluci ponovo uhap\u0161en serijski lopov iz Prijedora - PrijedorDanas.com - Prijedorski gradski portal","robots":{"index":"index","follow":"follow","max-snippet":"max-snippet:-1","max-image-preview":"max-image-preview:large","max-video-preview":"max-video-preview:-1"},"canonical":"https:\/\/www.prijedordanas.com\/?p=161119","og_locale":"en_US","og_type":"article","og_title":"Nema dana da ga ne privedu: U Banjaluci ponovo uhap\u0161en serijski lopov iz Prijedora - PrijedorDanas.com - Prijedorski gradski portal","og_description":"Banjalu\u010dka policija ponovo je uhapsila Ranka Raki\u0107a, serijskog lopova koji je do danas skupio vi\u0161e desetina prijava zbog plja\u010dki. Ovoga puta, Raki\u0107 je uhap\u0161en po potrazi koju je raspisala Policijska [&hellip;]","og_url":"https:\/\/www.prijedordanas.com\/?p=161119","og_site_name":"PrijedorDanas.com - Prijedorski gradski portal","article_publisher":"https:\/\/www.facebook.com\/PrijedorDanasCom\/","article_published_time":"2021-01-13T09:59:14+00:00","og_image":[{"url":"https:\/\/www.prijedordanas.com\/wp-content\/uploads\/2020\/08\/banja-luka-kradja-lutke-iz-butika-2-244x300.jpg"}],"author":"admin","twitter_card":"summary_large_image","twitter_misc":{"Written by":"admin","Est. reading time":"1 minute"},"schema":{"@context":"https:\/\/schema.org","@graph":[{"@type":"Article","@id":"https:\/\/www.prijedordanas.com\/?p=161119#article","isPartOf":{"@id":"https:\/\/www.prijedordanas.com\/?p=161119"},"author":{"name":"admin","@id":"https:\/\/www.prijedordanas.com\/#\/schema\/person\/4e08ccf29b506ca916ff86d46bb700e6"},"headline":"Nema dana da ga ne privedu: U Banjaluci ponovo uhap\u0161en serijski lopov iz Prijedora","datePublished":"2021-01-13T09:59:14+00:00","dateModified":"2021-01-13T09:59:14+00:00","mainEntityOfPage":{"@id":"https:\/\/www.prijedordanas.com\/?p=161119"},"wordCount":266,"publisher":{"@id":"https:\/\/www.prijedordanas.com\/#organization"},"articleSection":["Hronika"],"inLanguage":"en-US"},{"@type":"WebPage","@id":"https:\/\/www.prijedordanas.com\/?p=161119","url":"https:\/\/www.prijedordanas.com\/?p=161119","name":"Nema dana da ga ne privedu: U Banjaluci ponovo uhap\u0161en serijski lopov iz Prijedora - PrijedorDanas.com - Prijedorski gradski portal","isPartOf":{"@id":"https:\/\/www.prijedordanas.com\/#website"},"datePublished":"2021-01-13T09:59:14+00:00","dateModified":"2021-01-13T09:59:14+00:00","breadcrumb":{"@id":"https:\/\/www.prijedordanas.com\/?p=161119#breadcrumb"},"inLanguage":"en-US","potentialAction":[{"@type":"ReadAction","target":["https:\/\/www.prijedordanas.com\/?p=161119"]}]},{"@type":"BreadcrumbList","@id":"https:\/\/www.prijedordanas.com\/?p=161119#breadcrumb","itemListElement":[{"@type":"ListItem","position":1,"name":"Home","item":"https:\/\/www.prijedordanas.com\/"},{"@type":"ListItem","position":2,"name":"Nema dana da ga ne privedu: U Banjaluci ponovo uhap\u0161en serijski lopov iz Prijedora"}]},{"@type":"WebSite","@id":"https:\/\/www.prijedordanas.com\/#website","url":"https:\/\/www.prijedordanas.com\/","name":"PrijedorDanas.com - Prijedorski gradski portal","description":"Portal o doga\u0111anjima u gradu Prijedoru","publisher":{"@id":"https:\/\/www.prijedordanas.com\/#organization"},"potentialAction":[{"@type":"SearchAction","target":{"@type":"EntryPoint","urlTemplate":"https:\/\/www.prijedordanas.com\/?s={search_term_string}"},"query-input":"required name=search_term_string"}],"inLanguage":"en-US"},{"@type":"Organization","@id":"https:\/\/www.prijedordanas.com\/#organization","name":"PrijedorDanas.com","url":"https:\/\/www.prijedordanas.com\/","logo":{"@type":"ImageObject","inLanguage":"en-US","@id":"https:\/\/www.prijedordanas.com\/#\/schema\/logo\/image\/","url":"http:\/\/www.prijedordanas.com\/wp-content\/uploads\/2021\/12\/logopng.png","contentUrl":"http:\/\/www.prijedordanas.com\/wp-content\/uploads\/2021\/12\/logopng.png","width":1019,"height":776,"caption":"PrijedorDanas.com"},"image":{"@id":"https:\/\/www.prijedordanas.com\/#\/schema\/logo\/image\/"},"sameAs":["https:\/\/www.facebook.com\/PrijedorDanasCom\/"]},{"@type":"Person","@id":"https:\/\/www.prijedordanas.com\/#\/schema\/person\/4e08ccf29b506ca916ff86d46bb700e6","name":"admin","image":{"@type":"ImageObject","inLanguage":"en-US","@id":"https:\/\/www.prijedordanas.com\/#\/schema\/person\/image\/","url":"https:\/\/secure.gravatar.com\/avatar\/1d3fc949d550f0b53a5f0d51e06dfd79?s=96&d=mm&r=g","contentUrl":"https:\/\/secure.gravatar.com\/avatar\/1d3fc949d550f0b53a5f0d51e06dfd79?s=96&d=mm&r=g","caption":"admin"},"url":"https:\/\/www.prijedordanas.com\/?author=1"}]}},"_links":{"self":[{"href":"https:\/\/www.prijedordanas.com\/index.php?rest_route=\/wp\/v2\/posts\/161119"}],"collection":[{"href":"https:\/\/www.prijedordanas.com\/index.php?rest_route=\/wp\/v2\/posts"}],"about":[{"href":"https:\/\/www.prijedordanas.com\/index.php?rest_route=\/wp\/v2\/types\/post"}],"author":[{"embeddable":true,"href":"https:\/\/www.prijedordanas.com\/index.php?rest_route=\/wp\/v2\/users\/1"}],"replies":[{"embeddable":true,"href":"https:\/\/www.prijedordanas.com\/index.php?rest_route=%2Fwp%2Fv2%2Fcomments&post=161119"}],"version-history":[{"count":1,"href":"https:\/\/www.prijedordanas.com\/index.php?rest_route=\/wp\/v2\/posts\/161119\/revisions"}],"predecessor-version":[{"id":161120,"href":"https:\/\/www.prijedordanas.com\/index.php?rest_route=\/wp\/v2\/posts\/161119\/revisions\/161120"}],"wp:attachment":[{"href":"https:\/\/www.prijedordanas.com\/index.php?rest_route=%2Fwp%2Fv2%2Fmedia&parent=161119"}],"wp:term":[{"taxonomy":"category","embeddable":true,"href":"https:\/\/www.prijedordanas.com\/index.php?rest_route=%2Fwp%2Fv2%2Fcategories&post=161119"},{"taxonomy":"post_tag","embeddable":true,"href":"https:\/\/www.prijedordanas.com\/index.php?rest_route=%2Fwp%2Fv2%2Ftags&post=161119"}],"curies":[{"name":"wp","href":"https:\/\/api.w.org\/{rel}","templated":true}]}}