{"id":161106,"date":"2021-01-12T23:52:20","date_gmt":"2021-01-12T22:52:20","guid":{"rendered":"https:\/\/www.prijedordanas.com\/?p=161106"},"modified":"2021-01-12T23:52:20","modified_gmt":"2021-01-12T22:52:20","slug":"na-korona-virus-pozitivna-51-osoba-iz-prijedora-na-lijecenju-u-bolnici-njih-31-zakljucci-staba-za-vanredne-situacije-za-12-januar","status":"publish","type":"post","link":"https:\/\/www.prijedordanas.com\/?p=161106","title":{"rendered":"Na korona virus pozitivna 51 osoba iz Prijedora, na lije\u010denju u bolnici njih 31: Zaklju\u010dci \u0160taba za vanredne situacije za 12. januar"},"content":{"rendered":"<p><a href=\"https:\/\/www.prijedordanas.com\/wp-content\/uploads\/2021\/01\/stab-12januar-4.jpg\"><img loading=\"lazy\" decoding=\"async\" class=\"alignleft size-medium wp-image-161107\" src=\"https:\/\/www.prijedordanas.com\/wp-content\/uploads\/2021\/01\/stab-12januar-4-300x225.jpg\" alt=\"\" width=\"300\" height=\"225\" srcset=\"https:\/\/www.prijedordanas.com\/wp-content\/uploads\/2021\/01\/stab-12januar-4-300x225.jpg 300w, https:\/\/www.prijedordanas.com\/wp-content\/uploads\/2021\/01\/stab-12januar-4-640x480.jpg 640w, https:\/\/www.prijedordanas.com\/wp-content\/uploads\/2021\/01\/stab-12januar-4.jpg 667w\" sizes=\"(max-width: 300px) 100vw, 300px\" \/><\/a>GRADSKI \u0160TAB ZA VANREDNE SITUACIJE<\/p>\n<p>Na osnovu \u010dlana 39. stav 3. i \u010dlana 40. stav b. Zakona o za\u0161titi i spasavanju u vanrednim situacijama (&#8220;Slu\u017ebeni glasnik Republike Srpske&#8221;, broj: 121\/12) i \u010dlana 12. stav 3. Odluke o organizovanju i funkcionisanju civilne za\u0161tite u oblasti za\u0161tite i spasavanja Grada Prijedora (&#8220;Slu\u017ebeni glasnik Grada Prijedora&#8221;, broj: 7\/13), na sjednici odr\u017eanoj dana 12.01.2021. godine Gradski \u0161tab za vanredne situacije Grada Prijedora, donosi slijede\u0107e:<\/p>\n<p>ZAKLJU\u010cKE<\/p>\n<p>Gradski \u0161tab za vanredne situacije konstatuje:<\/p>\n<p><a href=\"https:\/\/www.prijedordanas.com\/wp-content\/uploads\/2021\/01\/stab-12januar-2.jpg\"><img loading=\"lazy\" decoding=\"async\" src=\"https:\/\/www.prijedordanas.com\/wp-content\/uploads\/2021\/01\/stab-12januar-2-300x225.jpg\" alt=\"\" width=\"300\" height=\"225\" class=\"alignleft size-medium wp-image-161108\" srcset=\"https:\/\/www.prijedordanas.com\/wp-content\/uploads\/2021\/01\/stab-12januar-2-300x225.jpg 300w, https:\/\/www.prijedordanas.com\/wp-content\/uploads\/2021\/01\/stab-12januar-2-640x480.jpg 640w, https:\/\/www.prijedordanas.com\/wp-content\/uploads\/2021\/01\/stab-12januar-2.jpg 667w\" sizes=\"(max-width: 300px) 100vw, 300px\" \/><\/a>1. Na podru\u010dju grada Prijedora trenutno je registrovano 51 lice sa pozitivnim testom na novi virus korona. Do sada se 896 lica oporavilo od oboljenja uzrokovanog virusom korona, a 67 lica je preminulo. Pod zdravstvenim nadzorom &#8211; u ku\u0107noj izolaciji je 91 lice, a zdravstveni nadzor je prestao za 5336 lica.<br \/>\nU JZU Bolnicu &#8220;Dr Mladen Stojanovi\u0107&#8221; Prijedor &#8211; COVID odjeljenje radi lije\u010denja lica oboljelih zbog infekcije izazvane novim virusom korona smje\u0161teno je 46 lica od kojih je 31 lice iz Prijedora, 7 lica iz Kozarske Dubice, 4 lica iz Novog Grada i po jedno lice iz O\u0161tre Luke i Krupe na Uni i dva pacijenta koja su se zatekla u Prijedoru i koji su hospitalizovani.<\/p>\n<p>2. Svi subjekti uklju\u010deni u sprovo\u0111enje mjera za\u0161tite i spre\u010davanja \u0161irenja novog virusa korona na podru\u010dju grada Prijedora izvr\u0161avaju zadatke, mjere i preporuke date od strane Gradskog \u0161taba za vanredne situacije.<br \/>\nOd strane nadle\u017enih institucija na podru\u010dju grada Prijedora preduzete su sve mjere i aktivnosti nalo\u017eene od strane Gradskog \u0161taba za vanredne situacije u vezi sa pojavom zemljotresa dana 29.12.2020. godine.<\/p>\n<p><a href=\"https:\/\/www.prijedordanas.com\/wp-content\/uploads\/2021\/01\/stab-12januar-3.jpg\"><img loading=\"lazy\" decoding=\"async\" src=\"https:\/\/www.prijedordanas.com\/wp-content\/uploads\/2021\/01\/stab-12januar-3-300x225.jpg\" alt=\"\" width=\"300\" height=\"225\" class=\"alignleft size-medium wp-image-161109\" srcset=\"https:\/\/www.prijedordanas.com\/wp-content\/uploads\/2021\/01\/stab-12januar-3-300x225.jpg 300w, https:\/\/www.prijedordanas.com\/wp-content\/uploads\/2021\/01\/stab-12januar-3-640x480.jpg 640w, https:\/\/www.prijedordanas.com\/wp-content\/uploads\/2021\/01\/stab-12januar-3.jpg 667w\" sizes=\"(max-width: 300px) 100vw, 300px\" \/><\/a>Naredbe, zadu\u017eenja i preporuke<\/p>\n<p>1. Obavezuju se svi subjekti koji obavljaju registrovanu djelatnost na podru\u010dju grada Prijedora da uslove za obavljanje djelatnosti prilagode mjerama propisanim od strane JZU &#8220;Institut za javno zdravstvo Republike Srpske&#8221; za spre\u010davanje pojave i \u0161irenja COVID &#8211; 19 bolesti na radnom mjestu.<\/p>\n<p>2. Obavezuju se nadzorni i kontrolni organi na podru\u010dju grada Prijedora da u saradnji sa predstavnicima Ministarstva unutra\u0161njih poslova i u skladu sa Instrukcijom Ministarstva uprave i lokalne samouprave, kontinuirano vr\u0161e kontrole i nadzor nad sprovo\u0111enjem mjera utvr\u0111enih zaklju\u010dcima Republi\u010dkog \u0161taba za vanredne situacije, kao i mjera donesenih od strane Gradskog \u0161taba za vanredne situacije.<\/p>\n<p><a href=\"https:\/\/www.prijedordanas.com\/wp-content\/uploads\/2021\/01\/stab-12januar-6.jpg\"><img loading=\"lazy\" decoding=\"async\" src=\"https:\/\/www.prijedordanas.com\/wp-content\/uploads\/2021\/01\/stab-12januar-6-300x200.jpg\" alt=\"\" width=\"300\" height=\"200\" class=\"alignleft size-medium wp-image-161110\" srcset=\"https:\/\/www.prijedordanas.com\/wp-content\/uploads\/2021\/01\/stab-12januar-6-300x200.jpg 300w, https:\/\/www.prijedordanas.com\/wp-content\/uploads\/2021\/01\/stab-12januar-6-480x320.jpg 480w, https:\/\/www.prijedordanas.com\/wp-content\/uploads\/2021\/01\/stab-12januar-6.jpg 600w\" sizes=\"(max-width: 300px) 100vw, 300px\" \/><\/a>3. Gradski \u0161tab za vanredne situacije apeluje na stanovnike grada Prijedora da se prilikom obilje\u017eavanja pravoslavne Nove godine pridr\u017eavaju propisanih epidemiolo\u0161kih mjera i mjera za spre\u010davanje pojave i \u0161irenja novog virusa korona, da ne organizuju privatne zabave i da praznike provedu u krugu svojih najbli\u017eih po\u0161tuju\u0107i mjeru o zabrani privatnih okupljanja u grupama ve\u0107im od 10 lica.<\/p>\n<p>4. Gradski \u0161tab za vanredne situacije \u0107e i dalje aktivno pratiti razvoj situacije u vezi sa pojavom i \u0161irenjem korona virusa i u skladu sa razvojem doga\u0111aja blagovremeno donositi zaklju\u010dke i usmjeravati rad nadle\u017enih slu\u017ebi.<\/p>\n<p>Za realizaciju ovih zaklju\u010daka zadu\u017euju se organi i slu\u017ebe Gradske uprave Prijedor, privredna dru\u0161tva, javne ustanove i institucije na podru\u010dju grada Prijedora.<\/p>\n<p>Broj: 02-sl-1\/21<br \/>\nDatum: 12.01.2021. godine<\/p>\n<p>KOMANDANT<\/p>\n<p>Dalibor Pavlovi\u0107<\/p>\n","protected":false},"excerpt":{"rendered":"<p>GRADSKI \u0160TAB ZA VANREDNE SITUACIJE Na osnovu \u010dlana 39. stav 3. i \u010dlana 40. stav b. Zakona o za\u0161titi i spasavanju u vanrednim situacijama (&#8220;Slu\u017ebeni glasnik Republike Srpske&#8221;, broj: 121\/12) [&hellip;]<\/p>\n","protected":false},"author":1,"featured_media":0,"comment_status":"closed","ping_status":"open","sticky":false,"template":"","format":"standard","meta":{"_monsterinsights_skip_tracking":false,"_monsterinsights_sitenote_active":false,"_monsterinsights_sitenote_note":"","_monsterinsights_sitenote_category":0,"footnotes":""},"categories":[8],"tags":[11081,11120],"yoast_head":"<!-- This site is optimized with the Yoast SEO plugin v21.6 - https:\/\/yoast.com\/wordpress\/plugins\/seo\/ -->\n<title>Na korona virus pozitivna 51 osoba iz Prijedora, na lije\u010denju u bolnici njih 31: Zaklju\u010dci \u0160taba za vanredne situacije za 12. januar - PrijedorDanas.com - Prijedorski gradski portal<\/title>\n<meta name=\"robots\" content=\"index, follow, max-snippet:-1, max-image-preview:large, max-video-preview:-1\" \/>\n<link rel=\"canonical\" href=\"https:\/\/www.prijedordanas.com\/?p=161106\" \/>\n<meta property=\"og:locale\" content=\"en_US\" \/>\n<meta property=\"og:type\" content=\"article\" \/>\n<meta property=\"og:title\" content=\"Na korona virus pozitivna 51 osoba iz Prijedora, na lije\u010denju u bolnici njih 31: Zaklju\u010dci \u0160taba za vanredne situacije za 12. januar - PrijedorDanas.com - Prijedorski gradski portal\" \/>\n<meta property=\"og:description\" content=\"GRADSKI \u0160TAB ZA VANREDNE SITUACIJE Na osnovu \u010dlana 39. stav 3. i \u010dlana 40. stav b. Zakona o za\u0161titi i spasavanju u vanrednim situacijama (&#8220;Slu\u017ebeni glasnik Republike Srpske&#8221;, broj: 121\/12) [&hellip;]\" \/>\n<meta property=\"og:url\" content=\"https:\/\/www.prijedordanas.com\/?p=161106\" \/>\n<meta property=\"og:site_name\" content=\"PrijedorDanas.com - Prijedorski gradski portal\" \/>\n<meta property=\"article:publisher\" content=\"https:\/\/www.facebook.com\/PrijedorDanasCom\/\" \/>\n<meta property=\"article:published_time\" content=\"2021-01-12T22:52:20+00:00\" \/>\n<meta property=\"og:image\" content=\"https:\/\/www.prijedordanas.com\/wp-content\/uploads\/2021\/01\/stab-12januar-4-300x225.jpg\" \/>\n<meta name=\"author\" content=\"admin\" \/>\n<meta name=\"twitter:card\" content=\"summary_large_image\" \/>\n<meta name=\"twitter:label1\" content=\"Written by\" \/>\n\t<meta name=\"twitter:data1\" content=\"admin\" \/>\n\t<meta name=\"twitter:label2\" content=\"Est. reading time\" \/>\n\t<meta name=\"twitter:data2\" content=\"2 minutes\" \/>\n<script type=\"application\/ld+json\" class=\"yoast-schema-graph\">{\"@context\":\"https:\/\/schema.org\",\"@graph\":[{\"@type\":\"Article\",\"@id\":\"https:\/\/www.prijedordanas.com\/?p=161106#article\",\"isPartOf\":{\"@id\":\"https:\/\/www.prijedordanas.com\/?p=161106\"},\"author\":{\"name\":\"admin\",\"@id\":\"https:\/\/www.prijedordanas.com\/#\/schema\/person\/4e08ccf29b506ca916ff86d46bb700e6\"},\"headline\":\"Na korona virus pozitivna 51 osoba iz Prijedora, na lije\u010denju u bolnici njih 31: Zaklju\u010dci \u0160taba za vanredne situacije za 12. januar\",\"datePublished\":\"2021-01-12T22:52:20+00:00\",\"dateModified\":\"2021-01-12T22:52:20+00:00\",\"mainEntityOfPage\":{\"@id\":\"https:\/\/www.prijedordanas.com\/?p=161106\"},\"wordCount\":520,\"publisher\":{\"@id\":\"https:\/\/www.prijedordanas.com\/#organization\"},\"keywords\":[\"korona\",\"\u0160tab za vanredne situacije grada Prijedora\"],\"articleSection\":[\"Svakodnevno\"],\"inLanguage\":\"en-US\"},{\"@type\":\"WebPage\",\"@id\":\"https:\/\/www.prijedordanas.com\/?p=161106\",\"url\":\"https:\/\/www.prijedordanas.com\/?p=161106\",\"name\":\"Na korona virus pozitivna 51 osoba iz Prijedora, na lije\u010denju u bolnici njih 31: Zaklju\u010dci \u0160taba za vanredne situacije za 12. januar - PrijedorDanas.com - Prijedorski gradski portal\",\"isPartOf\":{\"@id\":\"https:\/\/www.prijedordanas.com\/#website\"},\"datePublished\":\"2021-01-12T22:52:20+00:00\",\"dateModified\":\"2021-01-12T22:52:20+00:00\",\"breadcrumb\":{\"@id\":\"https:\/\/www.prijedordanas.com\/?p=161106#breadcrumb\"},\"inLanguage\":\"en-US\",\"potentialAction\":[{\"@type\":\"ReadAction\",\"target\":[\"https:\/\/www.prijedordanas.com\/?p=161106\"]}]},{\"@type\":\"BreadcrumbList\",\"@id\":\"https:\/\/www.prijedordanas.com\/?p=161106#breadcrumb\",\"itemListElement\":[{\"@type\":\"ListItem\",\"position\":1,\"name\":\"Home\",\"item\":\"https:\/\/www.prijedordanas.com\/\"},{\"@type\":\"ListItem\",\"position\":2,\"name\":\"Na korona virus pozitivna 51 osoba iz Prijedora, na lije\u010denju u bolnici njih 31: Zaklju\u010dci \u0160taba za vanredne situacije za 12. januar\"}]},{\"@type\":\"WebSite\",\"@id\":\"https:\/\/www.prijedordanas.com\/#website\",\"url\":\"https:\/\/www.prijedordanas.com\/\",\"name\":\"PrijedorDanas.com - Prijedorski gradski portal\",\"description\":\"Portal o doga\u0111anjima u gradu Prijedoru\",\"publisher\":{\"@id\":\"https:\/\/www.prijedordanas.com\/#organization\"},\"potentialAction\":[{\"@type\":\"SearchAction\",\"target\":{\"@type\":\"EntryPoint\",\"urlTemplate\":\"https:\/\/www.prijedordanas.com\/?s={search_term_string}\"},\"query-input\":\"required name=search_term_string\"}],\"inLanguage\":\"en-US\"},{\"@type\":\"Organization\",\"@id\":\"https:\/\/www.prijedordanas.com\/#organization\",\"name\":\"PrijedorDanas.com\",\"url\":\"https:\/\/www.prijedordanas.com\/\",\"logo\":{\"@type\":\"ImageObject\",\"inLanguage\":\"en-US\",\"@id\":\"https:\/\/www.prijedordanas.com\/#\/schema\/logo\/image\/\",\"url\":\"http:\/\/www.prijedordanas.com\/wp-content\/uploads\/2021\/12\/logopng.png\",\"contentUrl\":\"http:\/\/www.prijedordanas.com\/wp-content\/uploads\/2021\/12\/logopng.png\",\"width\":1019,\"height\":776,\"caption\":\"PrijedorDanas.com\"},\"image\":{\"@id\":\"https:\/\/www.prijedordanas.com\/#\/schema\/logo\/image\/\"},\"sameAs\":[\"https:\/\/www.facebook.com\/PrijedorDanasCom\/\"]},{\"@type\":\"Person\",\"@id\":\"https:\/\/www.prijedordanas.com\/#\/schema\/person\/4e08ccf29b506ca916ff86d46bb700e6\",\"name\":\"admin\",\"image\":{\"@type\":\"ImageObject\",\"inLanguage\":\"en-US\",\"@id\":\"https:\/\/www.prijedordanas.com\/#\/schema\/person\/image\/\",\"url\":\"https:\/\/secure.gravatar.com\/avatar\/1d3fc949d550f0b53a5f0d51e06dfd79?s=96&d=mm&r=g\",\"contentUrl\":\"https:\/\/secure.gravatar.com\/avatar\/1d3fc949d550f0b53a5f0d51e06dfd79?s=96&d=mm&r=g\",\"caption\":\"admin\"},\"url\":\"https:\/\/www.prijedordanas.com\/?author=1\"}]}<\/script>\n<!-- \/ Yoast SEO plugin. -->","yoast_head_json":{"title":"Na korona virus pozitivna 51 osoba iz Prijedora, na lije\u010denju u bolnici njih 31: Zaklju\u010dci \u0160taba za vanredne situacije za 12. januar - PrijedorDanas.com - Prijedorski gradski portal","robots":{"index":"index","follow":"follow","max-snippet":"max-snippet:-1","max-image-preview":"max-image-preview:large","max-video-preview":"max-video-preview:-1"},"canonical":"https:\/\/www.prijedordanas.com\/?p=161106","og_locale":"en_US","og_type":"article","og_title":"Na korona virus pozitivna 51 osoba iz Prijedora, na lije\u010denju u bolnici njih 31: Zaklju\u010dci \u0160taba za vanredne situacije za 12. januar - PrijedorDanas.com - Prijedorski gradski portal","og_description":"GRADSKI \u0160TAB ZA VANREDNE SITUACIJE Na osnovu \u010dlana 39. stav 3. i \u010dlana 40. stav b. Zakona o za\u0161titi i spasavanju u vanrednim situacijama (&#8220;Slu\u017ebeni glasnik Republike Srpske&#8221;, broj: 121\/12) [&hellip;]","og_url":"https:\/\/www.prijedordanas.com\/?p=161106","og_site_name":"PrijedorDanas.com - Prijedorski gradski portal","article_publisher":"https:\/\/www.facebook.com\/PrijedorDanasCom\/","article_published_time":"2021-01-12T22:52:20+00:00","og_image":[{"url":"https:\/\/www.prijedordanas.com\/wp-content\/uploads\/2021\/01\/stab-12januar-4-300x225.jpg"}],"author":"admin","twitter_card":"summary_large_image","twitter_misc":{"Written by":"admin","Est. reading time":"2 minutes"},"schema":{"@context":"https:\/\/schema.org","@graph":[{"@type":"Article","@id":"https:\/\/www.prijedordanas.com\/?p=161106#article","isPartOf":{"@id":"https:\/\/www.prijedordanas.com\/?p=161106"},"author":{"name":"admin","@id":"https:\/\/www.prijedordanas.com\/#\/schema\/person\/4e08ccf29b506ca916ff86d46bb700e6"},"headline":"Na korona virus pozitivna 51 osoba iz Prijedora, na lije\u010denju u bolnici njih 31: Zaklju\u010dci \u0160taba za vanredne situacije za 12. januar","datePublished":"2021-01-12T22:52:20+00:00","dateModified":"2021-01-12T22:52:20+00:00","mainEntityOfPage":{"@id":"https:\/\/www.prijedordanas.com\/?p=161106"},"wordCount":520,"publisher":{"@id":"https:\/\/www.prijedordanas.com\/#organization"},"keywords":["korona","\u0160tab za vanredne situacije grada Prijedora"],"articleSection":["Svakodnevno"],"inLanguage":"en-US"},{"@type":"WebPage","@id":"https:\/\/www.prijedordanas.com\/?p=161106","url":"https:\/\/www.prijedordanas.com\/?p=161106","name":"Na korona virus pozitivna 51 osoba iz Prijedora, na lije\u010denju u bolnici njih 31: Zaklju\u010dci \u0160taba za vanredne situacije za 12. januar - PrijedorDanas.com - Prijedorski gradski portal","isPartOf":{"@id":"https:\/\/www.prijedordanas.com\/#website"},"datePublished":"2021-01-12T22:52:20+00:00","dateModified":"2021-01-12T22:52:20+00:00","breadcrumb":{"@id":"https:\/\/www.prijedordanas.com\/?p=161106#breadcrumb"},"inLanguage":"en-US","potentialAction":[{"@type":"ReadAction","target":["https:\/\/www.prijedordanas.com\/?p=161106"]}]},{"@type":"BreadcrumbList","@id":"https:\/\/www.prijedordanas.com\/?p=161106#breadcrumb","itemListElement":[{"@type":"ListItem","position":1,"name":"Home","item":"https:\/\/www.prijedordanas.com\/"},{"@type":"ListItem","position":2,"name":"Na korona virus pozitivna 51 osoba iz Prijedora, na lije\u010denju u bolnici njih 31: Zaklju\u010dci \u0160taba za vanredne situacije za 12. januar"}]},{"@type":"WebSite","@id":"https:\/\/www.prijedordanas.com\/#website","url":"https:\/\/www.prijedordanas.com\/","name":"PrijedorDanas.com - Prijedorski gradski portal","description":"Portal o doga\u0111anjima u gradu Prijedoru","publisher":{"@id":"https:\/\/www.prijedordanas.com\/#organization"},"potentialAction":[{"@type":"SearchAction","target":{"@type":"EntryPoint","urlTemplate":"https:\/\/www.prijedordanas.com\/?s={search_term_string}"},"query-input":"required name=search_term_string"}],"inLanguage":"en-US"},{"@type":"Organization","@id":"https:\/\/www.prijedordanas.com\/#organization","name":"PrijedorDanas.com","url":"https:\/\/www.prijedordanas.com\/","logo":{"@type":"ImageObject","inLanguage":"en-US","@id":"https:\/\/www.prijedordanas.com\/#\/schema\/logo\/image\/","url":"http:\/\/www.prijedordanas.com\/wp-content\/uploads\/2021\/12\/logopng.png","contentUrl":"http:\/\/www.prijedordanas.com\/wp-content\/uploads\/2021\/12\/logopng.png","width":1019,"height":776,"caption":"PrijedorDanas.com"},"image":{"@id":"https:\/\/www.prijedordanas.com\/#\/schema\/logo\/image\/"},"sameAs":["https:\/\/www.facebook.com\/PrijedorDanasCom\/"]},{"@type":"Person","@id":"https:\/\/www.prijedordanas.com\/#\/schema\/person\/4e08ccf29b506ca916ff86d46bb700e6","name":"admin","image":{"@type":"ImageObject","inLanguage":"en-US","@id":"https:\/\/www.prijedordanas.com\/#\/schema\/person\/image\/","url":"https:\/\/secure.gravatar.com\/avatar\/1d3fc949d550f0b53a5f0d51e06dfd79?s=96&d=mm&r=g","contentUrl":"https:\/\/secure.gravatar.com\/avatar\/1d3fc949d550f0b53a5f0d51e06dfd79?s=96&d=mm&r=g","caption":"admin"},"url":"https:\/\/www.prijedordanas.com\/?author=1"}]}},"_links":{"self":[{"href":"https:\/\/www.prijedordanas.com\/index.php?rest_route=\/wp\/v2\/posts\/161106"}],"collection":[{"href":"https:\/\/www.prijedordanas.com\/index.php?rest_route=\/wp\/v2\/posts"}],"about":[{"href":"https:\/\/www.prijedordanas.com\/index.php?rest_route=\/wp\/v2\/types\/post"}],"author":[{"embeddable":true,"href":"https:\/\/www.prijedordanas.com\/index.php?rest_route=\/wp\/v2\/users\/1"}],"replies":[{"embeddable":true,"href":"https:\/\/www.prijedordanas.com\/index.php?rest_route=%2Fwp%2Fv2%2Fcomments&post=161106"}],"version-history":[{"count":1,"href":"https:\/\/www.prijedordanas.com\/index.php?rest_route=\/wp\/v2\/posts\/161106\/revisions"}],"predecessor-version":[{"id":161111,"href":"https:\/\/www.prijedordanas.com\/index.php?rest_route=\/wp\/v2\/posts\/161106\/revisions\/161111"}],"wp:attachment":[{"href":"https:\/\/www.prijedordanas.com\/index.php?rest_route=%2Fwp%2Fv2%2Fmedia&parent=161106"}],"wp:term":[{"taxonomy":"category","embeddable":true,"href":"https:\/\/www.prijedordanas.com\/index.php?rest_route=%2Fwp%2Fv2%2Fcategories&post=161106"},{"taxonomy":"post_tag","embeddable":true,"href":"https:\/\/www.prijedordanas.com\/index.php?rest_route=%2Fwp%2Fv2%2Ftags&post=161106"}],"curies":[{"name":"wp","href":"https:\/\/api.w.org\/{rel}","templated":true}]}}