{"id":160952,"date":"2021-01-09T14:10:56","date_gmt":"2021-01-09T13:10:56","guid":{"rendered":"https:\/\/www.prijedordanas.com\/?p=160952"},"modified":"2021-01-09T14:10:56","modified_gmt":"2021-01-09T13:10:56","slug":"prijedor-polaganjem-vijenaca-pocelo-obiljezavanje-dana-republike-srpske-foto","status":"publish","type":"post","link":"https:\/\/www.prijedordanas.com\/?p=160952","title":{"rendered":"Prijedor: Polaganjem vijenaca po\u010delo obilje\u017eavanje Dana Republike Srpske &#8211; FOTO"},"content":{"rendered":"<p><a href=\"https:\/\/www.prijedordanas.com\/wp-content\/uploads\/2021\/01\/dan-rs-2021-polaganje-vijenaca-1.jpg\"><img loading=\"lazy\" decoding=\"async\" class=\"alignleft size-medium wp-image-160954\" src=\"https:\/\/www.prijedordanas.com\/wp-content\/uploads\/2021\/01\/dan-rs-2021-polaganje-vijenaca-1-300x225.jpg\" alt=\"\" width=\"300\" height=\"225\" srcset=\"https:\/\/www.prijedordanas.com\/wp-content\/uploads\/2021\/01\/dan-rs-2021-polaganje-vijenaca-1-300x225.jpg 300w, https:\/\/www.prijedordanas.com\/wp-content\/uploads\/2021\/01\/dan-rs-2021-polaganje-vijenaca-1-640x480.jpg 640w, https:\/\/www.prijedordanas.com\/wp-content\/uploads\/2021\/01\/dan-rs-2021-polaganje-vijenaca-1.jpg 667w\" sizes=\"(max-width: 300px) 100vw, 300px\" \/><\/a>Dan Republike Srpske obilje\u017een je danas u Prijedoru, gdje su polo\u017eeni vijenci kod spomenika &#8220;Za krst \u010dasni&#8221;.<\/p>\n<p>Vijenac su polo\u017eili gradona\u010delnik Dalibor Pavlovi\u0107, potpredsjednik Skup\u0161tine Igor Kneginji\u0107 i vr\u0161ilac du\u017enosti na\u010delnika Odjeljenja za bora\u010dko-invalidsku za\u0161titu Ranko Kolar.<\/p>\n<p>Kolar je podsjetio da su Republiku Srpsku stvorili i odbranili borci zajedno sa svojim porodicama, narodom iz Srpske i Srbije i danas, kao nikada do sada, treba da je \u010duvaju jedinstveni i slo\u017eni u toj ideji.<\/p>\n<p>On je dodao da se ne smiju zaboraviti oni koji su \u017eivote dali za stvaranje Srpske, kao ni njihove porodice.<\/p>\n<p><a href=\"https:\/\/www.prijedordanas.com\/wp-content\/uploads\/2021\/01\/dan-rs-2021-polaganje-vijenaca-2.jpg\"><img loading=\"lazy\" decoding=\"async\" class=\"alignleft size-medium wp-image-160955\" src=\"https:\/\/www.prijedordanas.com\/wp-content\/uploads\/2021\/01\/dan-rs-2021-polaganje-vijenaca-2-300x225.jpg\" alt=\"\" width=\"300\" height=\"225\" srcset=\"https:\/\/www.prijedordanas.com\/wp-content\/uploads\/2021\/01\/dan-rs-2021-polaganje-vijenaca-2-300x225.jpg 300w, https:\/\/www.prijedordanas.com\/wp-content\/uploads\/2021\/01\/dan-rs-2021-polaganje-vijenaca-2-640x480.jpg 640w, https:\/\/www.prijedordanas.com\/wp-content\/uploads\/2021\/01\/dan-rs-2021-polaganje-vijenaca-2.jpg 667w\" sizes=\"(max-width: 300px) 100vw, 300px\" \/><\/a>&#8220;Ne smijemo zaboraviti umne ljude, poslanike tada\u0161njeg sastava Republike Srpske koji su prije 29 godina donijeli istorijsku i hrabru odluku, proglasili tada\u0161nju Srpsku Republiku BiH, ona je kasnije preimenovana u Republiku Srpsku&#8221;, naveo je Kolar.<\/p>\n<p>Kolar je ukazao na mnoge probleme bora\u010dke populacije, a za neke od njih se nada da \u0107e ve\u0107 ove godine biti rije\u0161eni izmjenama i dopunama Zakona o borcima, te da \u0107e biti pobolj\u0161an materijalni status.<\/p>\n<p>Kod centralnog spomen-obilje\u017eja vijenac su polo\u017eili i predstavnici gradske Bora\u010dke organizacija, Organizacije porodica poginulih i zarobljenih boraca i nestalih civila, pripadnici Oru\u017eanih snaga i Policijske uprave Prijedor.<\/p>\n<p><a href=\"https:\/\/www.prijedordanas.com\/wp-content\/uploads\/2021\/01\/dan-rs-2021-polaganje-vijenaca-9.jpg\"><img loading=\"lazy\" decoding=\"async\" class=\"alignleft size-medium wp-image-160956\" src=\"https:\/\/www.prijedordanas.com\/wp-content\/uploads\/2021\/01\/dan-rs-2021-polaganje-vijenaca-9-300x225.jpg\" alt=\"\" width=\"300\" height=\"225\" srcset=\"https:\/\/www.prijedordanas.com\/wp-content\/uploads\/2021\/01\/dan-rs-2021-polaganje-vijenaca-9-300x225.jpg 300w, https:\/\/www.prijedordanas.com\/wp-content\/uploads\/2021\/01\/dan-rs-2021-polaganje-vijenaca-9-640x480.jpg 640w, https:\/\/www.prijedordanas.com\/wp-content\/uploads\/2021\/01\/dan-rs-2021-polaganje-vijenaca-9.jpg 667w\" sizes=\"(max-width: 300px) 100vw, 300px\" \/><\/a>Predsjednik Bora\u010dke organizacije Zoran Predojevi\u0107 rekao je da bez 9. januara nema opstanka srpskog naroda na ovim prostorima.<\/p>\n<p>Prema njegovim rije\u010dimo, ono \u0161to je skup\u0161tina srpskog naroda 9. januara 1992. godine politi\u010dki uradila, borci Republike Srpske su to ovjerili do kraja rata, odnosno do potpisivanja Dejtonskog mirovnog sporazuma i tako obezbijedili trajni opstanak srpskog naroda na ovim prostorima.<\/p>\n<p>Predstavnici SUBNOR-a vijenac su polo\u017eili ispred spomenika Doktoru Mladenu Stojanovi\u0107u, a potom su prislu\u017eene svije\u0107e u dijelu spomeni\u010dkog kompleksa nazvanom &#8220;Kameni cvijet&#8221;.<\/p>\n<p>Sve\u010danosti obilje\u017eavanja Dana Republike Srpske po\u010dele su sino\u0107 emitovanjem sve\u010dane akademije na lokalnoj televiziji, a zavr\u0161avaju se sve\u010danim prijemom kod gradona\u010delnika za zaslu\u017ene pojedince koji su svojim humanim radom doprinijeli spasavanju ljudskih \u017eivota i doprinijeli borbi protiv pandemije virusa korona.<\/p>\n<p>SRNA<\/p>\n<p><a href=\"https:\/\/www.prijedordanas.com\/wp-content\/uploads\/2021\/01\/dan-rs-2021-polaganje-vijenaca-4.jpg\"><img loading=\"lazy\" decoding=\"async\" class=\"alignleft size-medium wp-image-160957\" src=\"https:\/\/www.prijedordanas.com\/wp-content\/uploads\/2021\/01\/dan-rs-2021-polaganje-vijenaca-4-300x200.jpg\" alt=\"\" width=\"300\" height=\"200\" srcset=\"https:\/\/www.prijedordanas.com\/wp-content\/uploads\/2021\/01\/dan-rs-2021-polaganje-vijenaca-4-300x200.jpg 300w, https:\/\/www.prijedordanas.com\/wp-content\/uploads\/2021\/01\/dan-rs-2021-polaganje-vijenaca-4-480x320.jpg 480w, https:\/\/www.prijedordanas.com\/wp-content\/uploads\/2021\/01\/dan-rs-2021-polaganje-vijenaca-4.jpg 600w\" sizes=\"(max-width: 300px) 100vw, 300px\" \/><\/a> <a href=\"https:\/\/www.prijedordanas.com\/wp-content\/uploads\/2021\/01\/dan-rs-2021-polaganje-vijenaca-5.jpg\"><img loading=\"lazy\" decoding=\"async\" class=\"alignleft size-medium wp-image-160958\" src=\"https:\/\/www.prijedordanas.com\/wp-content\/uploads\/2021\/01\/dan-rs-2021-polaganje-vijenaca-5-300x200.jpg\" alt=\"\" width=\"300\" height=\"200\" srcset=\"https:\/\/www.prijedordanas.com\/wp-content\/uploads\/2021\/01\/dan-rs-2021-polaganje-vijenaca-5-300x200.jpg 300w, https:\/\/www.prijedordanas.com\/wp-content\/uploads\/2021\/01\/dan-rs-2021-polaganje-vijenaca-5-480x320.jpg 480w, https:\/\/www.prijedordanas.com\/wp-content\/uploads\/2021\/01\/dan-rs-2021-polaganje-vijenaca-5.jpg 600w\" sizes=\"(max-width: 300px) 100vw, 300px\" \/><\/a> <a href=\"https:\/\/www.prijedordanas.com\/wp-content\/uploads\/2021\/01\/dan-rs-2021-polaganje-vijenaca-6.jpg\"><img loading=\"lazy\" decoding=\"async\" class=\"alignleft size-medium wp-image-160959\" src=\"https:\/\/www.prijedordanas.com\/wp-content\/uploads\/2021\/01\/dan-rs-2021-polaganje-vijenaca-6-300x200.jpg\" alt=\"\" width=\"300\" height=\"200\" srcset=\"https:\/\/www.prijedordanas.com\/wp-content\/uploads\/2021\/01\/dan-rs-2021-polaganje-vijenaca-6-300x200.jpg 300w, https:\/\/www.prijedordanas.com\/wp-content\/uploads\/2021\/01\/dan-rs-2021-polaganje-vijenaca-6-480x320.jpg 480w, https:\/\/www.prijedordanas.com\/wp-content\/uploads\/2021\/01\/dan-rs-2021-polaganje-vijenaca-6.jpg 600w\" sizes=\"(max-width: 300px) 100vw, 300px\" \/><\/a> <a href=\"https:\/\/www.prijedordanas.com\/wp-content\/uploads\/2021\/01\/dan-rs-2021-polaganje-vijenaca-8.jpg\"><img loading=\"lazy\" decoding=\"async\" class=\"alignleft size-medium wp-image-160960\" src=\"https:\/\/www.prijedordanas.com\/wp-content\/uploads\/2021\/01\/dan-rs-2021-polaganje-vijenaca-8-300x200.jpg\" alt=\"\" width=\"300\" height=\"200\" srcset=\"https:\/\/www.prijedordanas.com\/wp-content\/uploads\/2021\/01\/dan-rs-2021-polaganje-vijenaca-8-300x200.jpg 300w, https:\/\/www.prijedordanas.com\/wp-content\/uploads\/2021\/01\/dan-rs-2021-polaganje-vijenaca-8-480x320.jpg 480w, https:\/\/www.prijedordanas.com\/wp-content\/uploads\/2021\/01\/dan-rs-2021-polaganje-vijenaca-8.jpg 600w\" sizes=\"(max-width: 300px) 100vw, 300px\" \/><\/a> <a href=\"https:\/\/www.prijedordanas.com\/wp-content\/uploads\/2021\/01\/dan-rs-2021-polaganje-vijenaca-3.jpg\"><img loading=\"lazy\" decoding=\"async\" class=\"alignleft size-medium wp-image-160961\" src=\"https:\/\/www.prijedordanas.com\/wp-content\/uploads\/2021\/01\/dan-rs-2021-polaganje-vijenaca-3-200x300.jpg\" alt=\"\" width=\"200\" height=\"300\" srcset=\"https:\/\/www.prijedordanas.com\/wp-content\/uploads\/2021\/01\/dan-rs-2021-polaganje-vijenaca-3-200x300.jpg 200w, https:\/\/www.prijedordanas.com\/wp-content\/uploads\/2021\/01\/dan-rs-2021-polaganje-vijenaca-3.jpg 399w\" sizes=\"(max-width: 200px) 100vw, 200px\" \/><\/a> <a href=\"https:\/\/www.prijedordanas.com\/wp-content\/uploads\/2021\/01\/dan-rs-2021-polaganje-vijenaca-7.jpg\"><img loading=\"lazy\" decoding=\"async\" class=\"alignleft size-medium wp-image-160962\" src=\"https:\/\/www.prijedordanas.com\/wp-content\/uploads\/2021\/01\/dan-rs-2021-polaganje-vijenaca-7-300x200.jpg\" alt=\"\" width=\"300\" height=\"200\" srcset=\"https:\/\/www.prijedordanas.com\/wp-content\/uploads\/2021\/01\/dan-rs-2021-polaganje-vijenaca-7-300x200.jpg 300w, https:\/\/www.prijedordanas.com\/wp-content\/uploads\/2021\/01\/dan-rs-2021-polaganje-vijenaca-7-480x320.jpg 480w, https:\/\/www.prijedordanas.com\/wp-content\/uploads\/2021\/01\/dan-rs-2021-polaganje-vijenaca-7.jpg 600w\" sizes=\"(max-width: 300px) 100vw, 300px\" \/><\/a><\/p>\n","protected":false},"excerpt":{"rendered":"<p>Dan Republike Srpske obilje\u017een je danas u Prijedoru, gdje su polo\u017eeni vijenci kod spomenika &#8220;Za krst \u010dasni&#8221;. Vijenac su polo\u017eili gradona\u010delnik Dalibor Pavlovi\u0107, potpredsjednik Skup\u0161tine Igor Kneginji\u0107 i vr\u0161ilac du\u017enosti [&hellip;]<\/p>\n","protected":false},"author":1,"featured_media":0,"comment_status":"closed","ping_status":"open","sticky":false,"template":"","format":"standard","meta":{"_monsterinsights_skip_tracking":false,"_monsterinsights_sitenote_active":false,"_monsterinsights_sitenote_note":"","_monsterinsights_sitenote_category":0,"footnotes":""},"categories":[4],"tags":[],"yoast_head":"<!-- This site is optimized with the Yoast SEO plugin v21.6 - https:\/\/yoast.com\/wordpress\/plugins\/seo\/ -->\n<title>Prijedor: Polaganjem vijenaca po\u010delo obilje\u017eavanje Dana Republike Srpske - FOTO - PrijedorDanas.com - Prijedorski gradski portal<\/title>\n<meta name=\"robots\" content=\"index, follow, max-snippet:-1, max-image-preview:large, max-video-preview:-1\" \/>\n<link rel=\"canonical\" href=\"https:\/\/www.prijedordanas.com\/?p=160952\" \/>\n<meta property=\"og:locale\" content=\"en_US\" \/>\n<meta property=\"og:type\" content=\"article\" \/>\n<meta property=\"og:title\" content=\"Prijedor: Polaganjem vijenaca po\u010delo obilje\u017eavanje Dana Republike Srpske - FOTO - PrijedorDanas.com - Prijedorski gradski portal\" \/>\n<meta property=\"og:description\" content=\"Dan Republike Srpske obilje\u017een je danas u Prijedoru, gdje su polo\u017eeni vijenci kod spomenika &#8220;Za krst \u010dasni&#8221;. Vijenac su polo\u017eili gradona\u010delnik Dalibor Pavlovi\u0107, potpredsjednik Skup\u0161tine Igor Kneginji\u0107 i vr\u0161ilac du\u017enosti [&hellip;]\" \/>\n<meta property=\"og:url\" content=\"https:\/\/www.prijedordanas.com\/?p=160952\" \/>\n<meta property=\"og:site_name\" content=\"PrijedorDanas.com - Prijedorski gradski portal\" \/>\n<meta property=\"article:publisher\" content=\"https:\/\/www.facebook.com\/PrijedorDanasCom\/\" \/>\n<meta property=\"article:published_time\" content=\"2021-01-09T13:10:56+00:00\" \/>\n<meta property=\"og:image\" content=\"https:\/\/www.prijedordanas.com\/wp-content\/uploads\/2021\/01\/dan-rs-2021-polaganje-vijenaca-1-300x225.jpg\" \/>\n<meta name=\"author\" content=\"admin\" \/>\n<meta name=\"twitter:card\" content=\"summary_large_image\" \/>\n<meta name=\"twitter:label1\" content=\"Written by\" \/>\n\t<meta name=\"twitter:data1\" content=\"admin\" \/>\n\t<meta name=\"twitter:label2\" content=\"Est. reading time\" \/>\n\t<meta name=\"twitter:data2\" content=\"2 minutes\" \/>\n<script type=\"application\/ld+json\" class=\"yoast-schema-graph\">{\"@context\":\"https:\/\/schema.org\",\"@graph\":[{\"@type\":\"Article\",\"@id\":\"https:\/\/www.prijedordanas.com\/?p=160952#article\",\"isPartOf\":{\"@id\":\"https:\/\/www.prijedordanas.com\/?p=160952\"},\"author\":{\"name\":\"admin\",\"@id\":\"https:\/\/www.prijedordanas.com\/#\/schema\/person\/4e08ccf29b506ca916ff86d46bb700e6\"},\"headline\":\"Prijedor: Polaganjem vijenaca po\u010delo obilje\u017eavanje Dana Republike Srpske &#8211; FOTO\",\"datePublished\":\"2021-01-09T13:10:56+00:00\",\"dateModified\":\"2021-01-09T13:10:56+00:00\",\"mainEntityOfPage\":{\"@id\":\"https:\/\/www.prijedordanas.com\/?p=160952\"},\"wordCount\":356,\"publisher\":{\"@id\":\"https:\/\/www.prijedordanas.com\/#organization\"},\"articleSection\":[\"Dru\u0161tvo\"],\"inLanguage\":\"en-US\"},{\"@type\":\"WebPage\",\"@id\":\"https:\/\/www.prijedordanas.com\/?p=160952\",\"url\":\"https:\/\/www.prijedordanas.com\/?p=160952\",\"name\":\"Prijedor: Polaganjem vijenaca po\u010delo obilje\u017eavanje Dana Republike Srpske - FOTO - PrijedorDanas.com - Prijedorski gradski portal\",\"isPartOf\":{\"@id\":\"https:\/\/www.prijedordanas.com\/#website\"},\"datePublished\":\"2021-01-09T13:10:56+00:00\",\"dateModified\":\"2021-01-09T13:10:56+00:00\",\"breadcrumb\":{\"@id\":\"https:\/\/www.prijedordanas.com\/?p=160952#breadcrumb\"},\"inLanguage\":\"en-US\",\"potentialAction\":[{\"@type\":\"ReadAction\",\"target\":[\"https:\/\/www.prijedordanas.com\/?p=160952\"]}]},{\"@type\":\"BreadcrumbList\",\"@id\":\"https:\/\/www.prijedordanas.com\/?p=160952#breadcrumb\",\"itemListElement\":[{\"@type\":\"ListItem\",\"position\":1,\"name\":\"Home\",\"item\":\"https:\/\/www.prijedordanas.com\/\"},{\"@type\":\"ListItem\",\"position\":2,\"name\":\"Prijedor: Polaganjem vijenaca po\u010delo obilje\u017eavanje Dana Republike Srpske &#8211; FOTO\"}]},{\"@type\":\"WebSite\",\"@id\":\"https:\/\/www.prijedordanas.com\/#website\",\"url\":\"https:\/\/www.prijedordanas.com\/\",\"name\":\"PrijedorDanas.com - Prijedorski gradski portal\",\"description\":\"Portal o doga\u0111anjima u gradu Prijedoru\",\"publisher\":{\"@id\":\"https:\/\/www.prijedordanas.com\/#organization\"},\"potentialAction\":[{\"@type\":\"SearchAction\",\"target\":{\"@type\":\"EntryPoint\",\"urlTemplate\":\"https:\/\/www.prijedordanas.com\/?s={search_term_string}\"},\"query-input\":\"required name=search_term_string\"}],\"inLanguage\":\"en-US\"},{\"@type\":\"Organization\",\"@id\":\"https:\/\/www.prijedordanas.com\/#organization\",\"name\":\"PrijedorDanas.com\",\"url\":\"https:\/\/www.prijedordanas.com\/\",\"logo\":{\"@type\":\"ImageObject\",\"inLanguage\":\"en-US\",\"@id\":\"https:\/\/www.prijedordanas.com\/#\/schema\/logo\/image\/\",\"url\":\"http:\/\/www.prijedordanas.com\/wp-content\/uploads\/2021\/12\/logopng.png\",\"contentUrl\":\"http:\/\/www.prijedordanas.com\/wp-content\/uploads\/2021\/12\/logopng.png\",\"width\":1019,\"height\":776,\"caption\":\"PrijedorDanas.com\"},\"image\":{\"@id\":\"https:\/\/www.prijedordanas.com\/#\/schema\/logo\/image\/\"},\"sameAs\":[\"https:\/\/www.facebook.com\/PrijedorDanasCom\/\"]},{\"@type\":\"Person\",\"@id\":\"https:\/\/www.prijedordanas.com\/#\/schema\/person\/4e08ccf29b506ca916ff86d46bb700e6\",\"name\":\"admin\",\"image\":{\"@type\":\"ImageObject\",\"inLanguage\":\"en-US\",\"@id\":\"https:\/\/www.prijedordanas.com\/#\/schema\/person\/image\/\",\"url\":\"https:\/\/secure.gravatar.com\/avatar\/1d3fc949d550f0b53a5f0d51e06dfd79?s=96&d=mm&r=g\",\"contentUrl\":\"https:\/\/secure.gravatar.com\/avatar\/1d3fc949d550f0b53a5f0d51e06dfd79?s=96&d=mm&r=g\",\"caption\":\"admin\"},\"url\":\"https:\/\/www.prijedordanas.com\/?author=1\"}]}<\/script>\n<!-- \/ Yoast SEO plugin. -->","yoast_head_json":{"title":"Prijedor: Polaganjem vijenaca po\u010delo obilje\u017eavanje Dana Republike Srpske - FOTO - PrijedorDanas.com - Prijedorski gradski portal","robots":{"index":"index","follow":"follow","max-snippet":"max-snippet:-1","max-image-preview":"max-image-preview:large","max-video-preview":"max-video-preview:-1"},"canonical":"https:\/\/www.prijedordanas.com\/?p=160952","og_locale":"en_US","og_type":"article","og_title":"Prijedor: Polaganjem vijenaca po\u010delo obilje\u017eavanje Dana Republike Srpske - FOTO - PrijedorDanas.com - Prijedorski gradski portal","og_description":"Dan Republike Srpske obilje\u017een je danas u Prijedoru, gdje su polo\u017eeni vijenci kod spomenika &#8220;Za krst \u010dasni&#8221;. Vijenac su polo\u017eili gradona\u010delnik Dalibor Pavlovi\u0107, potpredsjednik Skup\u0161tine Igor Kneginji\u0107 i vr\u0161ilac du\u017enosti [&hellip;]","og_url":"https:\/\/www.prijedordanas.com\/?p=160952","og_site_name":"PrijedorDanas.com - Prijedorski gradski portal","article_publisher":"https:\/\/www.facebook.com\/PrijedorDanasCom\/","article_published_time":"2021-01-09T13:10:56+00:00","og_image":[{"url":"https:\/\/www.prijedordanas.com\/wp-content\/uploads\/2021\/01\/dan-rs-2021-polaganje-vijenaca-1-300x225.jpg"}],"author":"admin","twitter_card":"summary_large_image","twitter_misc":{"Written by":"admin","Est. reading time":"2 minutes"},"schema":{"@context":"https:\/\/schema.org","@graph":[{"@type":"Article","@id":"https:\/\/www.prijedordanas.com\/?p=160952#article","isPartOf":{"@id":"https:\/\/www.prijedordanas.com\/?p=160952"},"author":{"name":"admin","@id":"https:\/\/www.prijedordanas.com\/#\/schema\/person\/4e08ccf29b506ca916ff86d46bb700e6"},"headline":"Prijedor: Polaganjem vijenaca po\u010delo obilje\u017eavanje Dana Republike Srpske &#8211; FOTO","datePublished":"2021-01-09T13:10:56+00:00","dateModified":"2021-01-09T13:10:56+00:00","mainEntityOfPage":{"@id":"https:\/\/www.prijedordanas.com\/?p=160952"},"wordCount":356,"publisher":{"@id":"https:\/\/www.prijedordanas.com\/#organization"},"articleSection":["Dru\u0161tvo"],"inLanguage":"en-US"},{"@type":"WebPage","@id":"https:\/\/www.prijedordanas.com\/?p=160952","url":"https:\/\/www.prijedordanas.com\/?p=160952","name":"Prijedor: Polaganjem vijenaca po\u010delo obilje\u017eavanje Dana Republike Srpske - FOTO - PrijedorDanas.com - Prijedorski gradski portal","isPartOf":{"@id":"https:\/\/www.prijedordanas.com\/#website"},"datePublished":"2021-01-09T13:10:56+00:00","dateModified":"2021-01-09T13:10:56+00:00","breadcrumb":{"@id":"https:\/\/www.prijedordanas.com\/?p=160952#breadcrumb"},"inLanguage":"en-US","potentialAction":[{"@type":"ReadAction","target":["https:\/\/www.prijedordanas.com\/?p=160952"]}]},{"@type":"BreadcrumbList","@id":"https:\/\/www.prijedordanas.com\/?p=160952#breadcrumb","itemListElement":[{"@type":"ListItem","position":1,"name":"Home","item":"https:\/\/www.prijedordanas.com\/"},{"@type":"ListItem","position":2,"name":"Prijedor: Polaganjem vijenaca po\u010delo obilje\u017eavanje Dana Republike Srpske &#8211; FOTO"}]},{"@type":"WebSite","@id":"https:\/\/www.prijedordanas.com\/#website","url":"https:\/\/www.prijedordanas.com\/","name":"PrijedorDanas.com - Prijedorski gradski portal","description":"Portal o doga\u0111anjima u gradu Prijedoru","publisher":{"@id":"https:\/\/www.prijedordanas.com\/#organization"},"potentialAction":[{"@type":"SearchAction","target":{"@type":"EntryPoint","urlTemplate":"https:\/\/www.prijedordanas.com\/?s={search_term_string}"},"query-input":"required name=search_term_string"}],"inLanguage":"en-US"},{"@type":"Organization","@id":"https:\/\/www.prijedordanas.com\/#organization","name":"PrijedorDanas.com","url":"https:\/\/www.prijedordanas.com\/","logo":{"@type":"ImageObject","inLanguage":"en-US","@id":"https:\/\/www.prijedordanas.com\/#\/schema\/logo\/image\/","url":"http:\/\/www.prijedordanas.com\/wp-content\/uploads\/2021\/12\/logopng.png","contentUrl":"http:\/\/www.prijedordanas.com\/wp-content\/uploads\/2021\/12\/logopng.png","width":1019,"height":776,"caption":"PrijedorDanas.com"},"image":{"@id":"https:\/\/www.prijedordanas.com\/#\/schema\/logo\/image\/"},"sameAs":["https:\/\/www.facebook.com\/PrijedorDanasCom\/"]},{"@type":"Person","@id":"https:\/\/www.prijedordanas.com\/#\/schema\/person\/4e08ccf29b506ca916ff86d46bb700e6","name":"admin","image":{"@type":"ImageObject","inLanguage":"en-US","@id":"https:\/\/www.prijedordanas.com\/#\/schema\/person\/image\/","url":"https:\/\/secure.gravatar.com\/avatar\/1d3fc949d550f0b53a5f0d51e06dfd79?s=96&d=mm&r=g","contentUrl":"https:\/\/secure.gravatar.com\/avatar\/1d3fc949d550f0b53a5f0d51e06dfd79?s=96&d=mm&r=g","caption":"admin"},"url":"https:\/\/www.prijedordanas.com\/?author=1"}]}},"_links":{"self":[{"href":"https:\/\/www.prijedordanas.com\/index.php?rest_route=\/wp\/v2\/posts\/160952"}],"collection":[{"href":"https:\/\/www.prijedordanas.com\/index.php?rest_route=\/wp\/v2\/posts"}],"about":[{"href":"https:\/\/www.prijedordanas.com\/index.php?rest_route=\/wp\/v2\/types\/post"}],"author":[{"embeddable":true,"href":"https:\/\/www.prijedordanas.com\/index.php?rest_route=\/wp\/v2\/users\/1"}],"replies":[{"embeddable":true,"href":"https:\/\/www.prijedordanas.com\/index.php?rest_route=%2Fwp%2Fv2%2Fcomments&post=160952"}],"version-history":[{"count":2,"href":"https:\/\/www.prijedordanas.com\/index.php?rest_route=\/wp\/v2\/posts\/160952\/revisions"}],"predecessor-version":[{"id":160963,"href":"https:\/\/www.prijedordanas.com\/index.php?rest_route=\/wp\/v2\/posts\/160952\/revisions\/160963"}],"wp:attachment":[{"href":"https:\/\/www.prijedordanas.com\/index.php?rest_route=%2Fwp%2Fv2%2Fmedia&parent=160952"}],"wp:term":[{"taxonomy":"category","embeddable":true,"href":"https:\/\/www.prijedordanas.com\/index.php?rest_route=%2Fwp%2Fv2%2Fcategories&post=160952"},{"taxonomy":"post_tag","embeddable":true,"href":"https:\/\/www.prijedordanas.com\/index.php?rest_route=%2Fwp%2Fv2%2Ftags&post=160952"}],"curies":[{"name":"wp","href":"https:\/\/api.w.org\/{rel}","templated":true}]}}