{"id":160893,"date":"2021-01-07T22:55:23","date_gmt":"2021-01-07T21:55:23","guid":{"rendered":"https:\/\/www.prijedordanas.com\/?p=160893"},"modified":"2021-01-07T22:55:23","modified_gmt":"2021-01-07T21:55:23","slug":"sedam-hrabrih-policijskih-sluzbenika-policijske-uprave-prijedor-na-prijemu-kod-ministra-lukaca","status":"publish","type":"post","link":"https:\/\/www.prijedordanas.com\/?p=160893","title":{"rendered":"Sedam hrabrih policijskih slu\u017ebenika Policijske uprave Prijedor na prijemu kod ministra Luka\u010da"},"content":{"rendered":"<p><a href=\"https:\/\/www.prijedordanas.com\/wp-content\/uploads\/2021\/01\/mup-rs-prijem-za-hrabre-policajce-1.jpg\"><img loading=\"lazy\" decoding=\"async\" class=\"alignleft size-medium wp-image-160894\" src=\"https:\/\/www.prijedordanas.com\/wp-content\/uploads\/2021\/01\/mup-rs-prijem-za-hrabre-policajce-1-300x225.jpg\" alt=\"\" width=\"300\" height=\"225\" srcset=\"https:\/\/www.prijedordanas.com\/wp-content\/uploads\/2021\/01\/mup-rs-prijem-za-hrabre-policajce-1-300x225.jpg 300w, https:\/\/www.prijedordanas.com\/wp-content\/uploads\/2021\/01\/mup-rs-prijem-za-hrabre-policajce-1-640x480.jpg 640w, https:\/\/www.prijedordanas.com\/wp-content\/uploads\/2021\/01\/mup-rs-prijem-za-hrabre-policajce-1.jpg 667w\" sizes=\"(max-width: 300px) 100vw, 300px\" \/><\/a>Ministar unutra\u0161njih poslova Republike Srpske Dragan Luka\u010d uprili\u010dio je krajem pro\u0161le godine tradicionalni novogodi\u0161nji prijem za policijske slu\u017ebenike koji su u godini iza nas iskazali visok stepen profesionalnosti i po\u017ertvovanosti u spasavanju ljudskih \u017eivota.<\/p>\n<p>On je tom prilikom istakao da su oni hrabrim djelima i po\u017ertvovano\u0161\u0107u u spasavanju ljudskih \u017eivota pokazali \u0161ta zna\u010di ponosno nositi policijsku uniformu, biti human, karakteran i vrhunski profesionalac.<\/p>\n<p><strong><a href=\"https:\/\/www.prijedordanas.com\/?p=139614\" target=\"_blank\" rel=\"noopener\">Prijedorski policajci Dragan Popovi\u0107 i Ognjen Matija\u0161 spasili sugra\u0111anina iz prostorije zahva\u0107ene po\u017earom<\/a><\/strong><\/p>\n<p>\u201eOni su spasavali ljude, a istovremeno rizikovali svoje \u017eivote. Na\u0161i policajci su dobro obu\u010deni i motivisani da poma\u017eu gra\u0111anima u bilo kojoj situaciji i na bilo kom mjestu&#8221;, rekao je ministar Luka\u010d.<\/p>\n<p><a href=\"https:\/\/www.prijedordanas.com\/wp-content\/uploads\/2021\/01\/mup-rs-prijem-za-hrabre-policajce-2.jpg\"><img loading=\"lazy\" decoding=\"async\" class=\"alignleft size-medium wp-image-160895\" src=\"https:\/\/www.prijedordanas.com\/wp-content\/uploads\/2021\/01\/mup-rs-prijem-za-hrabre-policajce-2-300x209.jpg\" alt=\"\" width=\"300\" height=\"209\" srcset=\"https:\/\/www.prijedordanas.com\/wp-content\/uploads\/2021\/01\/mup-rs-prijem-za-hrabre-policajce-2-300x209.jpg 300w, https:\/\/www.prijedordanas.com\/wp-content\/uploads\/2021\/01\/mup-rs-prijem-za-hrabre-policajce-2.jpg 600w\" sizes=\"(max-width: 300px) 100vw, 300px\" \/><\/a>On je istakao da su policijski slu\u017ebenici ljude spasavali iz rijeka, jezera i iz te\u0161kih situacija kada su \u017eivoti bili ugro\u017eeni.<\/p>\n<p>Me\u0111u 34 policijska slu\u017ebenika na\u0161lo se i njih sedam koji su iz Policijske uprave Prijedor.<\/p>\n<p><strong><a href=\"https:\/\/www.prijedordanas.com\/?p=151353\" target=\"_blank\" rel=\"noopener\">PU Prijedor: Policijski slu\u017ebenici spasili lice koje je upalo u rijeku Sanu \u2013 FOTO<\/a><\/strong><\/p>\n<p>Na prijemu su se na\u0161li Dragan Popovi\u0107, Ognjen Matija\u0161, Stefan Tubin, Danijel Cvjeti\u0107anin, Milomir Novakovi\u0107, \u017deljko Cviji\u0107 i Milan Kne\u017eevi\u0107.<\/p>\n<p>Kako saznajemo, oni su tokom svog rada u PU Prijedor pravovremeno reagovali kada je trebalo spasavati \u017eivote ljudi iz zapaljenih objekata, odnosno iz rijeka u koje su upali.<\/p>\n<p><strong><a href=\"https:\/\/www.prijedordanas.com\/?p=151326\" target=\"_blank\" rel=\"noopener\">Prijedorski policajci spasili sugra\u0111anku koja je upala u rijeku Sanu \u2013 FOTO<\/a><\/strong><\/p>\n<p>Svim policijskim slu\u017ebenicima su na prijemu uru\u010dene zahvalnice.<\/p>\n<p>MUP RS\/<a href=\"https:\/\/www.prijedordanas.com\" target=\"_blank\" rel=\"noopener noreferrer\">www.prijedordanas.com<\/a><\/p>\n","protected":false},"excerpt":{"rendered":"<p>Ministar unutra\u0161njih poslova Republike Srpske Dragan Luka\u010d uprili\u010dio je krajem pro\u0161le godine tradicionalni novogodi\u0161nji prijem za policijske slu\u017ebenike koji su u godini iza nas iskazali visok stepen profesionalnosti i po\u017ertvovanosti [&hellip;]<\/p>\n","protected":false},"author":1,"featured_media":0,"comment_status":"closed","ping_status":"open","sticky":false,"template":"","format":"standard","meta":{"_monsterinsights_skip_tracking":false,"_monsterinsights_sitenote_active":false,"_monsterinsights_sitenote_note":"","_monsterinsights_sitenote_category":0,"footnotes":""},"categories":[8],"tags":[9834],"yoast_head":"<!-- This site is optimized with the Yoast SEO plugin v21.6 - https:\/\/yoast.com\/wordpress\/plugins\/seo\/ -->\n<title>Sedam hrabrih policijskih slu\u017ebenika Policijske uprave Prijedor na prijemu kod ministra Luka\u010da - PrijedorDanas.com - Prijedorski gradski portal<\/title>\n<meta name=\"robots\" content=\"index, follow, max-snippet:-1, max-image-preview:large, max-video-preview:-1\" \/>\n<link rel=\"canonical\" href=\"https:\/\/www.prijedordanas.com\/?p=160893\" \/>\n<meta property=\"og:locale\" content=\"en_US\" \/>\n<meta property=\"og:type\" content=\"article\" \/>\n<meta property=\"og:title\" content=\"Sedam hrabrih policijskih slu\u017ebenika Policijske uprave Prijedor na prijemu kod ministra Luka\u010da - PrijedorDanas.com - Prijedorski gradski portal\" \/>\n<meta property=\"og:description\" content=\"Ministar unutra\u0161njih poslova Republike Srpske Dragan Luka\u010d uprili\u010dio je krajem pro\u0161le godine tradicionalni novogodi\u0161nji prijem za policijske slu\u017ebenike koji su u godini iza nas iskazali visok stepen profesionalnosti i po\u017ertvovanosti [&hellip;]\" \/>\n<meta property=\"og:url\" content=\"https:\/\/www.prijedordanas.com\/?p=160893\" \/>\n<meta property=\"og:site_name\" content=\"PrijedorDanas.com - Prijedorski gradski portal\" \/>\n<meta property=\"article:publisher\" content=\"https:\/\/www.facebook.com\/PrijedorDanasCom\/\" \/>\n<meta property=\"article:published_time\" content=\"2021-01-07T21:55:23+00:00\" \/>\n<meta property=\"og:image\" content=\"https:\/\/www.prijedordanas.com\/wp-content\/uploads\/2021\/01\/mup-rs-prijem-za-hrabre-policajce-1-300x225.jpg\" \/>\n<meta name=\"author\" content=\"admin\" \/>\n<meta name=\"twitter:card\" content=\"summary_large_image\" \/>\n<meta name=\"twitter:label1\" content=\"Written by\" \/>\n\t<meta name=\"twitter:data1\" content=\"admin\" \/>\n\t<meta name=\"twitter:label2\" content=\"Est. reading time\" \/>\n\t<meta name=\"twitter:data2\" content=\"1 minute\" \/>\n<script type=\"application\/ld+json\" class=\"yoast-schema-graph\">{\"@context\":\"https:\/\/schema.org\",\"@graph\":[{\"@type\":\"Article\",\"@id\":\"https:\/\/www.prijedordanas.com\/?p=160893#article\",\"isPartOf\":{\"@id\":\"https:\/\/www.prijedordanas.com\/?p=160893\"},\"author\":{\"name\":\"admin\",\"@id\":\"https:\/\/www.prijedordanas.com\/#\/schema\/person\/4e08ccf29b506ca916ff86d46bb700e6\"},\"headline\":\"Sedam hrabrih policijskih slu\u017ebenika Policijske uprave Prijedor na prijemu kod ministra Luka\u010da\",\"datePublished\":\"2021-01-07T21:55:23+00:00\",\"dateModified\":\"2021-01-07T21:55:23+00:00\",\"mainEntityOfPage\":{\"@id\":\"https:\/\/www.prijedordanas.com\/?p=160893\"},\"wordCount\":271,\"publisher\":{\"@id\":\"https:\/\/www.prijedordanas.com\/#organization\"},\"keywords\":[\"PU Prijedor\"],\"articleSection\":[\"Svakodnevno\"],\"inLanguage\":\"en-US\"},{\"@type\":\"WebPage\",\"@id\":\"https:\/\/www.prijedordanas.com\/?p=160893\",\"url\":\"https:\/\/www.prijedordanas.com\/?p=160893\",\"name\":\"Sedam hrabrih policijskih slu\u017ebenika Policijske uprave Prijedor na prijemu kod ministra Luka\u010da - PrijedorDanas.com - Prijedorski gradski portal\",\"isPartOf\":{\"@id\":\"https:\/\/www.prijedordanas.com\/#website\"},\"datePublished\":\"2021-01-07T21:55:23+00:00\",\"dateModified\":\"2021-01-07T21:55:23+00:00\",\"breadcrumb\":{\"@id\":\"https:\/\/www.prijedordanas.com\/?p=160893#breadcrumb\"},\"inLanguage\":\"en-US\",\"potentialAction\":[{\"@type\":\"ReadAction\",\"target\":[\"https:\/\/www.prijedordanas.com\/?p=160893\"]}]},{\"@type\":\"BreadcrumbList\",\"@id\":\"https:\/\/www.prijedordanas.com\/?p=160893#breadcrumb\",\"itemListElement\":[{\"@type\":\"ListItem\",\"position\":1,\"name\":\"Home\",\"item\":\"https:\/\/www.prijedordanas.com\/\"},{\"@type\":\"ListItem\",\"position\":2,\"name\":\"Sedam hrabrih policijskih slu\u017ebenika Policijske uprave Prijedor na prijemu kod ministra Luka\u010da\"}]},{\"@type\":\"WebSite\",\"@id\":\"https:\/\/www.prijedordanas.com\/#website\",\"url\":\"https:\/\/www.prijedordanas.com\/\",\"name\":\"PrijedorDanas.com - Prijedorski gradski portal\",\"description\":\"Portal o doga\u0111anjima u gradu Prijedoru\",\"publisher\":{\"@id\":\"https:\/\/www.prijedordanas.com\/#organization\"},\"potentialAction\":[{\"@type\":\"SearchAction\",\"target\":{\"@type\":\"EntryPoint\",\"urlTemplate\":\"https:\/\/www.prijedordanas.com\/?s={search_term_string}\"},\"query-input\":\"required name=search_term_string\"}],\"inLanguage\":\"en-US\"},{\"@type\":\"Organization\",\"@id\":\"https:\/\/www.prijedordanas.com\/#organization\",\"name\":\"PrijedorDanas.com\",\"url\":\"https:\/\/www.prijedordanas.com\/\",\"logo\":{\"@type\":\"ImageObject\",\"inLanguage\":\"en-US\",\"@id\":\"https:\/\/www.prijedordanas.com\/#\/schema\/logo\/image\/\",\"url\":\"http:\/\/www.prijedordanas.com\/wp-content\/uploads\/2021\/12\/logopng.png\",\"contentUrl\":\"http:\/\/www.prijedordanas.com\/wp-content\/uploads\/2021\/12\/logopng.png\",\"width\":1019,\"height\":776,\"caption\":\"PrijedorDanas.com\"},\"image\":{\"@id\":\"https:\/\/www.prijedordanas.com\/#\/schema\/logo\/image\/\"},\"sameAs\":[\"https:\/\/www.facebook.com\/PrijedorDanasCom\/\"]},{\"@type\":\"Person\",\"@id\":\"https:\/\/www.prijedordanas.com\/#\/schema\/person\/4e08ccf29b506ca916ff86d46bb700e6\",\"name\":\"admin\",\"image\":{\"@type\":\"ImageObject\",\"inLanguage\":\"en-US\",\"@id\":\"https:\/\/www.prijedordanas.com\/#\/schema\/person\/image\/\",\"url\":\"https:\/\/secure.gravatar.com\/avatar\/1d3fc949d550f0b53a5f0d51e06dfd79?s=96&d=mm&r=g\",\"contentUrl\":\"https:\/\/secure.gravatar.com\/avatar\/1d3fc949d550f0b53a5f0d51e06dfd79?s=96&d=mm&r=g\",\"caption\":\"admin\"},\"url\":\"https:\/\/www.prijedordanas.com\/?author=1\"}]}<\/script>\n<!-- \/ Yoast SEO plugin. -->","yoast_head_json":{"title":"Sedam hrabrih policijskih slu\u017ebenika Policijske uprave Prijedor na prijemu kod ministra Luka\u010da - PrijedorDanas.com - Prijedorski gradski portal","robots":{"index":"index","follow":"follow","max-snippet":"max-snippet:-1","max-image-preview":"max-image-preview:large","max-video-preview":"max-video-preview:-1"},"canonical":"https:\/\/www.prijedordanas.com\/?p=160893","og_locale":"en_US","og_type":"article","og_title":"Sedam hrabrih policijskih slu\u017ebenika Policijske uprave Prijedor na prijemu kod ministra Luka\u010da - PrijedorDanas.com - Prijedorski gradski portal","og_description":"Ministar unutra\u0161njih poslova Republike Srpske Dragan Luka\u010d uprili\u010dio je krajem pro\u0161le godine tradicionalni novogodi\u0161nji prijem za policijske slu\u017ebenike koji su u godini iza nas iskazali visok stepen profesionalnosti i po\u017ertvovanosti [&hellip;]","og_url":"https:\/\/www.prijedordanas.com\/?p=160893","og_site_name":"PrijedorDanas.com - Prijedorski gradski portal","article_publisher":"https:\/\/www.facebook.com\/PrijedorDanasCom\/","article_published_time":"2021-01-07T21:55:23+00:00","og_image":[{"url":"https:\/\/www.prijedordanas.com\/wp-content\/uploads\/2021\/01\/mup-rs-prijem-za-hrabre-policajce-1-300x225.jpg"}],"author":"admin","twitter_card":"summary_large_image","twitter_misc":{"Written by":"admin","Est. reading time":"1 minute"},"schema":{"@context":"https:\/\/schema.org","@graph":[{"@type":"Article","@id":"https:\/\/www.prijedordanas.com\/?p=160893#article","isPartOf":{"@id":"https:\/\/www.prijedordanas.com\/?p=160893"},"author":{"name":"admin","@id":"https:\/\/www.prijedordanas.com\/#\/schema\/person\/4e08ccf29b506ca916ff86d46bb700e6"},"headline":"Sedam hrabrih policijskih slu\u017ebenika Policijske uprave Prijedor na prijemu kod ministra Luka\u010da","datePublished":"2021-01-07T21:55:23+00:00","dateModified":"2021-01-07T21:55:23+00:00","mainEntityOfPage":{"@id":"https:\/\/www.prijedordanas.com\/?p=160893"},"wordCount":271,"publisher":{"@id":"https:\/\/www.prijedordanas.com\/#organization"},"keywords":["PU Prijedor"],"articleSection":["Svakodnevno"],"inLanguage":"en-US"},{"@type":"WebPage","@id":"https:\/\/www.prijedordanas.com\/?p=160893","url":"https:\/\/www.prijedordanas.com\/?p=160893","name":"Sedam hrabrih policijskih slu\u017ebenika Policijske uprave Prijedor na prijemu kod ministra Luka\u010da - PrijedorDanas.com - Prijedorski gradski portal","isPartOf":{"@id":"https:\/\/www.prijedordanas.com\/#website"},"datePublished":"2021-01-07T21:55:23+00:00","dateModified":"2021-01-07T21:55:23+00:00","breadcrumb":{"@id":"https:\/\/www.prijedordanas.com\/?p=160893#breadcrumb"},"inLanguage":"en-US","potentialAction":[{"@type":"ReadAction","target":["https:\/\/www.prijedordanas.com\/?p=160893"]}]},{"@type":"BreadcrumbList","@id":"https:\/\/www.prijedordanas.com\/?p=160893#breadcrumb","itemListElement":[{"@type":"ListItem","position":1,"name":"Home","item":"https:\/\/www.prijedordanas.com\/"},{"@type":"ListItem","position":2,"name":"Sedam hrabrih policijskih slu\u017ebenika Policijske uprave Prijedor na prijemu kod ministra Luka\u010da"}]},{"@type":"WebSite","@id":"https:\/\/www.prijedordanas.com\/#website","url":"https:\/\/www.prijedordanas.com\/","name":"PrijedorDanas.com - Prijedorski gradski portal","description":"Portal o doga\u0111anjima u gradu Prijedoru","publisher":{"@id":"https:\/\/www.prijedordanas.com\/#organization"},"potentialAction":[{"@type":"SearchAction","target":{"@type":"EntryPoint","urlTemplate":"https:\/\/www.prijedordanas.com\/?s={search_term_string}"},"query-input":"required name=search_term_string"}],"inLanguage":"en-US"},{"@type":"Organization","@id":"https:\/\/www.prijedordanas.com\/#organization","name":"PrijedorDanas.com","url":"https:\/\/www.prijedordanas.com\/","logo":{"@type":"ImageObject","inLanguage":"en-US","@id":"https:\/\/www.prijedordanas.com\/#\/schema\/logo\/image\/","url":"http:\/\/www.prijedordanas.com\/wp-content\/uploads\/2021\/12\/logopng.png","contentUrl":"http:\/\/www.prijedordanas.com\/wp-content\/uploads\/2021\/12\/logopng.png","width":1019,"height":776,"caption":"PrijedorDanas.com"},"image":{"@id":"https:\/\/www.prijedordanas.com\/#\/schema\/logo\/image\/"},"sameAs":["https:\/\/www.facebook.com\/PrijedorDanasCom\/"]},{"@type":"Person","@id":"https:\/\/www.prijedordanas.com\/#\/schema\/person\/4e08ccf29b506ca916ff86d46bb700e6","name":"admin","image":{"@type":"ImageObject","inLanguage":"en-US","@id":"https:\/\/www.prijedordanas.com\/#\/schema\/person\/image\/","url":"https:\/\/secure.gravatar.com\/avatar\/1d3fc949d550f0b53a5f0d51e06dfd79?s=96&d=mm&r=g","contentUrl":"https:\/\/secure.gravatar.com\/avatar\/1d3fc949d550f0b53a5f0d51e06dfd79?s=96&d=mm&r=g","caption":"admin"},"url":"https:\/\/www.prijedordanas.com\/?author=1"}]}},"_links":{"self":[{"href":"https:\/\/www.prijedordanas.com\/index.php?rest_route=\/wp\/v2\/posts\/160893"}],"collection":[{"href":"https:\/\/www.prijedordanas.com\/index.php?rest_route=\/wp\/v2\/posts"}],"about":[{"href":"https:\/\/www.prijedordanas.com\/index.php?rest_route=\/wp\/v2\/types\/post"}],"author":[{"embeddable":true,"href":"https:\/\/www.prijedordanas.com\/index.php?rest_route=\/wp\/v2\/users\/1"}],"replies":[{"embeddable":true,"href":"https:\/\/www.prijedordanas.com\/index.php?rest_route=%2Fwp%2Fv2%2Fcomments&post=160893"}],"version-history":[{"count":1,"href":"https:\/\/www.prijedordanas.com\/index.php?rest_route=\/wp\/v2\/posts\/160893\/revisions"}],"predecessor-version":[{"id":160896,"href":"https:\/\/www.prijedordanas.com\/index.php?rest_route=\/wp\/v2\/posts\/160893\/revisions\/160896"}],"wp:attachment":[{"href":"https:\/\/www.prijedordanas.com\/index.php?rest_route=%2Fwp%2Fv2%2Fmedia&parent=160893"}],"wp:term":[{"taxonomy":"category","embeddable":true,"href":"https:\/\/www.prijedordanas.com\/index.php?rest_route=%2Fwp%2Fv2%2Fcategories&post=160893"},{"taxonomy":"post_tag","embeddable":true,"href":"https:\/\/www.prijedordanas.com\/index.php?rest_route=%2Fwp%2Fv2%2Ftags&post=160893"}],"curies":[{"name":"wp","href":"https:\/\/api.w.org\/{rel}","templated":true}]}}