{"id":160598,"date":"2021-01-02T13:43:12","date_gmt":"2021-01-02T12:43:12","guid":{"rendered":"https:\/\/www.prijedordanas.com\/?p=160598"},"modified":"2021-01-02T13:43:12","modified_gmt":"2021-01-02T12:43:12","slug":"prijedor-gradonacelnik-pavlovic-darovao-zlatnik-prvorodenoj-bebi-u-2021-godini-foto","status":"publish","type":"post","link":"https:\/\/www.prijedordanas.com\/?p=160598","title":{"rendered":"Prijedor: Gradona\u010delnik Pavlovi\u0107 darovao zlatnik prvoro\u0111enoj bebi u 2021. godini &#8211; FOTO"},"content":{"rendered":"<p><a href=\"https:\/\/www.prijedordanas.com\/wp-content\/uploads\/2021\/01\/pavlovic-prvorodjena-beba-prijedor-2021.jpg\"><img loading=\"lazy\" decoding=\"async\" class=\"alignleft size-medium wp-image-160599\" src=\"https:\/\/www.prijedordanas.com\/wp-content\/uploads\/2021\/01\/pavlovic-prvorodjena-beba-prijedor-2021-300x300.jpg\" alt=\"\" width=\"300\" height=\"300\" srcset=\"https:\/\/www.prijedordanas.com\/wp-content\/uploads\/2021\/01\/pavlovic-prvorodjena-beba-prijedor-2021-300x300.jpg 300w, https:\/\/www.prijedordanas.com\/wp-content\/uploads\/2021\/01\/pavlovic-prvorodjena-beba-prijedor-2021-150x150.jpg 150w, https:\/\/www.prijedordanas.com\/wp-content\/uploads\/2021\/01\/pavlovic-prvorodjena-beba-prijedor-2021-50x50.jpg 50w, https:\/\/www.prijedordanas.com\/wp-content\/uploads\/2021\/01\/pavlovic-prvorodjena-beba-prijedor-2021.jpg 600w\" sizes=\"(max-width: 300px) 100vw, 300px\" \/><\/a>Gradona\u010delnik Prijedora Dalibor Pavlovi\u0107 posjetio je danas bolnicu &#8220;Dr Mladen Stojanovi\u0107&#8221; gdje je zlatnikom darovao prvoro\u0111enu bebu u na\u0161em gradu u 2021. godini.<\/p>\n<p>Dje\u010daka Lazara, te\u0161kog 4,1 kilograma, kao svoje drugo dijete, rodila je Svjetlana Kri\u010dkovi\u0107.<\/p>\n<p>Osim zlatnika, roditelji bebe \u0107e kao poklon od Gradske uprave Prijedor dobiti i 600 KM.<\/p>\n<p>-Gradska uprava je opredijeljena za pobolj\u0161anje nataliteta u Prijedoru a to je jedan od razloga zbog \u010dega sam danas ovdje. Od ove godine, \u0161to ranije nije bila praksa, prvoro\u0111enoj bebi u novoj godini bi\u0107e uru\u010den zlatnik. Gradska uprava stoji na raspolaganju i na\u0161em mladom sugra\u0111aninu, ali i svim ostalim da \u017eive mnogo bolje i onako kako zaslu\u017euju. Iz Fonda za natalitet od ove godine \u0107e za prvoro\u0111eno dijete biti izdvajano po 500 KM, za drugoro\u0111eno 600 KM, a za tre\u0107e i svako naredno ro\u0111eno dijete po 700 KM &#8211; rekao je Pavlovi\u0107.<\/p>\n<p><a href=\"https:\/\/www.prijedordanas.com\/wp-content\/uploads\/2021\/01\/gradonacelnik-pavlovic-darovi-za-prvorodjenu-bebu-u-2021-3.jpg\"><img loading=\"lazy\" decoding=\"async\" class=\"alignleft size-medium wp-image-160602\" src=\"https:\/\/www.prijedordanas.com\/wp-content\/uploads\/2021\/01\/gradonacelnik-pavlovic-darovi-za-prvorodjenu-bebu-u-2021-3-300x225.jpg\" alt=\"\" width=\"300\" height=\"225\" srcset=\"https:\/\/www.prijedordanas.com\/wp-content\/uploads\/2021\/01\/gradonacelnik-pavlovic-darovi-za-prvorodjenu-bebu-u-2021-3-300x225.jpg 300w, https:\/\/www.prijedordanas.com\/wp-content\/uploads\/2021\/01\/gradonacelnik-pavlovic-darovi-za-prvorodjenu-bebu-u-2021-3-640x480.jpg 640w, https:\/\/www.prijedordanas.com\/wp-content\/uploads\/2021\/01\/gradonacelnik-pavlovic-darovi-za-prvorodjenu-bebu-u-2021-3.jpg 667w\" sizes=\"(max-width: 300px) 100vw, 300px\" \/><\/a>On je dodao da to jasno govori da \u017eelimo da pobolj\u0161amo pronatalitetnu sliku grada Prijedora i da smo jasno opredijeljeni da poma\u017eemo u tim namjerama<\/p>\n<p>Mali Lazar je po ro\u0111enju dobio najvi\u0161u ocjenu deset, a ime mu je dao njegov otac.<\/p>\n<p>-Hvala gradona\u010delniku Pavlovi\u0107u na poklonima i posjeti. Osje\u0107aj je zaista lijep. Dje\u010dak se trebao roditi jo\u0161 25. decembra, ali je &#8220;sa\u010dekao&#8221; sedam dana da bude prvi dje\u010dak u ovoj godini. Svima \u017eelim sretnu novu godinu a svima onima koji to \u017eele da se ostvare kao majke, jer je osje\u0107aj prelijep &#8211; rekla je Svjetlana Kri\u010dkovi\u0107.<\/p>\n<p>Tekst i foto &#8211; <a href=\"https:\/\/www.prijedordanas.com\" target=\"_blank\" rel=\"noopener noreferrer\">www.prijedordanas.com<\/a><\/p>\n<p><a href=\"https:\/\/www.prijedordanas.com\/wp-content\/uploads\/2021\/01\/gradonacelnik-pavlovic-darovi-za-prvorodjenu-bebu-u-2021-1.jpg\"><img loading=\"lazy\" decoding=\"async\" class=\"alignleft size-medium wp-image-160600\" src=\"https:\/\/www.prijedordanas.com\/wp-content\/uploads\/2021\/01\/gradonacelnik-pavlovic-darovi-za-prvorodjenu-bebu-u-2021-1-300x225.jpg\" alt=\"\" width=\"300\" height=\"225\" srcset=\"https:\/\/www.prijedordanas.com\/wp-content\/uploads\/2021\/01\/gradonacelnik-pavlovic-darovi-za-prvorodjenu-bebu-u-2021-1-300x225.jpg 300w, https:\/\/www.prijedordanas.com\/wp-content\/uploads\/2021\/01\/gradonacelnik-pavlovic-darovi-za-prvorodjenu-bebu-u-2021-1-640x480.jpg 640w, https:\/\/www.prijedordanas.com\/wp-content\/uploads\/2021\/01\/gradonacelnik-pavlovic-darovi-za-prvorodjenu-bebu-u-2021-1.jpg 667w\" sizes=\"(max-width: 300px) 100vw, 300px\" \/><\/a> <a href=\"https:\/\/www.prijedordanas.com\/wp-content\/uploads\/2021\/01\/gradonacelnik-pavlovic-darovi-za-prvorodjenu-bebu-u-2021-2.jpg\"><img loading=\"lazy\" decoding=\"async\" class=\"alignleft size-medium wp-image-160601\" src=\"https:\/\/www.prijedordanas.com\/wp-content\/uploads\/2021\/01\/gradonacelnik-pavlovic-darovi-za-prvorodjenu-bebu-u-2021-2-300x225.jpg\" alt=\"\" width=\"300\" height=\"225\" srcset=\"https:\/\/www.prijedordanas.com\/wp-content\/uploads\/2021\/01\/gradonacelnik-pavlovic-darovi-za-prvorodjenu-bebu-u-2021-2-300x225.jpg 300w, https:\/\/www.prijedordanas.com\/wp-content\/uploads\/2021\/01\/gradonacelnik-pavlovic-darovi-za-prvorodjenu-bebu-u-2021-2-640x480.jpg 640w, https:\/\/www.prijedordanas.com\/wp-content\/uploads\/2021\/01\/gradonacelnik-pavlovic-darovi-za-prvorodjenu-bebu-u-2021-2.jpg 667w\" sizes=\"(max-width: 300px) 100vw, 300px\" \/><\/a><\/p>\n","protected":false},"excerpt":{"rendered":"<p>Gradona\u010delnik Prijedora Dalibor Pavlovi\u0107 posjetio je danas bolnicu &#8220;Dr Mladen Stojanovi\u0107&#8221; gdje je zlatnikom darovao prvoro\u0111enu bebu u na\u0161em gradu u 2021. godini. Dje\u010daka Lazara, te\u0161kog 4,1 kilograma, kao svoje [&hellip;]<\/p>\n","protected":false},"author":1,"featured_media":0,"comment_status":"closed","ping_status":"open","sticky":false,"template":"","format":"standard","meta":{"_monsterinsights_skip_tracking":false,"_monsterinsights_sitenote_active":false,"_monsterinsights_sitenote_note":"","_monsterinsights_sitenote_category":0,"footnotes":""},"categories":[4,7515],"tags":[2906],"yoast_head":"<!-- This site is optimized with the Yoast SEO plugin v21.6 - https:\/\/yoast.com\/wordpress\/plugins\/seo\/ -->\n<title>Prijedor: Gradona\u010delnik Pavlovi\u0107 darovao zlatnik prvoro\u0111enoj bebi u 2021. godini - FOTO - PrijedorDanas.com - Prijedorski gradski portal<\/title>\n<meta name=\"robots\" content=\"index, follow, max-snippet:-1, max-image-preview:large, max-video-preview:-1\" \/>\n<link rel=\"canonical\" href=\"https:\/\/www.prijedordanas.com\/?p=160598\" \/>\n<meta property=\"og:locale\" content=\"en_US\" \/>\n<meta property=\"og:type\" content=\"article\" \/>\n<meta property=\"og:title\" content=\"Prijedor: Gradona\u010delnik Pavlovi\u0107 darovao zlatnik prvoro\u0111enoj bebi u 2021. godini - FOTO - PrijedorDanas.com - Prijedorski gradski portal\" \/>\n<meta property=\"og:description\" content=\"Gradona\u010delnik Prijedora Dalibor Pavlovi\u0107 posjetio je danas bolnicu &#8220;Dr Mladen Stojanovi\u0107&#8221; gdje je zlatnikom darovao prvoro\u0111enu bebu u na\u0161em gradu u 2021. godini. Dje\u010daka Lazara, te\u0161kog 4,1 kilograma, kao svoje [&hellip;]\" \/>\n<meta property=\"og:url\" content=\"https:\/\/www.prijedordanas.com\/?p=160598\" \/>\n<meta property=\"og:site_name\" content=\"PrijedorDanas.com - Prijedorski gradski portal\" \/>\n<meta property=\"article:publisher\" content=\"https:\/\/www.facebook.com\/PrijedorDanasCom\/\" \/>\n<meta property=\"article:published_time\" content=\"2021-01-02T12:43:12+00:00\" \/>\n<meta property=\"og:image\" content=\"https:\/\/www.prijedordanas.com\/wp-content\/uploads\/2021\/01\/pavlovic-prvorodjena-beba-prijedor-2021-300x300.jpg\" \/>\n<meta name=\"author\" content=\"admin\" \/>\n<meta name=\"twitter:card\" content=\"summary_large_image\" \/>\n<meta name=\"twitter:label1\" content=\"Written by\" \/>\n\t<meta name=\"twitter:data1\" content=\"admin\" \/>\n\t<meta name=\"twitter:label2\" content=\"Est. reading time\" \/>\n\t<meta name=\"twitter:data2\" content=\"1 minute\" \/>\n<script type=\"application\/ld+json\" class=\"yoast-schema-graph\">{\"@context\":\"https:\/\/schema.org\",\"@graph\":[{\"@type\":\"Article\",\"@id\":\"https:\/\/www.prijedordanas.com\/?p=160598#article\",\"isPartOf\":{\"@id\":\"https:\/\/www.prijedordanas.com\/?p=160598\"},\"author\":{\"name\":\"admin\",\"@id\":\"https:\/\/www.prijedordanas.com\/#\/schema\/person\/4e08ccf29b506ca916ff86d46bb700e6\"},\"headline\":\"Prijedor: Gradona\u010delnik Pavlovi\u0107 darovao zlatnik prvoro\u0111enoj bebi u 2021. godini &#8211; FOTO\",\"datePublished\":\"2021-01-02T12:43:12+00:00\",\"dateModified\":\"2021-01-02T12:43:12+00:00\",\"mainEntityOfPage\":{\"@id\":\"https:\/\/www.prijedordanas.com\/?p=160598\"},\"wordCount\":281,\"publisher\":{\"@id\":\"https:\/\/www.prijedordanas.com\/#organization\"},\"keywords\":[\"beba\"],\"articleSection\":[\"Dru\u0161tvo\",\"Foto dana\"],\"inLanguage\":\"en-US\"},{\"@type\":\"WebPage\",\"@id\":\"https:\/\/www.prijedordanas.com\/?p=160598\",\"url\":\"https:\/\/www.prijedordanas.com\/?p=160598\",\"name\":\"Prijedor: Gradona\u010delnik Pavlovi\u0107 darovao zlatnik prvoro\u0111enoj bebi u 2021. godini - FOTO - PrijedorDanas.com - Prijedorski gradski portal\",\"isPartOf\":{\"@id\":\"https:\/\/www.prijedordanas.com\/#website\"},\"datePublished\":\"2021-01-02T12:43:12+00:00\",\"dateModified\":\"2021-01-02T12:43:12+00:00\",\"breadcrumb\":{\"@id\":\"https:\/\/www.prijedordanas.com\/?p=160598#breadcrumb\"},\"inLanguage\":\"en-US\",\"potentialAction\":[{\"@type\":\"ReadAction\",\"target\":[\"https:\/\/www.prijedordanas.com\/?p=160598\"]}]},{\"@type\":\"BreadcrumbList\",\"@id\":\"https:\/\/www.prijedordanas.com\/?p=160598#breadcrumb\",\"itemListElement\":[{\"@type\":\"ListItem\",\"position\":1,\"name\":\"Home\",\"item\":\"https:\/\/www.prijedordanas.com\/\"},{\"@type\":\"ListItem\",\"position\":2,\"name\":\"Prijedor: Gradona\u010delnik Pavlovi\u0107 darovao zlatnik prvoro\u0111enoj bebi u 2021. godini &#8211; FOTO\"}]},{\"@type\":\"WebSite\",\"@id\":\"https:\/\/www.prijedordanas.com\/#website\",\"url\":\"https:\/\/www.prijedordanas.com\/\",\"name\":\"PrijedorDanas.com - Prijedorski gradski portal\",\"description\":\"Portal o doga\u0111anjima u gradu Prijedoru\",\"publisher\":{\"@id\":\"https:\/\/www.prijedordanas.com\/#organization\"},\"potentialAction\":[{\"@type\":\"SearchAction\",\"target\":{\"@type\":\"EntryPoint\",\"urlTemplate\":\"https:\/\/www.prijedordanas.com\/?s={search_term_string}\"},\"query-input\":\"required name=search_term_string\"}],\"inLanguage\":\"en-US\"},{\"@type\":\"Organization\",\"@id\":\"https:\/\/www.prijedordanas.com\/#organization\",\"name\":\"PrijedorDanas.com\",\"url\":\"https:\/\/www.prijedordanas.com\/\",\"logo\":{\"@type\":\"ImageObject\",\"inLanguage\":\"en-US\",\"@id\":\"https:\/\/www.prijedordanas.com\/#\/schema\/logo\/image\/\",\"url\":\"http:\/\/www.prijedordanas.com\/wp-content\/uploads\/2021\/12\/logopng.png\",\"contentUrl\":\"http:\/\/www.prijedordanas.com\/wp-content\/uploads\/2021\/12\/logopng.png\",\"width\":1019,\"height\":776,\"caption\":\"PrijedorDanas.com\"},\"image\":{\"@id\":\"https:\/\/www.prijedordanas.com\/#\/schema\/logo\/image\/\"},\"sameAs\":[\"https:\/\/www.facebook.com\/PrijedorDanasCom\/\"]},{\"@type\":\"Person\",\"@id\":\"https:\/\/www.prijedordanas.com\/#\/schema\/person\/4e08ccf29b506ca916ff86d46bb700e6\",\"name\":\"admin\",\"image\":{\"@type\":\"ImageObject\",\"inLanguage\":\"en-US\",\"@id\":\"https:\/\/www.prijedordanas.com\/#\/schema\/person\/image\/\",\"url\":\"https:\/\/secure.gravatar.com\/avatar\/1d3fc949d550f0b53a5f0d51e06dfd79?s=96&d=mm&r=g\",\"contentUrl\":\"https:\/\/secure.gravatar.com\/avatar\/1d3fc949d550f0b53a5f0d51e06dfd79?s=96&d=mm&r=g\",\"caption\":\"admin\"},\"url\":\"https:\/\/www.prijedordanas.com\/?author=1\"}]}<\/script>\n<!-- \/ Yoast SEO plugin. -->","yoast_head_json":{"title":"Prijedor: Gradona\u010delnik Pavlovi\u0107 darovao zlatnik prvoro\u0111enoj bebi u 2021. godini - FOTO - PrijedorDanas.com - Prijedorski gradski portal","robots":{"index":"index","follow":"follow","max-snippet":"max-snippet:-1","max-image-preview":"max-image-preview:large","max-video-preview":"max-video-preview:-1"},"canonical":"https:\/\/www.prijedordanas.com\/?p=160598","og_locale":"en_US","og_type":"article","og_title":"Prijedor: Gradona\u010delnik Pavlovi\u0107 darovao zlatnik prvoro\u0111enoj bebi u 2021. godini - FOTO - PrijedorDanas.com - Prijedorski gradski portal","og_description":"Gradona\u010delnik Prijedora Dalibor Pavlovi\u0107 posjetio je danas bolnicu &#8220;Dr Mladen Stojanovi\u0107&#8221; gdje je zlatnikom darovao prvoro\u0111enu bebu u na\u0161em gradu u 2021. godini. Dje\u010daka Lazara, te\u0161kog 4,1 kilograma, kao svoje [&hellip;]","og_url":"https:\/\/www.prijedordanas.com\/?p=160598","og_site_name":"PrijedorDanas.com - Prijedorski gradski portal","article_publisher":"https:\/\/www.facebook.com\/PrijedorDanasCom\/","article_published_time":"2021-01-02T12:43:12+00:00","og_image":[{"url":"https:\/\/www.prijedordanas.com\/wp-content\/uploads\/2021\/01\/pavlovic-prvorodjena-beba-prijedor-2021-300x300.jpg"}],"author":"admin","twitter_card":"summary_large_image","twitter_misc":{"Written by":"admin","Est. reading time":"1 minute"},"schema":{"@context":"https:\/\/schema.org","@graph":[{"@type":"Article","@id":"https:\/\/www.prijedordanas.com\/?p=160598#article","isPartOf":{"@id":"https:\/\/www.prijedordanas.com\/?p=160598"},"author":{"name":"admin","@id":"https:\/\/www.prijedordanas.com\/#\/schema\/person\/4e08ccf29b506ca916ff86d46bb700e6"},"headline":"Prijedor: Gradona\u010delnik Pavlovi\u0107 darovao zlatnik prvoro\u0111enoj bebi u 2021. godini &#8211; FOTO","datePublished":"2021-01-02T12:43:12+00:00","dateModified":"2021-01-02T12:43:12+00:00","mainEntityOfPage":{"@id":"https:\/\/www.prijedordanas.com\/?p=160598"},"wordCount":281,"publisher":{"@id":"https:\/\/www.prijedordanas.com\/#organization"},"keywords":["beba"],"articleSection":["Dru\u0161tvo","Foto dana"],"inLanguage":"en-US"},{"@type":"WebPage","@id":"https:\/\/www.prijedordanas.com\/?p=160598","url":"https:\/\/www.prijedordanas.com\/?p=160598","name":"Prijedor: Gradona\u010delnik Pavlovi\u0107 darovao zlatnik prvoro\u0111enoj bebi u 2021. godini - FOTO - PrijedorDanas.com - Prijedorski gradski portal","isPartOf":{"@id":"https:\/\/www.prijedordanas.com\/#website"},"datePublished":"2021-01-02T12:43:12+00:00","dateModified":"2021-01-02T12:43:12+00:00","breadcrumb":{"@id":"https:\/\/www.prijedordanas.com\/?p=160598#breadcrumb"},"inLanguage":"en-US","potentialAction":[{"@type":"ReadAction","target":["https:\/\/www.prijedordanas.com\/?p=160598"]}]},{"@type":"BreadcrumbList","@id":"https:\/\/www.prijedordanas.com\/?p=160598#breadcrumb","itemListElement":[{"@type":"ListItem","position":1,"name":"Home","item":"https:\/\/www.prijedordanas.com\/"},{"@type":"ListItem","position":2,"name":"Prijedor: Gradona\u010delnik Pavlovi\u0107 darovao zlatnik prvoro\u0111enoj bebi u 2021. godini &#8211; FOTO"}]},{"@type":"WebSite","@id":"https:\/\/www.prijedordanas.com\/#website","url":"https:\/\/www.prijedordanas.com\/","name":"PrijedorDanas.com - Prijedorski gradski portal","description":"Portal o doga\u0111anjima u gradu Prijedoru","publisher":{"@id":"https:\/\/www.prijedordanas.com\/#organization"},"potentialAction":[{"@type":"SearchAction","target":{"@type":"EntryPoint","urlTemplate":"https:\/\/www.prijedordanas.com\/?s={search_term_string}"},"query-input":"required name=search_term_string"}],"inLanguage":"en-US"},{"@type":"Organization","@id":"https:\/\/www.prijedordanas.com\/#organization","name":"PrijedorDanas.com","url":"https:\/\/www.prijedordanas.com\/","logo":{"@type":"ImageObject","inLanguage":"en-US","@id":"https:\/\/www.prijedordanas.com\/#\/schema\/logo\/image\/","url":"http:\/\/www.prijedordanas.com\/wp-content\/uploads\/2021\/12\/logopng.png","contentUrl":"http:\/\/www.prijedordanas.com\/wp-content\/uploads\/2021\/12\/logopng.png","width":1019,"height":776,"caption":"PrijedorDanas.com"},"image":{"@id":"https:\/\/www.prijedordanas.com\/#\/schema\/logo\/image\/"},"sameAs":["https:\/\/www.facebook.com\/PrijedorDanasCom\/"]},{"@type":"Person","@id":"https:\/\/www.prijedordanas.com\/#\/schema\/person\/4e08ccf29b506ca916ff86d46bb700e6","name":"admin","image":{"@type":"ImageObject","inLanguage":"en-US","@id":"https:\/\/www.prijedordanas.com\/#\/schema\/person\/image\/","url":"https:\/\/secure.gravatar.com\/avatar\/1d3fc949d550f0b53a5f0d51e06dfd79?s=96&d=mm&r=g","contentUrl":"https:\/\/secure.gravatar.com\/avatar\/1d3fc949d550f0b53a5f0d51e06dfd79?s=96&d=mm&r=g","caption":"admin"},"url":"https:\/\/www.prijedordanas.com\/?author=1"}]}},"_links":{"self":[{"href":"https:\/\/www.prijedordanas.com\/index.php?rest_route=\/wp\/v2\/posts\/160598"}],"collection":[{"href":"https:\/\/www.prijedordanas.com\/index.php?rest_route=\/wp\/v2\/posts"}],"about":[{"href":"https:\/\/www.prijedordanas.com\/index.php?rest_route=\/wp\/v2\/types\/post"}],"author":[{"embeddable":true,"href":"https:\/\/www.prijedordanas.com\/index.php?rest_route=\/wp\/v2\/users\/1"}],"replies":[{"embeddable":true,"href":"https:\/\/www.prijedordanas.com\/index.php?rest_route=%2Fwp%2Fv2%2Fcomments&post=160598"}],"version-history":[{"count":1,"href":"https:\/\/www.prijedordanas.com\/index.php?rest_route=\/wp\/v2\/posts\/160598\/revisions"}],"predecessor-version":[{"id":160603,"href":"https:\/\/www.prijedordanas.com\/index.php?rest_route=\/wp\/v2\/posts\/160598\/revisions\/160603"}],"wp:attachment":[{"href":"https:\/\/www.prijedordanas.com\/index.php?rest_route=%2Fwp%2Fv2%2Fmedia&parent=160598"}],"wp:term":[{"taxonomy":"category","embeddable":true,"href":"https:\/\/www.prijedordanas.com\/index.php?rest_route=%2Fwp%2Fv2%2Fcategories&post=160598"},{"taxonomy":"post_tag","embeddable":true,"href":"https:\/\/www.prijedordanas.com\/index.php?rest_route=%2Fwp%2Fv2%2Ftags&post=160598"}],"curies":[{"name":"wp","href":"https:\/\/api.w.org\/{rel}","templated":true}]}}