{"id":160560,"date":"2021-01-01T16:48:12","date_gmt":"2021-01-01T15:48:12","guid":{"rendered":"https:\/\/www.prijedordanas.com\/?p=160560"},"modified":"2021-01-01T16:48:12","modified_gmt":"2021-01-01T15:48:12","slug":"brojni-prijedorcani-prvi-dan-nove-godine-proveli-na-kozari-foto","status":"publish","type":"post","link":"https:\/\/www.prijedordanas.com\/?p=160560","title":{"rendered":"Brojni Prijedor\u010dani prvi dan nove godine proveli na Kozari &#8211; FOTO"},"content":{"rendered":"<p><a href=\"https:\/\/www.prijedordanas.com\/wp-content\/uploads\/2021\/01\/mrakovica-1januar-1.jpg\"><img loading=\"lazy\" decoding=\"async\" src=\"https:\/\/www.prijedordanas.com\/wp-content\/uploads\/2021\/01\/mrakovica-1januar-1-225x300.jpg\" alt=\"\" width=\"225\" height=\"300\" class=\"alignleft size-medium wp-image-160561\" srcset=\"https:\/\/www.prijedordanas.com\/wp-content\/uploads\/2021\/01\/mrakovica-1januar-1-225x300.jpg 225w, https:\/\/www.prijedordanas.com\/wp-content\/uploads\/2021\/01\/mrakovica-1januar-1.jpg 450w\" sizes=\"(max-width: 225px) 100vw, 225px\" \/><\/a>Prvi dan nove 2021. godine brojni Prijedor\u010dani iskoristili su da posjete Kozaru.<\/p>\n<p>Sve posjetioce na kraji\u0161koj ljepotici do\u010dekalo je vedro i sun\u010dano ali ne previ\u0161e hladno vrijeme.<\/p>\n<p>Iako je 1. januar, na Mrakovici nema ba\u0161 previ\u0161e snijega ali to nije smetalo najmla\u0111ima da u\u017eivaju u zimskim radostima.<\/p>\n<p>Oni ne\u0161to stariji mogli su da \u0161etaju i di\u0161u punim plu\u0107ima na ovoj svojevrsnoj vazdu\u0161noj banji.<\/p>\n<p>Prema rije\u010dima na\u0161ih \u010ditalaca, u ugostiteljskim objektima na Mrakovici gotovo da nije bilo slobodnog mjesta ili se na isto moralo \u010dekati neko vrijeme.<\/p>\n<p>Tekst i foto &#8211; <a href=\"https:\/\/www.prijedordanas.com\" target=\"_blank\" rel=\"noopener noreferrer\">www.prijedordanas.com<\/a><\/p>\n<p><a href=\"https:\/\/www.prijedordanas.com\/wp-content\/uploads\/2021\/01\/mrakovica-1januar-2.jpg\"><img loading=\"lazy\" decoding=\"async\" src=\"https:\/\/www.prijedordanas.com\/wp-content\/uploads\/2021\/01\/mrakovica-1januar-2-169x300.jpg\" alt=\"\" width=\"169\" height=\"300\" class=\"alignleft size-medium wp-image-160562\" srcset=\"https:\/\/www.prijedordanas.com\/wp-content\/uploads\/2021\/01\/mrakovica-1januar-2-169x300.jpg 169w, https:\/\/www.prijedordanas.com\/wp-content\/uploads\/2021\/01\/mrakovica-1januar-2.jpg 338w\" sizes=\"(max-width: 169px) 100vw, 169px\" \/><\/a> <a href=\"https:\/\/www.prijedordanas.com\/wp-content\/uploads\/2021\/01\/mrakovica-1januar-3.jpg\"><img loading=\"lazy\" decoding=\"async\" src=\"https:\/\/www.prijedordanas.com\/wp-content\/uploads\/2021\/01\/mrakovica-1januar-3-225x300.jpg\" alt=\"\" width=\"225\" height=\"300\" class=\"alignleft size-medium wp-image-160563\" srcset=\"https:\/\/www.prijedordanas.com\/wp-content\/uploads\/2021\/01\/mrakovica-1januar-3-225x300.jpg 225w, https:\/\/www.prijedordanas.com\/wp-content\/uploads\/2021\/01\/mrakovica-1januar-3.jpg 450w\" sizes=\"(max-width: 225px) 100vw, 225px\" \/><\/a> <a href=\"https:\/\/www.prijedordanas.com\/wp-content\/uploads\/2021\/01\/mrakovica-1januar-4.jpg\"><img loading=\"lazy\" decoding=\"async\" src=\"https:\/\/www.prijedordanas.com\/wp-content\/uploads\/2021\/01\/mrakovica-1januar-4-225x300.jpg\" alt=\"\" width=\"225\" height=\"300\" class=\"alignleft size-medium wp-image-160564\" srcset=\"https:\/\/www.prijedordanas.com\/wp-content\/uploads\/2021\/01\/mrakovica-1januar-4-225x300.jpg 225w, https:\/\/www.prijedordanas.com\/wp-content\/uploads\/2021\/01\/mrakovica-1januar-4.jpg 450w\" sizes=\"(max-width: 225px) 100vw, 225px\" \/><\/a> <a href=\"https:\/\/www.prijedordanas.com\/wp-content\/uploads\/2021\/01\/mrakovica-1januar-6.jpg\"><img loading=\"lazy\" decoding=\"async\" src=\"https:\/\/www.prijedordanas.com\/wp-content\/uploads\/2021\/01\/mrakovica-1januar-6-300x150.jpg\" alt=\"\" width=\"300\" height=\"150\" class=\"alignleft size-medium wp-image-160565\" srcset=\"https:\/\/www.prijedordanas.com\/wp-content\/uploads\/2021\/01\/mrakovica-1januar-6-300x150.jpg 300w, https:\/\/www.prijedordanas.com\/wp-content\/uploads\/2021\/01\/mrakovica-1januar-6.jpg 600w\" sizes=\"(max-width: 300px) 100vw, 300px\" \/><\/a> <a href=\"https:\/\/www.prijedordanas.com\/wp-content\/uploads\/2021\/01\/mrakovica-1januar-7.jpg\"><img loading=\"lazy\" decoding=\"async\" src=\"https:\/\/www.prijedordanas.com\/wp-content\/uploads\/2021\/01\/mrakovica-1januar-7-300x150.jpg\" alt=\"\" width=\"300\" height=\"150\" class=\"alignleft size-medium wp-image-160566\" srcset=\"https:\/\/www.prijedordanas.com\/wp-content\/uploads\/2021\/01\/mrakovica-1januar-7-300x150.jpg 300w, https:\/\/www.prijedordanas.com\/wp-content\/uploads\/2021\/01\/mrakovica-1januar-7.jpg 600w\" sizes=\"(max-width: 300px) 100vw, 300px\" \/><\/a> <a href=\"https:\/\/www.prijedordanas.com\/wp-content\/uploads\/2021\/01\/mrakovica-1januar-5.jpg\"><img loading=\"lazy\" decoding=\"async\" src=\"https:\/\/www.prijedordanas.com\/wp-content\/uploads\/2021\/01\/mrakovica-1januar-5-300x300.jpg\" alt=\"\" width=\"300\" height=\"300\" class=\"alignleft size-medium wp-image-160567\" srcset=\"https:\/\/www.prijedordanas.com\/wp-content\/uploads\/2021\/01\/mrakovica-1januar-5-300x300.jpg 300w, https:\/\/www.prijedordanas.com\/wp-content\/uploads\/2021\/01\/mrakovica-1januar-5-150x150.jpg 150w, https:\/\/www.prijedordanas.com\/wp-content\/uploads\/2021\/01\/mrakovica-1januar-5-50x50.jpg 50w, https:\/\/www.prijedordanas.com\/wp-content\/uploads\/2021\/01\/mrakovica-1januar-5.jpg 550w\" sizes=\"(max-width: 300px) 100vw, 300px\" \/><\/a> <a href=\"https:\/\/www.prijedordanas.com\/wp-content\/uploads\/2021\/01\/npkozara-1januar.jpg\"><img loading=\"lazy\" decoding=\"async\" src=\"https:\/\/www.prijedordanas.com\/wp-content\/uploads\/2021\/01\/npkozara-1januar-300x139.jpg\" alt=\"\" width=\"300\" height=\"139\" class=\"alignleft size-medium wp-image-160568\" srcset=\"https:\/\/www.prijedordanas.com\/wp-content\/uploads\/2021\/01\/npkozara-1januar-300x139.jpg 300w, https:\/\/www.prijedordanas.com\/wp-content\/uploads\/2021\/01\/npkozara-1januar.jpg 600w\" sizes=\"(max-width: 300px) 100vw, 300px\" \/><\/a><\/p>\n","protected":false},"excerpt":{"rendered":"<p>Prvi dan nove 2021. godine brojni Prijedor\u010dani iskoristili su da posjete Kozaru. Sve posjetioce na kraji\u0161koj ljepotici do\u010dekalo je vedro i sun\u010dano ali ne previ\u0161e hladno vrijeme. Iako je 1. [&hellip;]<\/p>\n","protected":false},"author":1,"featured_media":0,"comment_status":"closed","ping_status":"open","sticky":false,"template":"","format":"standard","meta":{"_monsterinsights_skip_tracking":false,"_monsterinsights_sitenote_active":false,"_monsterinsights_sitenote_note":"","_monsterinsights_sitenote_category":0,"footnotes":""},"categories":[3],"tags":[],"yoast_head":"<!-- This site is optimized with the Yoast SEO plugin v21.6 - https:\/\/yoast.com\/wordpress\/plugins\/seo\/ -->\n<title>Brojni Prijedor\u010dani prvi dan nove godine proveli na Kozari - FOTO - PrijedorDanas.com - Prijedorski gradski portal<\/title>\n<meta name=\"robots\" content=\"index, follow, max-snippet:-1, max-image-preview:large, max-video-preview:-1\" \/>\n<link rel=\"canonical\" href=\"https:\/\/www.prijedordanas.com\/?p=160560\" \/>\n<meta property=\"og:locale\" content=\"en_US\" \/>\n<meta property=\"og:type\" content=\"article\" \/>\n<meta property=\"og:title\" content=\"Brojni Prijedor\u010dani prvi dan nove godine proveli na Kozari - FOTO - PrijedorDanas.com - Prijedorski gradski portal\" \/>\n<meta property=\"og:description\" content=\"Prvi dan nove 2021. godine brojni Prijedor\u010dani iskoristili su da posjete Kozaru. Sve posjetioce na kraji\u0161koj ljepotici do\u010dekalo je vedro i sun\u010dano ali ne previ\u0161e hladno vrijeme. Iako je 1. [&hellip;]\" \/>\n<meta property=\"og:url\" content=\"https:\/\/www.prijedordanas.com\/?p=160560\" \/>\n<meta property=\"og:site_name\" content=\"PrijedorDanas.com - Prijedorski gradski portal\" \/>\n<meta property=\"article:publisher\" content=\"https:\/\/www.facebook.com\/PrijedorDanasCom\/\" \/>\n<meta property=\"article:published_time\" content=\"2021-01-01T15:48:12+00:00\" \/>\n<meta property=\"og:image\" content=\"https:\/\/www.prijedordanas.com\/wp-content\/uploads\/2021\/01\/mrakovica-1januar-1-225x300.jpg\" \/>\n<meta name=\"author\" content=\"admin\" \/>\n<meta name=\"twitter:card\" content=\"summary_large_image\" \/>\n<meta name=\"twitter:label1\" content=\"Written by\" \/>\n\t<meta name=\"twitter:data1\" content=\"admin\" \/>\n\t<meta name=\"twitter:label2\" content=\"Est. reading time\" \/>\n\t<meta name=\"twitter:data2\" content=\"1 minute\" \/>\n<script type=\"application\/ld+json\" class=\"yoast-schema-graph\">{\"@context\":\"https:\/\/schema.org\",\"@graph\":[{\"@type\":\"Article\",\"@id\":\"https:\/\/www.prijedordanas.com\/?p=160560#article\",\"isPartOf\":{\"@id\":\"https:\/\/www.prijedordanas.com\/?p=160560\"},\"author\":{\"name\":\"admin\",\"@id\":\"https:\/\/www.prijedordanas.com\/#\/schema\/person\/4e08ccf29b506ca916ff86d46bb700e6\"},\"headline\":\"Brojni Prijedor\u010dani prvi dan nove godine proveli na Kozari &#8211; FOTO\",\"datePublished\":\"2021-01-01T15:48:12+00:00\",\"dateModified\":\"2021-01-01T15:48:12+00:00\",\"mainEntityOfPage\":{\"@id\":\"https:\/\/www.prijedordanas.com\/?p=160560\"},\"wordCount\":117,\"publisher\":{\"@id\":\"https:\/\/www.prijedordanas.com\/#organization\"},\"articleSection\":[\"\u017divot\"],\"inLanguage\":\"en-US\"},{\"@type\":\"WebPage\",\"@id\":\"https:\/\/www.prijedordanas.com\/?p=160560\",\"url\":\"https:\/\/www.prijedordanas.com\/?p=160560\",\"name\":\"Brojni Prijedor\u010dani prvi dan nove godine proveli na Kozari - FOTO - PrijedorDanas.com - Prijedorski gradski portal\",\"isPartOf\":{\"@id\":\"https:\/\/www.prijedordanas.com\/#website\"},\"datePublished\":\"2021-01-01T15:48:12+00:00\",\"dateModified\":\"2021-01-01T15:48:12+00:00\",\"breadcrumb\":{\"@id\":\"https:\/\/www.prijedordanas.com\/?p=160560#breadcrumb\"},\"inLanguage\":\"en-US\",\"potentialAction\":[{\"@type\":\"ReadAction\",\"target\":[\"https:\/\/www.prijedordanas.com\/?p=160560\"]}]},{\"@type\":\"BreadcrumbList\",\"@id\":\"https:\/\/www.prijedordanas.com\/?p=160560#breadcrumb\",\"itemListElement\":[{\"@type\":\"ListItem\",\"position\":1,\"name\":\"Home\",\"item\":\"https:\/\/www.prijedordanas.com\/\"},{\"@type\":\"ListItem\",\"position\":2,\"name\":\"Brojni Prijedor\u010dani prvi dan nove godine proveli na Kozari &#8211; FOTO\"}]},{\"@type\":\"WebSite\",\"@id\":\"https:\/\/www.prijedordanas.com\/#website\",\"url\":\"https:\/\/www.prijedordanas.com\/\",\"name\":\"PrijedorDanas.com - Prijedorski gradski portal\",\"description\":\"Portal o doga\u0111anjima u gradu Prijedoru\",\"publisher\":{\"@id\":\"https:\/\/www.prijedordanas.com\/#organization\"},\"potentialAction\":[{\"@type\":\"SearchAction\",\"target\":{\"@type\":\"EntryPoint\",\"urlTemplate\":\"https:\/\/www.prijedordanas.com\/?s={search_term_string}\"},\"query-input\":\"required name=search_term_string\"}],\"inLanguage\":\"en-US\"},{\"@type\":\"Organization\",\"@id\":\"https:\/\/www.prijedordanas.com\/#organization\",\"name\":\"PrijedorDanas.com\",\"url\":\"https:\/\/www.prijedordanas.com\/\",\"logo\":{\"@type\":\"ImageObject\",\"inLanguage\":\"en-US\",\"@id\":\"https:\/\/www.prijedordanas.com\/#\/schema\/logo\/image\/\",\"url\":\"http:\/\/www.prijedordanas.com\/wp-content\/uploads\/2021\/12\/logopng.png\",\"contentUrl\":\"http:\/\/www.prijedordanas.com\/wp-content\/uploads\/2021\/12\/logopng.png\",\"width\":1019,\"height\":776,\"caption\":\"PrijedorDanas.com\"},\"image\":{\"@id\":\"https:\/\/www.prijedordanas.com\/#\/schema\/logo\/image\/\"},\"sameAs\":[\"https:\/\/www.facebook.com\/PrijedorDanasCom\/\"]},{\"@type\":\"Person\",\"@id\":\"https:\/\/www.prijedordanas.com\/#\/schema\/person\/4e08ccf29b506ca916ff86d46bb700e6\",\"name\":\"admin\",\"image\":{\"@type\":\"ImageObject\",\"inLanguage\":\"en-US\",\"@id\":\"https:\/\/www.prijedordanas.com\/#\/schema\/person\/image\/\",\"url\":\"https:\/\/secure.gravatar.com\/avatar\/1d3fc949d550f0b53a5f0d51e06dfd79?s=96&d=mm&r=g\",\"contentUrl\":\"https:\/\/secure.gravatar.com\/avatar\/1d3fc949d550f0b53a5f0d51e06dfd79?s=96&d=mm&r=g\",\"caption\":\"admin\"},\"url\":\"https:\/\/www.prijedordanas.com\/?author=1\"}]}<\/script>\n<!-- \/ Yoast SEO plugin. -->","yoast_head_json":{"title":"Brojni Prijedor\u010dani prvi dan nove godine proveli na Kozari - FOTO - PrijedorDanas.com - Prijedorski gradski portal","robots":{"index":"index","follow":"follow","max-snippet":"max-snippet:-1","max-image-preview":"max-image-preview:large","max-video-preview":"max-video-preview:-1"},"canonical":"https:\/\/www.prijedordanas.com\/?p=160560","og_locale":"en_US","og_type":"article","og_title":"Brojni Prijedor\u010dani prvi dan nove godine proveli na Kozari - FOTO - PrijedorDanas.com - Prijedorski gradski portal","og_description":"Prvi dan nove 2021. godine brojni Prijedor\u010dani iskoristili su da posjete Kozaru. Sve posjetioce na kraji\u0161koj ljepotici do\u010dekalo je vedro i sun\u010dano ali ne previ\u0161e hladno vrijeme. Iako je 1. [&hellip;]","og_url":"https:\/\/www.prijedordanas.com\/?p=160560","og_site_name":"PrijedorDanas.com - Prijedorski gradski portal","article_publisher":"https:\/\/www.facebook.com\/PrijedorDanasCom\/","article_published_time":"2021-01-01T15:48:12+00:00","og_image":[{"url":"https:\/\/www.prijedordanas.com\/wp-content\/uploads\/2021\/01\/mrakovica-1januar-1-225x300.jpg"}],"author":"admin","twitter_card":"summary_large_image","twitter_misc":{"Written by":"admin","Est. reading time":"1 minute"},"schema":{"@context":"https:\/\/schema.org","@graph":[{"@type":"Article","@id":"https:\/\/www.prijedordanas.com\/?p=160560#article","isPartOf":{"@id":"https:\/\/www.prijedordanas.com\/?p=160560"},"author":{"name":"admin","@id":"https:\/\/www.prijedordanas.com\/#\/schema\/person\/4e08ccf29b506ca916ff86d46bb700e6"},"headline":"Brojni Prijedor\u010dani prvi dan nove godine proveli na Kozari &#8211; FOTO","datePublished":"2021-01-01T15:48:12+00:00","dateModified":"2021-01-01T15:48:12+00:00","mainEntityOfPage":{"@id":"https:\/\/www.prijedordanas.com\/?p=160560"},"wordCount":117,"publisher":{"@id":"https:\/\/www.prijedordanas.com\/#organization"},"articleSection":["\u017divot"],"inLanguage":"en-US"},{"@type":"WebPage","@id":"https:\/\/www.prijedordanas.com\/?p=160560","url":"https:\/\/www.prijedordanas.com\/?p=160560","name":"Brojni Prijedor\u010dani prvi dan nove godine proveli na Kozari - FOTO - PrijedorDanas.com - Prijedorski gradski portal","isPartOf":{"@id":"https:\/\/www.prijedordanas.com\/#website"},"datePublished":"2021-01-01T15:48:12+00:00","dateModified":"2021-01-01T15:48:12+00:00","breadcrumb":{"@id":"https:\/\/www.prijedordanas.com\/?p=160560#breadcrumb"},"inLanguage":"en-US","potentialAction":[{"@type":"ReadAction","target":["https:\/\/www.prijedordanas.com\/?p=160560"]}]},{"@type":"BreadcrumbList","@id":"https:\/\/www.prijedordanas.com\/?p=160560#breadcrumb","itemListElement":[{"@type":"ListItem","position":1,"name":"Home","item":"https:\/\/www.prijedordanas.com\/"},{"@type":"ListItem","position":2,"name":"Brojni Prijedor\u010dani prvi dan nove godine proveli na Kozari &#8211; FOTO"}]},{"@type":"WebSite","@id":"https:\/\/www.prijedordanas.com\/#website","url":"https:\/\/www.prijedordanas.com\/","name":"PrijedorDanas.com - Prijedorski gradski portal","description":"Portal o doga\u0111anjima u gradu Prijedoru","publisher":{"@id":"https:\/\/www.prijedordanas.com\/#organization"},"potentialAction":[{"@type":"SearchAction","target":{"@type":"EntryPoint","urlTemplate":"https:\/\/www.prijedordanas.com\/?s={search_term_string}"},"query-input":"required name=search_term_string"}],"inLanguage":"en-US"},{"@type":"Organization","@id":"https:\/\/www.prijedordanas.com\/#organization","name":"PrijedorDanas.com","url":"https:\/\/www.prijedordanas.com\/","logo":{"@type":"ImageObject","inLanguage":"en-US","@id":"https:\/\/www.prijedordanas.com\/#\/schema\/logo\/image\/","url":"http:\/\/www.prijedordanas.com\/wp-content\/uploads\/2021\/12\/logopng.png","contentUrl":"http:\/\/www.prijedordanas.com\/wp-content\/uploads\/2021\/12\/logopng.png","width":1019,"height":776,"caption":"PrijedorDanas.com"},"image":{"@id":"https:\/\/www.prijedordanas.com\/#\/schema\/logo\/image\/"},"sameAs":["https:\/\/www.facebook.com\/PrijedorDanasCom\/"]},{"@type":"Person","@id":"https:\/\/www.prijedordanas.com\/#\/schema\/person\/4e08ccf29b506ca916ff86d46bb700e6","name":"admin","image":{"@type":"ImageObject","inLanguage":"en-US","@id":"https:\/\/www.prijedordanas.com\/#\/schema\/person\/image\/","url":"https:\/\/secure.gravatar.com\/avatar\/1d3fc949d550f0b53a5f0d51e06dfd79?s=96&d=mm&r=g","contentUrl":"https:\/\/secure.gravatar.com\/avatar\/1d3fc949d550f0b53a5f0d51e06dfd79?s=96&d=mm&r=g","caption":"admin"},"url":"https:\/\/www.prijedordanas.com\/?author=1"}]}},"_links":{"self":[{"href":"https:\/\/www.prijedordanas.com\/index.php?rest_route=\/wp\/v2\/posts\/160560"}],"collection":[{"href":"https:\/\/www.prijedordanas.com\/index.php?rest_route=\/wp\/v2\/posts"}],"about":[{"href":"https:\/\/www.prijedordanas.com\/index.php?rest_route=\/wp\/v2\/types\/post"}],"author":[{"embeddable":true,"href":"https:\/\/www.prijedordanas.com\/index.php?rest_route=\/wp\/v2\/users\/1"}],"replies":[{"embeddable":true,"href":"https:\/\/www.prijedordanas.com\/index.php?rest_route=%2Fwp%2Fv2%2Fcomments&post=160560"}],"version-history":[{"count":1,"href":"https:\/\/www.prijedordanas.com\/index.php?rest_route=\/wp\/v2\/posts\/160560\/revisions"}],"predecessor-version":[{"id":160569,"href":"https:\/\/www.prijedordanas.com\/index.php?rest_route=\/wp\/v2\/posts\/160560\/revisions\/160569"}],"wp:attachment":[{"href":"https:\/\/www.prijedordanas.com\/index.php?rest_route=%2Fwp%2Fv2%2Fmedia&parent=160560"}],"wp:term":[{"taxonomy":"category","embeddable":true,"href":"https:\/\/www.prijedordanas.com\/index.php?rest_route=%2Fwp%2Fv2%2Fcategories&post=160560"},{"taxonomy":"post_tag","embeddable":true,"href":"https:\/\/www.prijedordanas.com\/index.php?rest_route=%2Fwp%2Fv2%2Ftags&post=160560"}],"curies":[{"name":"wp","href":"https:\/\/api.w.org\/{rel}","templated":true}]}}