{"id":160456,"date":"2020-12-31T09:23:49","date_gmt":"2020-12-31T08:23:49","guid":{"rendered":"https:\/\/www.prijedordanas.com\/?p=160456"},"modified":"2020-12-31T09:23:49","modified_gmt":"2020-12-31T08:23:49","slug":"gradonacelnik-pavlovic-dolazi-vrijeme-mladosti-energije-i-odlucnosti","status":"publish","type":"post","link":"https:\/\/www.prijedordanas.com\/?p=160456","title":{"rendered":"Gradona\u010delnik Pavlovi\u0107: Dolazi vrijeme mladosti, energije i odlu\u010dnosti"},"content":{"rendered":"<p><a href=\"https:\/\/www.prijedordanas.com\/wp-content\/uploads\/2020\/12\/skupstina-grada-30decembar-9.jpg\"><img loading=\"lazy\" decoding=\"async\" class=\"alignleft size-medium wp-image-160457\" src=\"https:\/\/www.prijedordanas.com\/wp-content\/uploads\/2020\/12\/skupstina-grada-30decembar-9-300x225.jpg\" alt=\"\" width=\"300\" height=\"225\" srcset=\"https:\/\/www.prijedordanas.com\/wp-content\/uploads\/2020\/12\/skupstina-grada-30decembar-9-300x225.jpg 300w, https:\/\/www.prijedordanas.com\/wp-content\/uploads\/2020\/12\/skupstina-grada-30decembar-9-640x480.jpg 640w, https:\/\/www.prijedordanas.com\/wp-content\/uploads\/2020\/12\/skupstina-grada-30decembar-9.jpg 667w\" sizes=\"(max-width: 300px) 100vw, 300px\" \/><\/a>Gradona\u010delnik Prijedora Dalibor Pavlovi\u0107 izjavio je da dolazi vrijeme mladosti, energije i odlu\u010dnosti i da je do\u0161lo vrijeme da grad vratimo gra\u0111anima.<\/p>\n<p>&#8220;Zato pozivam ljude dobre volje i jo\u0161 boljih ideja da se jave, da predla\u017eu, da u\u010destvuju u kreiranju grada svih gra\u0111ana, a ne pojedinaca&#8221;, rekao je Pavlovi\u0107.<br \/>\nOn je u svom programskon obra\u0107anju odbornicima na konstitutivnoj sjednici Skup\u0161tine grada Prijedora naglasio da svako ko misli da anga\u017eovanjem bilo u izvr\u0161noj ili zakonodavnoj vlasti grada Prijedora doprinese svom li\u010dnom, a ne interesu gra\u0111ana, ne\u0107e imati mjesto me\u0111u ljudima koji vode grad.<\/p>\n<p>&#8220;Tu sam decidan i tu ne\u0107e biti kompromisa&#8221;, poru\u010dio je Pavlovi\u0107.<\/p>\n<p><a href=\"https:\/\/www.prijedordanas.com\/wp-content\/uploads\/2020\/12\/skupstina-grada-30decembar-10.jpg\"><img loading=\"lazy\" decoding=\"async\" class=\"alignleft size-medium wp-image-160458\" src=\"https:\/\/www.prijedordanas.com\/wp-content\/uploads\/2020\/12\/skupstina-grada-30decembar-10-300x225.jpg\" alt=\"\" width=\"300\" height=\"225\" srcset=\"https:\/\/www.prijedordanas.com\/wp-content\/uploads\/2020\/12\/skupstina-grada-30decembar-10-300x225.jpg 300w, https:\/\/www.prijedordanas.com\/wp-content\/uploads\/2020\/12\/skupstina-grada-30decembar-10-640x480.jpg 640w, https:\/\/www.prijedordanas.com\/wp-content\/uploads\/2020\/12\/skupstina-grada-30decembar-10.jpg 667w\" sizes=\"(max-width: 300px) 100vw, 300px\" \/><\/a>On je naveo da Prijedor mora i mo\u017ee bolje, da je svaki \u010dovjek podjednako bitan ovom gradu, da \u0107e se za sve tra\u017eiti najkvalitetnija rje\u0161enja i da \u0107e se odluke odmah sprovoditi u djelo.<\/p>\n<p>&#8220;Ima\u0107emo i opozicioni blok odbornika, ali ja \u017eelim da vjerujem da oni ne\u0107e biti opozicija svojim sugra\u0111anima i da \u0107e, bez obzira na svoje politi\u010dke stavove, odlu\u010divati isklju\u010divo u korist Prijedor\u010dana&#8221;, poru\u010dio je Pavlovi\u0107.<\/p>\n<p>Govore\u0107i o pandemiji, Pavlovi\u0107 se zahvalio medicinskim radnicima i obe\u0107ao bolje uslove za rad u prijedorskoj bolnici.<\/p>\n<p><a href=\"https:\/\/www.prijedordanas.com\/wp-content\/uploads\/2020\/12\/skupstina-grada-30decembar-12.jpg\"><img loading=\"lazy\" decoding=\"async\" class=\"alignleft size-medium wp-image-160459\" src=\"https:\/\/www.prijedordanas.com\/wp-content\/uploads\/2020\/12\/skupstina-grada-30decembar-12-300x225.jpg\" alt=\"\" width=\"300\" height=\"225\" srcset=\"https:\/\/www.prijedordanas.com\/wp-content\/uploads\/2020\/12\/skupstina-grada-30decembar-12-300x225.jpg 300w, https:\/\/www.prijedordanas.com\/wp-content\/uploads\/2020\/12\/skupstina-grada-30decembar-12-640x480.jpg 640w, https:\/\/www.prijedordanas.com\/wp-content\/uploads\/2020\/12\/skupstina-grada-30decembar-12.jpg 667w\" sizes=\"(max-width: 300px) 100vw, 300px\" \/><\/a>&#8220;Veliku \u0161tetu trpe privrednici, trgovci, ugostitelji, zanatlije. Grad \u0107e ve\u0107 po\u010detkom naredne godine sagledati situaciju i vidjeti kako im na najbolji mogu\u0107i na\u010din pomo\u0107i da opstanu, jer oni su potrebni Prijedoru. Prvi \u0107e biti projekat osnivanja Fonda za podr\u0161ku privrednicima u koji \u0107e Vlada Republike Srpske investirati deset miliona maraka bespovratnih sredstava, a grad \u0107e participirati na godi\u0161njem nivou sa najmanje dva miliona maraka&#8221;, naveo je Pavlovi\u0107.<\/p>\n<p>On je istakao da poplave u Prijedoru moraju postati pro\u0161lost, da se mora na\u0107i rje\u0161enje za zavr\u0161etak kanalizacije u Tukovima i isto\u010dne zaobilaznice i da \u0107e biti oformljena komisija koja \u0107e pripremiti \u010detverogodi\u0161nji plan asfaltiranja i sanacije putnih komunikacija.<\/p>\n<p><a href=\"https:\/\/www.prijedordanas.com\/wp-content\/uploads\/2020\/12\/skupstina-grada-30decembar-16.jpg\"><img loading=\"lazy\" decoding=\"async\" class=\"alignleft size-medium wp-image-160460\" src=\"https:\/\/www.prijedordanas.com\/wp-content\/uploads\/2020\/12\/skupstina-grada-30decembar-16-300x200.jpg\" alt=\"\" width=\"300\" height=\"200\" srcset=\"https:\/\/www.prijedordanas.com\/wp-content\/uploads\/2020\/12\/skupstina-grada-30decembar-16-300x200.jpg 300w, https:\/\/www.prijedordanas.com\/wp-content\/uploads\/2020\/12\/skupstina-grada-30decembar-16-480x320.jpg 480w, https:\/\/www.prijedordanas.com\/wp-content\/uploads\/2020\/12\/skupstina-grada-30decembar-16.jpg 600w\" sizes=\"(max-width: 300px) 100vw, 300px\" \/><\/a>&#8220;Hladnja\u010da za vo\u0107e u Omarskoj bi\u0107e zavr\u0161ena u narednoj godini, svaka investicija u industrijsku zonu Celpak dobro \u0107e do\u0107i, digitalizova\u0107emo komunikaciju Gradske uprave.<\/p>\n<p>Saradnja sa Vladom Republike Srpske Prijedoru \u0107e u budu\u0107nosti pru\u017eiti resurse i pomo\u0107 da zavr\u0161imo nezavr\u0161ene projekte, ali i zapo\u010dnemo i nove&#8221;, najavio je Pavlovi\u0107.<\/p>\n<p>Prema njegovim rije\u010dima, prioritet je zadr\u017eati mlade, a programom za natalitet ve\u0107 u bud\u017eetu za narednu godinu bi\u0107e izdvojena sredstva za novoro\u0111enu djecu.<\/p>\n<p>&#8220;Tako \u0107e porodice od prvog januara naredne godine dobiti 500 konvertibilnih maraka za prvoro\u0111eno dijete, 600 za drugo, a 700 za tre\u0107e i svako naredno ro\u0111eno dijete. Izgradi\u0107emo novi vrti\u0107, koji \u0107e, uz postoje\u0107e kapacitete, zadovoljiti potrebe svih porodica&#8221;, dodao je Pavlovi\u0107.<\/p>\n<p>On je najavio otvaranje kancelarije za dijasporu, podr\u0161ku bora\u010dkim organizacijama, penzionerima, saradnju sa medijima i vjerskim i nevladinim organizacijama.<\/p>\n<p>www.prijedorgrad.org<\/p>\n<p><a href=\"https:\/\/www.prijedordanas.com\/wp-content\/uploads\/2020\/12\/skupstina-grada-30decembar-17.jpg\"><img loading=\"lazy\" decoding=\"async\" src=\"https:\/\/www.prijedordanas.com\/wp-content\/uploads\/2020\/12\/skupstina-grada-30decembar-17-300x200.jpg\" alt=\"\" width=\"300\" height=\"200\" class=\"alignleft size-medium wp-image-160461\" srcset=\"https:\/\/www.prijedordanas.com\/wp-content\/uploads\/2020\/12\/skupstina-grada-30decembar-17-300x200.jpg 300w, https:\/\/www.prijedordanas.com\/wp-content\/uploads\/2020\/12\/skupstina-grada-30decembar-17-480x320.jpg 480w, https:\/\/www.prijedordanas.com\/wp-content\/uploads\/2020\/12\/skupstina-grada-30decembar-17.jpg 600w\" sizes=\"(max-width: 300px) 100vw, 300px\" \/><\/a> <a href=\"https:\/\/www.prijedordanas.com\/wp-content\/uploads\/2020\/12\/skupstina-grada-30decembar-24.jpg\"><img loading=\"lazy\" decoding=\"async\" src=\"https:\/\/www.prijedordanas.com\/wp-content\/uploads\/2020\/12\/skupstina-grada-30decembar-24-300x225.jpg\" alt=\"\" width=\"300\" height=\"225\" class=\"alignleft size-medium wp-image-160462\" srcset=\"https:\/\/www.prijedordanas.com\/wp-content\/uploads\/2020\/12\/skupstina-grada-30decembar-24-300x225.jpg 300w, https:\/\/www.prijedordanas.com\/wp-content\/uploads\/2020\/12\/skupstina-grada-30decembar-24-640x480.jpg 640w, https:\/\/www.prijedordanas.com\/wp-content\/uploads\/2020\/12\/skupstina-grada-30decembar-24.jpg 667w\" sizes=\"(max-width: 300px) 100vw, 300px\" \/><\/a><\/p>\n","protected":false},"excerpt":{"rendered":"<p>Gradona\u010delnik Prijedora Dalibor Pavlovi\u0107 izjavio je da dolazi vrijeme mladosti, energije i odlu\u010dnosti i da je do\u0161lo vrijeme da grad vratimo gra\u0111anima. &#8220;Zato pozivam ljude dobre volje i jo\u0161 boljih [&hellip;]<\/p>\n","protected":false},"author":1,"featured_media":0,"comment_status":"closed","ping_status":"open","sticky":false,"template":"","format":"standard","meta":{"_monsterinsights_skip_tracking":false,"_monsterinsights_sitenote_active":false,"_monsterinsights_sitenote_note":"","_monsterinsights_sitenote_category":0,"footnotes":""},"categories":[4],"tags":[],"yoast_head":"<!-- This site is optimized with the Yoast SEO plugin v21.6 - https:\/\/yoast.com\/wordpress\/plugins\/seo\/ -->\n<title>Gradona\u010delnik Pavlovi\u0107: Dolazi vrijeme mladosti, energije i odlu\u010dnosti - PrijedorDanas.com - Prijedorski gradski portal<\/title>\n<meta name=\"robots\" content=\"index, follow, max-snippet:-1, max-image-preview:large, max-video-preview:-1\" \/>\n<link rel=\"canonical\" href=\"https:\/\/www.prijedordanas.com\/?p=160456\" \/>\n<meta property=\"og:locale\" content=\"en_US\" \/>\n<meta property=\"og:type\" content=\"article\" \/>\n<meta property=\"og:title\" content=\"Gradona\u010delnik Pavlovi\u0107: Dolazi vrijeme mladosti, energije i odlu\u010dnosti - PrijedorDanas.com - Prijedorski gradski portal\" \/>\n<meta property=\"og:description\" content=\"Gradona\u010delnik Prijedora Dalibor Pavlovi\u0107 izjavio je da dolazi vrijeme mladosti, energije i odlu\u010dnosti i da je do\u0161lo vrijeme da grad vratimo gra\u0111anima. &#8220;Zato pozivam ljude dobre volje i jo\u0161 boljih [&hellip;]\" \/>\n<meta property=\"og:url\" content=\"https:\/\/www.prijedordanas.com\/?p=160456\" \/>\n<meta property=\"og:site_name\" content=\"PrijedorDanas.com - Prijedorski gradski portal\" \/>\n<meta property=\"article:publisher\" content=\"https:\/\/www.facebook.com\/PrijedorDanasCom\/\" \/>\n<meta property=\"article:published_time\" content=\"2020-12-31T08:23:49+00:00\" \/>\n<meta property=\"og:image\" content=\"https:\/\/www.prijedordanas.com\/wp-content\/uploads\/2020\/12\/skupstina-grada-30decembar-9-300x225.jpg\" \/>\n<meta name=\"author\" content=\"admin\" \/>\n<meta name=\"twitter:card\" content=\"summary_large_image\" \/>\n<meta name=\"twitter:label1\" content=\"Written by\" \/>\n\t<meta name=\"twitter:data1\" content=\"admin\" \/>\n\t<meta name=\"twitter:label2\" content=\"Est. reading time\" \/>\n\t<meta name=\"twitter:data2\" content=\"2 minutes\" \/>\n<script type=\"application\/ld+json\" class=\"yoast-schema-graph\">{\"@context\":\"https:\/\/schema.org\",\"@graph\":[{\"@type\":\"Article\",\"@id\":\"https:\/\/www.prijedordanas.com\/?p=160456#article\",\"isPartOf\":{\"@id\":\"https:\/\/www.prijedordanas.com\/?p=160456\"},\"author\":{\"name\":\"admin\",\"@id\":\"https:\/\/www.prijedordanas.com\/#\/schema\/person\/4e08ccf29b506ca916ff86d46bb700e6\"},\"headline\":\"Gradona\u010delnik Pavlovi\u0107: Dolazi vrijeme mladosti, energije i odlu\u010dnosti\",\"datePublished\":\"2020-12-31T08:23:49+00:00\",\"dateModified\":\"2020-12-31T08:23:49+00:00\",\"mainEntityOfPage\":{\"@id\":\"https:\/\/www.prijedordanas.com\/?p=160456\"},\"wordCount\":501,\"publisher\":{\"@id\":\"https:\/\/www.prijedordanas.com\/#organization\"},\"articleSection\":[\"Dru\u0161tvo\"],\"inLanguage\":\"en-US\"},{\"@type\":\"WebPage\",\"@id\":\"https:\/\/www.prijedordanas.com\/?p=160456\",\"url\":\"https:\/\/www.prijedordanas.com\/?p=160456\",\"name\":\"Gradona\u010delnik Pavlovi\u0107: Dolazi vrijeme mladosti, energije i odlu\u010dnosti - PrijedorDanas.com - Prijedorski gradski portal\",\"isPartOf\":{\"@id\":\"https:\/\/www.prijedordanas.com\/#website\"},\"datePublished\":\"2020-12-31T08:23:49+00:00\",\"dateModified\":\"2020-12-31T08:23:49+00:00\",\"breadcrumb\":{\"@id\":\"https:\/\/www.prijedordanas.com\/?p=160456#breadcrumb\"},\"inLanguage\":\"en-US\",\"potentialAction\":[{\"@type\":\"ReadAction\",\"target\":[\"https:\/\/www.prijedordanas.com\/?p=160456\"]}]},{\"@type\":\"BreadcrumbList\",\"@id\":\"https:\/\/www.prijedordanas.com\/?p=160456#breadcrumb\",\"itemListElement\":[{\"@type\":\"ListItem\",\"position\":1,\"name\":\"Home\",\"item\":\"https:\/\/www.prijedordanas.com\/\"},{\"@type\":\"ListItem\",\"position\":2,\"name\":\"Gradona\u010delnik Pavlovi\u0107: Dolazi vrijeme mladosti, energije i odlu\u010dnosti\"}]},{\"@type\":\"WebSite\",\"@id\":\"https:\/\/www.prijedordanas.com\/#website\",\"url\":\"https:\/\/www.prijedordanas.com\/\",\"name\":\"PrijedorDanas.com - Prijedorski gradski portal\",\"description\":\"Portal o doga\u0111anjima u gradu Prijedoru\",\"publisher\":{\"@id\":\"https:\/\/www.prijedordanas.com\/#organization\"},\"potentialAction\":[{\"@type\":\"SearchAction\",\"target\":{\"@type\":\"EntryPoint\",\"urlTemplate\":\"https:\/\/www.prijedordanas.com\/?s={search_term_string}\"},\"query-input\":\"required name=search_term_string\"}],\"inLanguage\":\"en-US\"},{\"@type\":\"Organization\",\"@id\":\"https:\/\/www.prijedordanas.com\/#organization\",\"name\":\"PrijedorDanas.com\",\"url\":\"https:\/\/www.prijedordanas.com\/\",\"logo\":{\"@type\":\"ImageObject\",\"inLanguage\":\"en-US\",\"@id\":\"https:\/\/www.prijedordanas.com\/#\/schema\/logo\/image\/\",\"url\":\"http:\/\/www.prijedordanas.com\/wp-content\/uploads\/2021\/12\/logopng.png\",\"contentUrl\":\"http:\/\/www.prijedordanas.com\/wp-content\/uploads\/2021\/12\/logopng.png\",\"width\":1019,\"height\":776,\"caption\":\"PrijedorDanas.com\"},\"image\":{\"@id\":\"https:\/\/www.prijedordanas.com\/#\/schema\/logo\/image\/\"},\"sameAs\":[\"https:\/\/www.facebook.com\/PrijedorDanasCom\/\"]},{\"@type\":\"Person\",\"@id\":\"https:\/\/www.prijedordanas.com\/#\/schema\/person\/4e08ccf29b506ca916ff86d46bb700e6\",\"name\":\"admin\",\"image\":{\"@type\":\"ImageObject\",\"inLanguage\":\"en-US\",\"@id\":\"https:\/\/www.prijedordanas.com\/#\/schema\/person\/image\/\",\"url\":\"https:\/\/secure.gravatar.com\/avatar\/1d3fc949d550f0b53a5f0d51e06dfd79?s=96&d=mm&r=g\",\"contentUrl\":\"https:\/\/secure.gravatar.com\/avatar\/1d3fc949d550f0b53a5f0d51e06dfd79?s=96&d=mm&r=g\",\"caption\":\"admin\"},\"url\":\"https:\/\/www.prijedordanas.com\/?author=1\"}]}<\/script>\n<!-- \/ Yoast SEO plugin. -->","yoast_head_json":{"title":"Gradona\u010delnik Pavlovi\u0107: Dolazi vrijeme mladosti, energije i odlu\u010dnosti - PrijedorDanas.com - Prijedorski gradski portal","robots":{"index":"index","follow":"follow","max-snippet":"max-snippet:-1","max-image-preview":"max-image-preview:large","max-video-preview":"max-video-preview:-1"},"canonical":"https:\/\/www.prijedordanas.com\/?p=160456","og_locale":"en_US","og_type":"article","og_title":"Gradona\u010delnik Pavlovi\u0107: Dolazi vrijeme mladosti, energije i odlu\u010dnosti - PrijedorDanas.com - Prijedorski gradski portal","og_description":"Gradona\u010delnik Prijedora Dalibor Pavlovi\u0107 izjavio je da dolazi vrijeme mladosti, energije i odlu\u010dnosti i da je do\u0161lo vrijeme da grad vratimo gra\u0111anima. &#8220;Zato pozivam ljude dobre volje i jo\u0161 boljih [&hellip;]","og_url":"https:\/\/www.prijedordanas.com\/?p=160456","og_site_name":"PrijedorDanas.com - Prijedorski gradski portal","article_publisher":"https:\/\/www.facebook.com\/PrijedorDanasCom\/","article_published_time":"2020-12-31T08:23:49+00:00","og_image":[{"url":"https:\/\/www.prijedordanas.com\/wp-content\/uploads\/2020\/12\/skupstina-grada-30decembar-9-300x225.jpg"}],"author":"admin","twitter_card":"summary_large_image","twitter_misc":{"Written by":"admin","Est. reading time":"2 minutes"},"schema":{"@context":"https:\/\/schema.org","@graph":[{"@type":"Article","@id":"https:\/\/www.prijedordanas.com\/?p=160456#article","isPartOf":{"@id":"https:\/\/www.prijedordanas.com\/?p=160456"},"author":{"name":"admin","@id":"https:\/\/www.prijedordanas.com\/#\/schema\/person\/4e08ccf29b506ca916ff86d46bb700e6"},"headline":"Gradona\u010delnik Pavlovi\u0107: Dolazi vrijeme mladosti, energije i odlu\u010dnosti","datePublished":"2020-12-31T08:23:49+00:00","dateModified":"2020-12-31T08:23:49+00:00","mainEntityOfPage":{"@id":"https:\/\/www.prijedordanas.com\/?p=160456"},"wordCount":501,"publisher":{"@id":"https:\/\/www.prijedordanas.com\/#organization"},"articleSection":["Dru\u0161tvo"],"inLanguage":"en-US"},{"@type":"WebPage","@id":"https:\/\/www.prijedordanas.com\/?p=160456","url":"https:\/\/www.prijedordanas.com\/?p=160456","name":"Gradona\u010delnik Pavlovi\u0107: Dolazi vrijeme mladosti, energije i odlu\u010dnosti - PrijedorDanas.com - Prijedorski gradski portal","isPartOf":{"@id":"https:\/\/www.prijedordanas.com\/#website"},"datePublished":"2020-12-31T08:23:49+00:00","dateModified":"2020-12-31T08:23:49+00:00","breadcrumb":{"@id":"https:\/\/www.prijedordanas.com\/?p=160456#breadcrumb"},"inLanguage":"en-US","potentialAction":[{"@type":"ReadAction","target":["https:\/\/www.prijedordanas.com\/?p=160456"]}]},{"@type":"BreadcrumbList","@id":"https:\/\/www.prijedordanas.com\/?p=160456#breadcrumb","itemListElement":[{"@type":"ListItem","position":1,"name":"Home","item":"https:\/\/www.prijedordanas.com\/"},{"@type":"ListItem","position":2,"name":"Gradona\u010delnik Pavlovi\u0107: Dolazi vrijeme mladosti, energije i odlu\u010dnosti"}]},{"@type":"WebSite","@id":"https:\/\/www.prijedordanas.com\/#website","url":"https:\/\/www.prijedordanas.com\/","name":"PrijedorDanas.com - Prijedorski gradski portal","description":"Portal o doga\u0111anjima u gradu Prijedoru","publisher":{"@id":"https:\/\/www.prijedordanas.com\/#organization"},"potentialAction":[{"@type":"SearchAction","target":{"@type":"EntryPoint","urlTemplate":"https:\/\/www.prijedordanas.com\/?s={search_term_string}"},"query-input":"required name=search_term_string"}],"inLanguage":"en-US"},{"@type":"Organization","@id":"https:\/\/www.prijedordanas.com\/#organization","name":"PrijedorDanas.com","url":"https:\/\/www.prijedordanas.com\/","logo":{"@type":"ImageObject","inLanguage":"en-US","@id":"https:\/\/www.prijedordanas.com\/#\/schema\/logo\/image\/","url":"http:\/\/www.prijedordanas.com\/wp-content\/uploads\/2021\/12\/logopng.png","contentUrl":"http:\/\/www.prijedordanas.com\/wp-content\/uploads\/2021\/12\/logopng.png","width":1019,"height":776,"caption":"PrijedorDanas.com"},"image":{"@id":"https:\/\/www.prijedordanas.com\/#\/schema\/logo\/image\/"},"sameAs":["https:\/\/www.facebook.com\/PrijedorDanasCom\/"]},{"@type":"Person","@id":"https:\/\/www.prijedordanas.com\/#\/schema\/person\/4e08ccf29b506ca916ff86d46bb700e6","name":"admin","image":{"@type":"ImageObject","inLanguage":"en-US","@id":"https:\/\/www.prijedordanas.com\/#\/schema\/person\/image\/","url":"https:\/\/secure.gravatar.com\/avatar\/1d3fc949d550f0b53a5f0d51e06dfd79?s=96&d=mm&r=g","contentUrl":"https:\/\/secure.gravatar.com\/avatar\/1d3fc949d550f0b53a5f0d51e06dfd79?s=96&d=mm&r=g","caption":"admin"},"url":"https:\/\/www.prijedordanas.com\/?author=1"}]}},"_links":{"self":[{"href":"https:\/\/www.prijedordanas.com\/index.php?rest_route=\/wp\/v2\/posts\/160456"}],"collection":[{"href":"https:\/\/www.prijedordanas.com\/index.php?rest_route=\/wp\/v2\/posts"}],"about":[{"href":"https:\/\/www.prijedordanas.com\/index.php?rest_route=\/wp\/v2\/types\/post"}],"author":[{"embeddable":true,"href":"https:\/\/www.prijedordanas.com\/index.php?rest_route=\/wp\/v2\/users\/1"}],"replies":[{"embeddable":true,"href":"https:\/\/www.prijedordanas.com\/index.php?rest_route=%2Fwp%2Fv2%2Fcomments&post=160456"}],"version-history":[{"count":1,"href":"https:\/\/www.prijedordanas.com\/index.php?rest_route=\/wp\/v2\/posts\/160456\/revisions"}],"predecessor-version":[{"id":160463,"href":"https:\/\/www.prijedordanas.com\/index.php?rest_route=\/wp\/v2\/posts\/160456\/revisions\/160463"}],"wp:attachment":[{"href":"https:\/\/www.prijedordanas.com\/index.php?rest_route=%2Fwp%2Fv2%2Fmedia&parent=160456"}],"wp:term":[{"taxonomy":"category","embeddable":true,"href":"https:\/\/www.prijedordanas.com\/index.php?rest_route=%2Fwp%2Fv2%2Fcategories&post=160456"},{"taxonomy":"post_tag","embeddable":true,"href":"https:\/\/www.prijedordanas.com\/index.php?rest_route=%2Fwp%2Fv2%2Ftags&post=160456"}],"curies":[{"name":"wp","href":"https:\/\/api.w.org\/{rel}","templated":true}]}}