{"id":160415,"date":"2020-12-30T20:05:10","date_gmt":"2020-12-30T19:05:10","guid":{"rendered":"https:\/\/www.prijedordanas.com\/?p=160415"},"modified":"2020-12-30T20:06:58","modified_gmt":"2020-12-30T19:06:58","slug":"skupstina-grada-prijedora-konstituisan-novi-saziv-gradskog-parlamenta-foto","status":"publish","type":"post","link":"https:\/\/www.prijedordanas.com\/?p=160415","title":{"rendered":"Skup\u0161tina grada Prijedora: Konstituisan novi saziv gradskog parlamenta &#8211; FOTO"},"content":{"rendered":"<p><a href=\"https:\/\/www.prijedordanas.com\/wp-content\/uploads\/2020\/12\/skupstina-grada-30decembar-7.jpg\"><img loading=\"lazy\" decoding=\"async\" class=\"alignleft size-medium wp-image-160424\" src=\"https:\/\/www.prijedordanas.com\/wp-content\/uploads\/2020\/12\/skupstina-grada-30decembar-7-300x225.jpg\" alt=\"\" width=\"300\" height=\"225\" srcset=\"https:\/\/www.prijedordanas.com\/wp-content\/uploads\/2020\/12\/skupstina-grada-30decembar-7-300x225.jpg 300w, https:\/\/www.prijedordanas.com\/wp-content\/uploads\/2020\/12\/skupstina-grada-30decembar-7-640x480.jpg 640w, https:\/\/www.prijedordanas.com\/wp-content\/uploads\/2020\/12\/skupstina-grada-30decembar-7.jpg 667w\" sizes=\"(max-width: 300px) 100vw, 300px\" \/><\/a>U Prijedoru je danas konstituisan novi saziv Skup\u0161tine grada, a za predsjednika lokalnog parlamenta izabran je Mirsad Duratovi\u0107 iz DF-a.<\/p>\n<p>Za zamjenika predsjednika Skup\u0161tine grada izabran je Igor Kneginji\u0107 iz SP-a, za vr\u0161ioca du\u017enosti sekretara Skup\u0161tine \u017deljko \u0160kondri\u0107, a za zamjenika gradona\u010delnika \u017darko Kova\u010devi\u0107 iz Ujedinjene Srpske.<\/p>\n<p>Odbornici su danas, na prijedlog gradona\u010delnika, imenovali na period do 90 dana vr\u0161ioce du\u017enosti na\u010delnika odjeljenja Gradske uprave.<\/p>\n<p>Na \u010delu odjeljenja za op\u0161tu upravu je Jasminka Murselovi\u0107, za finansije Maja Kuni\u0107, za privredu i poljoprivredu Rade Rosi\u0107, za dru\u0161tvene djelatnosti Monja Kasalovi\u0107, za prostorno ure\u0111enje Danijel Zrni\u0107, a za bora\u010dko-invalidsku za\u0161titu Ranko Kolar.<\/p>\n<p><a href=\"https:\/\/www.prijedordanas.com\/wp-content\/uploads\/2020\/12\/skupstina-grada-30decembar-21.jpg\"><img loading=\"lazy\" decoding=\"async\" class=\"alignleft size-medium wp-image-160432\" src=\"https:\/\/www.prijedordanas.com\/wp-content\/uploads\/2020\/12\/skupstina-grada-30decembar-21-300x200.jpg\" alt=\"\" width=\"300\" height=\"200\" srcset=\"https:\/\/www.prijedordanas.com\/wp-content\/uploads\/2020\/12\/skupstina-grada-30decembar-21-300x200.jpg 300w, https:\/\/www.prijedordanas.com\/wp-content\/uploads\/2020\/12\/skupstina-grada-30decembar-21-480x320.jpg 480w, https:\/\/www.prijedordanas.com\/wp-content\/uploads\/2020\/12\/skupstina-grada-30decembar-21.jpg 600w\" sizes=\"(max-width: 300px) 100vw, 300px\" \/><\/a>Pavlovi\u0107 je rekao da \u0107e vr\u0161ioca du\u017enosti na\u010delnika Odjeljenja sa saobra\u0107aj, komunalne poslove, za\u0161titu \u017eivotne sredine i imovinsko-pravne odnose predlo\u017eiti na narednoj sjednici jer do sada nije obavio uvid u stanje u tom odjeljenju.<\/p>\n<p>&#8220;Do tada \u0107u ovo odjeljenje voditi ja&#8221;, dodao je Pavlovi\u0107.<\/p>\n<p>Formirana je Komisija za izbor i imenovanje na \u010dijem \u010delu je Du\u0161ko Mileti\u0107 \/SPS\/, njegov zamjenik je Azra Pa\u0161ali\u0107 \/PDA\/, a \u010dlanovi Goran Velaula \/SNSD\/, Igor Javori\u0107 \/DNS\/ i Nenad Mejaki\u0107 \/US\/.<\/p>\n<p><a href=\"https:\/\/www.prijedordanas.com\/wp-content\/uploads\/2020\/12\/skupstina-grada-30decembar-8.jpg\"><img loading=\"lazy\" decoding=\"async\" class=\"alignleft size-medium wp-image-160426\" src=\"https:\/\/www.prijedordanas.com\/wp-content\/uploads\/2020\/12\/skupstina-grada-30decembar-8-300x225.jpg\" alt=\"\" width=\"300\" height=\"225\" srcset=\"https:\/\/www.prijedordanas.com\/wp-content\/uploads\/2020\/12\/skupstina-grada-30decembar-8-300x225.jpg 300w, https:\/\/www.prijedordanas.com\/wp-content\/uploads\/2020\/12\/skupstina-grada-30decembar-8-640x480.jpg 640w, https:\/\/www.prijedordanas.com\/wp-content\/uploads\/2020\/12\/skupstina-grada-30decembar-8.jpg 667w\" sizes=\"(max-width: 300px) 100vw, 300px\" \/><\/a>Po\u010detku sjednice prisustvovalo je 30 novoizabranih odbornika, budu\u0107i da Milan Tubin iz SDS-a nije prihvatio mandat u lokalnom parlamentu, koji je nespojiv sa mandatom narodnog poslanika koji obna\u0161a od 2018. godine u Narodnoj skup\u0161tini Republike Srpske.<\/p>\n<p>Nakon izbora predsjedniika Skup\u0161tine grada Prijedora, sjednicu su, bez obrazlo\u017eenja, napustili i odbornici Zlatko Ritan, nezavisni odbornik koji je mandat osvojio na listi DNS-a, i Slavica Popovi\u0107 iz DNS-a, dok je odbornik DNS-a Goran Predojevi\u0107 oti\u0161ao nakon izbora potpredsjednika Skup\u0161tine grada, obrazla\u017eu\u0107i to obavezama de\u017eurstva na svom radnom mjestu u prijedorskoj Bolnici.<\/p>\n<p>Oformljena su do sada tri kluba odbornika &#8211; SNSD-a, DNS-a i klub koji \u010dine odbornici US-a i SP-a.<\/p>\n<p>SRNA<\/p>\n<p><a href=\"https:\/\/www.prijedordanas.com\/wp-content\/uploads\/2020\/12\/skupstina-grada-30decembar-18.jpg\"><img loading=\"lazy\" decoding=\"async\" class=\"alignleft size-medium wp-image-160425\" src=\"https:\/\/www.prijedordanas.com\/wp-content\/uploads\/2020\/12\/skupstina-grada-30decembar-18-300x200.jpg\" alt=\"\" width=\"300\" height=\"200\" srcset=\"https:\/\/www.prijedordanas.com\/wp-content\/uploads\/2020\/12\/skupstina-grada-30decembar-18-300x200.jpg 300w, https:\/\/www.prijedordanas.com\/wp-content\/uploads\/2020\/12\/skupstina-grada-30decembar-18-480x320.jpg 480w, https:\/\/www.prijedordanas.com\/wp-content\/uploads\/2020\/12\/skupstina-grada-30decembar-18.jpg 600w\" sizes=\"(max-width: 300px) 100vw, 300px\" \/><\/a> <a href=\"https:\/\/www.prijedordanas.com\/wp-content\/uploads\/2020\/12\/skupstina-grada-30decembar-19.jpg\"><img loading=\"lazy\" decoding=\"async\" class=\"alignleft size-medium wp-image-160427\" src=\"https:\/\/www.prijedordanas.com\/wp-content\/uploads\/2020\/12\/skupstina-grada-30decembar-19-300x200.jpg\" alt=\"\" width=\"300\" height=\"200\" srcset=\"https:\/\/www.prijedordanas.com\/wp-content\/uploads\/2020\/12\/skupstina-grada-30decembar-19-300x200.jpg 300w, https:\/\/www.prijedordanas.com\/wp-content\/uploads\/2020\/12\/skupstina-grada-30decembar-19-480x320.jpg 480w, https:\/\/www.prijedordanas.com\/wp-content\/uploads\/2020\/12\/skupstina-grada-30decembar-19.jpg 600w\" sizes=\"(max-width: 300px) 100vw, 300px\" \/><\/a> <a href=\"https:\/\/www.prijedordanas.com\/wp-content\/uploads\/2020\/12\/skupstina-grada-30decembar-20.jpg\"><img loading=\"lazy\" decoding=\"async\" class=\"alignleft size-medium wp-image-160428\" src=\"https:\/\/www.prijedordanas.com\/wp-content\/uploads\/2020\/12\/skupstina-grada-30decembar-20-300x200.jpg\" alt=\"\" width=\"300\" height=\"200\" srcset=\"https:\/\/www.prijedordanas.com\/wp-content\/uploads\/2020\/12\/skupstina-grada-30decembar-20-300x200.jpg 300w, https:\/\/www.prijedordanas.com\/wp-content\/uploads\/2020\/12\/skupstina-grada-30decembar-20-480x320.jpg 480w, https:\/\/www.prijedordanas.com\/wp-content\/uploads\/2020\/12\/skupstina-grada-30decembar-20.jpg 600w\" sizes=\"(max-width: 300px) 100vw, 300px\" \/><\/a> <a href=\"https:\/\/www.prijedordanas.com\/wp-content\/uploads\/2020\/12\/skupstina-grada-30decembar-11.jpg\"><img loading=\"lazy\" decoding=\"async\" class=\"alignleft size-medium wp-image-160429\" src=\"https:\/\/www.prijedordanas.com\/wp-content\/uploads\/2020\/12\/skupstina-grada-30decembar-11-300x225.jpg\" alt=\"\" width=\"300\" height=\"225\" srcset=\"https:\/\/www.prijedordanas.com\/wp-content\/uploads\/2020\/12\/skupstina-grada-30decembar-11-300x225.jpg 300w, https:\/\/www.prijedordanas.com\/wp-content\/uploads\/2020\/12\/skupstina-grada-30decembar-11-640x480.jpg 640w, https:\/\/www.prijedordanas.com\/wp-content\/uploads\/2020\/12\/skupstina-grada-30decembar-11.jpg 667w\" sizes=\"(max-width: 300px) 100vw, 300px\" \/><\/a> <a href=\"https:\/\/www.prijedordanas.com\/wp-content\/uploads\/2020\/12\/skupstina-grada-30decembar-14.jpg\"><img loading=\"lazy\" decoding=\"async\" class=\"alignleft size-medium wp-image-160430\" src=\"https:\/\/www.prijedordanas.com\/wp-content\/uploads\/2020\/12\/skupstina-grada-30decembar-14-300x225.jpg\" alt=\"\" width=\"300\" height=\"225\" srcset=\"https:\/\/www.prijedordanas.com\/wp-content\/uploads\/2020\/12\/skupstina-grada-30decembar-14-300x225.jpg 300w, https:\/\/www.prijedordanas.com\/wp-content\/uploads\/2020\/12\/skupstina-grada-30decembar-14-640x480.jpg 640w, https:\/\/www.prijedordanas.com\/wp-content\/uploads\/2020\/12\/skupstina-grada-30decembar-14.jpg 667w\" sizes=\"(max-width: 300px) 100vw, 300px\" \/><\/a> <a href=\"https:\/\/www.prijedordanas.com\/wp-content\/uploads\/2020\/12\/skupstina-grada-30decembar-13.jpg\"><img loading=\"lazy\" decoding=\"async\" class=\"alignleft size-medium wp-image-160433\" src=\"https:\/\/www.prijedordanas.com\/wp-content\/uploads\/2020\/12\/skupstina-grada-30decembar-13-300x225.jpg\" alt=\"\" width=\"300\" height=\"225\" srcset=\"https:\/\/www.prijedordanas.com\/wp-content\/uploads\/2020\/12\/skupstina-grada-30decembar-13-300x225.jpg 300w, https:\/\/www.prijedordanas.com\/wp-content\/uploads\/2020\/12\/skupstina-grada-30decembar-13-640x480.jpg 640w, https:\/\/www.prijedordanas.com\/wp-content\/uploads\/2020\/12\/skupstina-grada-30decembar-13.jpg 667w\" sizes=\"(max-width: 300px) 100vw, 300px\" \/><\/a> <a href=\"https:\/\/www.prijedordanas.com\/wp-content\/uploads\/2020\/12\/skupstina-grada-30decembar-22.jpg\"><img loading=\"lazy\" decoding=\"async\" class=\"alignleft size-medium wp-image-160431\" src=\"https:\/\/www.prijedordanas.com\/wp-content\/uploads\/2020\/12\/skupstina-grada-30decembar-22-300x200.jpg\" alt=\"\" width=\"300\" height=\"200\" srcset=\"https:\/\/www.prijedordanas.com\/wp-content\/uploads\/2020\/12\/skupstina-grada-30decembar-22-300x200.jpg 300w, https:\/\/www.prijedordanas.com\/wp-content\/uploads\/2020\/12\/skupstina-grada-30decembar-22-480x320.jpg 480w, https:\/\/www.prijedordanas.com\/wp-content\/uploads\/2020\/12\/skupstina-grada-30decembar-22.jpg 600w\" sizes=\"(max-width: 300px) 100vw, 300px\" \/><\/a> <a href=\"https:\/\/www.prijedordanas.com\/wp-content\/uploads\/2020\/12\/skupstina-grada-30decembar-15.jpg\"><img loading=\"lazy\" decoding=\"async\" class=\"alignleft size-medium wp-image-160434\" src=\"https:\/\/www.prijedordanas.com\/wp-content\/uploads\/2020\/12\/skupstina-grada-30decembar-15-300x200.jpg\" alt=\"\" width=\"300\" height=\"200\" srcset=\"https:\/\/www.prijedordanas.com\/wp-content\/uploads\/2020\/12\/skupstina-grada-30decembar-15-300x200.jpg 300w, https:\/\/www.prijedordanas.com\/wp-content\/uploads\/2020\/12\/skupstina-grada-30decembar-15-480x320.jpg 480w, https:\/\/www.prijedordanas.com\/wp-content\/uploads\/2020\/12\/skupstina-grada-30decembar-15.jpg 600w\" sizes=\"(max-width: 300px) 100vw, 300px\" \/><\/a> <a href=\"https:\/\/www.prijedordanas.com\/wp-content\/uploads\/2020\/12\/skupstina-grada-30decembar-23.jpg\"><img loading=\"lazy\" decoding=\"async\" src=\"https:\/\/www.prijedordanas.com\/wp-content\/uploads\/2020\/12\/skupstina-grada-30decembar-23-300x200.jpg\" alt=\"\" width=\"300\" height=\"200\" class=\"alignleft size-medium wp-image-160436\" srcset=\"https:\/\/www.prijedordanas.com\/wp-content\/uploads\/2020\/12\/skupstina-grada-30decembar-23-300x200.jpg 300w, https:\/\/www.prijedordanas.com\/wp-content\/uploads\/2020\/12\/skupstina-grada-30decembar-23-480x320.jpg 480w, https:\/\/www.prijedordanas.com\/wp-content\/uploads\/2020\/12\/skupstina-grada-30decembar-23.jpg 600w\" sizes=\"(max-width: 300px) 100vw, 300px\" \/><\/a> <\/p>\n","protected":false},"excerpt":{"rendered":"<p>U Prijedoru je danas konstituisan novi saziv Skup\u0161tine grada, a za predsjednika lokalnog parlamenta izabran je Mirsad Duratovi\u0107 iz DF-a. Za zamjenika predsjednika Skup\u0161tine grada izabran je Igor Kneginji\u0107 iz [&hellip;]<\/p>\n","protected":false},"author":1,"featured_media":0,"comment_status":"closed","ping_status":"open","sticky":false,"template":"","format":"standard","meta":{"_monsterinsights_skip_tracking":false,"_monsterinsights_sitenote_active":false,"_monsterinsights_sitenote_note":"","_monsterinsights_sitenote_category":0,"footnotes":""},"categories":[4],"tags":[],"yoast_head":"<!-- This site is optimized with the Yoast SEO plugin v21.6 - https:\/\/yoast.com\/wordpress\/plugins\/seo\/ -->\n<title>Skup\u0161tina grada Prijedora: Konstituisan novi saziv gradskog parlamenta - FOTO - PrijedorDanas.com - Prijedorski gradski portal<\/title>\n<meta name=\"robots\" content=\"index, follow, max-snippet:-1, max-image-preview:large, max-video-preview:-1\" \/>\n<link rel=\"canonical\" href=\"https:\/\/www.prijedordanas.com\/?p=160415\" \/>\n<meta property=\"og:locale\" content=\"en_US\" \/>\n<meta property=\"og:type\" content=\"article\" \/>\n<meta property=\"og:title\" content=\"Skup\u0161tina grada Prijedora: Konstituisan novi saziv gradskog parlamenta - FOTO - PrijedorDanas.com - Prijedorski gradski portal\" \/>\n<meta property=\"og:description\" content=\"U Prijedoru je danas konstituisan novi saziv Skup\u0161tine grada, a za predsjednika lokalnog parlamenta izabran je Mirsad Duratovi\u0107 iz DF-a. Za zamjenika predsjednika Skup\u0161tine grada izabran je Igor Kneginji\u0107 iz [&hellip;]\" \/>\n<meta property=\"og:url\" content=\"https:\/\/www.prijedordanas.com\/?p=160415\" \/>\n<meta property=\"og:site_name\" content=\"PrijedorDanas.com - Prijedorski gradski portal\" \/>\n<meta property=\"article:publisher\" content=\"https:\/\/www.facebook.com\/PrijedorDanasCom\/\" \/>\n<meta property=\"article:published_time\" content=\"2020-12-30T19:05:10+00:00\" \/>\n<meta property=\"article:modified_time\" content=\"2020-12-30T19:06:58+00:00\" \/>\n<meta property=\"og:image\" content=\"https:\/\/www.prijedordanas.com\/wp-content\/uploads\/2020\/12\/skupstina-grada-30decembar-7-300x225.jpg\" \/>\n<meta name=\"author\" content=\"admin\" \/>\n<meta name=\"twitter:card\" content=\"summary_large_image\" \/>\n<meta name=\"twitter:label1\" content=\"Written by\" \/>\n\t<meta name=\"twitter:data1\" content=\"admin\" \/>\n\t<meta name=\"twitter:label2\" content=\"Est. reading time\" \/>\n\t<meta name=\"twitter:data2\" content=\"2 minutes\" \/>\n<script type=\"application\/ld+json\" class=\"yoast-schema-graph\">{\"@context\":\"https:\/\/schema.org\",\"@graph\":[{\"@type\":\"Article\",\"@id\":\"https:\/\/www.prijedordanas.com\/?p=160415#article\",\"isPartOf\":{\"@id\":\"https:\/\/www.prijedordanas.com\/?p=160415\"},\"author\":{\"name\":\"admin\",\"@id\":\"https:\/\/www.prijedordanas.com\/#\/schema\/person\/4e08ccf29b506ca916ff86d46bb700e6\"},\"headline\":\"Skup\u0161tina grada Prijedora: Konstituisan novi saziv gradskog parlamenta &#8211; FOTO\",\"datePublished\":\"2020-12-30T19:05:10+00:00\",\"dateModified\":\"2020-12-30T19:06:58+00:00\",\"mainEntityOfPage\":{\"@id\":\"https:\/\/www.prijedordanas.com\/?p=160415\"},\"wordCount\":326,\"publisher\":{\"@id\":\"https:\/\/www.prijedordanas.com\/#organization\"},\"articleSection\":[\"Dru\u0161tvo\"],\"inLanguage\":\"en-US\"},{\"@type\":\"WebPage\",\"@id\":\"https:\/\/www.prijedordanas.com\/?p=160415\",\"url\":\"https:\/\/www.prijedordanas.com\/?p=160415\",\"name\":\"Skup\u0161tina grada Prijedora: Konstituisan novi saziv gradskog parlamenta - FOTO - PrijedorDanas.com - Prijedorski gradski portal\",\"isPartOf\":{\"@id\":\"https:\/\/www.prijedordanas.com\/#website\"},\"datePublished\":\"2020-12-30T19:05:10+00:00\",\"dateModified\":\"2020-12-30T19:06:58+00:00\",\"breadcrumb\":{\"@id\":\"https:\/\/www.prijedordanas.com\/?p=160415#breadcrumb\"},\"inLanguage\":\"en-US\",\"potentialAction\":[{\"@type\":\"ReadAction\",\"target\":[\"https:\/\/www.prijedordanas.com\/?p=160415\"]}]},{\"@type\":\"BreadcrumbList\",\"@id\":\"https:\/\/www.prijedordanas.com\/?p=160415#breadcrumb\",\"itemListElement\":[{\"@type\":\"ListItem\",\"position\":1,\"name\":\"Home\",\"item\":\"https:\/\/www.prijedordanas.com\/\"},{\"@type\":\"ListItem\",\"position\":2,\"name\":\"Skup\u0161tina grada Prijedora: Konstituisan novi saziv gradskog parlamenta &#8211; FOTO\"}]},{\"@type\":\"WebSite\",\"@id\":\"https:\/\/www.prijedordanas.com\/#website\",\"url\":\"https:\/\/www.prijedordanas.com\/\",\"name\":\"PrijedorDanas.com - Prijedorski gradski portal\",\"description\":\"Portal o doga\u0111anjima u gradu Prijedoru\",\"publisher\":{\"@id\":\"https:\/\/www.prijedordanas.com\/#organization\"},\"potentialAction\":[{\"@type\":\"SearchAction\",\"target\":{\"@type\":\"EntryPoint\",\"urlTemplate\":\"https:\/\/www.prijedordanas.com\/?s={search_term_string}\"},\"query-input\":\"required name=search_term_string\"}],\"inLanguage\":\"en-US\"},{\"@type\":\"Organization\",\"@id\":\"https:\/\/www.prijedordanas.com\/#organization\",\"name\":\"PrijedorDanas.com\",\"url\":\"https:\/\/www.prijedordanas.com\/\",\"logo\":{\"@type\":\"ImageObject\",\"inLanguage\":\"en-US\",\"@id\":\"https:\/\/www.prijedordanas.com\/#\/schema\/logo\/image\/\",\"url\":\"http:\/\/www.prijedordanas.com\/wp-content\/uploads\/2021\/12\/logopng.png\",\"contentUrl\":\"http:\/\/www.prijedordanas.com\/wp-content\/uploads\/2021\/12\/logopng.png\",\"width\":1019,\"height\":776,\"caption\":\"PrijedorDanas.com\"},\"image\":{\"@id\":\"https:\/\/www.prijedordanas.com\/#\/schema\/logo\/image\/\"},\"sameAs\":[\"https:\/\/www.facebook.com\/PrijedorDanasCom\/\"]},{\"@type\":\"Person\",\"@id\":\"https:\/\/www.prijedordanas.com\/#\/schema\/person\/4e08ccf29b506ca916ff86d46bb700e6\",\"name\":\"admin\",\"image\":{\"@type\":\"ImageObject\",\"inLanguage\":\"en-US\",\"@id\":\"https:\/\/www.prijedordanas.com\/#\/schema\/person\/image\/\",\"url\":\"https:\/\/secure.gravatar.com\/avatar\/1d3fc949d550f0b53a5f0d51e06dfd79?s=96&d=mm&r=g\",\"contentUrl\":\"https:\/\/secure.gravatar.com\/avatar\/1d3fc949d550f0b53a5f0d51e06dfd79?s=96&d=mm&r=g\",\"caption\":\"admin\"},\"url\":\"https:\/\/www.prijedordanas.com\/?author=1\"}]}<\/script>\n<!-- \/ Yoast SEO plugin. -->","yoast_head_json":{"title":"Skup\u0161tina grada Prijedora: Konstituisan novi saziv gradskog parlamenta - FOTO - PrijedorDanas.com - Prijedorski gradski portal","robots":{"index":"index","follow":"follow","max-snippet":"max-snippet:-1","max-image-preview":"max-image-preview:large","max-video-preview":"max-video-preview:-1"},"canonical":"https:\/\/www.prijedordanas.com\/?p=160415","og_locale":"en_US","og_type":"article","og_title":"Skup\u0161tina grada Prijedora: Konstituisan novi saziv gradskog parlamenta - FOTO - PrijedorDanas.com - Prijedorski gradski portal","og_description":"U Prijedoru je danas konstituisan novi saziv Skup\u0161tine grada, a za predsjednika lokalnog parlamenta izabran je Mirsad Duratovi\u0107 iz DF-a. Za zamjenika predsjednika Skup\u0161tine grada izabran je Igor Kneginji\u0107 iz [&hellip;]","og_url":"https:\/\/www.prijedordanas.com\/?p=160415","og_site_name":"PrijedorDanas.com - Prijedorski gradski portal","article_publisher":"https:\/\/www.facebook.com\/PrijedorDanasCom\/","article_published_time":"2020-12-30T19:05:10+00:00","article_modified_time":"2020-12-30T19:06:58+00:00","og_image":[{"url":"https:\/\/www.prijedordanas.com\/wp-content\/uploads\/2020\/12\/skupstina-grada-30decembar-7-300x225.jpg"}],"author":"admin","twitter_card":"summary_large_image","twitter_misc":{"Written by":"admin","Est. reading time":"2 minutes"},"schema":{"@context":"https:\/\/schema.org","@graph":[{"@type":"Article","@id":"https:\/\/www.prijedordanas.com\/?p=160415#article","isPartOf":{"@id":"https:\/\/www.prijedordanas.com\/?p=160415"},"author":{"name":"admin","@id":"https:\/\/www.prijedordanas.com\/#\/schema\/person\/4e08ccf29b506ca916ff86d46bb700e6"},"headline":"Skup\u0161tina grada Prijedora: Konstituisan novi saziv gradskog parlamenta &#8211; FOTO","datePublished":"2020-12-30T19:05:10+00:00","dateModified":"2020-12-30T19:06:58+00:00","mainEntityOfPage":{"@id":"https:\/\/www.prijedordanas.com\/?p=160415"},"wordCount":326,"publisher":{"@id":"https:\/\/www.prijedordanas.com\/#organization"},"articleSection":["Dru\u0161tvo"],"inLanguage":"en-US"},{"@type":"WebPage","@id":"https:\/\/www.prijedordanas.com\/?p=160415","url":"https:\/\/www.prijedordanas.com\/?p=160415","name":"Skup\u0161tina grada Prijedora: Konstituisan novi saziv gradskog parlamenta - FOTO - PrijedorDanas.com - Prijedorski gradski portal","isPartOf":{"@id":"https:\/\/www.prijedordanas.com\/#website"},"datePublished":"2020-12-30T19:05:10+00:00","dateModified":"2020-12-30T19:06:58+00:00","breadcrumb":{"@id":"https:\/\/www.prijedordanas.com\/?p=160415#breadcrumb"},"inLanguage":"en-US","potentialAction":[{"@type":"ReadAction","target":["https:\/\/www.prijedordanas.com\/?p=160415"]}]},{"@type":"BreadcrumbList","@id":"https:\/\/www.prijedordanas.com\/?p=160415#breadcrumb","itemListElement":[{"@type":"ListItem","position":1,"name":"Home","item":"https:\/\/www.prijedordanas.com\/"},{"@type":"ListItem","position":2,"name":"Skup\u0161tina grada Prijedora: Konstituisan novi saziv gradskog parlamenta &#8211; FOTO"}]},{"@type":"WebSite","@id":"https:\/\/www.prijedordanas.com\/#website","url":"https:\/\/www.prijedordanas.com\/","name":"PrijedorDanas.com - Prijedorski gradski portal","description":"Portal o doga\u0111anjima u gradu Prijedoru","publisher":{"@id":"https:\/\/www.prijedordanas.com\/#organization"},"potentialAction":[{"@type":"SearchAction","target":{"@type":"EntryPoint","urlTemplate":"https:\/\/www.prijedordanas.com\/?s={search_term_string}"},"query-input":"required name=search_term_string"}],"inLanguage":"en-US"},{"@type":"Organization","@id":"https:\/\/www.prijedordanas.com\/#organization","name":"PrijedorDanas.com","url":"https:\/\/www.prijedordanas.com\/","logo":{"@type":"ImageObject","inLanguage":"en-US","@id":"https:\/\/www.prijedordanas.com\/#\/schema\/logo\/image\/","url":"http:\/\/www.prijedordanas.com\/wp-content\/uploads\/2021\/12\/logopng.png","contentUrl":"http:\/\/www.prijedordanas.com\/wp-content\/uploads\/2021\/12\/logopng.png","width":1019,"height":776,"caption":"PrijedorDanas.com"},"image":{"@id":"https:\/\/www.prijedordanas.com\/#\/schema\/logo\/image\/"},"sameAs":["https:\/\/www.facebook.com\/PrijedorDanasCom\/"]},{"@type":"Person","@id":"https:\/\/www.prijedordanas.com\/#\/schema\/person\/4e08ccf29b506ca916ff86d46bb700e6","name":"admin","image":{"@type":"ImageObject","inLanguage":"en-US","@id":"https:\/\/www.prijedordanas.com\/#\/schema\/person\/image\/","url":"https:\/\/secure.gravatar.com\/avatar\/1d3fc949d550f0b53a5f0d51e06dfd79?s=96&d=mm&r=g","contentUrl":"https:\/\/secure.gravatar.com\/avatar\/1d3fc949d550f0b53a5f0d51e06dfd79?s=96&d=mm&r=g","caption":"admin"},"url":"https:\/\/www.prijedordanas.com\/?author=1"}]}},"_links":{"self":[{"href":"https:\/\/www.prijedordanas.com\/index.php?rest_route=\/wp\/v2\/posts\/160415"}],"collection":[{"href":"https:\/\/www.prijedordanas.com\/index.php?rest_route=\/wp\/v2\/posts"}],"about":[{"href":"https:\/\/www.prijedordanas.com\/index.php?rest_route=\/wp\/v2\/types\/post"}],"author":[{"embeddable":true,"href":"https:\/\/www.prijedordanas.com\/index.php?rest_route=\/wp\/v2\/users\/1"}],"replies":[{"embeddable":true,"href":"https:\/\/www.prijedordanas.com\/index.php?rest_route=%2Fwp%2Fv2%2Fcomments&post=160415"}],"version-history":[{"count":4,"href":"https:\/\/www.prijedordanas.com\/index.php?rest_route=\/wp\/v2\/posts\/160415\/revisions"}],"predecessor-version":[{"id":160438,"href":"https:\/\/www.prijedordanas.com\/index.php?rest_route=\/wp\/v2\/posts\/160415\/revisions\/160438"}],"wp:attachment":[{"href":"https:\/\/www.prijedordanas.com\/index.php?rest_route=%2Fwp%2Fv2%2Fmedia&parent=160415"}],"wp:term":[{"taxonomy":"category","embeddable":true,"href":"https:\/\/www.prijedordanas.com\/index.php?rest_route=%2Fwp%2Fv2%2Fcategories&post=160415"},{"taxonomy":"post_tag","embeddable":true,"href":"https:\/\/www.prijedordanas.com\/index.php?rest_route=%2Fwp%2Fv2%2Ftags&post=160415"}],"curies":[{"name":"wp","href":"https:\/\/api.w.org\/{rel}","templated":true}]}}