{"id":160383,"date":"2020-12-30T09:44:00","date_gmt":"2020-12-30T08:44:00","guid":{"rendered":"https:\/\/www.prijedordanas.com\/?p=160383"},"modified":"2020-12-30T09:45:31","modified_gmt":"2020-12-30T08:45:31","slug":"danas-konstitutivna-sjednica-lokalnog-parlamenta-mandata-se-odrekao-jedan-izabrani-odbornik","status":"publish","type":"post","link":"https:\/\/www.prijedordanas.com\/?p=160383","title":{"rendered":"Danas konstitutivna sjednica lokalnog parlamenta: Mandata se odrekao jedan izabrani odbornik"},"content":{"rendered":"<p><a href=\"https:\/\/www.prijedordanas.com\/wp-content\/uploads\/2020\/06\/skupstina-grada-juni-2020.jpg\"><img loading=\"lazy\" decoding=\"async\" src=\"https:\/\/www.prijedordanas.com\/wp-content\/uploads\/2020\/06\/skupstina-grada-juni-2020-300x222.jpg\" alt=\"\" width=\"300\" height=\"222\" class=\"alignleft size-medium wp-image-149570\" srcset=\"https:\/\/www.prijedordanas.com\/wp-content\/uploads\/2020\/06\/skupstina-grada-juni-2020-300x222.jpg 300w, https:\/\/www.prijedordanas.com\/wp-content\/uploads\/2020\/06\/skupstina-grada-juni-2020.jpg 675w\" sizes=\"(max-width: 300px) 100vw, 300px\" \/><\/a>Konstitutivna sjednica Skup\u0161tine grada Prijedora zakazana je za ovu srijedu, 30. decembra, potvrdio je dosada\u0161nji predsjednik lokalnog parlamenta Ajdin Me\u0161i\u0107.<\/p>\n<p>-Na dnevnom redu prve sjednice drugog saziva Skup\u0161tine grada Prijedora su ta\u010dke uobi\u010dajene za konstitutivno zasjedanje: izbor radnog predsjedni\u0161tva, sve\u010dane zakletve izabranih odbornika i gradona\u010delnika, izbor zamjenika gradona\u010delnika, izbor vr\u0161ilaca du\u017enosti sekretara Skup\u0161tine grada i na\u010delnika odjeljenja, kao i Programsko obra\u0107anje Gradona\u010delnika odbornicima \u2013 rekao je Me\u0161i\u0107.<\/p>\n<p>Predsjednik i potpredsjednik Skup\u0161tine grada Prijedora \u0107e biti izabrani tajnim glasanjem.<\/p>\n<p>Kako saznajemo, s obzirom na nespojivost dva mandata, odborni\u010dkog se odrekao narodni poslanik Milan Tubin iz redova Srpske demokratske stranke.<\/p>\n<p>Umjesto njega u lokalni parlament \u0107e ponovo sjesti Predrag Star\u010devi\u0107.<\/p>\n<p>Evo spiska svih odbornika:<\/p>\n<p>Savez nezavisnih socijaldemokrata-SNSD (8): Sa\u0161a Bursa\u0107, Slobodan Javor, Goran Velaula, Aleksandar Gaji\u0107, Nikola Vujasinovi\u0107, Dalibor Kos, \u017darko Tati\u0107, Aleksandar Milje\u0161i\u0107<\/p>\n<p>Demokratski narodni savez-DNS (6): Milenko \u0110akovi\u0107, Zlatko Ritan, Goran Predojevi\u0107, Slavica Popovi\u0107, Mladen Radi\u0161i\u0107, Igor Javori\u0107<\/p>\n<p>Srpska demokratska stranka-SDS(3): Biljana Kne\u017eevi\u0107, Sr\u0111an Adamovi\u0107, Predrag Star\u010devi\u0107<\/p>\n<p>Pokret za Prijedor (2): Mirsad Duratovi\u0107, Azra Pa\u0161ali\u0107<\/p>\n<p>Stranka demokratske akcije-SDA (2): Mesud Trnjanin, Almasa Mu\u0161i\u0107<\/p>\n<p>Ujedinjena Srpska-US(2): Nenad Mejaki\u0107, \u017darko Kova\u010devi\u0107<\/p>\n<p>Socijalisti\u010dka partija Srpske-SPS(2): Du\u0161ko Mileti\u0107, Miljana Kos<\/p>\n<p>Socijalisti\u010dka partija-SP (2): Igor Knjeginji\u0107, Nemanja Gruban<\/p>\n<p>Partija demokratskog progresa-PDP (2): Dalibor Grabe\u017e, Ranko Smiljani\u0107<\/p>\n<p>Nezavisni kandidat Sla\u0111ana Radakovi\u0107<\/p>\n<p>Odbornik iz reda nacionalnih manjina: Andrija Vukoti\u0107<\/p>\n<p>Za gradona\u010delnika Prijedora izabran je Dalibor Pavlovi\u0107 iz SNSD-a<\/p>\n","protected":false},"excerpt":{"rendered":"<p>Konstitutivna sjednica Skup\u0161tine grada Prijedora zakazana je za ovu srijedu, 30. decembra, potvrdio je dosada\u0161nji predsjednik lokalnog parlamenta Ajdin Me\u0161i\u0107. -Na dnevnom redu prve sjednice drugog saziva Skup\u0161tine grada Prijedora [&hellip;]<\/p>\n","protected":false},"author":1,"featured_media":0,"comment_status":"closed","ping_status":"open","sticky":false,"template":"","format":"standard","meta":{"_monsterinsights_skip_tracking":false,"_monsterinsights_sitenote_active":false,"_monsterinsights_sitenote_note":"","_monsterinsights_sitenote_category":0,"footnotes":""},"categories":[8],"tags":[],"yoast_head":"<!-- This site is optimized with the Yoast SEO plugin v21.6 - https:\/\/yoast.com\/wordpress\/plugins\/seo\/ -->\n<title>Danas konstitutivna sjednica lokalnog parlamenta: Mandata se odrekao jedan izabrani odbornik - PrijedorDanas.com - Prijedorski gradski portal<\/title>\n<meta name=\"robots\" content=\"index, follow, max-snippet:-1, max-image-preview:large, max-video-preview:-1\" \/>\n<link rel=\"canonical\" href=\"https:\/\/www.prijedordanas.com\/?p=160383\" \/>\n<meta property=\"og:locale\" content=\"en_US\" \/>\n<meta property=\"og:type\" content=\"article\" \/>\n<meta property=\"og:title\" content=\"Danas konstitutivna sjednica lokalnog parlamenta: Mandata se odrekao jedan izabrani odbornik - PrijedorDanas.com - Prijedorski gradski portal\" \/>\n<meta property=\"og:description\" content=\"Konstitutivna sjednica Skup\u0161tine grada Prijedora zakazana je za ovu srijedu, 30. decembra, potvrdio je dosada\u0161nji predsjednik lokalnog parlamenta Ajdin Me\u0161i\u0107. -Na dnevnom redu prve sjednice drugog saziva Skup\u0161tine grada Prijedora [&hellip;]\" \/>\n<meta property=\"og:url\" content=\"https:\/\/www.prijedordanas.com\/?p=160383\" \/>\n<meta property=\"og:site_name\" content=\"PrijedorDanas.com - Prijedorski gradski portal\" \/>\n<meta property=\"article:publisher\" content=\"https:\/\/www.facebook.com\/PrijedorDanasCom\/\" \/>\n<meta property=\"article:published_time\" content=\"2020-12-30T08:44:00+00:00\" \/>\n<meta property=\"article:modified_time\" content=\"2020-12-30T08:45:31+00:00\" \/>\n<meta property=\"og:image\" content=\"https:\/\/www.prijedordanas.com\/wp-content\/uploads\/2020\/06\/skupstina-grada-juni-2020-300x222.jpg\" \/>\n<meta name=\"author\" content=\"admin\" \/>\n<meta name=\"twitter:card\" content=\"summary_large_image\" \/>\n<meta name=\"twitter:label1\" content=\"Written by\" \/>\n\t<meta name=\"twitter:data1\" content=\"admin\" \/>\n\t<meta name=\"twitter:label2\" content=\"Est. reading time\" \/>\n\t<meta name=\"twitter:data2\" content=\"1 minute\" \/>\n<script type=\"application\/ld+json\" class=\"yoast-schema-graph\">{\"@context\":\"https:\/\/schema.org\",\"@graph\":[{\"@type\":\"Article\",\"@id\":\"https:\/\/www.prijedordanas.com\/?p=160383#article\",\"isPartOf\":{\"@id\":\"https:\/\/www.prijedordanas.com\/?p=160383\"},\"author\":{\"name\":\"admin\",\"@id\":\"https:\/\/www.prijedordanas.com\/#\/schema\/person\/4e08ccf29b506ca916ff86d46bb700e6\"},\"headline\":\"Danas konstitutivna sjednica lokalnog parlamenta: Mandata se odrekao jedan izabrani odbornik\",\"datePublished\":\"2020-12-30T08:44:00+00:00\",\"dateModified\":\"2020-12-30T08:45:31+00:00\",\"mainEntityOfPage\":{\"@id\":\"https:\/\/www.prijedordanas.com\/?p=160383\"},\"wordCount\":258,\"publisher\":{\"@id\":\"https:\/\/www.prijedordanas.com\/#organization\"},\"articleSection\":[\"Svakodnevno\"],\"inLanguage\":\"en-US\"},{\"@type\":\"WebPage\",\"@id\":\"https:\/\/www.prijedordanas.com\/?p=160383\",\"url\":\"https:\/\/www.prijedordanas.com\/?p=160383\",\"name\":\"Danas konstitutivna sjednica lokalnog parlamenta: Mandata se odrekao jedan izabrani odbornik - PrijedorDanas.com - Prijedorski gradski portal\",\"isPartOf\":{\"@id\":\"https:\/\/www.prijedordanas.com\/#website\"},\"datePublished\":\"2020-12-30T08:44:00+00:00\",\"dateModified\":\"2020-12-30T08:45:31+00:00\",\"breadcrumb\":{\"@id\":\"https:\/\/www.prijedordanas.com\/?p=160383#breadcrumb\"},\"inLanguage\":\"en-US\",\"potentialAction\":[{\"@type\":\"ReadAction\",\"target\":[\"https:\/\/www.prijedordanas.com\/?p=160383\"]}]},{\"@type\":\"BreadcrumbList\",\"@id\":\"https:\/\/www.prijedordanas.com\/?p=160383#breadcrumb\",\"itemListElement\":[{\"@type\":\"ListItem\",\"position\":1,\"name\":\"Home\",\"item\":\"https:\/\/www.prijedordanas.com\/\"},{\"@type\":\"ListItem\",\"position\":2,\"name\":\"Danas konstitutivna sjednica lokalnog parlamenta: Mandata se odrekao jedan izabrani odbornik\"}]},{\"@type\":\"WebSite\",\"@id\":\"https:\/\/www.prijedordanas.com\/#website\",\"url\":\"https:\/\/www.prijedordanas.com\/\",\"name\":\"PrijedorDanas.com - Prijedorski gradski portal\",\"description\":\"Portal o doga\u0111anjima u gradu Prijedoru\",\"publisher\":{\"@id\":\"https:\/\/www.prijedordanas.com\/#organization\"},\"potentialAction\":[{\"@type\":\"SearchAction\",\"target\":{\"@type\":\"EntryPoint\",\"urlTemplate\":\"https:\/\/www.prijedordanas.com\/?s={search_term_string}\"},\"query-input\":\"required name=search_term_string\"}],\"inLanguage\":\"en-US\"},{\"@type\":\"Organization\",\"@id\":\"https:\/\/www.prijedordanas.com\/#organization\",\"name\":\"PrijedorDanas.com\",\"url\":\"https:\/\/www.prijedordanas.com\/\",\"logo\":{\"@type\":\"ImageObject\",\"inLanguage\":\"en-US\",\"@id\":\"https:\/\/www.prijedordanas.com\/#\/schema\/logo\/image\/\",\"url\":\"http:\/\/www.prijedordanas.com\/wp-content\/uploads\/2021\/12\/logopng.png\",\"contentUrl\":\"http:\/\/www.prijedordanas.com\/wp-content\/uploads\/2021\/12\/logopng.png\",\"width\":1019,\"height\":776,\"caption\":\"PrijedorDanas.com\"},\"image\":{\"@id\":\"https:\/\/www.prijedordanas.com\/#\/schema\/logo\/image\/\"},\"sameAs\":[\"https:\/\/www.facebook.com\/PrijedorDanasCom\/\"]},{\"@type\":\"Person\",\"@id\":\"https:\/\/www.prijedordanas.com\/#\/schema\/person\/4e08ccf29b506ca916ff86d46bb700e6\",\"name\":\"admin\",\"image\":{\"@type\":\"ImageObject\",\"inLanguage\":\"en-US\",\"@id\":\"https:\/\/www.prijedordanas.com\/#\/schema\/person\/image\/\",\"url\":\"https:\/\/secure.gravatar.com\/avatar\/1d3fc949d550f0b53a5f0d51e06dfd79?s=96&d=mm&r=g\",\"contentUrl\":\"https:\/\/secure.gravatar.com\/avatar\/1d3fc949d550f0b53a5f0d51e06dfd79?s=96&d=mm&r=g\",\"caption\":\"admin\"},\"url\":\"https:\/\/www.prijedordanas.com\/?author=1\"}]}<\/script>\n<!-- \/ Yoast SEO plugin. -->","yoast_head_json":{"title":"Danas konstitutivna sjednica lokalnog parlamenta: Mandata se odrekao jedan izabrani odbornik - PrijedorDanas.com - Prijedorski gradski portal","robots":{"index":"index","follow":"follow","max-snippet":"max-snippet:-1","max-image-preview":"max-image-preview:large","max-video-preview":"max-video-preview:-1"},"canonical":"https:\/\/www.prijedordanas.com\/?p=160383","og_locale":"en_US","og_type":"article","og_title":"Danas konstitutivna sjednica lokalnog parlamenta: Mandata se odrekao jedan izabrani odbornik - PrijedorDanas.com - Prijedorski gradski portal","og_description":"Konstitutivna sjednica Skup\u0161tine grada Prijedora zakazana je za ovu srijedu, 30. decembra, potvrdio je dosada\u0161nji predsjednik lokalnog parlamenta Ajdin Me\u0161i\u0107. -Na dnevnom redu prve sjednice drugog saziva Skup\u0161tine grada Prijedora [&hellip;]","og_url":"https:\/\/www.prijedordanas.com\/?p=160383","og_site_name":"PrijedorDanas.com - Prijedorski gradski portal","article_publisher":"https:\/\/www.facebook.com\/PrijedorDanasCom\/","article_published_time":"2020-12-30T08:44:00+00:00","article_modified_time":"2020-12-30T08:45:31+00:00","og_image":[{"url":"https:\/\/www.prijedordanas.com\/wp-content\/uploads\/2020\/06\/skupstina-grada-juni-2020-300x222.jpg"}],"author":"admin","twitter_card":"summary_large_image","twitter_misc":{"Written by":"admin","Est. reading time":"1 minute"},"schema":{"@context":"https:\/\/schema.org","@graph":[{"@type":"Article","@id":"https:\/\/www.prijedordanas.com\/?p=160383#article","isPartOf":{"@id":"https:\/\/www.prijedordanas.com\/?p=160383"},"author":{"name":"admin","@id":"https:\/\/www.prijedordanas.com\/#\/schema\/person\/4e08ccf29b506ca916ff86d46bb700e6"},"headline":"Danas konstitutivna sjednica lokalnog parlamenta: Mandata se odrekao jedan izabrani odbornik","datePublished":"2020-12-30T08:44:00+00:00","dateModified":"2020-12-30T08:45:31+00:00","mainEntityOfPage":{"@id":"https:\/\/www.prijedordanas.com\/?p=160383"},"wordCount":258,"publisher":{"@id":"https:\/\/www.prijedordanas.com\/#organization"},"articleSection":["Svakodnevno"],"inLanguage":"en-US"},{"@type":"WebPage","@id":"https:\/\/www.prijedordanas.com\/?p=160383","url":"https:\/\/www.prijedordanas.com\/?p=160383","name":"Danas konstitutivna sjednica lokalnog parlamenta: Mandata se odrekao jedan izabrani odbornik - PrijedorDanas.com - Prijedorski gradski portal","isPartOf":{"@id":"https:\/\/www.prijedordanas.com\/#website"},"datePublished":"2020-12-30T08:44:00+00:00","dateModified":"2020-12-30T08:45:31+00:00","breadcrumb":{"@id":"https:\/\/www.prijedordanas.com\/?p=160383#breadcrumb"},"inLanguage":"en-US","potentialAction":[{"@type":"ReadAction","target":["https:\/\/www.prijedordanas.com\/?p=160383"]}]},{"@type":"BreadcrumbList","@id":"https:\/\/www.prijedordanas.com\/?p=160383#breadcrumb","itemListElement":[{"@type":"ListItem","position":1,"name":"Home","item":"https:\/\/www.prijedordanas.com\/"},{"@type":"ListItem","position":2,"name":"Danas konstitutivna sjednica lokalnog parlamenta: Mandata se odrekao jedan izabrani odbornik"}]},{"@type":"WebSite","@id":"https:\/\/www.prijedordanas.com\/#website","url":"https:\/\/www.prijedordanas.com\/","name":"PrijedorDanas.com - Prijedorski gradski portal","description":"Portal o doga\u0111anjima u gradu Prijedoru","publisher":{"@id":"https:\/\/www.prijedordanas.com\/#organization"},"potentialAction":[{"@type":"SearchAction","target":{"@type":"EntryPoint","urlTemplate":"https:\/\/www.prijedordanas.com\/?s={search_term_string}"},"query-input":"required name=search_term_string"}],"inLanguage":"en-US"},{"@type":"Organization","@id":"https:\/\/www.prijedordanas.com\/#organization","name":"PrijedorDanas.com","url":"https:\/\/www.prijedordanas.com\/","logo":{"@type":"ImageObject","inLanguage":"en-US","@id":"https:\/\/www.prijedordanas.com\/#\/schema\/logo\/image\/","url":"http:\/\/www.prijedordanas.com\/wp-content\/uploads\/2021\/12\/logopng.png","contentUrl":"http:\/\/www.prijedordanas.com\/wp-content\/uploads\/2021\/12\/logopng.png","width":1019,"height":776,"caption":"PrijedorDanas.com"},"image":{"@id":"https:\/\/www.prijedordanas.com\/#\/schema\/logo\/image\/"},"sameAs":["https:\/\/www.facebook.com\/PrijedorDanasCom\/"]},{"@type":"Person","@id":"https:\/\/www.prijedordanas.com\/#\/schema\/person\/4e08ccf29b506ca916ff86d46bb700e6","name":"admin","image":{"@type":"ImageObject","inLanguage":"en-US","@id":"https:\/\/www.prijedordanas.com\/#\/schema\/person\/image\/","url":"https:\/\/secure.gravatar.com\/avatar\/1d3fc949d550f0b53a5f0d51e06dfd79?s=96&d=mm&r=g","contentUrl":"https:\/\/secure.gravatar.com\/avatar\/1d3fc949d550f0b53a5f0d51e06dfd79?s=96&d=mm&r=g","caption":"admin"},"url":"https:\/\/www.prijedordanas.com\/?author=1"}]}},"_links":{"self":[{"href":"https:\/\/www.prijedordanas.com\/index.php?rest_route=\/wp\/v2\/posts\/160383"}],"collection":[{"href":"https:\/\/www.prijedordanas.com\/index.php?rest_route=\/wp\/v2\/posts"}],"about":[{"href":"https:\/\/www.prijedordanas.com\/index.php?rest_route=\/wp\/v2\/types\/post"}],"author":[{"embeddable":true,"href":"https:\/\/www.prijedordanas.com\/index.php?rest_route=\/wp\/v2\/users\/1"}],"replies":[{"embeddable":true,"href":"https:\/\/www.prijedordanas.com\/index.php?rest_route=%2Fwp%2Fv2%2Fcomments&post=160383"}],"version-history":[{"count":2,"href":"https:\/\/www.prijedordanas.com\/index.php?rest_route=\/wp\/v2\/posts\/160383\/revisions"}],"predecessor-version":[{"id":160389,"href":"https:\/\/www.prijedordanas.com\/index.php?rest_route=\/wp\/v2\/posts\/160383\/revisions\/160389"}],"wp:attachment":[{"href":"https:\/\/www.prijedordanas.com\/index.php?rest_route=%2Fwp%2Fv2%2Fmedia&parent=160383"}],"wp:term":[{"taxonomy":"category","embeddable":true,"href":"https:\/\/www.prijedordanas.com\/index.php?rest_route=%2Fwp%2Fv2%2Fcategories&post=160383"},{"taxonomy":"post_tag","embeddable":true,"href":"https:\/\/www.prijedordanas.com\/index.php?rest_route=%2Fwp%2Fv2%2Ftags&post=160383"}],"curies":[{"name":"wp","href":"https:\/\/api.w.org\/{rel}","templated":true}]}}