{"id":160370,"date":"2020-12-29T21:44:03","date_gmt":"2020-12-29T20:44:03","guid":{"rendered":"https:\/\/www.prijedordanas.com\/?p=160370"},"modified":"2020-12-29T21:44:03","modified_gmt":"2020-12-29T20:44:03","slug":"zemljotres-u-prijedoru-vaspitacice-pred-najstrasnijom-dilemom-koje-dijete-izvesti-prvo","status":"publish","type":"post","link":"https:\/\/www.prijedordanas.com\/?p=160370","title":{"rendered":"Zemljotres u Prijedoru: Vaspita\u010dice pred najstra\u0161nijom dilemom &#8211; koje dijete izvesti prvo?"},"content":{"rendered":"<p><a href=\"https:\/\/www.prijedordanas.com\/wp-content\/uploads\/2020\/12\/vrtic-radost-decembar-2020.jpg\"><img loading=\"lazy\" decoding=\"async\" src=\"https:\/\/www.prijedordanas.com\/wp-content\/uploads\/2020\/12\/vrtic-radost-decembar-2020-300x225.jpg\" alt=\"\" width=\"300\" height=\"225\" class=\"alignleft size-medium wp-image-160371\" srcset=\"https:\/\/www.prijedordanas.com\/wp-content\/uploads\/2020\/12\/vrtic-radost-decembar-2020-300x225.jpg 300w, https:\/\/www.prijedordanas.com\/wp-content\/uploads\/2020\/12\/vrtic-radost-decembar-2020-640x480.jpg 640w, https:\/\/www.prijedordanas.com\/wp-content\/uploads\/2020\/12\/vrtic-radost-decembar-2020.jpg 667w\" sizes=\"(max-width: 300px) 100vw, 300px\" \/><\/a>Gradona\u010delnik Prijedora Dalibor Pavlovi\u0107 saop\u0161tio je ve\u010deras da je nakon konsultacija sa direktoricom vrti\u0107a &#8220;Radost&#8221; Gordanom Jeki\u0107 postignuta saglasnost da svi vrti\u0107ki objekti sutra rade.<\/p>\n<p>&#8220;Iako se danas dogodio zemljotres koji se u znatnoj mjeri osjetio i u na\u0161em gradu i uznemirio gra\u0111ane, nakon vi\u0161e konsultacija saglasili smo se da je rije\u010d o prizemnim objektima i da roditelji koji imaju potrebu mogu sutra dovesti djecu u vrti\u0107&#8221;, rekao je Pavlovi\u0107 i dodao da je roditeljima koji nemaju prijeke potrebe preporu\u010deno da djecu ne dovode u vrti\u0107.<\/p>\n<p>Pavlovi\u0107 je naveo da \u0107e biti preduzete sve potrebne mjere priprivanosti o \u010demu je postignut dogovor i sa pripadnicima Teritorijalne vatrogasne jedinice Prijedor.<\/p>\n<p>Dana\u0161nji zemljotres desio se u vrijeme kada djeca u vrti\u0107u spavaju, pa su vaspita\u010dice i drugo osoblje vrti\u0107a budili djecu, na brzinu ih obla\u010dili i obuvali i izvodili napolje u dvori\u0161ta u kojem se nalazi i vi\u0161e starih stabala.<\/p>\n<p>Roditeljima je poslata poruka da \u0161to prije do\u0111u po djecu, a neki od njih su pritekli u pomo\u0107 i radnicima vrti\u0107a.<\/p>\n<p>&#8220;Od ovoga \u0107emo se te\u0161ko oporaviti. Nikad te\u017eu odluku vaspita\u010d nije imao &#8211; koje dijete prvo probuditi i odakle krenuti. Kada vam u takvoj situaciji do\u0111e i roditelj da pomogne oko djece, to su tek momenti koji se ne zaboravljaju&#8221;, rekla je vaspita\u010dica mla\u0111e vrti\u0107ke grupe Biljana Pavlovi\u0107.<\/p>\n<p>Za sutra su radnici dobili instrukcije da sva vrata unutar objekta budu otklju\u010dana, a sve spolja\u0161ne kapije zaklju\u010dane, te da nema spavanja i da nije potrebno prezuvati djecu kako bi se \u0161to prije izvela napolje, ukoliko se ponovi situacija.<\/p>\n<p>&#8220;Danas je u vrti\u0107u u posjetio bio Deda Mraz i to je dan kada su djeca posebno sre\u0107na. Ali radni dan nam se zavr\u0161io tako da je te\u0161ko ikome vi\u0161e bilo do paketi\u0107a&#8221;, dodala je Pavlovi\u0107eva.<\/p>\n<p>Ministarstvo prosvjete i kulture Republike Srpske preporu\u010dilo je danas kriznim \u0161tabovima u jedinicama lokalne samouprave koje su bli\u017ee epicentru zemljotresa da obustave rad pred\u0161kolskih ustanova. <\/p>\n<p>SRNA<\/p>\n","protected":false},"excerpt":{"rendered":"<p>Gradona\u010delnik Prijedora Dalibor Pavlovi\u0107 saop\u0161tio je ve\u010deras da je nakon konsultacija sa direktoricom vrti\u0107a &#8220;Radost&#8221; Gordanom Jeki\u0107 postignuta saglasnost da svi vrti\u0107ki objekti sutra rade. &#8220;Iako se danas dogodio zemljotres [&hellip;]<\/p>\n","protected":false},"author":1,"featured_media":0,"comment_status":"closed","ping_status":"open","sticky":false,"template":"","format":"standard","meta":{"_monsterinsights_skip_tracking":false,"_monsterinsights_sitenote_active":false,"_monsterinsights_sitenote_note":"","_monsterinsights_sitenote_category":0,"footnotes":""},"categories":[3],"tags":[],"yoast_head":"<!-- This site is optimized with the Yoast SEO plugin v21.6 - https:\/\/yoast.com\/wordpress\/plugins\/seo\/ -->\n<title>Zemljotres u Prijedoru: Vaspita\u010dice pred najstra\u0161nijom dilemom - koje dijete izvesti prvo? - PrijedorDanas.com - Prijedorski gradski portal<\/title>\n<meta name=\"robots\" content=\"index, follow, max-snippet:-1, max-image-preview:large, max-video-preview:-1\" \/>\n<link rel=\"canonical\" href=\"https:\/\/www.prijedordanas.com\/?p=160370\" \/>\n<meta property=\"og:locale\" content=\"en_US\" \/>\n<meta property=\"og:type\" content=\"article\" \/>\n<meta property=\"og:title\" content=\"Zemljotres u Prijedoru: Vaspita\u010dice pred najstra\u0161nijom dilemom - koje dijete izvesti prvo? - PrijedorDanas.com - Prijedorski gradski portal\" \/>\n<meta property=\"og:description\" content=\"Gradona\u010delnik Prijedora Dalibor Pavlovi\u0107 saop\u0161tio je ve\u010deras da je nakon konsultacija sa direktoricom vrti\u0107a &#8220;Radost&#8221; Gordanom Jeki\u0107 postignuta saglasnost da svi vrti\u0107ki objekti sutra rade. &#8220;Iako se danas dogodio zemljotres [&hellip;]\" \/>\n<meta property=\"og:url\" content=\"https:\/\/www.prijedordanas.com\/?p=160370\" \/>\n<meta property=\"og:site_name\" content=\"PrijedorDanas.com - Prijedorski gradski portal\" \/>\n<meta property=\"article:publisher\" content=\"https:\/\/www.facebook.com\/PrijedorDanasCom\/\" \/>\n<meta property=\"article:published_time\" content=\"2020-12-29T20:44:03+00:00\" \/>\n<meta property=\"og:image\" content=\"https:\/\/www.prijedordanas.com\/wp-content\/uploads\/2020\/12\/vrtic-radost-decembar-2020-300x225.jpg\" \/>\n<meta name=\"author\" content=\"admin\" \/>\n<meta name=\"twitter:card\" content=\"summary_large_image\" \/>\n<meta name=\"twitter:label1\" content=\"Written by\" \/>\n\t<meta name=\"twitter:data1\" content=\"admin\" \/>\n\t<meta name=\"twitter:label2\" content=\"Est. reading time\" \/>\n\t<meta name=\"twitter:data2\" content=\"2 minutes\" \/>\n<script type=\"application\/ld+json\" class=\"yoast-schema-graph\">{\"@context\":\"https:\/\/schema.org\",\"@graph\":[{\"@type\":\"Article\",\"@id\":\"https:\/\/www.prijedordanas.com\/?p=160370#article\",\"isPartOf\":{\"@id\":\"https:\/\/www.prijedordanas.com\/?p=160370\"},\"author\":{\"name\":\"admin\",\"@id\":\"https:\/\/www.prijedordanas.com\/#\/schema\/person\/4e08ccf29b506ca916ff86d46bb700e6\"},\"headline\":\"Zemljotres u Prijedoru: Vaspita\u010dice pred najstra\u0161nijom dilemom &#8211; koje dijete izvesti prvo?\",\"datePublished\":\"2020-12-29T20:44:03+00:00\",\"dateModified\":\"2020-12-29T20:44:03+00:00\",\"mainEntityOfPage\":{\"@id\":\"https:\/\/www.prijedordanas.com\/?p=160370\"},\"wordCount\":369,\"publisher\":{\"@id\":\"https:\/\/www.prijedordanas.com\/#organization\"},\"articleSection\":[\"\u017divot\"],\"inLanguage\":\"en-US\"},{\"@type\":\"WebPage\",\"@id\":\"https:\/\/www.prijedordanas.com\/?p=160370\",\"url\":\"https:\/\/www.prijedordanas.com\/?p=160370\",\"name\":\"Zemljotres u Prijedoru: Vaspita\u010dice pred najstra\u0161nijom dilemom - koje dijete izvesti prvo? - PrijedorDanas.com - Prijedorski gradski portal\",\"isPartOf\":{\"@id\":\"https:\/\/www.prijedordanas.com\/#website\"},\"datePublished\":\"2020-12-29T20:44:03+00:00\",\"dateModified\":\"2020-12-29T20:44:03+00:00\",\"breadcrumb\":{\"@id\":\"https:\/\/www.prijedordanas.com\/?p=160370#breadcrumb\"},\"inLanguage\":\"en-US\",\"potentialAction\":[{\"@type\":\"ReadAction\",\"target\":[\"https:\/\/www.prijedordanas.com\/?p=160370\"]}]},{\"@type\":\"BreadcrumbList\",\"@id\":\"https:\/\/www.prijedordanas.com\/?p=160370#breadcrumb\",\"itemListElement\":[{\"@type\":\"ListItem\",\"position\":1,\"name\":\"Home\",\"item\":\"https:\/\/www.prijedordanas.com\/\"},{\"@type\":\"ListItem\",\"position\":2,\"name\":\"Zemljotres u Prijedoru: Vaspita\u010dice pred najstra\u0161nijom dilemom &#8211; koje dijete izvesti prvo?\"}]},{\"@type\":\"WebSite\",\"@id\":\"https:\/\/www.prijedordanas.com\/#website\",\"url\":\"https:\/\/www.prijedordanas.com\/\",\"name\":\"PrijedorDanas.com - Prijedorski gradski portal\",\"description\":\"Portal o doga\u0111anjima u gradu Prijedoru\",\"publisher\":{\"@id\":\"https:\/\/www.prijedordanas.com\/#organization\"},\"potentialAction\":[{\"@type\":\"SearchAction\",\"target\":{\"@type\":\"EntryPoint\",\"urlTemplate\":\"https:\/\/www.prijedordanas.com\/?s={search_term_string}\"},\"query-input\":\"required name=search_term_string\"}],\"inLanguage\":\"en-US\"},{\"@type\":\"Organization\",\"@id\":\"https:\/\/www.prijedordanas.com\/#organization\",\"name\":\"PrijedorDanas.com\",\"url\":\"https:\/\/www.prijedordanas.com\/\",\"logo\":{\"@type\":\"ImageObject\",\"inLanguage\":\"en-US\",\"@id\":\"https:\/\/www.prijedordanas.com\/#\/schema\/logo\/image\/\",\"url\":\"http:\/\/www.prijedordanas.com\/wp-content\/uploads\/2021\/12\/logopng.png\",\"contentUrl\":\"http:\/\/www.prijedordanas.com\/wp-content\/uploads\/2021\/12\/logopng.png\",\"width\":1019,\"height\":776,\"caption\":\"PrijedorDanas.com\"},\"image\":{\"@id\":\"https:\/\/www.prijedordanas.com\/#\/schema\/logo\/image\/\"},\"sameAs\":[\"https:\/\/www.facebook.com\/PrijedorDanasCom\/\"]},{\"@type\":\"Person\",\"@id\":\"https:\/\/www.prijedordanas.com\/#\/schema\/person\/4e08ccf29b506ca916ff86d46bb700e6\",\"name\":\"admin\",\"image\":{\"@type\":\"ImageObject\",\"inLanguage\":\"en-US\",\"@id\":\"https:\/\/www.prijedordanas.com\/#\/schema\/person\/image\/\",\"url\":\"https:\/\/secure.gravatar.com\/avatar\/1d3fc949d550f0b53a5f0d51e06dfd79?s=96&d=mm&r=g\",\"contentUrl\":\"https:\/\/secure.gravatar.com\/avatar\/1d3fc949d550f0b53a5f0d51e06dfd79?s=96&d=mm&r=g\",\"caption\":\"admin\"},\"url\":\"https:\/\/www.prijedordanas.com\/?author=1\"}]}<\/script>\n<!-- \/ Yoast SEO plugin. -->","yoast_head_json":{"title":"Zemljotres u Prijedoru: Vaspita\u010dice pred najstra\u0161nijom dilemom - koje dijete izvesti prvo? - PrijedorDanas.com - Prijedorski gradski portal","robots":{"index":"index","follow":"follow","max-snippet":"max-snippet:-1","max-image-preview":"max-image-preview:large","max-video-preview":"max-video-preview:-1"},"canonical":"https:\/\/www.prijedordanas.com\/?p=160370","og_locale":"en_US","og_type":"article","og_title":"Zemljotres u Prijedoru: Vaspita\u010dice pred najstra\u0161nijom dilemom - koje dijete izvesti prvo? - PrijedorDanas.com - Prijedorski gradski portal","og_description":"Gradona\u010delnik Prijedora Dalibor Pavlovi\u0107 saop\u0161tio je ve\u010deras da je nakon konsultacija sa direktoricom vrti\u0107a &#8220;Radost&#8221; Gordanom Jeki\u0107 postignuta saglasnost da svi vrti\u0107ki objekti sutra rade. &#8220;Iako se danas dogodio zemljotres [&hellip;]","og_url":"https:\/\/www.prijedordanas.com\/?p=160370","og_site_name":"PrijedorDanas.com - Prijedorski gradski portal","article_publisher":"https:\/\/www.facebook.com\/PrijedorDanasCom\/","article_published_time":"2020-12-29T20:44:03+00:00","og_image":[{"url":"https:\/\/www.prijedordanas.com\/wp-content\/uploads\/2020\/12\/vrtic-radost-decembar-2020-300x225.jpg"}],"author":"admin","twitter_card":"summary_large_image","twitter_misc":{"Written by":"admin","Est. reading time":"2 minutes"},"schema":{"@context":"https:\/\/schema.org","@graph":[{"@type":"Article","@id":"https:\/\/www.prijedordanas.com\/?p=160370#article","isPartOf":{"@id":"https:\/\/www.prijedordanas.com\/?p=160370"},"author":{"name":"admin","@id":"https:\/\/www.prijedordanas.com\/#\/schema\/person\/4e08ccf29b506ca916ff86d46bb700e6"},"headline":"Zemljotres u Prijedoru: Vaspita\u010dice pred najstra\u0161nijom dilemom &#8211; koje dijete izvesti prvo?","datePublished":"2020-12-29T20:44:03+00:00","dateModified":"2020-12-29T20:44:03+00:00","mainEntityOfPage":{"@id":"https:\/\/www.prijedordanas.com\/?p=160370"},"wordCount":369,"publisher":{"@id":"https:\/\/www.prijedordanas.com\/#organization"},"articleSection":["\u017divot"],"inLanguage":"en-US"},{"@type":"WebPage","@id":"https:\/\/www.prijedordanas.com\/?p=160370","url":"https:\/\/www.prijedordanas.com\/?p=160370","name":"Zemljotres u Prijedoru: Vaspita\u010dice pred najstra\u0161nijom dilemom - koje dijete izvesti prvo? - PrijedorDanas.com - Prijedorski gradski portal","isPartOf":{"@id":"https:\/\/www.prijedordanas.com\/#website"},"datePublished":"2020-12-29T20:44:03+00:00","dateModified":"2020-12-29T20:44:03+00:00","breadcrumb":{"@id":"https:\/\/www.prijedordanas.com\/?p=160370#breadcrumb"},"inLanguage":"en-US","potentialAction":[{"@type":"ReadAction","target":["https:\/\/www.prijedordanas.com\/?p=160370"]}]},{"@type":"BreadcrumbList","@id":"https:\/\/www.prijedordanas.com\/?p=160370#breadcrumb","itemListElement":[{"@type":"ListItem","position":1,"name":"Home","item":"https:\/\/www.prijedordanas.com\/"},{"@type":"ListItem","position":2,"name":"Zemljotres u Prijedoru: Vaspita\u010dice pred najstra\u0161nijom dilemom &#8211; koje dijete izvesti prvo?"}]},{"@type":"WebSite","@id":"https:\/\/www.prijedordanas.com\/#website","url":"https:\/\/www.prijedordanas.com\/","name":"PrijedorDanas.com - Prijedorski gradski portal","description":"Portal o doga\u0111anjima u gradu Prijedoru","publisher":{"@id":"https:\/\/www.prijedordanas.com\/#organization"},"potentialAction":[{"@type":"SearchAction","target":{"@type":"EntryPoint","urlTemplate":"https:\/\/www.prijedordanas.com\/?s={search_term_string}"},"query-input":"required name=search_term_string"}],"inLanguage":"en-US"},{"@type":"Organization","@id":"https:\/\/www.prijedordanas.com\/#organization","name":"PrijedorDanas.com","url":"https:\/\/www.prijedordanas.com\/","logo":{"@type":"ImageObject","inLanguage":"en-US","@id":"https:\/\/www.prijedordanas.com\/#\/schema\/logo\/image\/","url":"http:\/\/www.prijedordanas.com\/wp-content\/uploads\/2021\/12\/logopng.png","contentUrl":"http:\/\/www.prijedordanas.com\/wp-content\/uploads\/2021\/12\/logopng.png","width":1019,"height":776,"caption":"PrijedorDanas.com"},"image":{"@id":"https:\/\/www.prijedordanas.com\/#\/schema\/logo\/image\/"},"sameAs":["https:\/\/www.facebook.com\/PrijedorDanasCom\/"]},{"@type":"Person","@id":"https:\/\/www.prijedordanas.com\/#\/schema\/person\/4e08ccf29b506ca916ff86d46bb700e6","name":"admin","image":{"@type":"ImageObject","inLanguage":"en-US","@id":"https:\/\/www.prijedordanas.com\/#\/schema\/person\/image\/","url":"https:\/\/secure.gravatar.com\/avatar\/1d3fc949d550f0b53a5f0d51e06dfd79?s=96&d=mm&r=g","contentUrl":"https:\/\/secure.gravatar.com\/avatar\/1d3fc949d550f0b53a5f0d51e06dfd79?s=96&d=mm&r=g","caption":"admin"},"url":"https:\/\/www.prijedordanas.com\/?author=1"}]}},"_links":{"self":[{"href":"https:\/\/www.prijedordanas.com\/index.php?rest_route=\/wp\/v2\/posts\/160370"}],"collection":[{"href":"https:\/\/www.prijedordanas.com\/index.php?rest_route=\/wp\/v2\/posts"}],"about":[{"href":"https:\/\/www.prijedordanas.com\/index.php?rest_route=\/wp\/v2\/types\/post"}],"author":[{"embeddable":true,"href":"https:\/\/www.prijedordanas.com\/index.php?rest_route=\/wp\/v2\/users\/1"}],"replies":[{"embeddable":true,"href":"https:\/\/www.prijedordanas.com\/index.php?rest_route=%2Fwp%2Fv2%2Fcomments&post=160370"}],"version-history":[{"count":1,"href":"https:\/\/www.prijedordanas.com\/index.php?rest_route=\/wp\/v2\/posts\/160370\/revisions"}],"predecessor-version":[{"id":160372,"href":"https:\/\/www.prijedordanas.com\/index.php?rest_route=\/wp\/v2\/posts\/160370\/revisions\/160372"}],"wp:attachment":[{"href":"https:\/\/www.prijedordanas.com\/index.php?rest_route=%2Fwp%2Fv2%2Fmedia&parent=160370"}],"wp:term":[{"taxonomy":"category","embeddable":true,"href":"https:\/\/www.prijedordanas.com\/index.php?rest_route=%2Fwp%2Fv2%2Fcategories&post=160370"},{"taxonomy":"post_tag","embeddable":true,"href":"https:\/\/www.prijedordanas.com\/index.php?rest_route=%2Fwp%2Fv2%2Ftags&post=160370"}],"curies":[{"name":"wp","href":"https:\/\/api.w.org\/{rel}","templated":true}]}}