{"id":160348,"date":"2020-12-29T16:38:15","date_gmt":"2020-12-29T15:38:15","guid":{"rendered":"https:\/\/www.prijedordanas.com\/?p=160348"},"modified":"2020-12-29T16:38:15","modified_gmt":"2020-12-29T15:38:15","slug":"u-toku-sanacija-svih-kvarova-na-elektro-mrezi-izazvanih-nevremenom","status":"publish","type":"post","link":"https:\/\/www.prijedordanas.com\/?p=160348","title":{"rendered":"U toku sanacija svih kvarova na elektro mre\u017ei izazvanih nevremenom"},"content":{"rendered":"<p><a href=\"https:\/\/www.prijedordanas.com\/wp-content\/uploads\/2017\/11\/ilustracija-iskljucenje-struje-radovi-1.jpg\"><img loading=\"lazy\" decoding=\"async\" src=\"https:\/\/www.prijedordanas.com\/wp-content\/uploads\/2017\/11\/ilustracija-iskljucenje-struje-radovi-1-300x222.jpg\" alt=\"\" width=\"300\" height=\"222\" class=\"alignleft size-medium wp-image-92021\" srcset=\"https:\/\/www.prijedordanas.com\/wp-content\/uploads\/2017\/11\/ilustracija-iskljucenje-struje-radovi-1-300x222.jpg 300w, https:\/\/www.prijedordanas.com\/wp-content\/uploads\/2017\/11\/ilustracija-iskljucenje-struje-radovi-1-100x74.jpg 100w, https:\/\/www.prijedordanas.com\/wp-content\/uploads\/2017\/11\/ilustracija-iskljucenje-struje-radovi-1.jpg 675w\" sizes=\"(max-width: 300px) 100vw, 300px\" \/><\/a>&#8220;Elektrokrajina&#8221; Banjaluka saop\u0161tila je da je u toku sanacija svih kvarova izazvanih olujnim nevremenom koje je zadesilo cijeli region.<\/p>\n<p>Na podru\u010dju Banjaluke, Prnjavora, Gradi\u0161ke, Prijedora, Lakta\u0161a, \u010celinca, Srpca, Kozarske Dubice, Novog Grada, Mrkonji\u0107 Grada i \u0160ipova do\u0161lo je do neplaniranih prekida u napajanju elektri\u010dnom energijom, usljed ru\u0161enja rastinja i \u010dupanja drve\u0107a te pada, na vodove i na energetska postojenja. Ukupan broj kvarova je ogroman, naglasili su iz &#8220;Elektrokrajine&#8221;.<\/p>\n<p>&#8220;Na srednje naponskoj mre\u017ei broj kvarova je iznosio 112, od kojih je 97 ve\u0107 otklonjeno, dok je na niskoj naponskoj mre\u017ei broj kvarova iznosio 233, od kojih su u 90 odsto slu\u010dajeva svi kvarovi ve\u0107 sanirani, dok se na ostatku mre\u017ee na nepristupa\u010dnijim mjestima jo\u0161 uvijek radi.  ZP &#8216;Elektrokrajina&#8217; \u010dini sve da tokom dana\u0161njeg dana svi kvarovi budu otklonjeni&#8221;, saop\u0161teno je iz &#8220;Elektrokrajine&#8221;.<\/p>\n<p>Sve ekipe \u201cElektrokrajine\u201d su anga\u017eovane i tokom ju\u010dera\u0161njeg dana i tokom no\u0107i, kao i danas. Mobilne ekipe su na terenu i tokom dana svi kvarovi \u0107e biti sanirani, navode.<\/p>\n<p>&#8220;U samo dvadeset dana na\u0161e podru\u010dje zahvatile su velike vremenske nepogode, ali kao \u0161to je i u prvom naletu, ledenih ki\u0161a i ru\u0161enja vodova, ZP &#8216;Elektrokrajina&#8217; u najkra\u0107em vremenskom period rije\u0161ila problem napajanja i ovom prilikom mo\u017eemo garantovati gra\u0111anima da terenske ekipe, kao i u mnogo slu\u010dajeva do sada \u010dine sve \u0161to je u njihovoj mo\u0107i da se svi kvarovi saniraju i da potro\u0161a\u010di ne trpe posljedice elementarnih nepogoda&#8221;, naveli su iz &#8220;Elektrokrajine&#8221;.<\/p>\n<p>Dragan \u010cavi\u0107, direktor ZP &#8220;Elektrokrajina&#8221;, izjavio je da \u0107e se svi radnici ovog preduze\u0107a potruditi da prekidi u napajanju strujom budu isklju\u010divo privremeni i da su mobilisane sve slu\u017ebe, kako bi svi potro\u0161a\u010di koji su usljed olujnog nevremena ostali bez napajanja elektri\u010dnom energijom dobili adekvatno napajanje.<\/p>\n<p>nezavisne.com<br \/>\nFoto &#8211; ilustracija<\/p>\n","protected":false},"excerpt":{"rendered":"<p>&#8220;Elektrokrajina&#8221; Banjaluka saop\u0161tila je da je u toku sanacija svih kvarova izazvanih olujnim nevremenom koje je zadesilo cijeli region. Na podru\u010dju Banjaluke, Prnjavora, Gradi\u0161ke, Prijedora, Lakta\u0161a, \u010celinca, Srpca, Kozarske Dubice, [&hellip;]<\/p>\n","protected":false},"author":1,"featured_media":0,"comment_status":"closed","ping_status":"open","sticky":false,"template":"","format":"standard","meta":{"_monsterinsights_skip_tracking":false,"_monsterinsights_sitenote_active":false,"_monsterinsights_sitenote_note":"","_monsterinsights_sitenote_category":0,"footnotes":""},"categories":[8],"tags":[],"yoast_head":"<!-- This site is optimized with the Yoast SEO plugin v21.6 - https:\/\/yoast.com\/wordpress\/plugins\/seo\/ -->\n<title>U toku sanacija svih kvarova na elektro mre\u017ei izazvanih nevremenom - PrijedorDanas.com - Prijedorski gradski portal<\/title>\n<meta name=\"robots\" content=\"index, follow, max-snippet:-1, max-image-preview:large, max-video-preview:-1\" \/>\n<link rel=\"canonical\" href=\"https:\/\/www.prijedordanas.com\/?p=160348\" \/>\n<meta property=\"og:locale\" content=\"en_US\" \/>\n<meta property=\"og:type\" content=\"article\" \/>\n<meta property=\"og:title\" content=\"U toku sanacija svih kvarova na elektro mre\u017ei izazvanih nevremenom - PrijedorDanas.com - Prijedorski gradski portal\" \/>\n<meta property=\"og:description\" content=\"&#8220;Elektrokrajina&#8221; Banjaluka saop\u0161tila je da je u toku sanacija svih kvarova izazvanih olujnim nevremenom koje je zadesilo cijeli region. Na podru\u010dju Banjaluke, Prnjavora, Gradi\u0161ke, Prijedora, Lakta\u0161a, \u010celinca, Srpca, Kozarske Dubice, [&hellip;]\" \/>\n<meta property=\"og:url\" content=\"https:\/\/www.prijedordanas.com\/?p=160348\" \/>\n<meta property=\"og:site_name\" content=\"PrijedorDanas.com - Prijedorski gradski portal\" \/>\n<meta property=\"article:publisher\" content=\"https:\/\/www.facebook.com\/PrijedorDanasCom\/\" \/>\n<meta property=\"article:published_time\" content=\"2020-12-29T15:38:15+00:00\" \/>\n<meta property=\"og:image\" content=\"https:\/\/www.prijedordanas.com\/wp-content\/uploads\/2017\/11\/ilustracija-iskljucenje-struje-radovi-1-300x222.jpg\" \/>\n<meta name=\"author\" content=\"admin\" \/>\n<meta name=\"twitter:card\" content=\"summary_large_image\" \/>\n<meta name=\"twitter:label1\" content=\"Written by\" \/>\n\t<meta name=\"twitter:data1\" content=\"admin\" \/>\n\t<meta name=\"twitter:label2\" content=\"Est. reading time\" \/>\n\t<meta name=\"twitter:data2\" content=\"2 minutes\" \/>\n<script type=\"application\/ld+json\" class=\"yoast-schema-graph\">{\"@context\":\"https:\/\/schema.org\",\"@graph\":[{\"@type\":\"Article\",\"@id\":\"https:\/\/www.prijedordanas.com\/?p=160348#article\",\"isPartOf\":{\"@id\":\"https:\/\/www.prijedordanas.com\/?p=160348\"},\"author\":{\"name\":\"admin\",\"@id\":\"https:\/\/www.prijedordanas.com\/#\/schema\/person\/4e08ccf29b506ca916ff86d46bb700e6\"},\"headline\":\"U toku sanacija svih kvarova na elektro mre\u017ei izazvanih nevremenom\",\"datePublished\":\"2020-12-29T15:38:15+00:00\",\"dateModified\":\"2020-12-29T15:38:15+00:00\",\"mainEntityOfPage\":{\"@id\":\"https:\/\/www.prijedordanas.com\/?p=160348\"},\"wordCount\":328,\"publisher\":{\"@id\":\"https:\/\/www.prijedordanas.com\/#organization\"},\"articleSection\":[\"Svakodnevno\"],\"inLanguage\":\"en-US\"},{\"@type\":\"WebPage\",\"@id\":\"https:\/\/www.prijedordanas.com\/?p=160348\",\"url\":\"https:\/\/www.prijedordanas.com\/?p=160348\",\"name\":\"U toku sanacija svih kvarova na elektro mre\u017ei izazvanih nevremenom - PrijedorDanas.com - Prijedorski gradski portal\",\"isPartOf\":{\"@id\":\"https:\/\/www.prijedordanas.com\/#website\"},\"datePublished\":\"2020-12-29T15:38:15+00:00\",\"dateModified\":\"2020-12-29T15:38:15+00:00\",\"breadcrumb\":{\"@id\":\"https:\/\/www.prijedordanas.com\/?p=160348#breadcrumb\"},\"inLanguage\":\"en-US\",\"potentialAction\":[{\"@type\":\"ReadAction\",\"target\":[\"https:\/\/www.prijedordanas.com\/?p=160348\"]}]},{\"@type\":\"BreadcrumbList\",\"@id\":\"https:\/\/www.prijedordanas.com\/?p=160348#breadcrumb\",\"itemListElement\":[{\"@type\":\"ListItem\",\"position\":1,\"name\":\"Home\",\"item\":\"https:\/\/www.prijedordanas.com\/\"},{\"@type\":\"ListItem\",\"position\":2,\"name\":\"U toku sanacija svih kvarova na elektro mre\u017ei izazvanih nevremenom\"}]},{\"@type\":\"WebSite\",\"@id\":\"https:\/\/www.prijedordanas.com\/#website\",\"url\":\"https:\/\/www.prijedordanas.com\/\",\"name\":\"PrijedorDanas.com - Prijedorski gradski portal\",\"description\":\"Portal o doga\u0111anjima u gradu Prijedoru\",\"publisher\":{\"@id\":\"https:\/\/www.prijedordanas.com\/#organization\"},\"potentialAction\":[{\"@type\":\"SearchAction\",\"target\":{\"@type\":\"EntryPoint\",\"urlTemplate\":\"https:\/\/www.prijedordanas.com\/?s={search_term_string}\"},\"query-input\":\"required name=search_term_string\"}],\"inLanguage\":\"en-US\"},{\"@type\":\"Organization\",\"@id\":\"https:\/\/www.prijedordanas.com\/#organization\",\"name\":\"PrijedorDanas.com\",\"url\":\"https:\/\/www.prijedordanas.com\/\",\"logo\":{\"@type\":\"ImageObject\",\"inLanguage\":\"en-US\",\"@id\":\"https:\/\/www.prijedordanas.com\/#\/schema\/logo\/image\/\",\"url\":\"http:\/\/www.prijedordanas.com\/wp-content\/uploads\/2021\/12\/logopng.png\",\"contentUrl\":\"http:\/\/www.prijedordanas.com\/wp-content\/uploads\/2021\/12\/logopng.png\",\"width\":1019,\"height\":776,\"caption\":\"PrijedorDanas.com\"},\"image\":{\"@id\":\"https:\/\/www.prijedordanas.com\/#\/schema\/logo\/image\/\"},\"sameAs\":[\"https:\/\/www.facebook.com\/PrijedorDanasCom\/\"]},{\"@type\":\"Person\",\"@id\":\"https:\/\/www.prijedordanas.com\/#\/schema\/person\/4e08ccf29b506ca916ff86d46bb700e6\",\"name\":\"admin\",\"image\":{\"@type\":\"ImageObject\",\"inLanguage\":\"en-US\",\"@id\":\"https:\/\/www.prijedordanas.com\/#\/schema\/person\/image\/\",\"url\":\"https:\/\/secure.gravatar.com\/avatar\/1d3fc949d550f0b53a5f0d51e06dfd79?s=96&d=mm&r=g\",\"contentUrl\":\"https:\/\/secure.gravatar.com\/avatar\/1d3fc949d550f0b53a5f0d51e06dfd79?s=96&d=mm&r=g\",\"caption\":\"admin\"},\"url\":\"https:\/\/www.prijedordanas.com\/?author=1\"}]}<\/script>\n<!-- \/ Yoast SEO plugin. -->","yoast_head_json":{"title":"U toku sanacija svih kvarova na elektro mre\u017ei izazvanih nevremenom - PrijedorDanas.com - Prijedorski gradski portal","robots":{"index":"index","follow":"follow","max-snippet":"max-snippet:-1","max-image-preview":"max-image-preview:large","max-video-preview":"max-video-preview:-1"},"canonical":"https:\/\/www.prijedordanas.com\/?p=160348","og_locale":"en_US","og_type":"article","og_title":"U toku sanacija svih kvarova na elektro mre\u017ei izazvanih nevremenom - PrijedorDanas.com - Prijedorski gradski portal","og_description":"&#8220;Elektrokrajina&#8221; Banjaluka saop\u0161tila je da je u toku sanacija svih kvarova izazvanih olujnim nevremenom koje je zadesilo cijeli region. Na podru\u010dju Banjaluke, Prnjavora, Gradi\u0161ke, Prijedora, Lakta\u0161a, \u010celinca, Srpca, Kozarske Dubice, [&hellip;]","og_url":"https:\/\/www.prijedordanas.com\/?p=160348","og_site_name":"PrijedorDanas.com - Prijedorski gradski portal","article_publisher":"https:\/\/www.facebook.com\/PrijedorDanasCom\/","article_published_time":"2020-12-29T15:38:15+00:00","og_image":[{"url":"https:\/\/www.prijedordanas.com\/wp-content\/uploads\/2017\/11\/ilustracija-iskljucenje-struje-radovi-1-300x222.jpg"}],"author":"admin","twitter_card":"summary_large_image","twitter_misc":{"Written by":"admin","Est. reading time":"2 minutes"},"schema":{"@context":"https:\/\/schema.org","@graph":[{"@type":"Article","@id":"https:\/\/www.prijedordanas.com\/?p=160348#article","isPartOf":{"@id":"https:\/\/www.prijedordanas.com\/?p=160348"},"author":{"name":"admin","@id":"https:\/\/www.prijedordanas.com\/#\/schema\/person\/4e08ccf29b506ca916ff86d46bb700e6"},"headline":"U toku sanacija svih kvarova na elektro mre\u017ei izazvanih nevremenom","datePublished":"2020-12-29T15:38:15+00:00","dateModified":"2020-12-29T15:38:15+00:00","mainEntityOfPage":{"@id":"https:\/\/www.prijedordanas.com\/?p=160348"},"wordCount":328,"publisher":{"@id":"https:\/\/www.prijedordanas.com\/#organization"},"articleSection":["Svakodnevno"],"inLanguage":"en-US"},{"@type":"WebPage","@id":"https:\/\/www.prijedordanas.com\/?p=160348","url":"https:\/\/www.prijedordanas.com\/?p=160348","name":"U toku sanacija svih kvarova na elektro mre\u017ei izazvanih nevremenom - PrijedorDanas.com - Prijedorski gradski portal","isPartOf":{"@id":"https:\/\/www.prijedordanas.com\/#website"},"datePublished":"2020-12-29T15:38:15+00:00","dateModified":"2020-12-29T15:38:15+00:00","breadcrumb":{"@id":"https:\/\/www.prijedordanas.com\/?p=160348#breadcrumb"},"inLanguage":"en-US","potentialAction":[{"@type":"ReadAction","target":["https:\/\/www.prijedordanas.com\/?p=160348"]}]},{"@type":"BreadcrumbList","@id":"https:\/\/www.prijedordanas.com\/?p=160348#breadcrumb","itemListElement":[{"@type":"ListItem","position":1,"name":"Home","item":"https:\/\/www.prijedordanas.com\/"},{"@type":"ListItem","position":2,"name":"U toku sanacija svih kvarova na elektro mre\u017ei izazvanih nevremenom"}]},{"@type":"WebSite","@id":"https:\/\/www.prijedordanas.com\/#website","url":"https:\/\/www.prijedordanas.com\/","name":"PrijedorDanas.com - Prijedorski gradski portal","description":"Portal o doga\u0111anjima u gradu Prijedoru","publisher":{"@id":"https:\/\/www.prijedordanas.com\/#organization"},"potentialAction":[{"@type":"SearchAction","target":{"@type":"EntryPoint","urlTemplate":"https:\/\/www.prijedordanas.com\/?s={search_term_string}"},"query-input":"required name=search_term_string"}],"inLanguage":"en-US"},{"@type":"Organization","@id":"https:\/\/www.prijedordanas.com\/#organization","name":"PrijedorDanas.com","url":"https:\/\/www.prijedordanas.com\/","logo":{"@type":"ImageObject","inLanguage":"en-US","@id":"https:\/\/www.prijedordanas.com\/#\/schema\/logo\/image\/","url":"http:\/\/www.prijedordanas.com\/wp-content\/uploads\/2021\/12\/logopng.png","contentUrl":"http:\/\/www.prijedordanas.com\/wp-content\/uploads\/2021\/12\/logopng.png","width":1019,"height":776,"caption":"PrijedorDanas.com"},"image":{"@id":"https:\/\/www.prijedordanas.com\/#\/schema\/logo\/image\/"},"sameAs":["https:\/\/www.facebook.com\/PrijedorDanasCom\/"]},{"@type":"Person","@id":"https:\/\/www.prijedordanas.com\/#\/schema\/person\/4e08ccf29b506ca916ff86d46bb700e6","name":"admin","image":{"@type":"ImageObject","inLanguage":"en-US","@id":"https:\/\/www.prijedordanas.com\/#\/schema\/person\/image\/","url":"https:\/\/secure.gravatar.com\/avatar\/1d3fc949d550f0b53a5f0d51e06dfd79?s=96&d=mm&r=g","contentUrl":"https:\/\/secure.gravatar.com\/avatar\/1d3fc949d550f0b53a5f0d51e06dfd79?s=96&d=mm&r=g","caption":"admin"},"url":"https:\/\/www.prijedordanas.com\/?author=1"}]}},"_links":{"self":[{"href":"https:\/\/www.prijedordanas.com\/index.php?rest_route=\/wp\/v2\/posts\/160348"}],"collection":[{"href":"https:\/\/www.prijedordanas.com\/index.php?rest_route=\/wp\/v2\/posts"}],"about":[{"href":"https:\/\/www.prijedordanas.com\/index.php?rest_route=\/wp\/v2\/types\/post"}],"author":[{"embeddable":true,"href":"https:\/\/www.prijedordanas.com\/index.php?rest_route=\/wp\/v2\/users\/1"}],"replies":[{"embeddable":true,"href":"https:\/\/www.prijedordanas.com\/index.php?rest_route=%2Fwp%2Fv2%2Fcomments&post=160348"}],"version-history":[{"count":1,"href":"https:\/\/www.prijedordanas.com\/index.php?rest_route=\/wp\/v2\/posts\/160348\/revisions"}],"predecessor-version":[{"id":160349,"href":"https:\/\/www.prijedordanas.com\/index.php?rest_route=\/wp\/v2\/posts\/160348\/revisions\/160349"}],"wp:attachment":[{"href":"https:\/\/www.prijedordanas.com\/index.php?rest_route=%2Fwp%2Fv2%2Fmedia&parent=160348"}],"wp:term":[{"taxonomy":"category","embeddable":true,"href":"https:\/\/www.prijedordanas.com\/index.php?rest_route=%2Fwp%2Fv2%2Fcategories&post=160348"},{"taxonomy":"post_tag","embeddable":true,"href":"https:\/\/www.prijedordanas.com\/index.php?rest_route=%2Fwp%2Fv2%2Ftags&post=160348"}],"curies":[{"name":"wp","href":"https:\/\/api.w.org\/{rel}","templated":true}]}}