{"id":159974,"date":"2020-12-25T09:36:59","date_gmt":"2020-12-25T08:36:59","guid":{"rendered":"https:\/\/www.prijedordanas.com\/?p=159974"},"modified":"2020-12-25T09:36:59","modified_gmt":"2020-12-25T08:36:59","slug":"sudenje-ranko-babic-i-ostali-optuzeni-nije-mogao-izdavati-naredbe-u-bataljonu","status":"publish","type":"post","link":"https:\/\/www.prijedordanas.com\/?p=159974","title":{"rendered":"Su\u0111enje Ranko Babi\u0107 i ostali: Optu\u017eeni nije mogao izdavati naredbe u bataljonu"},"content":{"rendered":"<p><a href=\"https:\/\/www.prijedordanas.com\/wp-content\/uploads\/2017\/11\/sud-bih-8.jpg\"><img loading=\"lazy\" decoding=\"async\" src=\"https:\/\/www.prijedordanas.com\/wp-content\/uploads\/2017\/11\/sud-bih-8-300x222.jpg\" alt=\"\" width=\"300\" height=\"222\" class=\"alignleft size-medium wp-image-91717\" srcset=\"https:\/\/www.prijedordanas.com\/wp-content\/uploads\/2017\/11\/sud-bih-8-300x222.jpg 300w, https:\/\/www.prijedordanas.com\/wp-content\/uploads\/2017\/11\/sud-bih-8-100x74.jpg 100w, https:\/\/www.prijedordanas.com\/wp-content\/uploads\/2017\/11\/sud-bih-8.jpg 675w\" sizes=\"(max-width: 300px) 100vw, 300px\" \/><\/a>Na su\u0111enju za zlo\u010dine po\u010dinjene u ljeto 1992. na podru\u010dju Prijedora, vje\u0161tak Odbrane je iznio nalaz o Ljubijskom bataljonu te naveo da Ranko Babi\u0107 nije mogao izdavati naredbe jer je bio \u201ckonsultant\u201d.<\/p>\n<p>Vje\u0161tak vojne struke Mladen Marinkovi\u0107 je kazao da je bataljon imao \u0161est \u010deta i preko 700 ljudi i da je komandant bataljona bio vojnik, a da je to nedopustivo.<\/p>\n<p>Na upit Odbrane prvooptu\u017eenog Ranka Babi\u0107a ko je mogao izdavati naredbe, Marinkovi\u0107 je odgovorio da je to jedino mogao komandant bataljona.<\/p>\n<p>Kako je rekao u svome nalazu sa\u010dinjenom u novembru, nije do\u0161ao do saznanja da je Babi\u0107 bio rasposre\u0111en u bataljonu, te je kazao da on nije imao nikakvu ulogu. Napomenuo je da Babi\u0107 nije bio ovla\u0161teni oficir i da ga vojnici nisu mogli slu\u0161ati, jer im nije bio pretpostavljeni.<\/p>\n<p>\u201cRanko Babi\u0107 nije uop\u0161te mogao nikome u bataljonu izdati naredbe\u201d, rekao je Marinkovi\u0107.<\/p>\n<p>On je dodao da je veoma specifi\u010dna formacija Ljubijskog bataljona.<\/p>\n<p>Marinkovi\u0107 je naveo da je Babi\u0107 bio \u201ckonsultant\u201d koji je mogao da ode kada \u017eeli, te nije imao ulogu \u201ckao \u0161to su drugi imali\u201d.<\/p>\n<p>Na ovom ro\u010di\u0161tu optu\u017eeni Babi\u0107 se obratio vje\u0161taku pitanjem \u0161ta zna\u010di termin \u201coficir\u201d, koji se spominje uz njegovo ime.<\/p>\n<p>\u201cOficir zna\u010di da imate oficirski \u010din\u201d, kazao je Marinkovi\u0107, objasniv\u0161i da bi neko imao oficirski \u010din, morao je pro\u0107i oficirsku \u0161kolu te razne obuke.<\/p>\n<p>Optu\u017enica tereti Ranka Babi\u0107a, Bratislava Bilbiju i \u0110uru Adamovi\u0107a da su u okviru \u0161irokog i sistemati\u010dnog napada na civilno stanovni\u0161tvo bo\u0161nja\u010dke nacionalnosti na podru\u010dju Prijedora, u svojstvu zapovjednika i pripadnika Vojske Republike Srpske (VRS), postupali protivno odredbama \u017denevskih konvencija o za\u0161titi civilnih osoba za vrijeme rata.<\/p>\n<p>Prema Tu\u017eila\u0161tvu BiH, optu\u017eeni su u augustu 1992. godine do\u0161li u mjesto Ljeskare, zaselak Bukvik, gdje su se nalazili civili bo\u0161nja\u010dke nacionalnosti, te su odvojili vi\u0161e mu\u0161karaca, me\u0111u kojima i maloljetne osobe. Nakon toga, sudjelovali su u mu\u010denju, zlostavljanju i ubistvima civila bo\u0161nja\u010dke nacionalnosti, od kojih su dvije \u017ertve ubijene u Ljeskarama, a trojica civila odvedena u nepoznatom pravcu, od kada im se gubi svaki trag.<\/p>\n<p>Optu\u017eeni Babi\u0107, kao oficir i najstariji po \u010dinu, tereti se da je sudjelovao u po\u010dinjenju zlo\u010dina, te da nije poduzeo mjere kako bi sprije\u010dio zlo\u010din i kaznio po\u010dinitelje, navedeno je iz Tu\u017eila\u0161tva BiH.<\/p>\n<p>Na pitanje Tu\u017eila\u0161tva na osnovu \u010dega je vje\u0161tak zasnovao svoj nalaz, Marinkovi\u0107 je odgovorio da je koristio dokumente koje je dobio od Suda BiH i izjave svjedoka koje je dobio od advokata prvooptu\u017eenog, te je izjave koristio \u201csamo da se upozna\u201d. On je rekao da je pro\u010ditao oko 30 izjava svjedoka.<\/p>\n<p>Na upit koliko svjedoka, od onih \u010dije je izjave pro\u010ditao, ima s vojnim znanjem, vje\u0161tak je odgovorio da ima \u201ckapetan Gu\u0161ac\u201d.<\/p>\n<p>Tu\u017eilac \u0106azim Hasanspahi\u0107 je upitao vje\u0161taka da li je koristio jo\u0161 neke dokumente osim onih koje je dobio u naredbi Suda BiH, a Marinkovi\u0107 je odgovorio da jeste.<\/p>\n<p>Upitan od Tu\u017eila\u0161tva za\u0161to je koristio knjigu \u201cRepublika Srpska u odbrambeno-otad\u017ebinskom ratu\u201d, Marinkovi\u0107 je kazao da je knjigu koristio \u201czbog kriznih \u0161tabova i kompletne situacije\u201d.<\/p>\n<p>Tu\u017eilac je tada pro\u010ditao dio nalaza u kojem je vje\u0161tak naveo da je knjigu koristio \u201cza bolje razumijevanje politi\u010dko-bezbjednosne situacije u Prijedoru\u201d. Tu\u017eilac je rekao da je vje\u0161tak isticao odre\u0111ene subjektivne \u010dinjenice u nalazu.<\/p>\n<p>Na pitanje koja je bila uloga Babi\u0107a u bataljonu, vje\u0161tak je odgovorio \u201cda je povremeno bio uz komandanta bataljona\u201d.<\/p>\n<p>\u201cOn zaista nije imao ulogu, ali je bio u nekakvoj pratnji\u201d, kazao je vje\u0161tak, dodav\u0161i da \u201c\u010dovjek nije bio u vojsci\u201d.<\/p>\n<p>Tu\u017eilac je upitao ko je komandovao bataljonom, a Marinkovi\u0107 je rekao da je to bio Milorad Bilbija, koji je bio vojnik.<\/p>\n<p>\u201cNije bio osposobljen za takvu du\u017enost\u201d, kazao je vje\u0161tak i napomenuo da je sigurno imao propusta.<\/p>\n<p>Tu\u017eilac je rekao da nije imao sve dokumente na koje se vje\u0161tak poziva.<\/p>\n<p>\u201cJa osim tri dokumenta nisam dobio ostale\u201d, kazao je tu\u017eilac, dodav\u0161i da je kori\u0161ten zapisnik o saslu\u0161anju svjedoka koje on ne poznaje.<\/p>\n<p>Zbog navoda vje\u0161taka da je dokumente dobio od advokata, Odbrana prvooptu\u017eenog je upitala Marinkovi\u0107a kada su se njih dvojica prvi put srela, a Marinkovi\u0107 je odgovorio: \u201cDanas i jedini put.\u201d Odbrana je navela da je Marinkovi\u0107 komunicirao s prvooptu\u017eenim Babi\u0107em, a ne s njim.<\/p>\n<p>Saslu\u0161anjem Marinkovi\u0107a zavr\u0161eno je ulaganje dokaza Odbrane prvooptu\u017eenog.<\/p>\n<p>Nastavak su\u0111enja je zakazan za 13. januar.<\/p>\n<p>BIRN<\/p>\n","protected":false},"excerpt":{"rendered":"<p>Na su\u0111enju za zlo\u010dine po\u010dinjene u ljeto 1992. na podru\u010dju Prijedora, vje\u0161tak Odbrane je iznio nalaz o Ljubijskom bataljonu te naveo da Ranko Babi\u0107 nije mogao izdavati naredbe jer je [&hellip;]<\/p>\n","protected":false},"author":1,"featured_media":0,"comment_status":"closed","ping_status":"open","sticky":false,"template":"","format":"standard","meta":{"_monsterinsights_skip_tracking":false,"_monsterinsights_sitenote_active":false,"_monsterinsights_sitenote_note":"","_monsterinsights_sitenote_category":0,"footnotes":""},"categories":[5],"tags":[531],"yoast_head":"<!-- This site is optimized with the Yoast SEO plugin v21.6 - https:\/\/yoast.com\/wordpress\/plugins\/seo\/ -->\n<title>Su\u0111enje Ranko Babi\u0107 i ostali: Optu\u017eeni nije mogao izdavati naredbe u bataljonu - PrijedorDanas.com - Prijedorski gradski portal<\/title>\n<meta name=\"robots\" content=\"index, follow, max-snippet:-1, max-image-preview:large, max-video-preview:-1\" \/>\n<link rel=\"canonical\" href=\"https:\/\/www.prijedordanas.com\/?p=159974\" \/>\n<meta property=\"og:locale\" content=\"en_US\" \/>\n<meta property=\"og:type\" content=\"article\" \/>\n<meta property=\"og:title\" content=\"Su\u0111enje Ranko Babi\u0107 i ostali: Optu\u017eeni nije mogao izdavati naredbe u bataljonu - PrijedorDanas.com - Prijedorski gradski portal\" \/>\n<meta property=\"og:description\" content=\"Na su\u0111enju za zlo\u010dine po\u010dinjene u ljeto 1992. na podru\u010dju Prijedora, vje\u0161tak Odbrane je iznio nalaz o Ljubijskom bataljonu te naveo da Ranko Babi\u0107 nije mogao izdavati naredbe jer je [&hellip;]\" \/>\n<meta property=\"og:url\" content=\"https:\/\/www.prijedordanas.com\/?p=159974\" \/>\n<meta property=\"og:site_name\" content=\"PrijedorDanas.com - Prijedorski gradski portal\" \/>\n<meta property=\"article:publisher\" content=\"https:\/\/www.facebook.com\/PrijedorDanasCom\/\" \/>\n<meta property=\"article:published_time\" content=\"2020-12-25T08:36:59+00:00\" \/>\n<meta property=\"og:image\" content=\"https:\/\/www.prijedordanas.com\/wp-content\/uploads\/2017\/11\/sud-bih-8-300x222.jpg\" \/>\n<meta name=\"author\" content=\"admin\" \/>\n<meta name=\"twitter:card\" content=\"summary_large_image\" \/>\n<meta name=\"twitter:label1\" content=\"Written by\" \/>\n\t<meta name=\"twitter:data1\" content=\"admin\" \/>\n\t<meta name=\"twitter:label2\" content=\"Est. reading time\" \/>\n\t<meta name=\"twitter:data2\" content=\"4 minutes\" \/>\n<script type=\"application\/ld+json\" class=\"yoast-schema-graph\">{\"@context\":\"https:\/\/schema.org\",\"@graph\":[{\"@type\":\"Article\",\"@id\":\"https:\/\/www.prijedordanas.com\/?p=159974#article\",\"isPartOf\":{\"@id\":\"https:\/\/www.prijedordanas.com\/?p=159974\"},\"author\":{\"name\":\"admin\",\"@id\":\"https:\/\/www.prijedordanas.com\/#\/schema\/person\/4e08ccf29b506ca916ff86d46bb700e6\"},\"headline\":\"Su\u0111enje Ranko Babi\u0107 i ostali: Optu\u017eeni nije mogao izdavati naredbe u bataljonu\",\"datePublished\":\"2020-12-25T08:36:59+00:00\",\"dateModified\":\"2020-12-25T08:36:59+00:00\",\"mainEntityOfPage\":{\"@id\":\"https:\/\/www.prijedordanas.com\/?p=159974\"},\"wordCount\":802,\"publisher\":{\"@id\":\"https:\/\/www.prijedordanas.com\/#organization\"},\"keywords\":[\"Sud BiH\"],\"articleSection\":[\"Hronika\"],\"inLanguage\":\"en-US\"},{\"@type\":\"WebPage\",\"@id\":\"https:\/\/www.prijedordanas.com\/?p=159974\",\"url\":\"https:\/\/www.prijedordanas.com\/?p=159974\",\"name\":\"Su\u0111enje Ranko Babi\u0107 i ostali: Optu\u017eeni nije mogao izdavati naredbe u bataljonu - PrijedorDanas.com - Prijedorski gradski portal\",\"isPartOf\":{\"@id\":\"https:\/\/www.prijedordanas.com\/#website\"},\"datePublished\":\"2020-12-25T08:36:59+00:00\",\"dateModified\":\"2020-12-25T08:36:59+00:00\",\"breadcrumb\":{\"@id\":\"https:\/\/www.prijedordanas.com\/?p=159974#breadcrumb\"},\"inLanguage\":\"en-US\",\"potentialAction\":[{\"@type\":\"ReadAction\",\"target\":[\"https:\/\/www.prijedordanas.com\/?p=159974\"]}]},{\"@type\":\"BreadcrumbList\",\"@id\":\"https:\/\/www.prijedordanas.com\/?p=159974#breadcrumb\",\"itemListElement\":[{\"@type\":\"ListItem\",\"position\":1,\"name\":\"Home\",\"item\":\"https:\/\/www.prijedordanas.com\/\"},{\"@type\":\"ListItem\",\"position\":2,\"name\":\"Su\u0111enje Ranko Babi\u0107 i ostali: Optu\u017eeni nije mogao izdavati naredbe u bataljonu\"}]},{\"@type\":\"WebSite\",\"@id\":\"https:\/\/www.prijedordanas.com\/#website\",\"url\":\"https:\/\/www.prijedordanas.com\/\",\"name\":\"PrijedorDanas.com - Prijedorski gradski portal\",\"description\":\"Portal o doga\u0111anjima u gradu Prijedoru\",\"publisher\":{\"@id\":\"https:\/\/www.prijedordanas.com\/#organization\"},\"potentialAction\":[{\"@type\":\"SearchAction\",\"target\":{\"@type\":\"EntryPoint\",\"urlTemplate\":\"https:\/\/www.prijedordanas.com\/?s={search_term_string}\"},\"query-input\":\"required name=search_term_string\"}],\"inLanguage\":\"en-US\"},{\"@type\":\"Organization\",\"@id\":\"https:\/\/www.prijedordanas.com\/#organization\",\"name\":\"PrijedorDanas.com\",\"url\":\"https:\/\/www.prijedordanas.com\/\",\"logo\":{\"@type\":\"ImageObject\",\"inLanguage\":\"en-US\",\"@id\":\"https:\/\/www.prijedordanas.com\/#\/schema\/logo\/image\/\",\"url\":\"http:\/\/www.prijedordanas.com\/wp-content\/uploads\/2021\/12\/logopng.png\",\"contentUrl\":\"http:\/\/www.prijedordanas.com\/wp-content\/uploads\/2021\/12\/logopng.png\",\"width\":1019,\"height\":776,\"caption\":\"PrijedorDanas.com\"},\"image\":{\"@id\":\"https:\/\/www.prijedordanas.com\/#\/schema\/logo\/image\/\"},\"sameAs\":[\"https:\/\/www.facebook.com\/PrijedorDanasCom\/\"]},{\"@type\":\"Person\",\"@id\":\"https:\/\/www.prijedordanas.com\/#\/schema\/person\/4e08ccf29b506ca916ff86d46bb700e6\",\"name\":\"admin\",\"image\":{\"@type\":\"ImageObject\",\"inLanguage\":\"en-US\",\"@id\":\"https:\/\/www.prijedordanas.com\/#\/schema\/person\/image\/\",\"url\":\"https:\/\/secure.gravatar.com\/avatar\/1d3fc949d550f0b53a5f0d51e06dfd79?s=96&d=mm&r=g\",\"contentUrl\":\"https:\/\/secure.gravatar.com\/avatar\/1d3fc949d550f0b53a5f0d51e06dfd79?s=96&d=mm&r=g\",\"caption\":\"admin\"},\"url\":\"https:\/\/www.prijedordanas.com\/?author=1\"}]}<\/script>\n<!-- \/ Yoast SEO plugin. -->","yoast_head_json":{"title":"Su\u0111enje Ranko Babi\u0107 i ostali: Optu\u017eeni nije mogao izdavati naredbe u bataljonu - PrijedorDanas.com - Prijedorski gradski portal","robots":{"index":"index","follow":"follow","max-snippet":"max-snippet:-1","max-image-preview":"max-image-preview:large","max-video-preview":"max-video-preview:-1"},"canonical":"https:\/\/www.prijedordanas.com\/?p=159974","og_locale":"en_US","og_type":"article","og_title":"Su\u0111enje Ranko Babi\u0107 i ostali: Optu\u017eeni nije mogao izdavati naredbe u bataljonu - PrijedorDanas.com - Prijedorski gradski portal","og_description":"Na su\u0111enju za zlo\u010dine po\u010dinjene u ljeto 1992. na podru\u010dju Prijedora, vje\u0161tak Odbrane je iznio nalaz o Ljubijskom bataljonu te naveo da Ranko Babi\u0107 nije mogao izdavati naredbe jer je [&hellip;]","og_url":"https:\/\/www.prijedordanas.com\/?p=159974","og_site_name":"PrijedorDanas.com - Prijedorski gradski portal","article_publisher":"https:\/\/www.facebook.com\/PrijedorDanasCom\/","article_published_time":"2020-12-25T08:36:59+00:00","og_image":[{"url":"https:\/\/www.prijedordanas.com\/wp-content\/uploads\/2017\/11\/sud-bih-8-300x222.jpg"}],"author":"admin","twitter_card":"summary_large_image","twitter_misc":{"Written by":"admin","Est. reading time":"4 minutes"},"schema":{"@context":"https:\/\/schema.org","@graph":[{"@type":"Article","@id":"https:\/\/www.prijedordanas.com\/?p=159974#article","isPartOf":{"@id":"https:\/\/www.prijedordanas.com\/?p=159974"},"author":{"name":"admin","@id":"https:\/\/www.prijedordanas.com\/#\/schema\/person\/4e08ccf29b506ca916ff86d46bb700e6"},"headline":"Su\u0111enje Ranko Babi\u0107 i ostali: Optu\u017eeni nije mogao izdavati naredbe u bataljonu","datePublished":"2020-12-25T08:36:59+00:00","dateModified":"2020-12-25T08:36:59+00:00","mainEntityOfPage":{"@id":"https:\/\/www.prijedordanas.com\/?p=159974"},"wordCount":802,"publisher":{"@id":"https:\/\/www.prijedordanas.com\/#organization"},"keywords":["Sud BiH"],"articleSection":["Hronika"],"inLanguage":"en-US"},{"@type":"WebPage","@id":"https:\/\/www.prijedordanas.com\/?p=159974","url":"https:\/\/www.prijedordanas.com\/?p=159974","name":"Su\u0111enje Ranko Babi\u0107 i ostali: Optu\u017eeni nije mogao izdavati naredbe u bataljonu - PrijedorDanas.com - Prijedorski gradski portal","isPartOf":{"@id":"https:\/\/www.prijedordanas.com\/#website"},"datePublished":"2020-12-25T08:36:59+00:00","dateModified":"2020-12-25T08:36:59+00:00","breadcrumb":{"@id":"https:\/\/www.prijedordanas.com\/?p=159974#breadcrumb"},"inLanguage":"en-US","potentialAction":[{"@type":"ReadAction","target":["https:\/\/www.prijedordanas.com\/?p=159974"]}]},{"@type":"BreadcrumbList","@id":"https:\/\/www.prijedordanas.com\/?p=159974#breadcrumb","itemListElement":[{"@type":"ListItem","position":1,"name":"Home","item":"https:\/\/www.prijedordanas.com\/"},{"@type":"ListItem","position":2,"name":"Su\u0111enje Ranko Babi\u0107 i ostali: Optu\u017eeni nije mogao izdavati naredbe u bataljonu"}]},{"@type":"WebSite","@id":"https:\/\/www.prijedordanas.com\/#website","url":"https:\/\/www.prijedordanas.com\/","name":"PrijedorDanas.com - Prijedorski gradski portal","description":"Portal o doga\u0111anjima u gradu Prijedoru","publisher":{"@id":"https:\/\/www.prijedordanas.com\/#organization"},"potentialAction":[{"@type":"SearchAction","target":{"@type":"EntryPoint","urlTemplate":"https:\/\/www.prijedordanas.com\/?s={search_term_string}"},"query-input":"required name=search_term_string"}],"inLanguage":"en-US"},{"@type":"Organization","@id":"https:\/\/www.prijedordanas.com\/#organization","name":"PrijedorDanas.com","url":"https:\/\/www.prijedordanas.com\/","logo":{"@type":"ImageObject","inLanguage":"en-US","@id":"https:\/\/www.prijedordanas.com\/#\/schema\/logo\/image\/","url":"http:\/\/www.prijedordanas.com\/wp-content\/uploads\/2021\/12\/logopng.png","contentUrl":"http:\/\/www.prijedordanas.com\/wp-content\/uploads\/2021\/12\/logopng.png","width":1019,"height":776,"caption":"PrijedorDanas.com"},"image":{"@id":"https:\/\/www.prijedordanas.com\/#\/schema\/logo\/image\/"},"sameAs":["https:\/\/www.facebook.com\/PrijedorDanasCom\/"]},{"@type":"Person","@id":"https:\/\/www.prijedordanas.com\/#\/schema\/person\/4e08ccf29b506ca916ff86d46bb700e6","name":"admin","image":{"@type":"ImageObject","inLanguage":"en-US","@id":"https:\/\/www.prijedordanas.com\/#\/schema\/person\/image\/","url":"https:\/\/secure.gravatar.com\/avatar\/1d3fc949d550f0b53a5f0d51e06dfd79?s=96&d=mm&r=g","contentUrl":"https:\/\/secure.gravatar.com\/avatar\/1d3fc949d550f0b53a5f0d51e06dfd79?s=96&d=mm&r=g","caption":"admin"},"url":"https:\/\/www.prijedordanas.com\/?author=1"}]}},"_links":{"self":[{"href":"https:\/\/www.prijedordanas.com\/index.php?rest_route=\/wp\/v2\/posts\/159974"}],"collection":[{"href":"https:\/\/www.prijedordanas.com\/index.php?rest_route=\/wp\/v2\/posts"}],"about":[{"href":"https:\/\/www.prijedordanas.com\/index.php?rest_route=\/wp\/v2\/types\/post"}],"author":[{"embeddable":true,"href":"https:\/\/www.prijedordanas.com\/index.php?rest_route=\/wp\/v2\/users\/1"}],"replies":[{"embeddable":true,"href":"https:\/\/www.prijedordanas.com\/index.php?rest_route=%2Fwp%2Fv2%2Fcomments&post=159974"}],"version-history":[{"count":2,"href":"https:\/\/www.prijedordanas.com\/index.php?rest_route=\/wp\/v2\/posts\/159974\/revisions"}],"predecessor-version":[{"id":160009,"href":"https:\/\/www.prijedordanas.com\/index.php?rest_route=\/wp\/v2\/posts\/159974\/revisions\/160009"}],"wp:attachment":[{"href":"https:\/\/www.prijedordanas.com\/index.php?rest_route=%2Fwp%2Fv2%2Fmedia&parent=159974"}],"wp:term":[{"taxonomy":"category","embeddable":true,"href":"https:\/\/www.prijedordanas.com\/index.php?rest_route=%2Fwp%2Fv2%2Fcategories&post=159974"},{"taxonomy":"post_tag","embeddable":true,"href":"https:\/\/www.prijedordanas.com\/index.php?rest_route=%2Fwp%2Fv2%2Ftags&post=159974"}],"curies":[{"name":"wp","href":"https:\/\/api.w.org\/{rel}","templated":true}]}}