{"id":159579,"date":"2020-12-15T12:57:38","date_gmt":"2020-12-15T11:57:38","guid":{"rendered":"https:\/\/www.prijedordanas.com\/?p=159579"},"modified":"2020-12-15T12:57:38","modified_gmt":"2020-12-15T11:57:38","slug":"teturao-se-putem-i-vikao-joj-sine-moj-jedini-detalji-krvavog-obracuna-kod-omarske-uhapseni-otac-i-sestric-ubijenog-cobanina","status":"publish","type":"post","link":"https:\/\/www.prijedordanas.com\/?p=159579","title":{"rendered":"Teturao se putem i vikao &#8220;Joj, sine moj jedini&#8221;: Detalji krvavog obra\u010duna kod Omarske-uhap\u0161eni otac i sestri\u0107 ubijenog \u010dobanina"},"content":{"rendered":"<p><a href=\"https:\/\/www.prijedordanas.com\/wp-content\/uploads\/2020\/12\/novostirs-ubistvo-cobanina-1.jpg\"><img loading=\"lazy\" decoding=\"async\" class=\"alignleft size-medium wp-image-159581\" src=\"https:\/\/www.prijedordanas.com\/wp-content\/uploads\/2020\/12\/novostirs-ubistvo-cobanina-1-300x225.jpg\" alt=\"\" width=\"300\" height=\"225\" srcset=\"https:\/\/www.prijedordanas.com\/wp-content\/uploads\/2020\/12\/novostirs-ubistvo-cobanina-1-300x225.jpg 300w, https:\/\/www.prijedordanas.com\/wp-content\/uploads\/2020\/12\/novostirs-ubistvo-cobanina-1-640x480.jpg 640w, https:\/\/www.prijedordanas.com\/wp-content\/uploads\/2020\/12\/novostirs-ubistvo-cobanina-1.jpg 667w\" sizes=\"(max-width: 300px) 100vw, 300px\" \/><\/a>Dra\u017eenko M. (41) sa Manja\u010de ubijen je preksino\u0107 no\u017eem u krvavom obra\u010dunu izme\u0111u trojice \u010dobana u selu Gornja Lamovita kod Omarske Zbog sumnje da su u\u010destvovali u zlo\u010dinu uhap\u0161eni su njegov otac Stojan M., kao i njegov sestri\u0107 Radovan B. iz Kme\u0107ana.<\/p>\n<p>Zlo\u010din se dogodio oko 22.45 \u010dasova kod \u0161atora u kojem su \u010dobani spavali. Prvo je do\u0161lo do sva\u0111e, a zatim i tu\u010de me\u0111u \u010dobanima. Ta\u010dne okolnosti ubistva se utvr\u0111uju, a prvi rezultati istrage ukazuju da je Stojan no\u017eem ubo Dra\u017eenka u stomak. U obra\u010dunu je i on sam ranjen i imao je povrede po glavi i ruci.<\/p>\n<p>Me\u0161tani pri\u010daju da su ranije tokom dana Dra\u017eenko i Radovan pili u obli\u017enjim kafana. Nakon \u0161to su se vratili do \u0161atora i stada ovaca koje su \u010duvali do\u0161lo je do sva\u0111e. Niko ta\u010dno ne zna kako se sve odigralo,a me\u0161tani pri\u010daju da su \u010duli galamu, te da je Radovan u jednom trenutku u\u0161ao u jednu ku\u0107u tra\u017ee\u0107i pomo\u0107.<\/p>\n<p><a href=\"https:\/\/www.prijedordanas.com\/wp-content\/uploads\/2020\/12\/novostirs-ubistvo-cobanina-2.jpg\"><img loading=\"lazy\" decoding=\"async\" src=\"https:\/\/www.prijedordanas.com\/wp-content\/uploads\/2020\/12\/novostirs-ubistvo-cobanina-2-300x225.jpg\" alt=\"\" width=\"300\" height=\"225\" class=\"alignleft size-medium wp-image-159582\" srcset=\"https:\/\/www.prijedordanas.com\/wp-content\/uploads\/2020\/12\/novostirs-ubistvo-cobanina-2-300x225.jpg 300w, https:\/\/www.prijedordanas.com\/wp-content\/uploads\/2020\/12\/novostirs-ubistvo-cobanina-2-640x480.jpg 640w, https:\/\/www.prijedordanas.com\/wp-content\/uploads\/2020\/12\/novostirs-ubistvo-cobanina-2.jpg 667w\" sizes=\"(max-width: 300px) 100vw, 300px\" \/><\/a>&#8211; U\u0161ao je u ku\u0107u, u \u010darapama koje su bile krvave. Sav je bio mokar i vikao je spasavajte me ganja me no\u017eem. Zaklju\u010dali smo ku\u0107u i zvali policiju, koja je vrlo brzo do\u0161la &#8211; pri\u010da jedna me\u0161tanka.<\/p>\n<p>Ona ka\u017ee da je pred ku\u0107u do\u0161ao i Stojan.<\/p>\n<p>&#8211; Bio je sav krvav. Imao je povredu na glavi, kao i ruci. Na kraju je jaukao i dozivao pomo\u0107. Teturao je putem i vikao: &#8220;joj, sine moj jedini&#8221; &#8211; ka\u017eu me\u0161tani, navode\u0107i da je policija nakon uvi\u0111aja uhapsila obojicu.<\/p>\n<p>Nezvani\u010dno saznajemo da su \u010dobani na ovaj teren \u010desto dolazili i dovodili stoku na ispa\u0161u. Na livadi, na kojoj se zlo\u010din dogodio proveli su nekoliko dana i ve\u0107 danas su trebali da se presele na drugu njivu.<\/p>\n<p>novosti.rs<\/p>\n","protected":false},"excerpt":{"rendered":"<p>Dra\u017eenko M. (41) sa Manja\u010de ubijen je preksino\u0107 no\u017eem u krvavom obra\u010dunu izme\u0111u trojice \u010dobana u selu Gornja Lamovita kod Omarske Zbog sumnje da su u\u010destvovali u zlo\u010dinu uhap\u0161eni su [&hellip;]<\/p>\n","protected":false},"author":1,"featured_media":0,"comment_status":"closed","ping_status":"open","sticky":false,"template":"","format":"standard","meta":{"_monsterinsights_skip_tracking":false,"_monsterinsights_sitenote_active":false,"_monsterinsights_sitenote_note":"","_monsterinsights_sitenote_category":0,"footnotes":""},"categories":[5],"tags":[],"yoast_head":"<!-- This site is optimized with the Yoast SEO plugin v21.6 - https:\/\/yoast.com\/wordpress\/plugins\/seo\/ -->\n<title>Teturao se putem i vikao &quot;Joj, sine moj jedini&quot;: Detalji krvavog obra\u010duna kod Omarske-uhap\u0161eni otac i sestri\u0107 ubijenog \u010dobanina - PrijedorDanas.com - Prijedorski gradski portal<\/title>\n<meta name=\"robots\" content=\"index, follow, max-snippet:-1, max-image-preview:large, max-video-preview:-1\" \/>\n<link rel=\"canonical\" href=\"https:\/\/www.prijedordanas.com\/?p=159579\" \/>\n<meta property=\"og:locale\" content=\"en_US\" \/>\n<meta property=\"og:type\" content=\"article\" \/>\n<meta property=\"og:title\" content=\"Teturao se putem i vikao &quot;Joj, sine moj jedini&quot;: Detalji krvavog obra\u010duna kod Omarske-uhap\u0161eni otac i sestri\u0107 ubijenog \u010dobanina - PrijedorDanas.com - Prijedorski gradski portal\" \/>\n<meta property=\"og:description\" content=\"Dra\u017eenko M. (41) sa Manja\u010de ubijen je preksino\u0107 no\u017eem u krvavom obra\u010dunu izme\u0111u trojice \u010dobana u selu Gornja Lamovita kod Omarske Zbog sumnje da su u\u010destvovali u zlo\u010dinu uhap\u0161eni su [&hellip;]\" \/>\n<meta property=\"og:url\" content=\"https:\/\/www.prijedordanas.com\/?p=159579\" \/>\n<meta property=\"og:site_name\" content=\"PrijedorDanas.com - Prijedorski gradski portal\" \/>\n<meta property=\"article:publisher\" content=\"https:\/\/www.facebook.com\/PrijedorDanasCom\/\" \/>\n<meta property=\"article:published_time\" content=\"2020-12-15T11:57:38+00:00\" \/>\n<meta property=\"og:image\" content=\"https:\/\/www.prijedordanas.com\/wp-content\/uploads\/2020\/12\/novostirs-ubistvo-cobanina-1-300x225.jpg\" \/>\n<meta name=\"author\" content=\"admin\" \/>\n<meta name=\"twitter:card\" content=\"summary_large_image\" \/>\n<meta name=\"twitter:label1\" content=\"Written by\" \/>\n\t<meta name=\"twitter:data1\" content=\"admin\" \/>\n\t<meta name=\"twitter:label2\" content=\"Est. reading time\" \/>\n\t<meta name=\"twitter:data2\" content=\"2 minutes\" \/>\n<script type=\"application\/ld+json\" class=\"yoast-schema-graph\">{\"@context\":\"https:\/\/schema.org\",\"@graph\":[{\"@type\":\"Article\",\"@id\":\"https:\/\/www.prijedordanas.com\/?p=159579#article\",\"isPartOf\":{\"@id\":\"https:\/\/www.prijedordanas.com\/?p=159579\"},\"author\":{\"name\":\"admin\",\"@id\":\"https:\/\/www.prijedordanas.com\/#\/schema\/person\/4e08ccf29b506ca916ff86d46bb700e6\"},\"headline\":\"Teturao se putem i vikao &#8220;Joj, sine moj jedini&#8221;: Detalji krvavog obra\u010duna kod Omarske-uhap\u0161eni otac i sestri\u0107 ubijenog \u010dobanina\",\"datePublished\":\"2020-12-15T11:57:38+00:00\",\"dateModified\":\"2020-12-15T11:57:38+00:00\",\"mainEntityOfPage\":{\"@id\":\"https:\/\/www.prijedordanas.com\/?p=159579\"},\"wordCount\":353,\"publisher\":{\"@id\":\"https:\/\/www.prijedordanas.com\/#organization\"},\"articleSection\":[\"Hronika\"],\"inLanguage\":\"en-US\"},{\"@type\":\"WebPage\",\"@id\":\"https:\/\/www.prijedordanas.com\/?p=159579\",\"url\":\"https:\/\/www.prijedordanas.com\/?p=159579\",\"name\":\"Teturao se putem i vikao \\\"Joj, sine moj jedini\\\": Detalji krvavog obra\u010duna kod Omarske-uhap\u0161eni otac i sestri\u0107 ubijenog \u010dobanina - PrijedorDanas.com - Prijedorski gradski portal\",\"isPartOf\":{\"@id\":\"https:\/\/www.prijedordanas.com\/#website\"},\"datePublished\":\"2020-12-15T11:57:38+00:00\",\"dateModified\":\"2020-12-15T11:57:38+00:00\",\"breadcrumb\":{\"@id\":\"https:\/\/www.prijedordanas.com\/?p=159579#breadcrumb\"},\"inLanguage\":\"en-US\",\"potentialAction\":[{\"@type\":\"ReadAction\",\"target\":[\"https:\/\/www.prijedordanas.com\/?p=159579\"]}]},{\"@type\":\"BreadcrumbList\",\"@id\":\"https:\/\/www.prijedordanas.com\/?p=159579#breadcrumb\",\"itemListElement\":[{\"@type\":\"ListItem\",\"position\":1,\"name\":\"Home\",\"item\":\"https:\/\/www.prijedordanas.com\/\"},{\"@type\":\"ListItem\",\"position\":2,\"name\":\"Teturao se putem i vikao &#8220;Joj, sine moj jedini&#8221;: Detalji krvavog obra\u010duna kod Omarske-uhap\u0161eni otac i sestri\u0107 ubijenog \u010dobanina\"}]},{\"@type\":\"WebSite\",\"@id\":\"https:\/\/www.prijedordanas.com\/#website\",\"url\":\"https:\/\/www.prijedordanas.com\/\",\"name\":\"PrijedorDanas.com - Prijedorski gradski portal\",\"description\":\"Portal o doga\u0111anjima u gradu Prijedoru\",\"publisher\":{\"@id\":\"https:\/\/www.prijedordanas.com\/#organization\"},\"potentialAction\":[{\"@type\":\"SearchAction\",\"target\":{\"@type\":\"EntryPoint\",\"urlTemplate\":\"https:\/\/www.prijedordanas.com\/?s={search_term_string}\"},\"query-input\":\"required name=search_term_string\"}],\"inLanguage\":\"en-US\"},{\"@type\":\"Organization\",\"@id\":\"https:\/\/www.prijedordanas.com\/#organization\",\"name\":\"PrijedorDanas.com\",\"url\":\"https:\/\/www.prijedordanas.com\/\",\"logo\":{\"@type\":\"ImageObject\",\"inLanguage\":\"en-US\",\"@id\":\"https:\/\/www.prijedordanas.com\/#\/schema\/logo\/image\/\",\"url\":\"http:\/\/www.prijedordanas.com\/wp-content\/uploads\/2021\/12\/logopng.png\",\"contentUrl\":\"http:\/\/www.prijedordanas.com\/wp-content\/uploads\/2021\/12\/logopng.png\",\"width\":1019,\"height\":776,\"caption\":\"PrijedorDanas.com\"},\"image\":{\"@id\":\"https:\/\/www.prijedordanas.com\/#\/schema\/logo\/image\/\"},\"sameAs\":[\"https:\/\/www.facebook.com\/PrijedorDanasCom\/\"]},{\"@type\":\"Person\",\"@id\":\"https:\/\/www.prijedordanas.com\/#\/schema\/person\/4e08ccf29b506ca916ff86d46bb700e6\",\"name\":\"admin\",\"image\":{\"@type\":\"ImageObject\",\"inLanguage\":\"en-US\",\"@id\":\"https:\/\/www.prijedordanas.com\/#\/schema\/person\/image\/\",\"url\":\"https:\/\/secure.gravatar.com\/avatar\/1d3fc949d550f0b53a5f0d51e06dfd79?s=96&d=mm&r=g\",\"contentUrl\":\"https:\/\/secure.gravatar.com\/avatar\/1d3fc949d550f0b53a5f0d51e06dfd79?s=96&d=mm&r=g\",\"caption\":\"admin\"},\"url\":\"https:\/\/www.prijedordanas.com\/?author=1\"}]}<\/script>\n<!-- \/ Yoast SEO plugin. -->","yoast_head_json":{"title":"Teturao se putem i vikao \"Joj, sine moj jedini\": Detalji krvavog obra\u010duna kod Omarske-uhap\u0161eni otac i sestri\u0107 ubijenog \u010dobanina - PrijedorDanas.com - Prijedorski gradski portal","robots":{"index":"index","follow":"follow","max-snippet":"max-snippet:-1","max-image-preview":"max-image-preview:large","max-video-preview":"max-video-preview:-1"},"canonical":"https:\/\/www.prijedordanas.com\/?p=159579","og_locale":"en_US","og_type":"article","og_title":"Teturao se putem i vikao \"Joj, sine moj jedini\": Detalji krvavog obra\u010duna kod Omarske-uhap\u0161eni otac i sestri\u0107 ubijenog \u010dobanina - PrijedorDanas.com - Prijedorski gradski portal","og_description":"Dra\u017eenko M. (41) sa Manja\u010de ubijen je preksino\u0107 no\u017eem u krvavom obra\u010dunu izme\u0111u trojice \u010dobana u selu Gornja Lamovita kod Omarske Zbog sumnje da su u\u010destvovali u zlo\u010dinu uhap\u0161eni su [&hellip;]","og_url":"https:\/\/www.prijedordanas.com\/?p=159579","og_site_name":"PrijedorDanas.com - Prijedorski gradski portal","article_publisher":"https:\/\/www.facebook.com\/PrijedorDanasCom\/","article_published_time":"2020-12-15T11:57:38+00:00","og_image":[{"url":"https:\/\/www.prijedordanas.com\/wp-content\/uploads\/2020\/12\/novostirs-ubistvo-cobanina-1-300x225.jpg"}],"author":"admin","twitter_card":"summary_large_image","twitter_misc":{"Written by":"admin","Est. reading time":"2 minutes"},"schema":{"@context":"https:\/\/schema.org","@graph":[{"@type":"Article","@id":"https:\/\/www.prijedordanas.com\/?p=159579#article","isPartOf":{"@id":"https:\/\/www.prijedordanas.com\/?p=159579"},"author":{"name":"admin","@id":"https:\/\/www.prijedordanas.com\/#\/schema\/person\/4e08ccf29b506ca916ff86d46bb700e6"},"headline":"Teturao se putem i vikao &#8220;Joj, sine moj jedini&#8221;: Detalji krvavog obra\u010duna kod Omarske-uhap\u0161eni otac i sestri\u0107 ubijenog \u010dobanina","datePublished":"2020-12-15T11:57:38+00:00","dateModified":"2020-12-15T11:57:38+00:00","mainEntityOfPage":{"@id":"https:\/\/www.prijedordanas.com\/?p=159579"},"wordCount":353,"publisher":{"@id":"https:\/\/www.prijedordanas.com\/#organization"},"articleSection":["Hronika"],"inLanguage":"en-US"},{"@type":"WebPage","@id":"https:\/\/www.prijedordanas.com\/?p=159579","url":"https:\/\/www.prijedordanas.com\/?p=159579","name":"Teturao se putem i vikao \"Joj, sine moj jedini\": Detalji krvavog obra\u010duna kod Omarske-uhap\u0161eni otac i sestri\u0107 ubijenog \u010dobanina - PrijedorDanas.com - Prijedorski gradski portal","isPartOf":{"@id":"https:\/\/www.prijedordanas.com\/#website"},"datePublished":"2020-12-15T11:57:38+00:00","dateModified":"2020-12-15T11:57:38+00:00","breadcrumb":{"@id":"https:\/\/www.prijedordanas.com\/?p=159579#breadcrumb"},"inLanguage":"en-US","potentialAction":[{"@type":"ReadAction","target":["https:\/\/www.prijedordanas.com\/?p=159579"]}]},{"@type":"BreadcrumbList","@id":"https:\/\/www.prijedordanas.com\/?p=159579#breadcrumb","itemListElement":[{"@type":"ListItem","position":1,"name":"Home","item":"https:\/\/www.prijedordanas.com\/"},{"@type":"ListItem","position":2,"name":"Teturao se putem i vikao &#8220;Joj, sine moj jedini&#8221;: Detalji krvavog obra\u010duna kod Omarske-uhap\u0161eni otac i sestri\u0107 ubijenog \u010dobanina"}]},{"@type":"WebSite","@id":"https:\/\/www.prijedordanas.com\/#website","url":"https:\/\/www.prijedordanas.com\/","name":"PrijedorDanas.com - Prijedorski gradski portal","description":"Portal o doga\u0111anjima u gradu Prijedoru","publisher":{"@id":"https:\/\/www.prijedordanas.com\/#organization"},"potentialAction":[{"@type":"SearchAction","target":{"@type":"EntryPoint","urlTemplate":"https:\/\/www.prijedordanas.com\/?s={search_term_string}"},"query-input":"required name=search_term_string"}],"inLanguage":"en-US"},{"@type":"Organization","@id":"https:\/\/www.prijedordanas.com\/#organization","name":"PrijedorDanas.com","url":"https:\/\/www.prijedordanas.com\/","logo":{"@type":"ImageObject","inLanguage":"en-US","@id":"https:\/\/www.prijedordanas.com\/#\/schema\/logo\/image\/","url":"http:\/\/www.prijedordanas.com\/wp-content\/uploads\/2021\/12\/logopng.png","contentUrl":"http:\/\/www.prijedordanas.com\/wp-content\/uploads\/2021\/12\/logopng.png","width":1019,"height":776,"caption":"PrijedorDanas.com"},"image":{"@id":"https:\/\/www.prijedordanas.com\/#\/schema\/logo\/image\/"},"sameAs":["https:\/\/www.facebook.com\/PrijedorDanasCom\/"]},{"@type":"Person","@id":"https:\/\/www.prijedordanas.com\/#\/schema\/person\/4e08ccf29b506ca916ff86d46bb700e6","name":"admin","image":{"@type":"ImageObject","inLanguage":"en-US","@id":"https:\/\/www.prijedordanas.com\/#\/schema\/person\/image\/","url":"https:\/\/secure.gravatar.com\/avatar\/1d3fc949d550f0b53a5f0d51e06dfd79?s=96&d=mm&r=g","contentUrl":"https:\/\/secure.gravatar.com\/avatar\/1d3fc949d550f0b53a5f0d51e06dfd79?s=96&d=mm&r=g","caption":"admin"},"url":"https:\/\/www.prijedordanas.com\/?author=1"}]}},"_links":{"self":[{"href":"https:\/\/www.prijedordanas.com\/index.php?rest_route=\/wp\/v2\/posts\/159579"}],"collection":[{"href":"https:\/\/www.prijedordanas.com\/index.php?rest_route=\/wp\/v2\/posts"}],"about":[{"href":"https:\/\/www.prijedordanas.com\/index.php?rest_route=\/wp\/v2\/types\/post"}],"author":[{"embeddable":true,"href":"https:\/\/www.prijedordanas.com\/index.php?rest_route=\/wp\/v2\/users\/1"}],"replies":[{"embeddable":true,"href":"https:\/\/www.prijedordanas.com\/index.php?rest_route=%2Fwp%2Fv2%2Fcomments&post=159579"}],"version-history":[{"count":2,"href":"https:\/\/www.prijedordanas.com\/index.php?rest_route=\/wp\/v2\/posts\/159579\/revisions"}],"predecessor-version":[{"id":159583,"href":"https:\/\/www.prijedordanas.com\/index.php?rest_route=\/wp\/v2\/posts\/159579\/revisions\/159583"}],"wp:attachment":[{"href":"https:\/\/www.prijedordanas.com\/index.php?rest_route=%2Fwp%2Fv2%2Fmedia&parent=159579"}],"wp:term":[{"taxonomy":"category","embeddable":true,"href":"https:\/\/www.prijedordanas.com\/index.php?rest_route=%2Fwp%2Fv2%2Fcategories&post=159579"},{"taxonomy":"post_tag","embeddable":true,"href":"https:\/\/www.prijedordanas.com\/index.php?rest_route=%2Fwp%2Fv2%2Ftags&post=159579"}],"curies":[{"name":"wp","href":"https:\/\/api.w.org\/{rel}","templated":true}]}}