{"id":159529,"date":"2020-12-14T17:30:02","date_gmt":"2020-12-14T16:30:02","guid":{"rendered":"https:\/\/www.prijedordanas.com\/?p=159529"},"modified":"2020-12-14T17:30:02","modified_gmt":"2020-12-14T16:30:02","slug":"mjestanka-lamovite-za-nezavisne-o-sinocnjem-ubistvu-zakukao-za-sinom-jedincem","status":"publish","type":"post","link":"https:\/\/www.prijedordanas.com\/?p=159529","title":{"rendered":"Mje\u0161tanka Lamovite za &#8220;Nezavisne&#8221; o sino\u0107njem ubistvu: Zakukao za sinom jedincem"},"content":{"rendered":"<p><a href=\"https:\/\/www.prijedordanas.com\/wp-content\/uploads\/2020\/12\/nezavisne-ubistvo-lamovita.jpg\"><img loading=\"lazy\" decoding=\"async\" src=\"https:\/\/www.prijedordanas.com\/wp-content\/uploads\/2020\/12\/nezavisne-ubistvo-lamovita-300x225.jpg\" alt=\"\" width=\"300\" height=\"225\" class=\"alignleft size-medium wp-image-159530\" srcset=\"https:\/\/www.prijedordanas.com\/wp-content\/uploads\/2020\/12\/nezavisne-ubistvo-lamovita-300x225.jpg 300w, https:\/\/www.prijedordanas.com\/wp-content\/uploads\/2020\/12\/nezavisne-ubistvo-lamovita-640x480.jpg 640w, https:\/\/www.prijedordanas.com\/wp-content\/uploads\/2020\/12\/nezavisne-ubistvo-lamovita.jpg 667w\" sizes=\"(max-width: 300px) 100vw, 300px\" \/><\/a>\u010coban Dra\u017eenko Ma\u010dki\u0107 (41) sa Manja\u010de nastradao je u nedjelju nave\u010de kada je uboden no\u017eem, nakon porodi\u010dnog obra\u010duna trojice mu\u0161karaca na livadi u Gornjoj Lamovitoj, kod Prijedora, gdje su \u010duvali stado.<\/p>\n<p>Kako nam je potvr\u0111eno, policija je nakon ovog krvavog sukoba uhapsila njegovog oca Stojana (68) i ro\u0111aka Radovana Batara (30).<\/p>\n<p>Na licu mjesta, zatekli smo veliko stado ovaca, nekoliko magaraca, krvave tragove i dvojicu mu\u0161karaca koji kako kratko ka\u017eu, pakuju li\u010dne stvari koje su nomadi ostavili.<\/p>\n<p>Kako nam je danas ispri\u010dala mje\u0161tanka, kobne no\u0107i ne\u0161to prije 23 \u010dasa u ku\u0107u joj je upao nepoznat mu\u0161karac i rekao joj da zove policiju jer \u0107e ga ro\u0111ak ubiti.<\/p>\n<p>Isti\u010de da se skamenila od straha, ali da je zaklju\u010dala vrata i dala mu telefon da zove policiju.<\/p>\n<p>Ubrzo je ka\u017ee, do\u0161la i policija, a jedan stariji mu\u0161karac kukao je za sinom i jaukao da mu je nastradao jedinac.<\/p>\n<p>&#8220;\u010culi smo kasnije da je neko ubijen tamo livadi gdje im je bio \u0161ator. Ne znamo \u0161ta se desilo, bili smo prepla\u0161eni. Ne poznajem te ljude, \u010duvali su tu stado&#8221;, rekla je mje\u0161tanka.<\/p>\n<p>Od drugih mje\u0161tana saznali smo da su trojica mu\u0161karaca iz Banjaluke te da su nomadi koji su ranije \u010duvali ovce i magarce u tim krajevima.<\/p>\n<p>Kobne no\u0107i, kako ka\u017eu mje\u0161tani, dvojica mla\u0111ih mu\u0161karaca, koje su vi\u0111ali i ranije, pili su u lokalnoj kafani pa pretpostavljaju da je i alkohol mogao kumovati krvavom sukobu.<\/p>\n<p>Policija je danas vr\u0161ila uvi\u0111aj na mjestu ubistva i tek nakon kriminalisti\u010dke obrade uhap\u0161enih, ispitivanja pred tu\u017eiocem kao i obdukcije tijela nastradalog, bi\u0107e preciznije jasno \u0161ta se ta\u010dno desilo, jer na mra\u010dnoj livadi gdje se desio zlo\u010din, nije bilo drugih svjedoka.<\/p>\n<p>Saznajemo da je ubijeni mu\u0161karac uboden ispod rebara, a danas nije bilo poznato ko je od dvojice uhap\u0161enih osumnji\u010den da je po\u010dinio ovaj zlo\u010din.<\/p>\n<p>Iz Policijske uprave Prijedor je danas saop\u0161teno da je Banjalu\u010danin D.M. podlegao povredama koje je zadobio tokom tu\u010de u mjestu Lamovita kod Omarske.<\/p>\n<p>Iz policije su dodali da su osim nastradalog Banjalu\u010danina u tu\u010di u\u010destvovali i njegovi sugra\u0111ani R.B. i S.M koji su uhap\u0161eni.<\/p>\n<p>&#8220;Policijskoj upravi Prijedor, u nedjelju oko 22.45, prijavljeno je da je istog dana, neposredno prije prijave, u mjestu Lamovita, u Omarskoj, do\u0161lo do me\u0111usobnog fizi\u010dkog sukoba tri osobe iz Banjaluke, u kojem je usljed zadobijenih povreda jedna osoba smrtno stradala&#8221;, saop\u0161teno je iz Policijske uprave Prijedor.<\/p>\n<p>nezavisne.com<\/p>\n","protected":false},"excerpt":{"rendered":"<p>\u010coban Dra\u017eenko Ma\u010dki\u0107 (41) sa Manja\u010de nastradao je u nedjelju nave\u010de kada je uboden no\u017eem, nakon porodi\u010dnog obra\u010duna trojice mu\u0161karaca na livadi u Gornjoj Lamovitoj, kod Prijedora, gdje su \u010duvali [&hellip;]<\/p>\n","protected":false},"author":1,"featured_media":0,"comment_status":"closed","ping_status":"open","sticky":false,"template":"","format":"standard","meta":{"_monsterinsights_skip_tracking":false,"_monsterinsights_sitenote_active":false,"_monsterinsights_sitenote_note":"","_monsterinsights_sitenote_category":0,"footnotes":""},"categories":[5],"tags":[],"yoast_head":"<!-- This site is optimized with the Yoast SEO plugin v21.6 - https:\/\/yoast.com\/wordpress\/plugins\/seo\/ -->\n<title>Mje\u0161tanka Lamovite za &quot;Nezavisne&quot; o sino\u0107njem ubistvu: Zakukao za sinom jedincem - PrijedorDanas.com - Prijedorski gradski portal<\/title>\n<meta name=\"robots\" content=\"index, follow, max-snippet:-1, max-image-preview:large, max-video-preview:-1\" \/>\n<link rel=\"canonical\" href=\"https:\/\/www.prijedordanas.com\/?p=159529\" \/>\n<meta property=\"og:locale\" content=\"en_US\" \/>\n<meta property=\"og:type\" content=\"article\" \/>\n<meta property=\"og:title\" content=\"Mje\u0161tanka Lamovite za &quot;Nezavisne&quot; o sino\u0107njem ubistvu: Zakukao za sinom jedincem - PrijedorDanas.com - Prijedorski gradski portal\" \/>\n<meta property=\"og:description\" content=\"\u010coban Dra\u017eenko Ma\u010dki\u0107 (41) sa Manja\u010de nastradao je u nedjelju nave\u010de kada je uboden no\u017eem, nakon porodi\u010dnog obra\u010duna trojice mu\u0161karaca na livadi u Gornjoj Lamovitoj, kod Prijedora, gdje su \u010duvali [&hellip;]\" \/>\n<meta property=\"og:url\" content=\"https:\/\/www.prijedordanas.com\/?p=159529\" \/>\n<meta property=\"og:site_name\" content=\"PrijedorDanas.com - Prijedorski gradski portal\" \/>\n<meta property=\"article:publisher\" content=\"https:\/\/www.facebook.com\/PrijedorDanasCom\/\" \/>\n<meta property=\"article:published_time\" content=\"2020-12-14T16:30:02+00:00\" \/>\n<meta property=\"og:image\" content=\"https:\/\/www.prijedordanas.com\/wp-content\/uploads\/2020\/12\/nezavisne-ubistvo-lamovita-300x225.jpg\" \/>\n<meta name=\"author\" content=\"admin\" \/>\n<meta name=\"twitter:card\" content=\"summary_large_image\" \/>\n<meta name=\"twitter:label1\" content=\"Written by\" \/>\n\t<meta name=\"twitter:data1\" content=\"admin\" \/>\n\t<meta name=\"twitter:label2\" content=\"Est. reading time\" \/>\n\t<meta name=\"twitter:data2\" content=\"2 minutes\" \/>\n<script type=\"application\/ld+json\" class=\"yoast-schema-graph\">{\"@context\":\"https:\/\/schema.org\",\"@graph\":[{\"@type\":\"Article\",\"@id\":\"https:\/\/www.prijedordanas.com\/?p=159529#article\",\"isPartOf\":{\"@id\":\"https:\/\/www.prijedordanas.com\/?p=159529\"},\"author\":{\"name\":\"admin\",\"@id\":\"https:\/\/www.prijedordanas.com\/#\/schema\/person\/4e08ccf29b506ca916ff86d46bb700e6\"},\"headline\":\"Mje\u0161tanka Lamovite za &#8220;Nezavisne&#8221; o sino\u0107njem ubistvu: Zakukao za sinom jedincem\",\"datePublished\":\"2020-12-14T16:30:02+00:00\",\"dateModified\":\"2020-12-14T16:30:02+00:00\",\"mainEntityOfPage\":{\"@id\":\"https:\/\/www.prijedordanas.com\/?p=159529\"},\"wordCount\":461,\"publisher\":{\"@id\":\"https:\/\/www.prijedordanas.com\/#organization\"},\"articleSection\":[\"Hronika\"],\"inLanguage\":\"en-US\"},{\"@type\":\"WebPage\",\"@id\":\"https:\/\/www.prijedordanas.com\/?p=159529\",\"url\":\"https:\/\/www.prijedordanas.com\/?p=159529\",\"name\":\"Mje\u0161tanka Lamovite za \\\"Nezavisne\\\" o sino\u0107njem ubistvu: Zakukao za sinom jedincem - PrijedorDanas.com - Prijedorski gradski portal\",\"isPartOf\":{\"@id\":\"https:\/\/www.prijedordanas.com\/#website\"},\"datePublished\":\"2020-12-14T16:30:02+00:00\",\"dateModified\":\"2020-12-14T16:30:02+00:00\",\"breadcrumb\":{\"@id\":\"https:\/\/www.prijedordanas.com\/?p=159529#breadcrumb\"},\"inLanguage\":\"en-US\",\"potentialAction\":[{\"@type\":\"ReadAction\",\"target\":[\"https:\/\/www.prijedordanas.com\/?p=159529\"]}]},{\"@type\":\"BreadcrumbList\",\"@id\":\"https:\/\/www.prijedordanas.com\/?p=159529#breadcrumb\",\"itemListElement\":[{\"@type\":\"ListItem\",\"position\":1,\"name\":\"Home\",\"item\":\"https:\/\/www.prijedordanas.com\/\"},{\"@type\":\"ListItem\",\"position\":2,\"name\":\"Mje\u0161tanka Lamovite za &#8220;Nezavisne&#8221; o sino\u0107njem ubistvu: Zakukao za sinom jedincem\"}]},{\"@type\":\"WebSite\",\"@id\":\"https:\/\/www.prijedordanas.com\/#website\",\"url\":\"https:\/\/www.prijedordanas.com\/\",\"name\":\"PrijedorDanas.com - Prijedorski gradski portal\",\"description\":\"Portal o doga\u0111anjima u gradu Prijedoru\",\"publisher\":{\"@id\":\"https:\/\/www.prijedordanas.com\/#organization\"},\"potentialAction\":[{\"@type\":\"SearchAction\",\"target\":{\"@type\":\"EntryPoint\",\"urlTemplate\":\"https:\/\/www.prijedordanas.com\/?s={search_term_string}\"},\"query-input\":\"required name=search_term_string\"}],\"inLanguage\":\"en-US\"},{\"@type\":\"Organization\",\"@id\":\"https:\/\/www.prijedordanas.com\/#organization\",\"name\":\"PrijedorDanas.com\",\"url\":\"https:\/\/www.prijedordanas.com\/\",\"logo\":{\"@type\":\"ImageObject\",\"inLanguage\":\"en-US\",\"@id\":\"https:\/\/www.prijedordanas.com\/#\/schema\/logo\/image\/\",\"url\":\"http:\/\/www.prijedordanas.com\/wp-content\/uploads\/2021\/12\/logopng.png\",\"contentUrl\":\"http:\/\/www.prijedordanas.com\/wp-content\/uploads\/2021\/12\/logopng.png\",\"width\":1019,\"height\":776,\"caption\":\"PrijedorDanas.com\"},\"image\":{\"@id\":\"https:\/\/www.prijedordanas.com\/#\/schema\/logo\/image\/\"},\"sameAs\":[\"https:\/\/www.facebook.com\/PrijedorDanasCom\/\"]},{\"@type\":\"Person\",\"@id\":\"https:\/\/www.prijedordanas.com\/#\/schema\/person\/4e08ccf29b506ca916ff86d46bb700e6\",\"name\":\"admin\",\"image\":{\"@type\":\"ImageObject\",\"inLanguage\":\"en-US\",\"@id\":\"https:\/\/www.prijedordanas.com\/#\/schema\/person\/image\/\",\"url\":\"https:\/\/secure.gravatar.com\/avatar\/1d3fc949d550f0b53a5f0d51e06dfd79?s=96&d=mm&r=g\",\"contentUrl\":\"https:\/\/secure.gravatar.com\/avatar\/1d3fc949d550f0b53a5f0d51e06dfd79?s=96&d=mm&r=g\",\"caption\":\"admin\"},\"url\":\"https:\/\/www.prijedordanas.com\/?author=1\"}]}<\/script>\n<!-- \/ Yoast SEO plugin. -->","yoast_head_json":{"title":"Mje\u0161tanka Lamovite za \"Nezavisne\" o sino\u0107njem ubistvu: Zakukao za sinom jedincem - PrijedorDanas.com - Prijedorski gradski portal","robots":{"index":"index","follow":"follow","max-snippet":"max-snippet:-1","max-image-preview":"max-image-preview:large","max-video-preview":"max-video-preview:-1"},"canonical":"https:\/\/www.prijedordanas.com\/?p=159529","og_locale":"en_US","og_type":"article","og_title":"Mje\u0161tanka Lamovite za \"Nezavisne\" o sino\u0107njem ubistvu: Zakukao za sinom jedincem - PrijedorDanas.com - Prijedorski gradski portal","og_description":"\u010coban Dra\u017eenko Ma\u010dki\u0107 (41) sa Manja\u010de nastradao je u nedjelju nave\u010de kada je uboden no\u017eem, nakon porodi\u010dnog obra\u010duna trojice mu\u0161karaca na livadi u Gornjoj Lamovitoj, kod Prijedora, gdje su \u010duvali [&hellip;]","og_url":"https:\/\/www.prijedordanas.com\/?p=159529","og_site_name":"PrijedorDanas.com - Prijedorski gradski portal","article_publisher":"https:\/\/www.facebook.com\/PrijedorDanasCom\/","article_published_time":"2020-12-14T16:30:02+00:00","og_image":[{"url":"https:\/\/www.prijedordanas.com\/wp-content\/uploads\/2020\/12\/nezavisne-ubistvo-lamovita-300x225.jpg"}],"author":"admin","twitter_card":"summary_large_image","twitter_misc":{"Written by":"admin","Est. reading time":"2 minutes"},"schema":{"@context":"https:\/\/schema.org","@graph":[{"@type":"Article","@id":"https:\/\/www.prijedordanas.com\/?p=159529#article","isPartOf":{"@id":"https:\/\/www.prijedordanas.com\/?p=159529"},"author":{"name":"admin","@id":"https:\/\/www.prijedordanas.com\/#\/schema\/person\/4e08ccf29b506ca916ff86d46bb700e6"},"headline":"Mje\u0161tanka Lamovite za &#8220;Nezavisne&#8221; o sino\u0107njem ubistvu: Zakukao za sinom jedincem","datePublished":"2020-12-14T16:30:02+00:00","dateModified":"2020-12-14T16:30:02+00:00","mainEntityOfPage":{"@id":"https:\/\/www.prijedordanas.com\/?p=159529"},"wordCount":461,"publisher":{"@id":"https:\/\/www.prijedordanas.com\/#organization"},"articleSection":["Hronika"],"inLanguage":"en-US"},{"@type":"WebPage","@id":"https:\/\/www.prijedordanas.com\/?p=159529","url":"https:\/\/www.prijedordanas.com\/?p=159529","name":"Mje\u0161tanka Lamovite za \"Nezavisne\" o sino\u0107njem ubistvu: Zakukao za sinom jedincem - PrijedorDanas.com - Prijedorski gradski portal","isPartOf":{"@id":"https:\/\/www.prijedordanas.com\/#website"},"datePublished":"2020-12-14T16:30:02+00:00","dateModified":"2020-12-14T16:30:02+00:00","breadcrumb":{"@id":"https:\/\/www.prijedordanas.com\/?p=159529#breadcrumb"},"inLanguage":"en-US","potentialAction":[{"@type":"ReadAction","target":["https:\/\/www.prijedordanas.com\/?p=159529"]}]},{"@type":"BreadcrumbList","@id":"https:\/\/www.prijedordanas.com\/?p=159529#breadcrumb","itemListElement":[{"@type":"ListItem","position":1,"name":"Home","item":"https:\/\/www.prijedordanas.com\/"},{"@type":"ListItem","position":2,"name":"Mje\u0161tanka Lamovite za &#8220;Nezavisne&#8221; o sino\u0107njem ubistvu: Zakukao za sinom jedincem"}]},{"@type":"WebSite","@id":"https:\/\/www.prijedordanas.com\/#website","url":"https:\/\/www.prijedordanas.com\/","name":"PrijedorDanas.com - Prijedorski gradski portal","description":"Portal o doga\u0111anjima u gradu Prijedoru","publisher":{"@id":"https:\/\/www.prijedordanas.com\/#organization"},"potentialAction":[{"@type":"SearchAction","target":{"@type":"EntryPoint","urlTemplate":"https:\/\/www.prijedordanas.com\/?s={search_term_string}"},"query-input":"required name=search_term_string"}],"inLanguage":"en-US"},{"@type":"Organization","@id":"https:\/\/www.prijedordanas.com\/#organization","name":"PrijedorDanas.com","url":"https:\/\/www.prijedordanas.com\/","logo":{"@type":"ImageObject","inLanguage":"en-US","@id":"https:\/\/www.prijedordanas.com\/#\/schema\/logo\/image\/","url":"http:\/\/www.prijedordanas.com\/wp-content\/uploads\/2021\/12\/logopng.png","contentUrl":"http:\/\/www.prijedordanas.com\/wp-content\/uploads\/2021\/12\/logopng.png","width":1019,"height":776,"caption":"PrijedorDanas.com"},"image":{"@id":"https:\/\/www.prijedordanas.com\/#\/schema\/logo\/image\/"},"sameAs":["https:\/\/www.facebook.com\/PrijedorDanasCom\/"]},{"@type":"Person","@id":"https:\/\/www.prijedordanas.com\/#\/schema\/person\/4e08ccf29b506ca916ff86d46bb700e6","name":"admin","image":{"@type":"ImageObject","inLanguage":"en-US","@id":"https:\/\/www.prijedordanas.com\/#\/schema\/person\/image\/","url":"https:\/\/secure.gravatar.com\/avatar\/1d3fc949d550f0b53a5f0d51e06dfd79?s=96&d=mm&r=g","contentUrl":"https:\/\/secure.gravatar.com\/avatar\/1d3fc949d550f0b53a5f0d51e06dfd79?s=96&d=mm&r=g","caption":"admin"},"url":"https:\/\/www.prijedordanas.com\/?author=1"}]}},"_links":{"self":[{"href":"https:\/\/www.prijedordanas.com\/index.php?rest_route=\/wp\/v2\/posts\/159529"}],"collection":[{"href":"https:\/\/www.prijedordanas.com\/index.php?rest_route=\/wp\/v2\/posts"}],"about":[{"href":"https:\/\/www.prijedordanas.com\/index.php?rest_route=\/wp\/v2\/types\/post"}],"author":[{"embeddable":true,"href":"https:\/\/www.prijedordanas.com\/index.php?rest_route=\/wp\/v2\/users\/1"}],"replies":[{"embeddable":true,"href":"https:\/\/www.prijedordanas.com\/index.php?rest_route=%2Fwp%2Fv2%2Fcomments&post=159529"}],"version-history":[{"count":1,"href":"https:\/\/www.prijedordanas.com\/index.php?rest_route=\/wp\/v2\/posts\/159529\/revisions"}],"predecessor-version":[{"id":159531,"href":"https:\/\/www.prijedordanas.com\/index.php?rest_route=\/wp\/v2\/posts\/159529\/revisions\/159531"}],"wp:attachment":[{"href":"https:\/\/www.prijedordanas.com\/index.php?rest_route=%2Fwp%2Fv2%2Fmedia&parent=159529"}],"wp:term":[{"taxonomy":"category","embeddable":true,"href":"https:\/\/www.prijedordanas.com\/index.php?rest_route=%2Fwp%2Fv2%2Fcategories&post=159529"},{"taxonomy":"post_tag","embeddable":true,"href":"https:\/\/www.prijedordanas.com\/index.php?rest_route=%2Fwp%2Fv2%2Ftags&post=159529"}],"curies":[{"name":"wp","href":"https:\/\/api.w.org\/{rel}","templated":true}]}}