{"id":159452,"date":"2020-12-12T23:58:04","date_gmt":"2020-12-12T22:58:04","guid":{"rendered":"https:\/\/www.prijedordanas.com\/?p=159452"},"modified":"2020-12-12T23:58:04","modified_gmt":"2020-12-12T22:58:04","slug":"kobni-let-iznad-kozare-izvucena-tijela-poginulih-istraga-se-nastavlja-foto","status":"publish","type":"post","link":"https:\/\/www.prijedordanas.com\/?p=159452","title":{"rendered":"Kobni let iznad Kozare: Izvu\u010dena tijela poginulih, istraga se nastavlja &#8211; FOTO"},"content":{"rendered":"<p><a href=\"https:\/\/www.prijedordanas.com\/wp-content\/uploads\/2020\/12\/blic-avionska-nesreca-kozara-1.jpg\"><img loading=\"lazy\" decoding=\"async\" class=\"alignleft size-medium wp-image-159453\" src=\"https:\/\/www.prijedordanas.com\/wp-content\/uploads\/2020\/12\/blic-avionska-nesreca-kozara-1-300x225.jpg\" alt=\"\" width=\"300\" height=\"225\" srcset=\"https:\/\/www.prijedordanas.com\/wp-content\/uploads\/2020\/12\/blic-avionska-nesreca-kozara-1-300x225.jpg 300w, https:\/\/www.prijedordanas.com\/wp-content\/uploads\/2020\/12\/blic-avionska-nesreca-kozara-1-640x480.jpg 640w, https:\/\/www.prijedordanas.com\/wp-content\/uploads\/2020\/12\/blic-avionska-nesreca-kozara-1.jpg 667w\" sizes=\"(max-width: 300px) 100vw, 300px\" \/><\/a>Tijela Beogra\u0111anina Igora Ivanovi\u0107a i rumunske dr\u017eavljanke, \u010dlanova posade sportskog aviona koji se sru\u0161io u \u010detvrtak na Kozari, napokon su izvu\u010dena sa mjesta tragedije i transportovana na obdukciju u Zavod za sudsku medicinu u Banjaluci.<\/p>\n<p>Potraga za njima okon\u010dana je ju\u010de poslije podne a istraga, koja je prekinuta u petak nave\u010de, nastavljena je danas.<\/p>\n<p>Poslije lociranja mjesta pada aviona, bilo je veoma te\u0161ko prona\u0107i najpogodniji pristup mjestu Crna lokva u selu Suboti\u0107i, gdje su prona\u0111eni poginuli \u010dlanovi posade i olupina aviona.<\/p>\n<p>Ote\u017eavaju\u0107a okolnost su lo\u0161e vrijeme, ki\u0161a i gusta magla. Selo Suboti\u0107i je slabo naseljeno, kao i druga podru\u010dja u tom dijelu Kozare, sto tako\u0111e nije i\u0161lo u prilog potrazi.<\/p>\n<p><a href=\"https:\/\/www.prijedordanas.com\/wp-content\/uploads\/2020\/12\/blic-avionska-nesreca-kozara-2.jpg\"><img loading=\"lazy\" decoding=\"async\" class=\"alignleft size-medium wp-image-159454\" src=\"https:\/\/www.prijedordanas.com\/wp-content\/uploads\/2020\/12\/blic-avionska-nesreca-kozara-2-225x300.jpg\" alt=\"\" width=\"225\" height=\"300\" srcset=\"https:\/\/www.prijedordanas.com\/wp-content\/uploads\/2020\/12\/blic-avionska-nesreca-kozara-2-225x300.jpg 225w, https:\/\/www.prijedordanas.com\/wp-content\/uploads\/2020\/12\/blic-avionska-nesreca-kozara-2.jpg 450w\" sizes=\"(max-width: 225px) 100vw, 225px\" \/><\/a>Nekoliko sagovornika Srpskainfo u potkozarskim selima Turjak, Grbavci i Jablanica, potvrdili su da su vidjeli ovaj avion te naveli da je odletio u pravcu Kozare.<\/p>\n<p>Oni nisu iznosili nikakve sumnje niti pretpostavke o njegovom padu, mada se ispostavilo ta\u010dnim mjesto pada, na osnovu pravca u kojem je odletio.<\/p>\n<p>Ovo je, ka\u017eu, velika i bolna tragedija jer su prekinuta dva mlada \u017eivota.<\/p>\n<p>Za njih je Kozara postala fatalna, a let iz Velike Kladu\u0161e, posljednji.<\/p>\n<p>Policija, planinari, vatrgasci, lovci i mje\u0161tani ovog kraja ulo\u017eili su ogroman trud da prona\u0111u letjelicu i razrije\u0161e bar dio misterije njenog pada, dok \u0107e istragom biti uvr\u0111ene sve okolnosti.<\/p>\n<p>srpskainfo.com<\/p>\n<p><a href=\"https:\/\/www.prijedordanas.com\/wp-content\/uploads\/2020\/12\/blic-avionska-nesreca-kozara-3.jpg\"><img loading=\"lazy\" decoding=\"async\" src=\"https:\/\/www.prijedordanas.com\/wp-content\/uploads\/2020\/12\/blic-avionska-nesreca-kozara-3-300x225.jpg\" alt=\"\" width=\"300\" height=\"225\" class=\"alignleft size-medium wp-image-159455\" srcset=\"https:\/\/www.prijedordanas.com\/wp-content\/uploads\/2020\/12\/blic-avionska-nesreca-kozara-3-300x225.jpg 300w, https:\/\/www.prijedordanas.com\/wp-content\/uploads\/2020\/12\/blic-avionska-nesreca-kozara-3.jpg 600w\" sizes=\"(max-width: 300px) 100vw, 300px\" \/><\/a><\/p>\n","protected":false},"excerpt":{"rendered":"<p>Tijela Beogra\u0111anina Igora Ivanovi\u0107a i rumunske dr\u017eavljanke, \u010dlanova posade sportskog aviona koji se sru\u0161io u \u010detvrtak na Kozari, napokon su izvu\u010dena sa mjesta tragedije i transportovana na obdukciju u Zavod [&hellip;]<\/p>\n","protected":false},"author":1,"featured_media":0,"comment_status":"closed","ping_status":"open","sticky":false,"template":"","format":"standard","meta":{"_monsterinsights_skip_tracking":false,"_monsterinsights_sitenote_active":false,"_monsterinsights_sitenote_note":"","_monsterinsights_sitenote_category":0,"footnotes":""},"categories":[5],"tags":[],"yoast_head":"<!-- This site is optimized with the Yoast SEO plugin v21.6 - https:\/\/yoast.com\/wordpress\/plugins\/seo\/ -->\n<title>Kobni let iznad Kozare: Izvu\u010dena tijela poginulih, istraga se nastavlja - FOTO - PrijedorDanas.com - Prijedorski gradski portal<\/title>\n<meta name=\"robots\" content=\"index, follow, max-snippet:-1, max-image-preview:large, max-video-preview:-1\" \/>\n<link rel=\"canonical\" href=\"https:\/\/www.prijedordanas.com\/?p=159452\" \/>\n<meta property=\"og:locale\" content=\"en_US\" \/>\n<meta property=\"og:type\" content=\"article\" \/>\n<meta property=\"og:title\" content=\"Kobni let iznad Kozare: Izvu\u010dena tijela poginulih, istraga se nastavlja - FOTO - PrijedorDanas.com - Prijedorski gradski portal\" \/>\n<meta property=\"og:description\" content=\"Tijela Beogra\u0111anina Igora Ivanovi\u0107a i rumunske dr\u017eavljanke, \u010dlanova posade sportskog aviona koji se sru\u0161io u \u010detvrtak na Kozari, napokon su izvu\u010dena sa mjesta tragedije i transportovana na obdukciju u Zavod [&hellip;]\" \/>\n<meta property=\"og:url\" content=\"https:\/\/www.prijedordanas.com\/?p=159452\" \/>\n<meta property=\"og:site_name\" content=\"PrijedorDanas.com - Prijedorski gradski portal\" \/>\n<meta property=\"article:publisher\" content=\"https:\/\/www.facebook.com\/PrijedorDanasCom\/\" \/>\n<meta property=\"article:published_time\" content=\"2020-12-12T22:58:04+00:00\" \/>\n<meta property=\"og:image\" content=\"https:\/\/www.prijedordanas.com\/wp-content\/uploads\/2020\/12\/blic-avionska-nesreca-kozara-1-300x225.jpg\" \/>\n<meta name=\"author\" content=\"admin\" \/>\n<meta name=\"twitter:card\" content=\"summary_large_image\" \/>\n<meta name=\"twitter:label1\" content=\"Written by\" \/>\n\t<meta name=\"twitter:data1\" content=\"admin\" \/>\n\t<meta name=\"twitter:label2\" content=\"Est. reading time\" \/>\n\t<meta name=\"twitter:data2\" content=\"1 minute\" \/>\n<script type=\"application\/ld+json\" class=\"yoast-schema-graph\">{\"@context\":\"https:\/\/schema.org\",\"@graph\":[{\"@type\":\"Article\",\"@id\":\"https:\/\/www.prijedordanas.com\/?p=159452#article\",\"isPartOf\":{\"@id\":\"https:\/\/www.prijedordanas.com\/?p=159452\"},\"author\":{\"name\":\"admin\",\"@id\":\"https:\/\/www.prijedordanas.com\/#\/schema\/person\/4e08ccf29b506ca916ff86d46bb700e6\"},\"headline\":\"Kobni let iznad Kozare: Izvu\u010dena tijela poginulih, istraga se nastavlja &#8211; FOTO\",\"datePublished\":\"2020-12-12T22:58:04+00:00\",\"dateModified\":\"2020-12-12T22:58:04+00:00\",\"mainEntityOfPage\":{\"@id\":\"https:\/\/www.prijedordanas.com\/?p=159452\"},\"wordCount\":255,\"publisher\":{\"@id\":\"https:\/\/www.prijedordanas.com\/#organization\"},\"articleSection\":[\"Hronika\"],\"inLanguage\":\"en-US\"},{\"@type\":\"WebPage\",\"@id\":\"https:\/\/www.prijedordanas.com\/?p=159452\",\"url\":\"https:\/\/www.prijedordanas.com\/?p=159452\",\"name\":\"Kobni let iznad Kozare: Izvu\u010dena tijela poginulih, istraga se nastavlja - FOTO - PrijedorDanas.com - Prijedorski gradski portal\",\"isPartOf\":{\"@id\":\"https:\/\/www.prijedordanas.com\/#website\"},\"datePublished\":\"2020-12-12T22:58:04+00:00\",\"dateModified\":\"2020-12-12T22:58:04+00:00\",\"breadcrumb\":{\"@id\":\"https:\/\/www.prijedordanas.com\/?p=159452#breadcrumb\"},\"inLanguage\":\"en-US\",\"potentialAction\":[{\"@type\":\"ReadAction\",\"target\":[\"https:\/\/www.prijedordanas.com\/?p=159452\"]}]},{\"@type\":\"BreadcrumbList\",\"@id\":\"https:\/\/www.prijedordanas.com\/?p=159452#breadcrumb\",\"itemListElement\":[{\"@type\":\"ListItem\",\"position\":1,\"name\":\"Home\",\"item\":\"https:\/\/www.prijedordanas.com\/\"},{\"@type\":\"ListItem\",\"position\":2,\"name\":\"Kobni let iznad Kozare: Izvu\u010dena tijela poginulih, istraga se nastavlja &#8211; FOTO\"}]},{\"@type\":\"WebSite\",\"@id\":\"https:\/\/www.prijedordanas.com\/#website\",\"url\":\"https:\/\/www.prijedordanas.com\/\",\"name\":\"PrijedorDanas.com - Prijedorski gradski portal\",\"description\":\"Portal o doga\u0111anjima u gradu Prijedoru\",\"publisher\":{\"@id\":\"https:\/\/www.prijedordanas.com\/#organization\"},\"potentialAction\":[{\"@type\":\"SearchAction\",\"target\":{\"@type\":\"EntryPoint\",\"urlTemplate\":\"https:\/\/www.prijedordanas.com\/?s={search_term_string}\"},\"query-input\":\"required name=search_term_string\"}],\"inLanguage\":\"en-US\"},{\"@type\":\"Organization\",\"@id\":\"https:\/\/www.prijedordanas.com\/#organization\",\"name\":\"PrijedorDanas.com\",\"url\":\"https:\/\/www.prijedordanas.com\/\",\"logo\":{\"@type\":\"ImageObject\",\"inLanguage\":\"en-US\",\"@id\":\"https:\/\/www.prijedordanas.com\/#\/schema\/logo\/image\/\",\"url\":\"http:\/\/www.prijedordanas.com\/wp-content\/uploads\/2021\/12\/logopng.png\",\"contentUrl\":\"http:\/\/www.prijedordanas.com\/wp-content\/uploads\/2021\/12\/logopng.png\",\"width\":1019,\"height\":776,\"caption\":\"PrijedorDanas.com\"},\"image\":{\"@id\":\"https:\/\/www.prijedordanas.com\/#\/schema\/logo\/image\/\"},\"sameAs\":[\"https:\/\/www.facebook.com\/PrijedorDanasCom\/\"]},{\"@type\":\"Person\",\"@id\":\"https:\/\/www.prijedordanas.com\/#\/schema\/person\/4e08ccf29b506ca916ff86d46bb700e6\",\"name\":\"admin\",\"image\":{\"@type\":\"ImageObject\",\"inLanguage\":\"en-US\",\"@id\":\"https:\/\/www.prijedordanas.com\/#\/schema\/person\/image\/\",\"url\":\"https:\/\/secure.gravatar.com\/avatar\/1d3fc949d550f0b53a5f0d51e06dfd79?s=96&d=mm&r=g\",\"contentUrl\":\"https:\/\/secure.gravatar.com\/avatar\/1d3fc949d550f0b53a5f0d51e06dfd79?s=96&d=mm&r=g\",\"caption\":\"admin\"},\"url\":\"https:\/\/www.prijedordanas.com\/?author=1\"}]}<\/script>\n<!-- \/ Yoast SEO plugin. -->","yoast_head_json":{"title":"Kobni let iznad Kozare: Izvu\u010dena tijela poginulih, istraga se nastavlja - FOTO - PrijedorDanas.com - Prijedorski gradski portal","robots":{"index":"index","follow":"follow","max-snippet":"max-snippet:-1","max-image-preview":"max-image-preview:large","max-video-preview":"max-video-preview:-1"},"canonical":"https:\/\/www.prijedordanas.com\/?p=159452","og_locale":"en_US","og_type":"article","og_title":"Kobni let iznad Kozare: Izvu\u010dena tijela poginulih, istraga se nastavlja - FOTO - PrijedorDanas.com - Prijedorski gradski portal","og_description":"Tijela Beogra\u0111anina Igora Ivanovi\u0107a i rumunske dr\u017eavljanke, \u010dlanova posade sportskog aviona koji se sru\u0161io u \u010detvrtak na Kozari, napokon su izvu\u010dena sa mjesta tragedije i transportovana na obdukciju u Zavod [&hellip;]","og_url":"https:\/\/www.prijedordanas.com\/?p=159452","og_site_name":"PrijedorDanas.com - Prijedorski gradski portal","article_publisher":"https:\/\/www.facebook.com\/PrijedorDanasCom\/","article_published_time":"2020-12-12T22:58:04+00:00","og_image":[{"url":"https:\/\/www.prijedordanas.com\/wp-content\/uploads\/2020\/12\/blic-avionska-nesreca-kozara-1-300x225.jpg"}],"author":"admin","twitter_card":"summary_large_image","twitter_misc":{"Written by":"admin","Est. reading time":"1 minute"},"schema":{"@context":"https:\/\/schema.org","@graph":[{"@type":"Article","@id":"https:\/\/www.prijedordanas.com\/?p=159452#article","isPartOf":{"@id":"https:\/\/www.prijedordanas.com\/?p=159452"},"author":{"name":"admin","@id":"https:\/\/www.prijedordanas.com\/#\/schema\/person\/4e08ccf29b506ca916ff86d46bb700e6"},"headline":"Kobni let iznad Kozare: Izvu\u010dena tijela poginulih, istraga se nastavlja &#8211; FOTO","datePublished":"2020-12-12T22:58:04+00:00","dateModified":"2020-12-12T22:58:04+00:00","mainEntityOfPage":{"@id":"https:\/\/www.prijedordanas.com\/?p=159452"},"wordCount":255,"publisher":{"@id":"https:\/\/www.prijedordanas.com\/#organization"},"articleSection":["Hronika"],"inLanguage":"en-US"},{"@type":"WebPage","@id":"https:\/\/www.prijedordanas.com\/?p=159452","url":"https:\/\/www.prijedordanas.com\/?p=159452","name":"Kobni let iznad Kozare: Izvu\u010dena tijela poginulih, istraga se nastavlja - FOTO - PrijedorDanas.com - Prijedorski gradski portal","isPartOf":{"@id":"https:\/\/www.prijedordanas.com\/#website"},"datePublished":"2020-12-12T22:58:04+00:00","dateModified":"2020-12-12T22:58:04+00:00","breadcrumb":{"@id":"https:\/\/www.prijedordanas.com\/?p=159452#breadcrumb"},"inLanguage":"en-US","potentialAction":[{"@type":"ReadAction","target":["https:\/\/www.prijedordanas.com\/?p=159452"]}]},{"@type":"BreadcrumbList","@id":"https:\/\/www.prijedordanas.com\/?p=159452#breadcrumb","itemListElement":[{"@type":"ListItem","position":1,"name":"Home","item":"https:\/\/www.prijedordanas.com\/"},{"@type":"ListItem","position":2,"name":"Kobni let iznad Kozare: Izvu\u010dena tijela poginulih, istraga se nastavlja &#8211; FOTO"}]},{"@type":"WebSite","@id":"https:\/\/www.prijedordanas.com\/#website","url":"https:\/\/www.prijedordanas.com\/","name":"PrijedorDanas.com - Prijedorski gradski portal","description":"Portal o doga\u0111anjima u gradu Prijedoru","publisher":{"@id":"https:\/\/www.prijedordanas.com\/#organization"},"potentialAction":[{"@type":"SearchAction","target":{"@type":"EntryPoint","urlTemplate":"https:\/\/www.prijedordanas.com\/?s={search_term_string}"},"query-input":"required name=search_term_string"}],"inLanguage":"en-US"},{"@type":"Organization","@id":"https:\/\/www.prijedordanas.com\/#organization","name":"PrijedorDanas.com","url":"https:\/\/www.prijedordanas.com\/","logo":{"@type":"ImageObject","inLanguage":"en-US","@id":"https:\/\/www.prijedordanas.com\/#\/schema\/logo\/image\/","url":"http:\/\/www.prijedordanas.com\/wp-content\/uploads\/2021\/12\/logopng.png","contentUrl":"http:\/\/www.prijedordanas.com\/wp-content\/uploads\/2021\/12\/logopng.png","width":1019,"height":776,"caption":"PrijedorDanas.com"},"image":{"@id":"https:\/\/www.prijedordanas.com\/#\/schema\/logo\/image\/"},"sameAs":["https:\/\/www.facebook.com\/PrijedorDanasCom\/"]},{"@type":"Person","@id":"https:\/\/www.prijedordanas.com\/#\/schema\/person\/4e08ccf29b506ca916ff86d46bb700e6","name":"admin","image":{"@type":"ImageObject","inLanguage":"en-US","@id":"https:\/\/www.prijedordanas.com\/#\/schema\/person\/image\/","url":"https:\/\/secure.gravatar.com\/avatar\/1d3fc949d550f0b53a5f0d51e06dfd79?s=96&d=mm&r=g","contentUrl":"https:\/\/secure.gravatar.com\/avatar\/1d3fc949d550f0b53a5f0d51e06dfd79?s=96&d=mm&r=g","caption":"admin"},"url":"https:\/\/www.prijedordanas.com\/?author=1"}]}},"_links":{"self":[{"href":"https:\/\/www.prijedordanas.com\/index.php?rest_route=\/wp\/v2\/posts\/159452"}],"collection":[{"href":"https:\/\/www.prijedordanas.com\/index.php?rest_route=\/wp\/v2\/posts"}],"about":[{"href":"https:\/\/www.prijedordanas.com\/index.php?rest_route=\/wp\/v2\/types\/post"}],"author":[{"embeddable":true,"href":"https:\/\/www.prijedordanas.com\/index.php?rest_route=\/wp\/v2\/users\/1"}],"replies":[{"embeddable":true,"href":"https:\/\/www.prijedordanas.com\/index.php?rest_route=%2Fwp%2Fv2%2Fcomments&post=159452"}],"version-history":[{"count":1,"href":"https:\/\/www.prijedordanas.com\/index.php?rest_route=\/wp\/v2\/posts\/159452\/revisions"}],"predecessor-version":[{"id":159456,"href":"https:\/\/www.prijedordanas.com\/index.php?rest_route=\/wp\/v2\/posts\/159452\/revisions\/159456"}],"wp:attachment":[{"href":"https:\/\/www.prijedordanas.com\/index.php?rest_route=%2Fwp%2Fv2%2Fmedia&parent=159452"}],"wp:term":[{"taxonomy":"category","embeddable":true,"href":"https:\/\/www.prijedordanas.com\/index.php?rest_route=%2Fwp%2Fv2%2Fcategories&post=159452"},{"taxonomy":"post_tag","embeddable":true,"href":"https:\/\/www.prijedordanas.com\/index.php?rest_route=%2Fwp%2Fv2%2Ftags&post=159452"}],"curies":[{"name":"wp","href":"https:\/\/api.w.org\/{rel}","templated":true}]}}