{"id":159428,"date":"2020-12-12T15:12:33","date_gmt":"2020-12-12T14:12:33","guid":{"rendered":"https:\/\/www.prijedordanas.com\/?p=159428"},"modified":"2020-12-12T15:12:33","modified_gmt":"2020-12-12T14:12:33","slug":"rudar-prijedor-jesenju-titulu-na-proljece-pretvoriti-u-sampionsku-foto-video","status":"publish","type":"post","link":"https:\/\/www.prijedordanas.com\/?p=159428","title":{"rendered":"&#8220;Rudar-Prijedor&#8221;: Jesenju titulu na prolje\u0107e pretvoriti u \u0161ampionsku &#8211; FOTO\/VIDEO"},"content":{"rendered":"<p><a href=\"https:\/\/www.prijedordanas.com\/wp-content\/uploads\/2020\/12\/rudar-prijedor-koktel-decembar-2020-1.jpg\"><img loading=\"lazy\" decoding=\"async\" class=\"alignleft size-medium wp-image-159431\" src=\"https:\/\/www.prijedordanas.com\/wp-content\/uploads\/2020\/12\/rudar-prijedor-koktel-decembar-2020-1-300x225.jpg\" alt=\"\" width=\"300\" height=\"225\" srcset=\"https:\/\/www.prijedordanas.com\/wp-content\/uploads\/2020\/12\/rudar-prijedor-koktel-decembar-2020-1-300x225.jpg 300w, https:\/\/www.prijedordanas.com\/wp-content\/uploads\/2020\/12\/rudar-prijedor-koktel-decembar-2020-1-640x480.jpg 640w, https:\/\/www.prijedordanas.com\/wp-content\/uploads\/2020\/12\/rudar-prijedor-koktel-decembar-2020-1.jpg 667w\" sizes=\"(max-width: 300px) 100vw, 300px\" \/><\/a>Jesenja polusezona je zavr\u0161ena. \u201cRudar Prijedor\u201d je na prvoj poziciji Prve lige Republike Srpske. U prijedorskom klubu oragnizovan je koktel, na kojem su uprava, igra\u010di i prijatelji kluba imali priliku da se osvrnu na 2020. godinu.<\/p>\n<p>\u0160to se kapitena Nemanje Pekije ti\u010de, zadovoljan je onim \u0161to su postigli, te da se uz ispravljanje nekih gre\u0161aka u igri u nastavku sezone mo\u017ee sa\u010duvati liderska pozicija.<\/p>\n<p>\u2013 Mislim da mo\u017eemo biti zadovoljni. Pokazali smo da smo me\u0111u glavnim favoritima za osvajanje titule. To je na\u0161 cilj od po\u010detka, i idemo ka tome. Imali smo par kikseva koji nam se ne smiju dogoditi na prolje\u0107e. Nadam se da \u0107emo popraviti realizaciju, po\u0161to nam je to trenutno najve\u0107i problem \u2013 reko nam je Pekija.<\/p>\n<p><a href=\"https:\/\/www.prijedordanas.com\/wp-content\/uploads\/2020\/12\/rudar-prijedor-koktel-decembar-2020-2.jpg\"><img loading=\"lazy\" decoding=\"async\" class=\"alignleft size-medium wp-image-159432\" src=\"https:\/\/www.prijedordanas.com\/wp-content\/uploads\/2020\/12\/rudar-prijedor-koktel-decembar-2020-2-300x225.jpg\" alt=\"\" width=\"300\" height=\"225\" srcset=\"https:\/\/www.prijedordanas.com\/wp-content\/uploads\/2020\/12\/rudar-prijedor-koktel-decembar-2020-2-300x225.jpg 300w, https:\/\/www.prijedordanas.com\/wp-content\/uploads\/2020\/12\/rudar-prijedor-koktel-decembar-2020-2-640x480.jpg 640w, https:\/\/www.prijedordanas.com\/wp-content\/uploads\/2020\/12\/rudar-prijedor-koktel-decembar-2020-2.jpg 667w\" sizes=\"(max-width: 300px) 100vw, 300px\" \/><\/a>On je dodao da smatra da je pro\u0161irenje lige bilo pun pododak, da su protivnici kvalitetni ali da se \u201cRudar\u201d u svemu najbolje sna\u0161ao \u0161to pokazuje i stanje na tabeli.<\/p>\n<p>Iz uprave kluba poru\u010dili su da je sportska strana prioritetna, ali da se aktivno radi i na onoj poslovnoj, kao i na unapre\u0111enju infrastrukture. \u0160to se poslovne strane ti\u010de, najve\u0107i dio dugovanja je regulisan, ra\u010dun je odblokiran. Najva\u017enije je da su ukupna dugovanja umanjena, a da su postoje\u0107i dugovi reprogramirani, a krajnji cilj je da i oni budu rije\u0161eni do juna 2021. godine, ka\u017ee predsjednik kluba Darko Milunovi\u0107.<\/p>\n<p><a href=\"https:\/\/www.prijedordanas.com\/wp-content\/uploads\/2020\/12\/rudar-prijedor-koktel-decembar-2020-3.jpg\"><img loading=\"lazy\" decoding=\"async\" src=\"https:\/\/www.prijedordanas.com\/wp-content\/uploads\/2020\/12\/rudar-prijedor-koktel-decembar-2020-3-300x200.jpg\" alt=\"\" width=\"300\" height=\"200\" class=\"alignleft size-medium wp-image-159433\" srcset=\"https:\/\/www.prijedordanas.com\/wp-content\/uploads\/2020\/12\/rudar-prijedor-koktel-decembar-2020-3-300x200.jpg 300w, https:\/\/www.prijedordanas.com\/wp-content\/uploads\/2020\/12\/rudar-prijedor-koktel-decembar-2020-3-480x320.jpg 480w, https:\/\/www.prijedordanas.com\/wp-content\/uploads\/2020\/12\/rudar-prijedor-koktel-decembar-2020-3.jpg 600w\" sizes=\"(max-width: 300px) 100vw, 300px\" \/><\/a>\u2013 Ide to jednim dobrim tempom. Moglo bi i bolje da nismo ulagali u igra\u010dki kadar. Me\u0111utim, mi u ovom trenutku imamo ponude za na\u0161a tri najperspektivnija igra\u010da koje prevazilaze pola miliona maraka. Bio bi to najve\u0107i prihod od transfera u istoriji kluba. Ali mi smo se odlu\u010dili da sa najboljim mogu\u0107im timom zavr\u0161imo sezonu, plasiramo se u Premijer ligu i dodatno poja\u010damo ekipu. Jer ideja je da \u201eRudar\u201c iz godine u godinu bude sve bolji i bolji \u2013 izjavio je Milunovi\u0107.<\/p>\n<p>On je napomenuo da se pokazalo da je Boris Savi\u0107 bio pravi izbor za \u0161efa stru\u010dnog \u0161taba, koji je afirmisao nekoliko mladih igra\u010da, \u0161to nije lako \u010diniti kad je cilj prva pozicija. A ta \u010dinjenica je i potvrda da se dobro radi u i omladinskom pogonu.<\/p>\n<p>Jedini cilj koji nije ispunjen, ka\u017eu iz uprave \u201eRudara\u201c, jeste vra\u0107anje publike na stadion. Ali, tu stvari nisu bile u njihovim rukama, ve\u0107 je prepreka bila pandemija.<\/p>\n<p>RTV Prijedor-Kozarski vjesnik<\/p>\n<p><iframe loading=\"lazy\" title=\"\u201cRUDAR PRIJEDOR\u201d: JESENJU TITULU NA PROLJE\u0106E PRETVORITI U \u0160AMPIONSKU\" width=\"500\" height=\"281\" src=\"https:\/\/www.youtube.com\/embed\/cudTHQEXOu4?feature=oembed\" frameborder=\"0\" allow=\"accelerometer; autoplay; clipboard-write; encrypted-media; gyroscope; picture-in-picture\" allowfullscreen><\/iframe><\/p>\n<p><a href=\"https:\/\/www.prijedordanas.com\/wp-content\/uploads\/2020\/12\/rudar-prijedor-koktel-decembar-2020-4.jpg\"><img loading=\"lazy\" decoding=\"async\" src=\"https:\/\/www.prijedordanas.com\/wp-content\/uploads\/2020\/12\/rudar-prijedor-koktel-decembar-2020-4-300x200.jpg\" alt=\"\" width=\"300\" height=\"200\" class=\"alignleft size-medium wp-image-159434\" srcset=\"https:\/\/www.prijedordanas.com\/wp-content\/uploads\/2020\/12\/rudar-prijedor-koktel-decembar-2020-4-300x200.jpg 300w, https:\/\/www.prijedordanas.com\/wp-content\/uploads\/2020\/12\/rudar-prijedor-koktel-decembar-2020-4-480x320.jpg 480w, https:\/\/www.prijedordanas.com\/wp-content\/uploads\/2020\/12\/rudar-prijedor-koktel-decembar-2020-4.jpg 600w\" sizes=\"(max-width: 300px) 100vw, 300px\" \/><\/a> <a href=\"https:\/\/www.prijedordanas.com\/wp-content\/uploads\/2020\/12\/rudar-prijedor-koktel-decembar-2020-5.jpg\"><img loading=\"lazy\" decoding=\"async\" src=\"https:\/\/www.prijedordanas.com\/wp-content\/uploads\/2020\/12\/rudar-prijedor-koktel-decembar-2020-5-300x200.jpg\" alt=\"\" width=\"300\" height=\"200\" class=\"alignleft size-medium wp-image-159435\" srcset=\"https:\/\/www.prijedordanas.com\/wp-content\/uploads\/2020\/12\/rudar-prijedor-koktel-decembar-2020-5-300x200.jpg 300w, https:\/\/www.prijedordanas.com\/wp-content\/uploads\/2020\/12\/rudar-prijedor-koktel-decembar-2020-5-480x320.jpg 480w, https:\/\/www.prijedordanas.com\/wp-content\/uploads\/2020\/12\/rudar-prijedor-koktel-decembar-2020-5.jpg 600w\" sizes=\"(max-width: 300px) 100vw, 300px\" \/><\/a> <a href=\"https:\/\/www.prijedordanas.com\/wp-content\/uploads\/2020\/12\/rudar-prijedor-koktel-decembar-2020-6.jpg\"><img loading=\"lazy\" decoding=\"async\" src=\"https:\/\/www.prijedordanas.com\/wp-content\/uploads\/2020\/12\/rudar-prijedor-koktel-decembar-2020-6-300x200.jpg\" alt=\"\" width=\"300\" height=\"200\" class=\"alignleft size-medium wp-image-159430\" srcset=\"https:\/\/www.prijedordanas.com\/wp-content\/uploads\/2020\/12\/rudar-prijedor-koktel-decembar-2020-6-300x200.jpg 300w, https:\/\/www.prijedordanas.com\/wp-content\/uploads\/2020\/12\/rudar-prijedor-koktel-decembar-2020-6-480x320.jpg 480w, https:\/\/www.prijedordanas.com\/wp-content\/uploads\/2020\/12\/rudar-prijedor-koktel-decembar-2020-6.jpg 600w\" sizes=\"(max-width: 300px) 100vw, 300px\" \/><\/a><\/p>\n","protected":false},"excerpt":{"rendered":"<p>Jesenja polusezona je zavr\u0161ena. \u201cRudar Prijedor\u201d je na prvoj poziciji Prve lige Republike Srpske. U prijedorskom klubu oragnizovan je koktel, na kojem su uprava, igra\u010di i prijatelji kluba imali priliku [&hellip;]<\/p>\n","protected":false},"author":1,"featured_media":0,"comment_status":"closed","ping_status":"open","sticky":false,"template":"","format":"standard","meta":{"_monsterinsights_skip_tracking":false,"_monsterinsights_sitenote_active":false,"_monsterinsights_sitenote_note":"","_monsterinsights_sitenote_category":0,"footnotes":""},"categories":[7],"tags":[],"yoast_head":"<!-- This site is optimized with the Yoast SEO plugin v21.6 - https:\/\/yoast.com\/wordpress\/plugins\/seo\/ -->\n<title>&quot;Rudar-Prijedor&quot;: Jesenju titulu na prolje\u0107e pretvoriti u \u0161ampionsku - FOTO\/VIDEO - PrijedorDanas.com - Prijedorski gradski portal<\/title>\n<meta name=\"robots\" content=\"index, follow, max-snippet:-1, max-image-preview:large, max-video-preview:-1\" \/>\n<link rel=\"canonical\" href=\"https:\/\/www.prijedordanas.com\/?p=159428\" \/>\n<meta property=\"og:locale\" content=\"en_US\" \/>\n<meta property=\"og:type\" content=\"article\" \/>\n<meta property=\"og:title\" content=\"&quot;Rudar-Prijedor&quot;: Jesenju titulu na prolje\u0107e pretvoriti u \u0161ampionsku - FOTO\/VIDEO - PrijedorDanas.com - Prijedorski gradski portal\" \/>\n<meta property=\"og:description\" content=\"Jesenja polusezona je zavr\u0161ena. \u201cRudar Prijedor\u201d je na prvoj poziciji Prve lige Republike Srpske. U prijedorskom klubu oragnizovan je koktel, na kojem su uprava, igra\u010di i prijatelji kluba imali priliku [&hellip;]\" \/>\n<meta property=\"og:url\" content=\"https:\/\/www.prijedordanas.com\/?p=159428\" \/>\n<meta property=\"og:site_name\" content=\"PrijedorDanas.com - Prijedorski gradski portal\" \/>\n<meta property=\"article:publisher\" content=\"https:\/\/www.facebook.com\/PrijedorDanasCom\/\" \/>\n<meta property=\"article:published_time\" content=\"2020-12-12T14:12:33+00:00\" \/>\n<meta property=\"og:image\" content=\"https:\/\/www.prijedordanas.com\/wp-content\/uploads\/2020\/12\/rudar-prijedor-koktel-decembar-2020-1-300x225.jpg\" \/>\n<meta name=\"author\" content=\"admin\" \/>\n<meta name=\"twitter:card\" content=\"summary_large_image\" \/>\n<meta name=\"twitter:label1\" content=\"Written by\" \/>\n\t<meta name=\"twitter:data1\" content=\"admin\" \/>\n\t<meta name=\"twitter:label2\" content=\"Est. reading time\" \/>\n\t<meta name=\"twitter:data2\" content=\"2 minutes\" \/>\n<script type=\"application\/ld+json\" class=\"yoast-schema-graph\">{\"@context\":\"https:\/\/schema.org\",\"@graph\":[{\"@type\":\"Article\",\"@id\":\"https:\/\/www.prijedordanas.com\/?p=159428#article\",\"isPartOf\":{\"@id\":\"https:\/\/www.prijedordanas.com\/?p=159428\"},\"author\":{\"name\":\"admin\",\"@id\":\"https:\/\/www.prijedordanas.com\/#\/schema\/person\/4e08ccf29b506ca916ff86d46bb700e6\"},\"headline\":\"&#8220;Rudar-Prijedor&#8221;: Jesenju titulu na prolje\u0107e pretvoriti u \u0161ampionsku &#8211; FOTO\/VIDEO\",\"datePublished\":\"2020-12-12T14:12:33+00:00\",\"dateModified\":\"2020-12-12T14:12:33+00:00\",\"mainEntityOfPage\":{\"@id\":\"https:\/\/www.prijedordanas.com\/?p=159428\"},\"wordCount\":422,\"publisher\":{\"@id\":\"https:\/\/www.prijedordanas.com\/#organization\"},\"articleSection\":[\"Sport\"],\"inLanguage\":\"en-US\"},{\"@type\":\"WebPage\",\"@id\":\"https:\/\/www.prijedordanas.com\/?p=159428\",\"url\":\"https:\/\/www.prijedordanas.com\/?p=159428\",\"name\":\"\\\"Rudar-Prijedor\\\": Jesenju titulu na prolje\u0107e pretvoriti u \u0161ampionsku - FOTO\/VIDEO - PrijedorDanas.com - Prijedorski gradski portal\",\"isPartOf\":{\"@id\":\"https:\/\/www.prijedordanas.com\/#website\"},\"datePublished\":\"2020-12-12T14:12:33+00:00\",\"dateModified\":\"2020-12-12T14:12:33+00:00\",\"breadcrumb\":{\"@id\":\"https:\/\/www.prijedordanas.com\/?p=159428#breadcrumb\"},\"inLanguage\":\"en-US\",\"potentialAction\":[{\"@type\":\"ReadAction\",\"target\":[\"https:\/\/www.prijedordanas.com\/?p=159428\"]}]},{\"@type\":\"BreadcrumbList\",\"@id\":\"https:\/\/www.prijedordanas.com\/?p=159428#breadcrumb\",\"itemListElement\":[{\"@type\":\"ListItem\",\"position\":1,\"name\":\"Home\",\"item\":\"https:\/\/www.prijedordanas.com\/\"},{\"@type\":\"ListItem\",\"position\":2,\"name\":\"&#8220;Rudar-Prijedor&#8221;: Jesenju titulu na prolje\u0107e pretvoriti u \u0161ampionsku &#8211; FOTO\/VIDEO\"}]},{\"@type\":\"WebSite\",\"@id\":\"https:\/\/www.prijedordanas.com\/#website\",\"url\":\"https:\/\/www.prijedordanas.com\/\",\"name\":\"PrijedorDanas.com - Prijedorski gradski portal\",\"description\":\"Portal o doga\u0111anjima u gradu Prijedoru\",\"publisher\":{\"@id\":\"https:\/\/www.prijedordanas.com\/#organization\"},\"potentialAction\":[{\"@type\":\"SearchAction\",\"target\":{\"@type\":\"EntryPoint\",\"urlTemplate\":\"https:\/\/www.prijedordanas.com\/?s={search_term_string}\"},\"query-input\":\"required name=search_term_string\"}],\"inLanguage\":\"en-US\"},{\"@type\":\"Organization\",\"@id\":\"https:\/\/www.prijedordanas.com\/#organization\",\"name\":\"PrijedorDanas.com\",\"url\":\"https:\/\/www.prijedordanas.com\/\",\"logo\":{\"@type\":\"ImageObject\",\"inLanguage\":\"en-US\",\"@id\":\"https:\/\/www.prijedordanas.com\/#\/schema\/logo\/image\/\",\"url\":\"http:\/\/www.prijedordanas.com\/wp-content\/uploads\/2021\/12\/logopng.png\",\"contentUrl\":\"http:\/\/www.prijedordanas.com\/wp-content\/uploads\/2021\/12\/logopng.png\",\"width\":1019,\"height\":776,\"caption\":\"PrijedorDanas.com\"},\"image\":{\"@id\":\"https:\/\/www.prijedordanas.com\/#\/schema\/logo\/image\/\"},\"sameAs\":[\"https:\/\/www.facebook.com\/PrijedorDanasCom\/\"]},{\"@type\":\"Person\",\"@id\":\"https:\/\/www.prijedordanas.com\/#\/schema\/person\/4e08ccf29b506ca916ff86d46bb700e6\",\"name\":\"admin\",\"image\":{\"@type\":\"ImageObject\",\"inLanguage\":\"en-US\",\"@id\":\"https:\/\/www.prijedordanas.com\/#\/schema\/person\/image\/\",\"url\":\"https:\/\/secure.gravatar.com\/avatar\/1d3fc949d550f0b53a5f0d51e06dfd79?s=96&d=mm&r=g\",\"contentUrl\":\"https:\/\/secure.gravatar.com\/avatar\/1d3fc949d550f0b53a5f0d51e06dfd79?s=96&d=mm&r=g\",\"caption\":\"admin\"},\"url\":\"https:\/\/www.prijedordanas.com\/?author=1\"}]}<\/script>\n<!-- \/ Yoast SEO plugin. -->","yoast_head_json":{"title":"\"Rudar-Prijedor\": Jesenju titulu na prolje\u0107e pretvoriti u \u0161ampionsku - FOTO\/VIDEO - PrijedorDanas.com - Prijedorski gradski portal","robots":{"index":"index","follow":"follow","max-snippet":"max-snippet:-1","max-image-preview":"max-image-preview:large","max-video-preview":"max-video-preview:-1"},"canonical":"https:\/\/www.prijedordanas.com\/?p=159428","og_locale":"en_US","og_type":"article","og_title":"\"Rudar-Prijedor\": Jesenju titulu na prolje\u0107e pretvoriti u \u0161ampionsku - FOTO\/VIDEO - PrijedorDanas.com - Prijedorski gradski portal","og_description":"Jesenja polusezona je zavr\u0161ena. \u201cRudar Prijedor\u201d je na prvoj poziciji Prve lige Republike Srpske. U prijedorskom klubu oragnizovan je koktel, na kojem su uprava, igra\u010di i prijatelji kluba imali priliku [&hellip;]","og_url":"https:\/\/www.prijedordanas.com\/?p=159428","og_site_name":"PrijedorDanas.com - Prijedorski gradski portal","article_publisher":"https:\/\/www.facebook.com\/PrijedorDanasCom\/","article_published_time":"2020-12-12T14:12:33+00:00","og_image":[{"url":"https:\/\/www.prijedordanas.com\/wp-content\/uploads\/2020\/12\/rudar-prijedor-koktel-decembar-2020-1-300x225.jpg"}],"author":"admin","twitter_card":"summary_large_image","twitter_misc":{"Written by":"admin","Est. reading time":"2 minutes"},"schema":{"@context":"https:\/\/schema.org","@graph":[{"@type":"Article","@id":"https:\/\/www.prijedordanas.com\/?p=159428#article","isPartOf":{"@id":"https:\/\/www.prijedordanas.com\/?p=159428"},"author":{"name":"admin","@id":"https:\/\/www.prijedordanas.com\/#\/schema\/person\/4e08ccf29b506ca916ff86d46bb700e6"},"headline":"&#8220;Rudar-Prijedor&#8221;: Jesenju titulu na prolje\u0107e pretvoriti u \u0161ampionsku &#8211; FOTO\/VIDEO","datePublished":"2020-12-12T14:12:33+00:00","dateModified":"2020-12-12T14:12:33+00:00","mainEntityOfPage":{"@id":"https:\/\/www.prijedordanas.com\/?p=159428"},"wordCount":422,"publisher":{"@id":"https:\/\/www.prijedordanas.com\/#organization"},"articleSection":["Sport"],"inLanguage":"en-US"},{"@type":"WebPage","@id":"https:\/\/www.prijedordanas.com\/?p=159428","url":"https:\/\/www.prijedordanas.com\/?p=159428","name":"\"Rudar-Prijedor\": Jesenju titulu na prolje\u0107e pretvoriti u \u0161ampionsku - FOTO\/VIDEO - PrijedorDanas.com - Prijedorski gradski portal","isPartOf":{"@id":"https:\/\/www.prijedordanas.com\/#website"},"datePublished":"2020-12-12T14:12:33+00:00","dateModified":"2020-12-12T14:12:33+00:00","breadcrumb":{"@id":"https:\/\/www.prijedordanas.com\/?p=159428#breadcrumb"},"inLanguage":"en-US","potentialAction":[{"@type":"ReadAction","target":["https:\/\/www.prijedordanas.com\/?p=159428"]}]},{"@type":"BreadcrumbList","@id":"https:\/\/www.prijedordanas.com\/?p=159428#breadcrumb","itemListElement":[{"@type":"ListItem","position":1,"name":"Home","item":"https:\/\/www.prijedordanas.com\/"},{"@type":"ListItem","position":2,"name":"&#8220;Rudar-Prijedor&#8221;: Jesenju titulu na prolje\u0107e pretvoriti u \u0161ampionsku &#8211; FOTO\/VIDEO"}]},{"@type":"WebSite","@id":"https:\/\/www.prijedordanas.com\/#website","url":"https:\/\/www.prijedordanas.com\/","name":"PrijedorDanas.com - Prijedorski gradski portal","description":"Portal o doga\u0111anjima u gradu Prijedoru","publisher":{"@id":"https:\/\/www.prijedordanas.com\/#organization"},"potentialAction":[{"@type":"SearchAction","target":{"@type":"EntryPoint","urlTemplate":"https:\/\/www.prijedordanas.com\/?s={search_term_string}"},"query-input":"required name=search_term_string"}],"inLanguage":"en-US"},{"@type":"Organization","@id":"https:\/\/www.prijedordanas.com\/#organization","name":"PrijedorDanas.com","url":"https:\/\/www.prijedordanas.com\/","logo":{"@type":"ImageObject","inLanguage":"en-US","@id":"https:\/\/www.prijedordanas.com\/#\/schema\/logo\/image\/","url":"http:\/\/www.prijedordanas.com\/wp-content\/uploads\/2021\/12\/logopng.png","contentUrl":"http:\/\/www.prijedordanas.com\/wp-content\/uploads\/2021\/12\/logopng.png","width":1019,"height":776,"caption":"PrijedorDanas.com"},"image":{"@id":"https:\/\/www.prijedordanas.com\/#\/schema\/logo\/image\/"},"sameAs":["https:\/\/www.facebook.com\/PrijedorDanasCom\/"]},{"@type":"Person","@id":"https:\/\/www.prijedordanas.com\/#\/schema\/person\/4e08ccf29b506ca916ff86d46bb700e6","name":"admin","image":{"@type":"ImageObject","inLanguage":"en-US","@id":"https:\/\/www.prijedordanas.com\/#\/schema\/person\/image\/","url":"https:\/\/secure.gravatar.com\/avatar\/1d3fc949d550f0b53a5f0d51e06dfd79?s=96&d=mm&r=g","contentUrl":"https:\/\/secure.gravatar.com\/avatar\/1d3fc949d550f0b53a5f0d51e06dfd79?s=96&d=mm&r=g","caption":"admin"},"url":"https:\/\/www.prijedordanas.com\/?author=1"}]}},"_links":{"self":[{"href":"https:\/\/www.prijedordanas.com\/index.php?rest_route=\/wp\/v2\/posts\/159428"}],"collection":[{"href":"https:\/\/www.prijedordanas.com\/index.php?rest_route=\/wp\/v2\/posts"}],"about":[{"href":"https:\/\/www.prijedordanas.com\/index.php?rest_route=\/wp\/v2\/types\/post"}],"author":[{"embeddable":true,"href":"https:\/\/www.prijedordanas.com\/index.php?rest_route=\/wp\/v2\/users\/1"}],"replies":[{"embeddable":true,"href":"https:\/\/www.prijedordanas.com\/index.php?rest_route=%2Fwp%2Fv2%2Fcomments&post=159428"}],"version-history":[{"count":1,"href":"https:\/\/www.prijedordanas.com\/index.php?rest_route=\/wp\/v2\/posts\/159428\/revisions"}],"predecessor-version":[{"id":159436,"href":"https:\/\/www.prijedordanas.com\/index.php?rest_route=\/wp\/v2\/posts\/159428\/revisions\/159436"}],"wp:attachment":[{"href":"https:\/\/www.prijedordanas.com\/index.php?rest_route=%2Fwp%2Fv2%2Fmedia&parent=159428"}],"wp:term":[{"taxonomy":"category","embeddable":true,"href":"https:\/\/www.prijedordanas.com\/index.php?rest_route=%2Fwp%2Fv2%2Fcategories&post=159428"},{"taxonomy":"post_tag","embeddable":true,"href":"https:\/\/www.prijedordanas.com\/index.php?rest_route=%2Fwp%2Fv2%2Ftags&post=159428"}],"curies":[{"name":"wp","href":"https:\/\/api.w.org\/{rel}","templated":true}]}}