{"id":159367,"date":"2020-12-11T13:22:39","date_gmt":"2020-12-11T12:22:39","guid":{"rendered":"https:\/\/www.prijedordanas.com\/?p=159367"},"modified":"2020-12-11T13:22:39","modified_gmt":"2020-12-11T12:22:39","slug":"potraga-za-nestalim-avionom-video","status":"publish","type":"post","link":"https:\/\/www.prijedordanas.com\/?p=159367","title":{"rendered":"Potraga za nestalim avionom &#8211; VIDEO"},"content":{"rendered":"<p><a href=\"https:\/\/www.prijedordanas.com\/wp-content\/uploads\/2020\/12\/rtrs-kozara-potraga-magla.jpg\"><img loading=\"lazy\" decoding=\"async\" src=\"https:\/\/www.prijedordanas.com\/wp-content\/uploads\/2020\/12\/rtrs-kozara-potraga-magla-300x225.jpg\" alt=\"\" width=\"300\" height=\"225\" class=\"alignleft size-medium wp-image-159370\" srcset=\"https:\/\/www.prijedordanas.com\/wp-content\/uploads\/2020\/12\/rtrs-kozara-potraga-magla-300x225.jpg 300w, https:\/\/www.prijedordanas.com\/wp-content\/uploads\/2020\/12\/rtrs-kozara-potraga-magla-640x480.jpg 640w, https:\/\/www.prijedordanas.com\/wp-content\/uploads\/2020\/12\/rtrs-kozara-potraga-magla.jpg 666w\" sizes=\"(max-width: 300px) 100vw, 300px\" \/><\/a>Nastavljena je potraga za sportskim avionom &#8220;pajper 28&#8221; koji je ju\u010de nestao iznad Kozare.<\/p>\n<p>Na terenu su i na\u0161e reporterske ekipe.<\/p>\n<p>&#8211; Ekipa RTRS-a se nalazi nedaleko od Lisine na Kozari, odakle je potraga za nestalim avionom i njegovom posadom nastavljena prema visu Me\u0111edovo brdo i odatle prema Podgracima na teritoriji Gradi\u0161ke &#8211; javlja na\u0161 reporter Boris An\u0111i\u0107.<\/p>\n<p>Ova lokacija obuhvata veliku povr\u0161inu od oko 200 hektara izuzetno nepristupa\u010dnog terena.<\/p>\n<p>&#8211; Ve\u0107inom je rije\u010d o \u0161umskom podru\u010dju, a potragu za nestalim avionom ote\u017eavaju izuzetno te\u0161ki vremenski uslovi i niska temperatura, a vidljivost je slaba zbog guste magle &#8211; dodaje An\u0111i\u0107.<\/p>\n<p>Teren sa kojeg se javljaju, od ju\u010de su obi\u0161le brojne spasila\u010dke ekipe, prije svega pripadnici policije, planinari, ali i druge brojne slu\u017ebe. <\/p>\n<p>Na\u017ealost, jo\u0161 uvijek nema informacija o nestalom avionu i sudbini dva \u010dlana posade. Zbog poznavanja terena, planinari su u ranim jutarnjim \u010dasovima tako\u0111e nastavili potragu.<\/p>\n<p>Policijski slu\u017ebenici Policijske uprave Gradi\u0161ka, zajedno sa policijskim slu\u017ebenicima Policijske uprave Prijedor, Specijalne antiteroristi\u010dke jedinice, kao i jedinica \u017dandarmerije zajedno su na terenu u potrazi za nestalim avionom, rekla je Srni portparolka Ministarstva unutra\u0161njih poslova Republike Srpske Mirna Miljanovi\u0107.<\/p>\n<p>RTRS<\/p>\n<p><iframe loading=\"lazy\" title=\"Na\u0161e ekipe na listu mjesta: Potraga za nestalim avionom\" width=\"500\" height=\"281\" src=\"https:\/\/www.youtube.com\/embed\/X-A49OeboWI?feature=oembed\" frameborder=\"0\" allow=\"accelerometer; autoplay; clipboard-write; encrypted-media; gyroscope; picture-in-picture\" allowfullscreen><\/iframe><\/p>\n<p><iframe loading=\"lazy\" title=\"Ekipa RTRS na listu mjesta: Potraga za nestalim avionom\" width=\"500\" height=\"281\" src=\"https:\/\/www.youtube.com\/embed\/FjfL_bnN_UQ?feature=oembed\" frameborder=\"0\" allow=\"accelerometer; autoplay; clipboard-write; encrypted-media; gyroscope; picture-in-picture\" allowfullscreen><\/iframe><\/p>\n<div style=\"width: 640px;\" class=\"wp-video\"><!--[if lt IE 9]><script>document.createElement('video');<\/script><![endif]-->\n<video class=\"wp-video-shortcode\" id=\"video-159367-1\" width=\"640\" height=\"360\" preload=\"metadata\" controls=\"controls\"><source type=\"video\/mp4\" src=\"https:\/\/arh4.rtrs.tv\/arhiva\/2020\/12\/11\/tvclip045317.mp4?_=1\" \/><a href=\"https:\/\/arh4.rtrs.tv\/arhiva\/2020\/12\/11\/tvclip045317.mp4\">https:\/\/arh4.rtrs.tv\/arhiva\/2020\/12\/11\/tvclip045317.mp4<\/a><\/video><\/div>\n","protected":false},"excerpt":{"rendered":"<p>Nastavljena je potraga za sportskim avionom &#8220;pajper 28&#8221; koji je ju\u010de nestao iznad Kozare. Na terenu su i na\u0161e reporterske ekipe. &#8211; Ekipa RTRS-a se nalazi nedaleko od Lisine na [&hellip;]<\/p>\n","protected":false},"author":1,"featured_media":0,"comment_status":"closed","ping_status":"open","sticky":false,"template":"","format":"standard","meta":{"_monsterinsights_skip_tracking":false,"_monsterinsights_sitenote_active":false,"_monsterinsights_sitenote_note":"","_monsterinsights_sitenote_category":0,"footnotes":""},"categories":[4],"tags":[],"yoast_head":"<!-- This site is optimized with the Yoast SEO plugin v21.6 - https:\/\/yoast.com\/wordpress\/plugins\/seo\/ -->\n<title>Potraga za nestalim avionom - VIDEO - PrijedorDanas.com - Prijedorski gradski portal<\/title>\n<meta name=\"robots\" content=\"index, follow, max-snippet:-1, max-image-preview:large, max-video-preview:-1\" \/>\n<link rel=\"canonical\" href=\"https:\/\/www.prijedordanas.com\/?p=159367\" \/>\n<meta property=\"og:locale\" content=\"en_US\" \/>\n<meta property=\"og:type\" content=\"article\" \/>\n<meta property=\"og:title\" content=\"Potraga za nestalim avionom - VIDEO - PrijedorDanas.com - Prijedorski gradski portal\" \/>\n<meta property=\"og:description\" content=\"Nastavljena je potraga za sportskim avionom &#8220;pajper 28&#8221; koji je ju\u010de nestao iznad Kozare. Na terenu su i na\u0161e reporterske ekipe. &#8211; Ekipa RTRS-a se nalazi nedaleko od Lisine na [&hellip;]\" \/>\n<meta property=\"og:url\" content=\"https:\/\/www.prijedordanas.com\/?p=159367\" \/>\n<meta property=\"og:site_name\" content=\"PrijedorDanas.com - Prijedorski gradski portal\" \/>\n<meta property=\"article:publisher\" content=\"https:\/\/www.facebook.com\/PrijedorDanasCom\/\" \/>\n<meta property=\"article:published_time\" content=\"2020-12-11T12:22:39+00:00\" \/>\n<meta property=\"og:image\" content=\"https:\/\/www.prijedordanas.com\/wp-content\/uploads\/2020\/12\/rtrs-kozara-potraga-magla-300x225.jpg\" \/>\n<meta name=\"author\" content=\"admin\" \/>\n<meta name=\"twitter:card\" content=\"summary_large_image\" \/>\n<meta name=\"twitter:label1\" content=\"Written by\" \/>\n\t<meta name=\"twitter:data1\" content=\"admin\" \/>\n\t<meta name=\"twitter:label2\" content=\"Est. reading time\" \/>\n\t<meta name=\"twitter:data2\" content=\"1 minute\" \/>\n<script type=\"application\/ld+json\" class=\"yoast-schema-graph\">{\"@context\":\"https:\/\/schema.org\",\"@graph\":[{\"@type\":\"Article\",\"@id\":\"https:\/\/www.prijedordanas.com\/?p=159367#article\",\"isPartOf\":{\"@id\":\"https:\/\/www.prijedordanas.com\/?p=159367\"},\"author\":{\"name\":\"admin\",\"@id\":\"https:\/\/www.prijedordanas.com\/#\/schema\/person\/4e08ccf29b506ca916ff86d46bb700e6\"},\"headline\":\"Potraga za nestalim avionom &#8211; VIDEO\",\"datePublished\":\"2020-12-11T12:22:39+00:00\",\"dateModified\":\"2020-12-11T12:22:39+00:00\",\"mainEntityOfPage\":{\"@id\":\"https:\/\/www.prijedordanas.com\/?p=159367\"},\"wordCount\":232,\"publisher\":{\"@id\":\"https:\/\/www.prijedordanas.com\/#organization\"},\"articleSection\":[\"Dru\u0161tvo\"],\"inLanguage\":\"en-US\"},{\"@type\":\"WebPage\",\"@id\":\"https:\/\/www.prijedordanas.com\/?p=159367\",\"url\":\"https:\/\/www.prijedordanas.com\/?p=159367\",\"name\":\"Potraga za nestalim avionom - VIDEO - PrijedorDanas.com - Prijedorski gradski portal\",\"isPartOf\":{\"@id\":\"https:\/\/www.prijedordanas.com\/#website\"},\"datePublished\":\"2020-12-11T12:22:39+00:00\",\"dateModified\":\"2020-12-11T12:22:39+00:00\",\"breadcrumb\":{\"@id\":\"https:\/\/www.prijedordanas.com\/?p=159367#breadcrumb\"},\"inLanguage\":\"en-US\",\"potentialAction\":[{\"@type\":\"ReadAction\",\"target\":[\"https:\/\/www.prijedordanas.com\/?p=159367\"]}]},{\"@type\":\"BreadcrumbList\",\"@id\":\"https:\/\/www.prijedordanas.com\/?p=159367#breadcrumb\",\"itemListElement\":[{\"@type\":\"ListItem\",\"position\":1,\"name\":\"Home\",\"item\":\"https:\/\/www.prijedordanas.com\/\"},{\"@type\":\"ListItem\",\"position\":2,\"name\":\"Potraga za nestalim avionom &#8211; VIDEO\"}]},{\"@type\":\"WebSite\",\"@id\":\"https:\/\/www.prijedordanas.com\/#website\",\"url\":\"https:\/\/www.prijedordanas.com\/\",\"name\":\"PrijedorDanas.com - Prijedorski gradski portal\",\"description\":\"Portal o doga\u0111anjima u gradu Prijedoru\",\"publisher\":{\"@id\":\"https:\/\/www.prijedordanas.com\/#organization\"},\"potentialAction\":[{\"@type\":\"SearchAction\",\"target\":{\"@type\":\"EntryPoint\",\"urlTemplate\":\"https:\/\/www.prijedordanas.com\/?s={search_term_string}\"},\"query-input\":\"required name=search_term_string\"}],\"inLanguage\":\"en-US\"},{\"@type\":\"Organization\",\"@id\":\"https:\/\/www.prijedordanas.com\/#organization\",\"name\":\"PrijedorDanas.com\",\"url\":\"https:\/\/www.prijedordanas.com\/\",\"logo\":{\"@type\":\"ImageObject\",\"inLanguage\":\"en-US\",\"@id\":\"https:\/\/www.prijedordanas.com\/#\/schema\/logo\/image\/\",\"url\":\"http:\/\/www.prijedordanas.com\/wp-content\/uploads\/2021\/12\/logopng.png\",\"contentUrl\":\"http:\/\/www.prijedordanas.com\/wp-content\/uploads\/2021\/12\/logopng.png\",\"width\":1019,\"height\":776,\"caption\":\"PrijedorDanas.com\"},\"image\":{\"@id\":\"https:\/\/www.prijedordanas.com\/#\/schema\/logo\/image\/\"},\"sameAs\":[\"https:\/\/www.facebook.com\/PrijedorDanasCom\/\"]},{\"@type\":\"Person\",\"@id\":\"https:\/\/www.prijedordanas.com\/#\/schema\/person\/4e08ccf29b506ca916ff86d46bb700e6\",\"name\":\"admin\",\"image\":{\"@type\":\"ImageObject\",\"inLanguage\":\"en-US\",\"@id\":\"https:\/\/www.prijedordanas.com\/#\/schema\/person\/image\/\",\"url\":\"https:\/\/secure.gravatar.com\/avatar\/1d3fc949d550f0b53a5f0d51e06dfd79?s=96&d=mm&r=g\",\"contentUrl\":\"https:\/\/secure.gravatar.com\/avatar\/1d3fc949d550f0b53a5f0d51e06dfd79?s=96&d=mm&r=g\",\"caption\":\"admin\"},\"url\":\"https:\/\/www.prijedordanas.com\/?author=1\"}]}<\/script>\n<!-- \/ Yoast SEO plugin. -->","yoast_head_json":{"title":"Potraga za nestalim avionom - VIDEO - PrijedorDanas.com - Prijedorski gradski portal","robots":{"index":"index","follow":"follow","max-snippet":"max-snippet:-1","max-image-preview":"max-image-preview:large","max-video-preview":"max-video-preview:-1"},"canonical":"https:\/\/www.prijedordanas.com\/?p=159367","og_locale":"en_US","og_type":"article","og_title":"Potraga za nestalim avionom - VIDEO - PrijedorDanas.com - Prijedorski gradski portal","og_description":"Nastavljena je potraga za sportskim avionom &#8220;pajper 28&#8221; koji je ju\u010de nestao iznad Kozare. Na terenu su i na\u0161e reporterske ekipe. &#8211; Ekipa RTRS-a se nalazi nedaleko od Lisine na [&hellip;]","og_url":"https:\/\/www.prijedordanas.com\/?p=159367","og_site_name":"PrijedorDanas.com - Prijedorski gradski portal","article_publisher":"https:\/\/www.facebook.com\/PrijedorDanasCom\/","article_published_time":"2020-12-11T12:22:39+00:00","og_image":[{"url":"https:\/\/www.prijedordanas.com\/wp-content\/uploads\/2020\/12\/rtrs-kozara-potraga-magla-300x225.jpg"}],"author":"admin","twitter_card":"summary_large_image","twitter_misc":{"Written by":"admin","Est. reading time":"1 minute"},"schema":{"@context":"https:\/\/schema.org","@graph":[{"@type":"Article","@id":"https:\/\/www.prijedordanas.com\/?p=159367#article","isPartOf":{"@id":"https:\/\/www.prijedordanas.com\/?p=159367"},"author":{"name":"admin","@id":"https:\/\/www.prijedordanas.com\/#\/schema\/person\/4e08ccf29b506ca916ff86d46bb700e6"},"headline":"Potraga za nestalim avionom &#8211; VIDEO","datePublished":"2020-12-11T12:22:39+00:00","dateModified":"2020-12-11T12:22:39+00:00","mainEntityOfPage":{"@id":"https:\/\/www.prijedordanas.com\/?p=159367"},"wordCount":232,"publisher":{"@id":"https:\/\/www.prijedordanas.com\/#organization"},"articleSection":["Dru\u0161tvo"],"inLanguage":"en-US"},{"@type":"WebPage","@id":"https:\/\/www.prijedordanas.com\/?p=159367","url":"https:\/\/www.prijedordanas.com\/?p=159367","name":"Potraga za nestalim avionom - VIDEO - PrijedorDanas.com - Prijedorski gradski portal","isPartOf":{"@id":"https:\/\/www.prijedordanas.com\/#website"},"datePublished":"2020-12-11T12:22:39+00:00","dateModified":"2020-12-11T12:22:39+00:00","breadcrumb":{"@id":"https:\/\/www.prijedordanas.com\/?p=159367#breadcrumb"},"inLanguage":"en-US","potentialAction":[{"@type":"ReadAction","target":["https:\/\/www.prijedordanas.com\/?p=159367"]}]},{"@type":"BreadcrumbList","@id":"https:\/\/www.prijedordanas.com\/?p=159367#breadcrumb","itemListElement":[{"@type":"ListItem","position":1,"name":"Home","item":"https:\/\/www.prijedordanas.com\/"},{"@type":"ListItem","position":2,"name":"Potraga za nestalim avionom &#8211; VIDEO"}]},{"@type":"WebSite","@id":"https:\/\/www.prijedordanas.com\/#website","url":"https:\/\/www.prijedordanas.com\/","name":"PrijedorDanas.com - Prijedorski gradski portal","description":"Portal o doga\u0111anjima u gradu Prijedoru","publisher":{"@id":"https:\/\/www.prijedordanas.com\/#organization"},"potentialAction":[{"@type":"SearchAction","target":{"@type":"EntryPoint","urlTemplate":"https:\/\/www.prijedordanas.com\/?s={search_term_string}"},"query-input":"required name=search_term_string"}],"inLanguage":"en-US"},{"@type":"Organization","@id":"https:\/\/www.prijedordanas.com\/#organization","name":"PrijedorDanas.com","url":"https:\/\/www.prijedordanas.com\/","logo":{"@type":"ImageObject","inLanguage":"en-US","@id":"https:\/\/www.prijedordanas.com\/#\/schema\/logo\/image\/","url":"http:\/\/www.prijedordanas.com\/wp-content\/uploads\/2021\/12\/logopng.png","contentUrl":"http:\/\/www.prijedordanas.com\/wp-content\/uploads\/2021\/12\/logopng.png","width":1019,"height":776,"caption":"PrijedorDanas.com"},"image":{"@id":"https:\/\/www.prijedordanas.com\/#\/schema\/logo\/image\/"},"sameAs":["https:\/\/www.facebook.com\/PrijedorDanasCom\/"]},{"@type":"Person","@id":"https:\/\/www.prijedordanas.com\/#\/schema\/person\/4e08ccf29b506ca916ff86d46bb700e6","name":"admin","image":{"@type":"ImageObject","inLanguage":"en-US","@id":"https:\/\/www.prijedordanas.com\/#\/schema\/person\/image\/","url":"https:\/\/secure.gravatar.com\/avatar\/1d3fc949d550f0b53a5f0d51e06dfd79?s=96&d=mm&r=g","contentUrl":"https:\/\/secure.gravatar.com\/avatar\/1d3fc949d550f0b53a5f0d51e06dfd79?s=96&d=mm&r=g","caption":"admin"},"url":"https:\/\/www.prijedordanas.com\/?author=1"}]}},"_links":{"self":[{"href":"https:\/\/www.prijedordanas.com\/index.php?rest_route=\/wp\/v2\/posts\/159367"}],"collection":[{"href":"https:\/\/www.prijedordanas.com\/index.php?rest_route=\/wp\/v2\/posts"}],"about":[{"href":"https:\/\/www.prijedordanas.com\/index.php?rest_route=\/wp\/v2\/types\/post"}],"author":[{"embeddable":true,"href":"https:\/\/www.prijedordanas.com\/index.php?rest_route=\/wp\/v2\/users\/1"}],"replies":[{"embeddable":true,"href":"https:\/\/www.prijedordanas.com\/index.php?rest_route=%2Fwp%2Fv2%2Fcomments&post=159367"}],"version-history":[{"count":1,"href":"https:\/\/www.prijedordanas.com\/index.php?rest_route=\/wp\/v2\/posts\/159367\/revisions"}],"predecessor-version":[{"id":159371,"href":"https:\/\/www.prijedordanas.com\/index.php?rest_route=\/wp\/v2\/posts\/159367\/revisions\/159371"}],"wp:attachment":[{"href":"https:\/\/www.prijedordanas.com\/index.php?rest_route=%2Fwp%2Fv2%2Fmedia&parent=159367"}],"wp:term":[{"taxonomy":"category","embeddable":true,"href":"https:\/\/www.prijedordanas.com\/index.php?rest_route=%2Fwp%2Fv2%2Fcategories&post=159367"},{"taxonomy":"post_tag","embeddable":true,"href":"https:\/\/www.prijedordanas.com\/index.php?rest_route=%2Fwp%2Fv2%2Ftags&post=159367"}],"curies":[{"name":"wp","href":"https:\/\/api.w.org\/{rel}","templated":true}]}}