{"id":159154,"date":"2020-12-07T17:49:01","date_gmt":"2020-12-07T16:49:01","guid":{"rendered":"https:\/\/www.prijedordanas.com\/?p=159154"},"modified":"2020-12-07T18:26:50","modified_gmt":"2020-12-07T17:26:50","slug":"pun-autobus-migranata-pokusao-preci-u-hrvatsku","status":"publish","type":"post","link":"https:\/\/www.prijedordanas.com\/?p=159154","title":{"rendered":"Pun autobus migranata poku\u0161ao pre\u0107i u Hrvatsku &#8211; VIDEO"},"content":{"rendered":"<p><a href=\"https:\/\/www.prijedordanas.com\/wp-content\/uploads\/2020\/12\/rtrs-migranti-medjedja.jpg\"><img loading=\"lazy\" decoding=\"async\" src=\"https:\/\/www.prijedordanas.com\/wp-content\/uploads\/2020\/12\/rtrs-migranti-medjedja-300x225.jpg\" alt=\"\" width=\"300\" height=\"225\" class=\"alignleft size-medium wp-image-159155\" srcset=\"https:\/\/www.prijedordanas.com\/wp-content\/uploads\/2020\/12\/rtrs-migranti-medjedja-300x225.jpg 300w, https:\/\/www.prijedordanas.com\/wp-content\/uploads\/2020\/12\/rtrs-migranti-medjedja-640x480.jpg 640w, https:\/\/www.prijedordanas.com\/wp-content\/uploads\/2020\/12\/rtrs-migranti-medjedja.jpg 666w\" sizes=\"(max-width: 300px) 100vw, 300px\" \/><\/a>Policija Republike Srpske otkrila je grupu od 45 migranata u selu Me\u0111e\u0111a, kod Kozarske Dubice. Migranti su u Me\u0111e\u0111u do\u0161li organizovano, autobusom iz Sarajeva. Mje\u0161tani ka\u017eu da ovo nije prvi put da migranti dolaze u ovo selo, u poku\u0161aju da se, prelaskom rijeke Save, domognu Evropske unije.<\/p>\n<p>Migranti ka\u017eu da su platili po 100 maraka kako bi autobusom do\u0161li iz prihvatnog centra Bla\u017euj, kod Sarajeva, do Me\u0111e\u0111e. Odbili su da otkriju kome su platili prevoz. Sa sobom su imali i \u010damce na duvanje.<\/p>\n<p>&#8211; Poku\u0161avamo da do\u0111emo do Evrope, do neke zemlje, ali veoma je te\u0161ko pre\u0107i granicu &#8211; ka\u017ee Vostan iz Afganistana.<\/p>\n<p>Autobus sa migrantima do\u0161ao je u Me\u0111e\u0111u tokom no\u0107i, a oni su se iskrcali ispred ku\u0107e porodice \u0160uvak. Odmah su se uputili prema Savi.<\/p>\n<p>&#8211; Kad ih je autobus dovezao, ja nisam tad, trenutno, bio kod ku\u0107e. Me\u0111utim, kad sam u\u0161ao u ku\u0107u, moji uku\u0107ani, oni meni ka\u017eu da je do\u0161ao autobus sa oko 50, 60 migranata i da su oni istovareni i tom momentu su oti\u0161li. Onda je majka prijavila policiji &#8211; pri\u010da Milan \u0160uvak.<\/p>\n<p>U policiji isti\u010du da su, zbog migranata, pove\u0107ali prisustvo policijskih slu\u017ebenika na podru\u010dju uz rijeku Savu.<\/p>\n<p>&#8211; Vezano za navedeni doga\u0111aj, policijski slu\u017ebenici su informisali i nadle\u017eno Tu\u017eila\u0161tvo BiH, terenski centar za strance, kao i nadlle\u017enu jedinicu Grani\u010dne poolicije BiH, koja o\u010dekujemo da i oni preduzmu mjere iz svoje nadle\u017enosti &#8211; nagla\u0161ava Sretoja Vujanovi\u0107, na\u010delnik Policijske uprave Prijedor.<\/p>\n<p>Migranti otkriveni u Me\u0111e\u0111i upu\u0107eni su u najbli\u017ei prihvatni centar. Policija poziva gra\u0111ane da, ako uo\u010de migrante, to i prijave.<\/p>\n<p>RTRS<\/p>\n<p><iframe loading=\"lazy\" title=\"Me\u0111e\u0111a kod Dubice: Pun autobus migranata poku\u0161ao pre\u0107i u Hrvatsku\" width=\"500\" height=\"281\" src=\"https:\/\/www.youtube.com\/embed\/yKhtoIs315E?feature=oembed\" frameborder=\"0\" allow=\"accelerometer; autoplay; clipboard-write; encrypted-media; gyroscope; picture-in-picture\" allowfullscreen><\/iframe><\/p>\n","protected":false},"excerpt":{"rendered":"<p>Policija Republike Srpske otkrila je grupu od 45 migranata u selu Me\u0111e\u0111a, kod Kozarske Dubice. Migranti su u Me\u0111e\u0111u do\u0161li organizovano, autobusom iz Sarajeva. Mje\u0161tani ka\u017eu da ovo nije prvi [&hellip;]<\/p>\n","protected":false},"author":1,"featured_media":0,"comment_status":"closed","ping_status":"open","sticky":false,"template":"","format":"standard","meta":{"_monsterinsights_skip_tracking":false,"_monsterinsights_sitenote_active":false,"_monsterinsights_sitenote_note":"","_monsterinsights_sitenote_category":0,"footnotes":""},"categories":[5],"tags":[],"yoast_head":"<!-- This site is optimized with the Yoast SEO plugin v21.6 - https:\/\/yoast.com\/wordpress\/plugins\/seo\/ -->\n<title>Pun autobus migranata poku\u0161ao pre\u0107i u Hrvatsku - VIDEO - PrijedorDanas.com - Prijedorski gradski portal<\/title>\n<meta name=\"robots\" content=\"index, follow, max-snippet:-1, max-image-preview:large, max-video-preview:-1\" \/>\n<link rel=\"canonical\" href=\"https:\/\/www.prijedordanas.com\/?p=159154\" \/>\n<meta property=\"og:locale\" content=\"en_US\" \/>\n<meta property=\"og:type\" content=\"article\" \/>\n<meta property=\"og:title\" content=\"Pun autobus migranata poku\u0161ao pre\u0107i u Hrvatsku - VIDEO - PrijedorDanas.com - Prijedorski gradski portal\" \/>\n<meta property=\"og:description\" content=\"Policija Republike Srpske otkrila je grupu od 45 migranata u selu Me\u0111e\u0111a, kod Kozarske Dubice. Migranti su u Me\u0111e\u0111u do\u0161li organizovano, autobusom iz Sarajeva. Mje\u0161tani ka\u017eu da ovo nije prvi [&hellip;]\" \/>\n<meta property=\"og:url\" content=\"https:\/\/www.prijedordanas.com\/?p=159154\" \/>\n<meta property=\"og:site_name\" content=\"PrijedorDanas.com - Prijedorski gradski portal\" \/>\n<meta property=\"article:publisher\" content=\"https:\/\/www.facebook.com\/PrijedorDanasCom\/\" \/>\n<meta property=\"article:published_time\" content=\"2020-12-07T16:49:01+00:00\" \/>\n<meta property=\"article:modified_time\" content=\"2020-12-07T17:26:50+00:00\" \/>\n<meta property=\"og:image\" content=\"https:\/\/www.prijedordanas.com\/wp-content\/uploads\/2020\/12\/rtrs-migranti-medjedja-300x225.jpg\" \/>\n<meta name=\"author\" content=\"admin\" \/>\n<meta name=\"twitter:card\" content=\"summary_large_image\" \/>\n<meta name=\"twitter:label1\" content=\"Written by\" \/>\n\t<meta name=\"twitter:data1\" content=\"admin\" \/>\n\t<meta name=\"twitter:label2\" content=\"Est. reading time\" \/>\n\t<meta name=\"twitter:data2\" content=\"2 minutes\" \/>\n<script type=\"application\/ld+json\" class=\"yoast-schema-graph\">{\"@context\":\"https:\/\/schema.org\",\"@graph\":[{\"@type\":\"Article\",\"@id\":\"https:\/\/www.prijedordanas.com\/?p=159154#article\",\"isPartOf\":{\"@id\":\"https:\/\/www.prijedordanas.com\/?p=159154\"},\"author\":{\"name\":\"admin\",\"@id\":\"https:\/\/www.prijedordanas.com\/#\/schema\/person\/4e08ccf29b506ca916ff86d46bb700e6\"},\"headline\":\"Pun autobus migranata poku\u0161ao pre\u0107i u Hrvatsku &#8211; VIDEO\",\"datePublished\":\"2020-12-07T16:49:01+00:00\",\"dateModified\":\"2020-12-07T17:26:50+00:00\",\"mainEntityOfPage\":{\"@id\":\"https:\/\/www.prijedordanas.com\/?p=159154\"},\"wordCount\":323,\"publisher\":{\"@id\":\"https:\/\/www.prijedordanas.com\/#organization\"},\"articleSection\":[\"Hronika\"],\"inLanguage\":\"en-US\"},{\"@type\":\"WebPage\",\"@id\":\"https:\/\/www.prijedordanas.com\/?p=159154\",\"url\":\"https:\/\/www.prijedordanas.com\/?p=159154\",\"name\":\"Pun autobus migranata poku\u0161ao pre\u0107i u Hrvatsku - VIDEO - PrijedorDanas.com - Prijedorski gradski portal\",\"isPartOf\":{\"@id\":\"https:\/\/www.prijedordanas.com\/#website\"},\"datePublished\":\"2020-12-07T16:49:01+00:00\",\"dateModified\":\"2020-12-07T17:26:50+00:00\",\"breadcrumb\":{\"@id\":\"https:\/\/www.prijedordanas.com\/?p=159154#breadcrumb\"},\"inLanguage\":\"en-US\",\"potentialAction\":[{\"@type\":\"ReadAction\",\"target\":[\"https:\/\/www.prijedordanas.com\/?p=159154\"]}]},{\"@type\":\"BreadcrumbList\",\"@id\":\"https:\/\/www.prijedordanas.com\/?p=159154#breadcrumb\",\"itemListElement\":[{\"@type\":\"ListItem\",\"position\":1,\"name\":\"Home\",\"item\":\"https:\/\/www.prijedordanas.com\/\"},{\"@type\":\"ListItem\",\"position\":2,\"name\":\"Pun autobus migranata poku\u0161ao pre\u0107i u Hrvatsku &#8211; VIDEO\"}]},{\"@type\":\"WebSite\",\"@id\":\"https:\/\/www.prijedordanas.com\/#website\",\"url\":\"https:\/\/www.prijedordanas.com\/\",\"name\":\"PrijedorDanas.com - Prijedorski gradski portal\",\"description\":\"Portal o doga\u0111anjima u gradu Prijedoru\",\"publisher\":{\"@id\":\"https:\/\/www.prijedordanas.com\/#organization\"},\"potentialAction\":[{\"@type\":\"SearchAction\",\"target\":{\"@type\":\"EntryPoint\",\"urlTemplate\":\"https:\/\/www.prijedordanas.com\/?s={search_term_string}\"},\"query-input\":\"required name=search_term_string\"}],\"inLanguage\":\"en-US\"},{\"@type\":\"Organization\",\"@id\":\"https:\/\/www.prijedordanas.com\/#organization\",\"name\":\"PrijedorDanas.com\",\"url\":\"https:\/\/www.prijedordanas.com\/\",\"logo\":{\"@type\":\"ImageObject\",\"inLanguage\":\"en-US\",\"@id\":\"https:\/\/www.prijedordanas.com\/#\/schema\/logo\/image\/\",\"url\":\"http:\/\/www.prijedordanas.com\/wp-content\/uploads\/2021\/12\/logopng.png\",\"contentUrl\":\"http:\/\/www.prijedordanas.com\/wp-content\/uploads\/2021\/12\/logopng.png\",\"width\":1019,\"height\":776,\"caption\":\"PrijedorDanas.com\"},\"image\":{\"@id\":\"https:\/\/www.prijedordanas.com\/#\/schema\/logo\/image\/\"},\"sameAs\":[\"https:\/\/www.facebook.com\/PrijedorDanasCom\/\"]},{\"@type\":\"Person\",\"@id\":\"https:\/\/www.prijedordanas.com\/#\/schema\/person\/4e08ccf29b506ca916ff86d46bb700e6\",\"name\":\"admin\",\"image\":{\"@type\":\"ImageObject\",\"inLanguage\":\"en-US\",\"@id\":\"https:\/\/www.prijedordanas.com\/#\/schema\/person\/image\/\",\"url\":\"https:\/\/secure.gravatar.com\/avatar\/1d3fc949d550f0b53a5f0d51e06dfd79?s=96&d=mm&r=g\",\"contentUrl\":\"https:\/\/secure.gravatar.com\/avatar\/1d3fc949d550f0b53a5f0d51e06dfd79?s=96&d=mm&r=g\",\"caption\":\"admin\"},\"url\":\"https:\/\/www.prijedordanas.com\/?author=1\"}]}<\/script>\n<!-- \/ Yoast SEO plugin. -->","yoast_head_json":{"title":"Pun autobus migranata poku\u0161ao pre\u0107i u Hrvatsku - VIDEO - PrijedorDanas.com - Prijedorski gradski portal","robots":{"index":"index","follow":"follow","max-snippet":"max-snippet:-1","max-image-preview":"max-image-preview:large","max-video-preview":"max-video-preview:-1"},"canonical":"https:\/\/www.prijedordanas.com\/?p=159154","og_locale":"en_US","og_type":"article","og_title":"Pun autobus migranata poku\u0161ao pre\u0107i u Hrvatsku - VIDEO - PrijedorDanas.com - Prijedorski gradski portal","og_description":"Policija Republike Srpske otkrila je grupu od 45 migranata u selu Me\u0111e\u0111a, kod Kozarske Dubice. Migranti su u Me\u0111e\u0111u do\u0161li organizovano, autobusom iz Sarajeva. Mje\u0161tani ka\u017eu da ovo nije prvi [&hellip;]","og_url":"https:\/\/www.prijedordanas.com\/?p=159154","og_site_name":"PrijedorDanas.com - Prijedorski gradski portal","article_publisher":"https:\/\/www.facebook.com\/PrijedorDanasCom\/","article_published_time":"2020-12-07T16:49:01+00:00","article_modified_time":"2020-12-07T17:26:50+00:00","og_image":[{"url":"https:\/\/www.prijedordanas.com\/wp-content\/uploads\/2020\/12\/rtrs-migranti-medjedja-300x225.jpg"}],"author":"admin","twitter_card":"summary_large_image","twitter_misc":{"Written by":"admin","Est. reading time":"2 minutes"},"schema":{"@context":"https:\/\/schema.org","@graph":[{"@type":"Article","@id":"https:\/\/www.prijedordanas.com\/?p=159154#article","isPartOf":{"@id":"https:\/\/www.prijedordanas.com\/?p=159154"},"author":{"name":"admin","@id":"https:\/\/www.prijedordanas.com\/#\/schema\/person\/4e08ccf29b506ca916ff86d46bb700e6"},"headline":"Pun autobus migranata poku\u0161ao pre\u0107i u Hrvatsku &#8211; VIDEO","datePublished":"2020-12-07T16:49:01+00:00","dateModified":"2020-12-07T17:26:50+00:00","mainEntityOfPage":{"@id":"https:\/\/www.prijedordanas.com\/?p=159154"},"wordCount":323,"publisher":{"@id":"https:\/\/www.prijedordanas.com\/#organization"},"articleSection":["Hronika"],"inLanguage":"en-US"},{"@type":"WebPage","@id":"https:\/\/www.prijedordanas.com\/?p=159154","url":"https:\/\/www.prijedordanas.com\/?p=159154","name":"Pun autobus migranata poku\u0161ao pre\u0107i u Hrvatsku - VIDEO - PrijedorDanas.com - Prijedorski gradski portal","isPartOf":{"@id":"https:\/\/www.prijedordanas.com\/#website"},"datePublished":"2020-12-07T16:49:01+00:00","dateModified":"2020-12-07T17:26:50+00:00","breadcrumb":{"@id":"https:\/\/www.prijedordanas.com\/?p=159154#breadcrumb"},"inLanguage":"en-US","potentialAction":[{"@type":"ReadAction","target":["https:\/\/www.prijedordanas.com\/?p=159154"]}]},{"@type":"BreadcrumbList","@id":"https:\/\/www.prijedordanas.com\/?p=159154#breadcrumb","itemListElement":[{"@type":"ListItem","position":1,"name":"Home","item":"https:\/\/www.prijedordanas.com\/"},{"@type":"ListItem","position":2,"name":"Pun autobus migranata poku\u0161ao pre\u0107i u Hrvatsku &#8211; VIDEO"}]},{"@type":"WebSite","@id":"https:\/\/www.prijedordanas.com\/#website","url":"https:\/\/www.prijedordanas.com\/","name":"PrijedorDanas.com - Prijedorski gradski portal","description":"Portal o doga\u0111anjima u gradu Prijedoru","publisher":{"@id":"https:\/\/www.prijedordanas.com\/#organization"},"potentialAction":[{"@type":"SearchAction","target":{"@type":"EntryPoint","urlTemplate":"https:\/\/www.prijedordanas.com\/?s={search_term_string}"},"query-input":"required name=search_term_string"}],"inLanguage":"en-US"},{"@type":"Organization","@id":"https:\/\/www.prijedordanas.com\/#organization","name":"PrijedorDanas.com","url":"https:\/\/www.prijedordanas.com\/","logo":{"@type":"ImageObject","inLanguage":"en-US","@id":"https:\/\/www.prijedordanas.com\/#\/schema\/logo\/image\/","url":"http:\/\/www.prijedordanas.com\/wp-content\/uploads\/2021\/12\/logopng.png","contentUrl":"http:\/\/www.prijedordanas.com\/wp-content\/uploads\/2021\/12\/logopng.png","width":1019,"height":776,"caption":"PrijedorDanas.com"},"image":{"@id":"https:\/\/www.prijedordanas.com\/#\/schema\/logo\/image\/"},"sameAs":["https:\/\/www.facebook.com\/PrijedorDanasCom\/"]},{"@type":"Person","@id":"https:\/\/www.prijedordanas.com\/#\/schema\/person\/4e08ccf29b506ca916ff86d46bb700e6","name":"admin","image":{"@type":"ImageObject","inLanguage":"en-US","@id":"https:\/\/www.prijedordanas.com\/#\/schema\/person\/image\/","url":"https:\/\/secure.gravatar.com\/avatar\/1d3fc949d550f0b53a5f0d51e06dfd79?s=96&d=mm&r=g","contentUrl":"https:\/\/secure.gravatar.com\/avatar\/1d3fc949d550f0b53a5f0d51e06dfd79?s=96&d=mm&r=g","caption":"admin"},"url":"https:\/\/www.prijedordanas.com\/?author=1"}]}},"_links":{"self":[{"href":"https:\/\/www.prijedordanas.com\/index.php?rest_route=\/wp\/v2\/posts\/159154"}],"collection":[{"href":"https:\/\/www.prijedordanas.com\/index.php?rest_route=\/wp\/v2\/posts"}],"about":[{"href":"https:\/\/www.prijedordanas.com\/index.php?rest_route=\/wp\/v2\/types\/post"}],"author":[{"embeddable":true,"href":"https:\/\/www.prijedordanas.com\/index.php?rest_route=\/wp\/v2\/users\/1"}],"replies":[{"embeddable":true,"href":"https:\/\/www.prijedordanas.com\/index.php?rest_route=%2Fwp%2Fv2%2Fcomments&post=159154"}],"version-history":[{"count":2,"href":"https:\/\/www.prijedordanas.com\/index.php?rest_route=\/wp\/v2\/posts\/159154\/revisions"}],"predecessor-version":[{"id":159157,"href":"https:\/\/www.prijedordanas.com\/index.php?rest_route=\/wp\/v2\/posts\/159154\/revisions\/159157"}],"wp:attachment":[{"href":"https:\/\/www.prijedordanas.com\/index.php?rest_route=%2Fwp%2Fv2%2Fmedia&parent=159154"}],"wp:term":[{"taxonomy":"category","embeddable":true,"href":"https:\/\/www.prijedordanas.com\/index.php?rest_route=%2Fwp%2Fv2%2Fcategories&post=159154"},{"taxonomy":"post_tag","embeddable":true,"href":"https:\/\/www.prijedordanas.com\/index.php?rest_route=%2Fwp%2Fv2%2Ftags&post=159154"}],"curies":[{"name":"wp","href":"https:\/\/api.w.org\/{rel}","templated":true}]}}